{"id":75199,"date":"2024-04-18T08:53:22","date_gmt":"2024-04-18T08:53:22","guid":{"rendered":"https:\/\/www.ull.es\/portal\/noticias\/?p=75199"},"modified":"2024-04-18T08:53:34","modified_gmt":"2024-04-18T08:53:34","slug":"el-presidente-de-la-red-de-fundaciones-universitarias-de-espana-visita-la-ull-y-presenta-el-libro-blanco-de-las-practicas","status":"publish","type":"post","link":"https:\/\/www.ull.es\/portal\/noticias\/2024\/el-presidente-de-la-red-de-fundaciones-universitarias-de-espana-visita-la-ull-y-presenta-el-libro-blanco-de-las-practicas\/","title":{"rendered":"El presidente de la Red de Fundaciones Universitarias de Espa\u00f1a visita la ULL y presenta el Libro Blanco de las Pr\u00e1cticas"},"content":{"rendered":"<p>El presidente de la <a href=\"https:\/\/redfue.es\/\" target=\"_blank\" rel=\"noopener\">Red de Fundaciones Universitarias de Espa\u00f1a<\/a> (FUE), Fernando Mart\u00ednez, ha celebrado recientemente una reuni\u00f3n con el rector de la Universidad de La Laguna, Francisco Garc\u00eda, para presentarle de primera mano el Libro Blanco de las Pr\u00e1cticas, un documento que recoge la variedad de circunstancias que se dan en el territorio espa\u00f1ol acerca de esta modalidad de ense\u00f1anza, tanto en la universidad como en la formaci\u00f3n profesional de grado superior.<\/p>\n<p>Esta red, que cumple ya cincuenta a\u00f1os de existencia, aglutina a un total de 22 fundaciones universitarias, entre ellas la de La Laguna, \u00f3rgano que gestiona buena parte de las pr\u00e1cticas en este centro docente, en el que se da el hecho de que se trata de una formaci\u00f3n de obligado cumplimiento en todos los grados universitarios, por lo que el rector consider\u00f3 que se trata de una herramienta de sumo inter\u00e9s.<\/p>\n<p>La ampliaci\u00f3n de los periodos de pr\u00e1cticas en todas las titulaciones del centro acad\u00e9mico supone un ingente trabajo de gesti\u00f3n, y dada la reciente obligatoriedad de tributaci\u00f3n a la Seguridad Social lleva acarreado un gasto de 300.000 euros al a\u00f1o. El volumen de la FUE resulta pues muy oportuno, se\u00f1al\u00f3 el rector, para conocer el panorama general sobre formaci\u00f3n pr\u00e1ctica en el resto de universidades y tener una visi\u00f3n global de un asunto de m\u00e1xima trascendencia para los estudiantes.<\/p>\n<p>En esta publicaci\u00f3n colaboran adem\u00e1s la Conferencia de Rectores y Rectoras de Universidades Espa\u00f1olas, la Conferencia de Consejos Sociales, la Confederaci\u00f3n Espa\u00f1ola de Organizaciones Empresariales, la Coordinadora de Representantes de Estudiantes de Universidades P\u00fablicas y la C\u00e1mara de Comercio de Espa\u00f1a, entre otros. Estas organizaciones han aportado perspectivas esenciales que pueden servir de base para futuras legislaciones en pr\u00e1cticas acad\u00e9micas.<\/p>\n<p>En la reuni\u00f3n tambi\u00e9n estuvieron presentes el director gerente de la Fundaci\u00f3n General de la Universidad de La Laguna, Julio Brito, y la vicerrectora de Estudiantes, Rosario Hern\u00e1ndez.<\/p>\n","protected":false},"excerpt":{"rendered":"<p>El presidente de la Red de Fundaciones Universitarias de Espa\u00f1a (FUE), Fernando Mart\u00ednez, ha celebrado recientemente una reuni\u00f3n con el&#8230;<\/p>\n","protected":false},"author":23,"featured_media":75200,"comment_status":"closed","ping_status":"closed","sticky":false,"template":"","format":"standard","meta":{"inline_featured_image":false,"footnotes":""},"categories":[345,348,2765],"tags":[],"acf":[],"yoast_head":"<!-- This site is optimized with the Yoast SEO plugin v21.3 - https:\/\/yoast.com\/wordpress\/plugins\/seo\/ -->\n<title>El presidente de la Red de Fundaciones Universitarias de Espa\u00f1a visita la ULL y presenta el Libro Blanco de las Pr\u00e1cticas - ULL - Noticias<\/title>\n<meta name=\"robots\" content=\"index, follow, max-snippet:-1, max-image-preview:large, max-video-preview:-1\" \/>\n<link rel=\"canonical\" href=\"https:\/\/www.ull.es\/portal\/noticias\/2024\/el-presidente-de-la-red-de-fundaciones-universitarias-de-espana-visita-la-ull-y-presenta-el-libro-blanco-de-las-practicas\/\" \/>\n<meta property=\"og:locale\" content=\"es_ES\" \/>\n<meta property=\"og:type\" content=\"article\" \/>\n<meta property=\"og:title\" content=\"El presidente de la Red de Fundaciones Universitarias de Espa\u00f1a visita la ULL y presenta el Libro Blanco de las Pr\u00e1cticas - ULL - Noticias\" \/>\n<meta property=\"og:description\" content=\"El presidente de la Red de Fundaciones Universitarias de Espa\u00f1a (FUE), Fernando Mart\u00ednez, ha celebrado recientemente una reuni\u00f3n con el...\" \/>\n<meta property=\"og:url\" content=\"https:\/\/www.ull.es\/portal\/noticias\/2024\/el-presidente-de-la-red-de-fundaciones-universitarias-de-espana-visita-la-ull-y-presenta-el-libro-blanco-de-las-practicas\/\" \/>\n<meta property=\"og:site_name\" content=\"ULL - Noticias\" \/>\n<meta property=\"article:publisher\" content=\"https:\/\/www.facebook.com\/universidaddelalaguna\/\" \/>\n<meta property=\"article:published_time\" content=\"2024-04-18T08:53:22+00:00\" \/>\n<meta property=\"article:modified_time\" content=\"2024-04-18T08:53:34+00:00\" \/>\n<meta property=\"og:image\" content=\"https:\/\/www.ull.es\/portal\/noticias\/wp-content\/uploads\/sites\/13\/2024\/04\/red-fue-02.jpg\" \/>\n\t<meta property=\"og:image:width\" content=\"1200\" \/>\n\t<meta property=\"og:image:height\" content=\"800\" \/>\n\t<meta property=\"og:image:type\" content=\"image\/jpeg\" \/>\n<meta name=\"author\" content=\"gaprsa\" \/>\n<meta name=\"twitter:card\" content=\"summary_large_image\" \/>\n<meta name=\"twitter:creator\" content=\"@CanalULL\" \/>\n<meta name=\"twitter:site\" content=\"@CanalULL\" \/>\n<meta name=\"twitter:label1\" content=\"Escrito por\" \/>\n\t<meta name=\"twitter:data1\" content=\"gaprsa\" \/>\n\t<meta name=\"twitter:label2\" content=\"Tiempo de lectura\" \/>\n\t<meta name=\"twitter:data2\" content=\"2 minutos\" \/>\n<script type=\"application\/ld+json\" class=\"yoast-schema-graph\">{\"@context\":\"https:\/\/schema.org\",\"@graph\":[{\"@type\":\"WebPage\",\"@id\":\"https:\/\/www.ull.es\/portal\/noticias\/2024\/el-presidente-de-la-red-de-fundaciones-universitarias-de-espana-visita-la-ull-y-presenta-el-libro-blanco-de-las-practicas\/\",\"url\":\"https:\/\/www.ull.es\/portal\/noticias\/2024\/el-presidente-de-la-red-de-fundaciones-universitarias-de-espana-visita-la-ull-y-presenta-el-libro-blanco-de-las-practicas\/\",\"name\":\"El presidente de la Red de Fundaciones Universitarias de Espa\u00f1a visita la ULL y presenta el Libro Blanco de las Pr\u00e1cticas - ULL - Noticias\",\"isPartOf\":{\"@id\":\"https:\/\/www.ull.es\/portal\/noticias\/#website\"},\"datePublished\":\"2024-04-18T08:53:22+00:00\",\"dateModified\":\"2024-04-18T08:53:34+00:00\",\"author\":{\"@id\":\"https:\/\/www.ull.es\/portal\/noticias\/#\/schema\/person\/b2b1a89d43ffa609e591f7df8ef3e817\"},\"breadcrumb\":{\"@id\":\"https:\/\/www.ull.es\/portal\/noticias\/2024\/el-presidente-de-la-red-de-fundaciones-universitarias-de-espana-visita-la-ull-y-presenta-el-libro-blanco-de-las-practicas\/#breadcrumb\"},\"inLanguage\":\"es\",\"potentialAction\":[{\"@type\":\"ReadAction\",\"target\":[\"https:\/\/www.ull.es\/portal\/noticias\/2024\/el-presidente-de-la-red-de-fundaciones-universitarias-de-espana-visita-la-ull-y-presenta-el-libro-blanco-de-las-practicas\/\"]}]},{\"@type\":\"BreadcrumbList\",\"@id\":\"https:\/\/www.ull.es\/portal\/noticias\/2024\/el-presidente-de-la-red-de-fundaciones-universitarias-de-espana-visita-la-ull-y-presenta-el-libro-blanco-de-las-practicas\/#breadcrumb\",\"itemListElement\":[{\"@type\":\"ListItem\",\"position\":1,\"name\":\"Portada\",\"item\":\"https:\/\/www.ull.es\/portal\/noticias\/\"},{\"@type\":\"ListItem\",\"position\":2,\"name\":\"El presidente de la Red de Fundaciones Universitarias de Espa\u00f1a visita la ULL y presenta el Libro Blanco de las Pr\u00e1cticas\"}]},{\"@type\":\"WebSite\",\"@id\":\"https:\/\/www.ull.es\/portal\/noticias\/#website\",\"url\":\"https:\/\/www.ull.es\/portal\/noticias\/\",\"name\":\"ULL - Noticias\",\"description\":\"\",\"potentialAction\":[{\"@type\":\"SearchAction\",\"target\":{\"@type\":\"EntryPoint\",\"urlTemplate\":\"https:\/\/www.ull.es\/portal\/noticias\/?s={search_term_string}\"},\"query-input\":\"required name=search_term_string\"}],\"inLanguage\":\"es\"},{\"@type\":\"Person\",\"@id\":\"https:\/\/www.ull.es\/portal\/noticias\/#\/schema\/person\/b2b1a89d43ffa609e591f7df8ef3e817\",\"name\":\"gaprsa\",\"image\":{\"@type\":\"ImageObject\",\"inLanguage\":\"es\",\"@id\":\"https:\/\/www.ull.es\/portal\/noticias\/#\/schema\/person\/image\/\",\"url\":\"https:\/\/secure.gravatar.com\/avatar\/443820550921091458b4823867723b3d?s=96&d=mm&r=g\",\"contentUrl\":\"https:\/\/secure.gravatar.com\/avatar\/443820550921091458b4823867723b3d?s=96&d=mm&r=g\",\"caption\":\"gaprsa\"},\"url\":\"https:\/\/www.ull.es\/portal\/noticias\/author\/gaprsa\/\"}]}<\/script>\n<!-- \/ Yoast SEO plugin. -->","yoast_head_json":{"title":"El presidente de la Red de Fundaciones Universitarias de Espa\u00f1a visita la ULL y presenta el Libro Blanco de las Pr\u00e1cticas - ULL - Noticias","robots":{"index":"index","follow":"follow","max-snippet":"max-snippet:-1","max-image-preview":"max-image-preview:large","max-video-preview":"max-video-preview:-1"},"canonical":"https:\/\/www.ull.es\/portal\/noticias\/2024\/el-presidente-de-la-red-de-fundaciones-universitarias-de-espana-visita-la-ull-y-presenta-el-libro-blanco-de-las-practicas\/","og_locale":"es_ES","og_type":"article","og_title":"El presidente de la Red de Fundaciones Universitarias de Espa\u00f1a visita la ULL y presenta el Libro Blanco de las Pr\u00e1cticas - ULL - Noticias","og_description":"El presidente de la Red de Fundaciones Universitarias de Espa\u00f1a (FUE), Fernando Mart\u00ednez, ha celebrado recientemente una reuni\u00f3n con el...","og_url":"https:\/\/www.ull.es\/portal\/noticias\/2024\/el-presidente-de-la-red-de-fundaciones-universitarias-de-espana-visita-la-ull-y-presenta-el-libro-blanco-de-las-practicas\/","og_site_name":"ULL - Noticias","article_publisher":"https:\/\/www.facebook.com\/universidaddelalaguna\/","article_published_time":"2024-04-18T08:53:22+00:00","article_modified_time":"2024-04-18T08:53:34+00:00","og_image":[{"width":1200,"height":800,"url":"https:\/\/www.ull.es\/portal\/noticias\/wp-content\/uploads\/sites\/13\/2024\/04\/red-fue-02.jpg","type":"image\/jpeg"}],"author":"gaprsa","twitter_card":"summary_large_image","twitter_creator":"@CanalULL","twitter_site":"@CanalULL","twitter_misc":{"Escrito por":"gaprsa","Tiempo de lectura":"2 minutos"},"schema":{"@context":"https:\/\/schema.org","@graph":[{"@type":"WebPage","@id":"https:\/\/www.ull.es\/portal\/noticias\/2024\/el-presidente-de-la-red-de-fundaciones-universitarias-de-espana-visita-la-ull-y-presenta-el-libro-blanco-de-las-practicas\/","url":"https:\/\/www.ull.es\/portal\/noticias\/2024\/el-presidente-de-la-red-de-fundaciones-universitarias-de-espana-visita-la-ull-y-presenta-el-libro-blanco-de-las-practicas\/","name":"El presidente de la Red de Fundaciones Universitarias de Espa\u00f1a visita la ULL y presenta el Libro Blanco de las Pr\u00e1cticas - ULL - Noticias","isPartOf":{"@id":"https:\/\/www.ull.es\/portal\/noticias\/#website"},"datePublished":"2024-04-18T08:53:22+00:00","dateModified":"2024-04-18T08:53:34+00:00","author":{"@id":"https:\/\/www.ull.es\/portal\/noticias\/#\/schema\/person\/b2b1a89d43ffa609e591f7df8ef3e817"},"breadcrumb":{"@id":"https:\/\/www.ull.es\/portal\/noticias\/2024\/el-presidente-de-la-red-de-fundaciones-universitarias-de-espana-visita-la-ull-y-presenta-el-libro-blanco-de-las-practicas\/#breadcrumb"},"inLanguage":"es","potentialAction":[{"@type":"ReadAction","target":["https:\/\/www.ull.es\/portal\/noticias\/2024\/el-presidente-de-la-red-de-fundaciones-universitarias-de-espana-visita-la-ull-y-presenta-el-libro-blanco-de-las-practicas\/"]}]},{"@type":"BreadcrumbList","@id":"https:\/\/www.ull.es\/portal\/noticias\/2024\/el-presidente-de-la-red-de-fundaciones-universitarias-de-espana-visita-la-ull-y-presenta-el-libro-blanco-de-las-practicas\/#breadcrumb","itemListElement":[{"@type":"ListItem","position":1,"name":"Portada","item":"https:\/\/www.ull.es\/portal\/noticias\/"},{"@type":"ListItem","position":2,"name":"El presidente de la Red de Fundaciones Universitarias de Espa\u00f1a visita la ULL y presenta el Libro Blanco de las Pr\u00e1cticas"}]},{"@type":"WebSite","@id":"https:\/\/www.ull.es\/portal\/noticias\/#website","url":"https:\/\/www.ull.es\/portal\/noticias\/","name":"ULL - Noticias","description":"","potentialAction":[{"@type":"SearchAction","target":{"@type":"EntryPoint","urlTemplate":"https:\/\/www.ull.es\/portal\/noticias\/?s={search_term_string}"},"query-input":"required name=search_term_string"}],"inLanguage":"es"},{"@type":"Person","@id":"https:\/\/www.ull.es\/portal\/noticias\/#\/schema\/person\/b2b1a89d43ffa609e591f7df8ef3e817","name":"gaprsa","image":{"@type":"ImageObject","inLanguage":"es","@id":"https:\/\/www.ull.es\/portal\/noticias\/#\/schema\/person\/image\/","url":"https:\/\/secure.gravatar.com\/avatar\/443820550921091458b4823867723b3d?s=96&d=mm&r=g","contentUrl":"https:\/\/secure.gravatar.com\/avatar\/443820550921091458b4823867723b3d?s=96&d=mm&r=g","caption":"gaprsa"},"url":"https:\/\/www.ull.es\/portal\/noticias\/author\/gaprsa\/"}]}},"primary_category":{"id":345,"name":"Destacado","slug":"destacado","link":"https:\/\/www.ull.es\/portal\/noticias\/category\/destacado\/"},"featured_image_thumbnail_url":"https:\/\/www.ull.es\/portal\/noticias\/wp-content\/uploads\/sites\/13\/2024\/04\/red-fue-02-300x200.jpg","_links":{"self":[{"href":"https:\/\/www.ull.es\/portal\/noticias\/wp-json\/wp\/v2\/posts\/75199"}],"collection":[{"href":"https:\/\/www.ull.es\/portal\/noticias\/wp-json\/wp\/v2\/posts"}],"about":[{"href":"https:\/\/www.ull.es\/portal\/noticias\/wp-json\/wp\/v2\/types\/post"}],"author":[{"embeddable":true,"href":"https:\/\/www.ull.es\/portal\/noticias\/wp-json\/wp\/v2\/users\/23"}],"replies":[{"embeddable":true,"href":"https:\/\/www.ull.es\/portal\/noticias\/wp-json\/wp\/v2\/comments?post=75199"}],"version-history":[{"count":2,"href":"https:\/\/www.ull.es\/portal\/noticias\/wp-json\/wp\/v2\/posts\/75199\/revisions"}],"predecessor-version":[{"id":75202,"href":"https:\/\/www.ull.es\/portal\/noticias\/wp-json\/wp\/v2\/posts\/75199\/revisions\/75202"}],"wp:featuredmedia":[{"embeddable":true,"href":"https:\/\/www.ull.es\/portal\/noticias\/wp-json\/wp\/v2\/media\/75200"}],"wp:attachment":[{"href":"https:\/\/www.ull.es\/portal\/noticias\/wp-json\/wp\/v2\/media?parent=75199"}],"wp:term":[{"taxonomy":"category","embeddable":true,"href":"https:\/\/www.ull.es\/portal\/noticias\/wp-json\/wp\/v2\/categories?post=75199"},{"taxonomy":"post_tag","embeddable":true,"href":"https:\/\/www.ull.es\/portal\/noticias\/wp-json\/wp\/v2\/tags?post=75199"}],"curies":[{"name":"wp","href":"https:\/\/api.w.org\/{rel}","templated":true}]}}