{"id":75252,"date":"2024-04-22T10:11:12","date_gmt":"2024-04-22T10:11:12","guid":{"rendered":"https:\/\/www.ull.es\/portal\/noticias\/?p=75252"},"modified":"2024-04-22T10:11:12","modified_gmt":"2024-04-22T10:11:12","slug":"la-filosofa-eulalia-perez-y-la-escritora-elsa-lopez-seran-investidas-doctoras-honoris-causa-por-la-ull-este-miercoles","status":"publish","type":"post","link":"https:\/\/www.ull.es\/portal\/noticias\/2024\/la-filosofa-eulalia-perez-y-la-escritora-elsa-lopez-seran-investidas-doctoras-honoris-causa-por-la-ull-este-miercoles\/","title":{"rendered":"La fil\u00f3sofa Eulalia P\u00e9rez y la escritora Elsa L\u00f3pez ser\u00e1n investidas Doctoras Honoris Causa por la ULL este mi\u00e9rcoles"},"content":{"rendered":"<p>La Universidad de La Laguna celebrar\u00e1 el pr\u00f3ximo mi\u00e9rcoles, 24 de abril a las 11:00 horas en el Paraninfo, el acto de investidura de <a href=\"https:\/\/ca.wikipedia.org\/wiki\/Eulalia_P%C3%A9rez_Sede%C3%B1o\" target=\"_blank\" rel=\"noopener\">Eulalia P\u00e9rez Sede\u00f1o<\/a> y <a href=\"https:\/\/es.wikipedia.org\/wiki\/Elsa_L%C3%B3pez\" target=\"_blank\" rel=\"noopener\">Elsa L\u00f3pez Rodr\u00edguez<\/a> como Doctoras Honoris Causa de la instituci\u00f3n acad\u00e9mica, en reconocimiento a su val\u00eda e importancia en sus respectivos campos de conocimiento: la filosof\u00eda y la literatura. El acto ser\u00e1 retransmitido por Internet a trav\u00e9s de <a href=\"https:\/\/www.ull.es\/portal\/streaming-ull\/\" target=\"_blank\" rel=\"noopener\">este enlace<\/a>.<\/p>\n<p>La sesi\u00f3n comenzar\u00e1 con la lectura del acuerdo de concesi\u00f3n de los t\u00edtulos de Doctoras Honoris Causa por parte del secretario general de la instituci\u00f3n, Juan Antonio Garc\u00eda Garc\u00eda, tras lo cual, siguiendo el protocolo, las dos personas que van a recibir la distinci\u00f3n acceder\u00e1n a la sala.<\/p>\n<p>La profesora del Departamento de Historia y Filosof\u00eda de la Ciencia, la Educaci\u00f3n y el Lenguaje Mar\u00eda Inmaculada Perdomo Reyes leer\u00e1 como madrina la <em>laudatio<\/em> de Eulalia P\u00e9rez Sede\u00f1o, y seguidamente, la docente del Departamento de Filolog\u00eda Espa\u00f1ola Nieves Mar\u00eda Concepci\u00f3n Lorenzo har\u00e1 lo propio con su amadrinada, Elsa L\u00f3pez.<\/p>\n<p>Tras la investidura propiamente dicha, en la cual el rector tomar\u00e1 juramento y entregara a las dos agasajadas los elementos que las distinguen como doctoras honoris causa, se proceder\u00e1 a los discursos de ingreso, primero el de Eulalia P\u00e9rez Sede\u00f1o y posteriormente el de Elsa L\u00f3pez.<\/p>\n<p>Una vez finalicen los discursos, la cantante Fabiola Socas har\u00e1 una intervenci\u00f3n musical, tras la cual el rector de la instituci\u00f3n acad\u00e9mica, Francisco Garc\u00eda Rodr\u00edguez, dictar\u00e1 unas palabras de bienvenida a las dos nuevas doctoras. Los detalles del acto figuran en este <a href=\"https:\/\/www.ull.es\/portal\/agenda\/evento\/acto-de-investidura-de-doctoras-honoris-causa\/\" target=\"_blank\" rel=\"noopener\">enlace<\/a>.<\/p>\n","protected":false},"excerpt":{"rendered":"<p>La Universidad de La Laguna celebrar\u00e1 el pr\u00f3ximo mi\u00e9rcoles, 24 de abril a las 11:00 horas en el Paraninfo, el&#8230;<\/p>\n","protected":false},"author":23,"featured_media":75253,"comment_status":"closed","ping_status":"closed","sticky":false,"template":"","format":"standard","meta":{"inline_featured_image":false,"footnotes":""},"categories":[345,348,2765],"tags":[],"acf":[],"yoast_head":"<!-- This site is optimized with the Yoast SEO plugin v21.3 - https:\/\/yoast.com\/wordpress\/plugins\/seo\/ -->\n<title>La fil\u00f3sofa Eulalia P\u00e9rez y la escritora Elsa L\u00f3pez ser\u00e1n investidas Doctoras Honoris Causa por la ULL este mi\u00e9rcoles - ULL - Noticias<\/title>\n<meta name=\"robots\" content=\"index, follow, max-snippet:-1, max-image-preview:large, max-video-preview:-1\" \/>\n<link rel=\"canonical\" href=\"https:\/\/www.ull.es\/portal\/noticias\/2024\/la-filosofa-eulalia-perez-y-la-escritora-elsa-lopez-seran-investidas-doctoras-honoris-causa-por-la-ull-este-miercoles\/\" \/>\n<meta property=\"og:locale\" content=\"es_ES\" \/>\n<meta property=\"og:type\" content=\"article\" \/>\n<meta property=\"og:title\" content=\"La fil\u00f3sofa Eulalia P\u00e9rez y la escritora Elsa L\u00f3pez ser\u00e1n investidas Doctoras Honoris Causa por la ULL este mi\u00e9rcoles - ULL - Noticias\" \/>\n<meta property=\"og:description\" content=\"La Universidad de La Laguna celebrar\u00e1 el pr\u00f3ximo mi\u00e9rcoles, 24 de abril a las 11:00 horas en el Paraninfo, el...\" \/>\n<meta property=\"og:url\" content=\"https:\/\/www.ull.es\/portal\/noticias\/2024\/la-filosofa-eulalia-perez-y-la-escritora-elsa-lopez-seran-investidas-doctoras-honoris-causa-por-la-ull-este-miercoles\/\" \/>\n<meta property=\"og:site_name\" content=\"ULL - Noticias\" \/>\n<meta property=\"article:publisher\" content=\"https:\/\/www.facebook.com\/universidaddelalaguna\/\" \/>\n<meta property=\"article:published_time\" content=\"2024-04-22T10:11:12+00:00\" \/>\n<meta property=\"og:image\" content=\"https:\/\/www.ull.es\/portal\/noticias\/wp-content\/uploads\/sites\/13\/2024\/04\/Honoris-Causa_Banner-eventos.png\" \/>\n\t<meta property=\"og:image:width\" content=\"750\" \/>\n\t<meta property=\"og:image:height\" content=\"370\" \/>\n\t<meta property=\"og:image:type\" content=\"image\/png\" \/>\n<meta name=\"author\" content=\"gaprsa\" \/>\n<meta name=\"twitter:card\" content=\"summary_large_image\" \/>\n<meta name=\"twitter:creator\" content=\"@CanalULL\" \/>\n<meta name=\"twitter:site\" content=\"@CanalULL\" \/>\n<meta name=\"twitter:label1\" content=\"Escrito por\" \/>\n\t<meta name=\"twitter:data1\" content=\"gaprsa\" \/>\n\t<meta name=\"twitter:label2\" content=\"Tiempo de lectura\" \/>\n\t<meta name=\"twitter:data2\" content=\"2 minutos\" \/>\n<script type=\"application\/ld+json\" class=\"yoast-schema-graph\">{\"@context\":\"https:\/\/schema.org\",\"@graph\":[{\"@type\":\"WebPage\",\"@id\":\"https:\/\/www.ull.es\/portal\/noticias\/2024\/la-filosofa-eulalia-perez-y-la-escritora-elsa-lopez-seran-investidas-doctoras-honoris-causa-por-la-ull-este-miercoles\/\",\"url\":\"https:\/\/www.ull.es\/portal\/noticias\/2024\/la-filosofa-eulalia-perez-y-la-escritora-elsa-lopez-seran-investidas-doctoras-honoris-causa-por-la-ull-este-miercoles\/\",\"name\":\"La fil\u00f3sofa Eulalia P\u00e9rez y la escritora Elsa L\u00f3pez ser\u00e1n investidas Doctoras Honoris Causa por la ULL este mi\u00e9rcoles - ULL - Noticias\",\"isPartOf\":{\"@id\":\"https:\/\/www.ull.es\/portal\/noticias\/#website\"},\"datePublished\":\"2024-04-22T10:11:12+00:00\",\"dateModified\":\"2024-04-22T10:11:12+00:00\",\"author\":{\"@id\":\"https:\/\/www.ull.es\/portal\/noticias\/#\/schema\/person\/b2b1a89d43ffa609e591f7df8ef3e817\"},\"breadcrumb\":{\"@id\":\"https:\/\/www.ull.es\/portal\/noticias\/2024\/la-filosofa-eulalia-perez-y-la-escritora-elsa-lopez-seran-investidas-doctoras-honoris-causa-por-la-ull-este-miercoles\/#breadcrumb\"},\"inLanguage\":\"es\",\"potentialAction\":[{\"@type\":\"ReadAction\",\"target\":[\"https:\/\/www.ull.es\/portal\/noticias\/2024\/la-filosofa-eulalia-perez-y-la-escritora-elsa-lopez-seran-investidas-doctoras-honoris-causa-por-la-ull-este-miercoles\/\"]}]},{\"@type\":\"BreadcrumbList\",\"@id\":\"https:\/\/www.ull.es\/portal\/noticias\/2024\/la-filosofa-eulalia-perez-y-la-escritora-elsa-lopez-seran-investidas-doctoras-honoris-causa-por-la-ull-este-miercoles\/#breadcrumb\",\"itemListElement\":[{\"@type\":\"ListItem\",\"position\":1,\"name\":\"Portada\",\"item\":\"https:\/\/www.ull.es\/portal\/noticias\/\"},{\"@type\":\"ListItem\",\"position\":2,\"name\":\"La fil\u00f3sofa Eulalia P\u00e9rez y la escritora Elsa L\u00f3pez ser\u00e1n investidas Doctoras Honoris Causa por la ULL este mi\u00e9rcoles\"}]},{\"@type\":\"WebSite\",\"@id\":\"https:\/\/www.ull.es\/portal\/noticias\/#website\",\"url\":\"https:\/\/www.ull.es\/portal\/noticias\/\",\"name\":\"ULL - Noticias\",\"description\":\"\",\"potentialAction\":[{\"@type\":\"SearchAction\",\"target\":{\"@type\":\"EntryPoint\",\"urlTemplate\":\"https:\/\/www.ull.es\/portal\/noticias\/?s={search_term_string}\"},\"query-input\":\"required name=search_term_string\"}],\"inLanguage\":\"es\"},{\"@type\":\"Person\",\"@id\":\"https:\/\/www.ull.es\/portal\/noticias\/#\/schema\/person\/b2b1a89d43ffa609e591f7df8ef3e817\",\"name\":\"gaprsa\",\"image\":{\"@type\":\"ImageObject\",\"inLanguage\":\"es\",\"@id\":\"https:\/\/www.ull.es\/portal\/noticias\/#\/schema\/person\/image\/\",\"url\":\"https:\/\/secure.gravatar.com\/avatar\/443820550921091458b4823867723b3d?s=96&d=mm&r=g\",\"contentUrl\":\"https:\/\/secure.gravatar.com\/avatar\/443820550921091458b4823867723b3d?s=96&d=mm&r=g\",\"caption\":\"gaprsa\"},\"url\":\"https:\/\/www.ull.es\/portal\/noticias\/author\/gaprsa\/\"}]}<\/script>\n<!-- \/ Yoast SEO plugin. -->","yoast_head_json":{"title":"La fil\u00f3sofa Eulalia P\u00e9rez y la escritora Elsa L\u00f3pez ser\u00e1n investidas Doctoras Honoris Causa por la ULL este mi\u00e9rcoles - ULL - Noticias","robots":{"index":"index","follow":"follow","max-snippet":"max-snippet:-1","max-image-preview":"max-image-preview:large","max-video-preview":"max-video-preview:-1"},"canonical":"https:\/\/www.ull.es\/portal\/noticias\/2024\/la-filosofa-eulalia-perez-y-la-escritora-elsa-lopez-seran-investidas-doctoras-honoris-causa-por-la-ull-este-miercoles\/","og_locale":"es_ES","og_type":"article","og_title":"La fil\u00f3sofa Eulalia P\u00e9rez y la escritora Elsa L\u00f3pez ser\u00e1n investidas Doctoras Honoris Causa por la ULL este mi\u00e9rcoles - ULL - Noticias","og_description":"La Universidad de La Laguna celebrar\u00e1 el pr\u00f3ximo mi\u00e9rcoles, 24 de abril a las 11:00 horas en el Paraninfo, el...","og_url":"https:\/\/www.ull.es\/portal\/noticias\/2024\/la-filosofa-eulalia-perez-y-la-escritora-elsa-lopez-seran-investidas-doctoras-honoris-causa-por-la-ull-este-miercoles\/","og_site_name":"ULL - Noticias","article_publisher":"https:\/\/www.facebook.com\/universidaddelalaguna\/","article_published_time":"2024-04-22T10:11:12+00:00","og_image":[{"width":750,"height":370,"url":"https:\/\/www.ull.es\/portal\/noticias\/wp-content\/uploads\/sites\/13\/2024\/04\/Honoris-Causa_Banner-eventos.png","type":"image\/png"}],"author":"gaprsa","twitter_card":"summary_large_image","twitter_creator":"@CanalULL","twitter_site":"@CanalULL","twitter_misc":{"Escrito por":"gaprsa","Tiempo de lectura":"2 minutos"},"schema":{"@context":"https:\/\/schema.org","@graph":[{"@type":"WebPage","@id":"https:\/\/www.ull.es\/portal\/noticias\/2024\/la-filosofa-eulalia-perez-y-la-escritora-elsa-lopez-seran-investidas-doctoras-honoris-causa-por-la-ull-este-miercoles\/","url":"https:\/\/www.ull.es\/portal\/noticias\/2024\/la-filosofa-eulalia-perez-y-la-escritora-elsa-lopez-seran-investidas-doctoras-honoris-causa-por-la-ull-este-miercoles\/","name":"La fil\u00f3sofa Eulalia P\u00e9rez y la escritora Elsa L\u00f3pez ser\u00e1n investidas Doctoras Honoris Causa por la ULL este mi\u00e9rcoles - ULL - Noticias","isPartOf":{"@id":"https:\/\/www.ull.es\/portal\/noticias\/#website"},"datePublished":"2024-04-22T10:11:12+00:00","dateModified":"2024-04-22T10:11:12+00:00","author":{"@id":"https:\/\/www.ull.es\/portal\/noticias\/#\/schema\/person\/b2b1a89d43ffa609e591f7df8ef3e817"},"breadcrumb":{"@id":"https:\/\/www.ull.es\/portal\/noticias\/2024\/la-filosofa-eulalia-perez-y-la-escritora-elsa-lopez-seran-investidas-doctoras-honoris-causa-por-la-ull-este-miercoles\/#breadcrumb"},"inLanguage":"es","potentialAction":[{"@type":"ReadAction","target":["https:\/\/www.ull.es\/portal\/noticias\/2024\/la-filosofa-eulalia-perez-y-la-escritora-elsa-lopez-seran-investidas-doctoras-honoris-causa-por-la-ull-este-miercoles\/"]}]},{"@type":"BreadcrumbList","@id":"https:\/\/www.ull.es\/portal\/noticias\/2024\/la-filosofa-eulalia-perez-y-la-escritora-elsa-lopez-seran-investidas-doctoras-honoris-causa-por-la-ull-este-miercoles\/#breadcrumb","itemListElement":[{"@type":"ListItem","position":1,"name":"Portada","item":"https:\/\/www.ull.es\/portal\/noticias\/"},{"@type":"ListItem","position":2,"name":"La fil\u00f3sofa Eulalia P\u00e9rez y la escritora Elsa L\u00f3pez ser\u00e1n investidas Doctoras Honoris Causa por la ULL este mi\u00e9rcoles"}]},{"@type":"WebSite","@id":"https:\/\/www.ull.es\/portal\/noticias\/#website","url":"https:\/\/www.ull.es\/portal\/noticias\/","name":"ULL - Noticias","description":"","potentialAction":[{"@type":"SearchAction","target":{"@type":"EntryPoint","urlTemplate":"https:\/\/www.ull.es\/portal\/noticias\/?s={search_term_string}"},"query-input":"required name=search_term_string"}],"inLanguage":"es"},{"@type":"Person","@id":"https:\/\/www.ull.es\/portal\/noticias\/#\/schema\/person\/b2b1a89d43ffa609e591f7df8ef3e817","name":"gaprsa","image":{"@type":"ImageObject","inLanguage":"es","@id":"https:\/\/www.ull.es\/portal\/noticias\/#\/schema\/person\/image\/","url":"https:\/\/secure.gravatar.com\/avatar\/443820550921091458b4823867723b3d?s=96&d=mm&r=g","contentUrl":"https:\/\/secure.gravatar.com\/avatar\/443820550921091458b4823867723b3d?s=96&d=mm&r=g","caption":"gaprsa"},"url":"https:\/\/www.ull.es\/portal\/noticias\/author\/gaprsa\/"}]}},"primary_category":{"id":345,"name":"Destacado","slug":"destacado","link":"https:\/\/www.ull.es\/portal\/noticias\/category\/destacado\/"},"featured_image_thumbnail_url":"https:\/\/www.ull.es\/portal\/noticias\/wp-content\/uploads\/sites\/13\/2024\/04\/Honoris-Causa_Banner-eventos-300x148.png","_links":{"self":[{"href":"https:\/\/www.ull.es\/portal\/noticias\/wp-json\/wp\/v2\/posts\/75252"}],"collection":[{"href":"https:\/\/www.ull.es\/portal\/noticias\/wp-json\/wp\/v2\/posts"}],"about":[{"href":"https:\/\/www.ull.es\/portal\/noticias\/wp-json\/wp\/v2\/types\/post"}],"author":[{"embeddable":true,"href":"https:\/\/www.ull.es\/portal\/noticias\/wp-json\/wp\/v2\/users\/23"}],"replies":[{"embeddable":true,"href":"https:\/\/www.ull.es\/portal\/noticias\/wp-json\/wp\/v2\/comments?post=75252"}],"version-history":[{"count":2,"href":"https:\/\/www.ull.es\/portal\/noticias\/wp-json\/wp\/v2\/posts\/75252\/revisions"}],"predecessor-version":[{"id":75255,"href":"https:\/\/www.ull.es\/portal\/noticias\/wp-json\/wp\/v2\/posts\/75252\/revisions\/75255"}],"wp:featuredmedia":[{"embeddable":true,"href":"https:\/\/www.ull.es\/portal\/noticias\/wp-json\/wp\/v2\/media\/75253"}],"wp:attachment":[{"href":"https:\/\/www.ull.es\/portal\/noticias\/wp-json\/wp\/v2\/media?parent=75252"}],"wp:term":[{"taxonomy":"category","embeddable":true,"href":"https:\/\/www.ull.es\/portal\/noticias\/wp-json\/wp\/v2\/categories?post=75252"},{"taxonomy":"post_tag","embeddable":true,"href":"https:\/\/www.ull.es\/portal\/noticias\/wp-json\/wp\/v2\/tags?post=75252"}],"curies":[{"name":"wp","href":"https:\/\/api.w.org\/{rel}","templated":true}]}}