{"id":75281,"date":"2024-04-23T11:49:50","date_gmt":"2024-04-23T11:49:50","guid":{"rendered":"https:\/\/www.ull.es\/portal\/noticias\/?p=75281"},"modified":"2024-04-23T11:51:08","modified_gmt":"2024-04-23T11:51:08","slug":"el-curso-universitario-superior-de-gestion-de-la-empresa-comercial-formara-a-30-especialistas-en-el-sector-retail","status":"publish","type":"post","link":"https:\/\/www.ull.es\/portal\/noticias\/2024\/el-curso-universitario-superior-de-gestion-de-la-empresa-comercial-formara-a-30-especialistas-en-el-sector-retail\/","title":{"rendered":"El Curso Universitario Superior de Gesti\u00f3n de la Empresa Comercial formar\u00e1 a 30 especialistas en el sector retail"},"content":{"rendered":"<p>El Rectorado de la Universidad de Las Palmas de Gran Canaria ha acogido el acto de presentaci\u00f3n de la octava edici\u00f3n del <a href=\"https:\/\/gerenciacomerciourbano.com\/2024\/\" target=\"_blank\" rel=\"noopener\">Curso Universitario Superior de Gesti\u00f3n de la Empresa Comercial<\/a>, que formar\u00e1 a 30 personas para especializarse en un sector que es motor econ\u00f3mico en Canarias y est\u00e1 en constante desarrollo. Este programa formativo est\u00e1 organizado por la Direcci\u00f3n General de Comercio y Consumo, en colaboraci\u00f3n con la Fundaci\u00f3n Universitaria de Las Palmas, la Universidad de Las Palmas de Gran Canaria y la Universidad de La Laguna.<\/p>\n<p>La inauguraci\u00f3n de esta nueva edici\u00f3n ha contado con la presencia del viceconsejero de Industria, Comercio y Consumo del Gobierno de Canarias, Felipe Afonso El Jaber ; el rector de la Universidad de Las Palmas de Gran Canaria, Llu\u00eds Serra; el vicedecano de Relaciones Institucionales y campus sur de la Facultad de Econom\u00eda, Empresa y Turismo de la Universidad de La Laguna, \u00c1ngel Chinea; el director gerente de la Fundaci\u00f3n General de la Universidad de La Laguna, Julio Brito; y el director gerente de la Fundaci\u00f3n Universitaria de Las Palmas, Eduardo Manrique de Lara, acompa\u00f1ados de otros representantes de dichas entidades y una parte del alumnado que participa en este programa formativo.<\/p>\n<p>Serra inaugur\u00f3 la nueva convocatoria de este programa formativo dando la bienvenida a todas las personas presentes y dando la enhorabuena al alumnado por haber sido seleccionadas para realizar este programa formativo. A continuaci\u00f3n, tom\u00f3 la palabra el director gerente de la FGULL, Julio Brito, para asegurar que la b\u00fasqueda de talento cualificado es una prioridad en un sector como el comercio, muy importante para Canarias, y que se ver\u00e1 reforzado con esta formaci\u00f3n que en todas sus ediciones \u00abha dado muy buenos resultados\u00bb.<\/p>\n<p>Por su parte, el director gerente de la FULP, Eduardo Manrique de Lara, enfatiz\u00f3 que este programa es una gran oportunidad para acceder a formaci\u00f3n especializada y altamente demandada por las empresas, y expres\u00f3 que \u00abpara la Fundaci\u00f3n es un honor colaborar un a\u00f1o m\u00e1s para llevar a cabo este curso, porque es fundamental contar con profesionales cualificados que sepan afrontar los retos que se presentan\u00bb. Por otro lado, el vicedecano de Relaciones Institucionales y Campus Sur de la Facultad de Econom\u00eda, Empresa y Turismo de la Universidad de La Laguna, \u00c1ngel Chinea, expuso que este modelo de formaci\u00f3n \u00abes un modelo de \u00e9xito avalado por sus ocho ediciones\u00bb.<\/p>\n<p>Por \u00faltimo, el viceconsejero de Industria, Comercio y Consumo del Gobierno de Canarias, Felipe Afonso El Jaber, destac\u00f3 la importancia de realizar este curso desde un punto de vista transformador y asegur\u00f3 que \u00abse necesita gente preparada y capaz desde lo intelectual para adaptarse a la realidad de cada momento\u00bb. Dirigi\u00e9ndose hacia el alumnado, Afonso se centr\u00f3 en la \u00abrelaci\u00f3n que existe entre el desarrollo de las competencias y el desarrollo tecnol\u00f3gico\u00bb, en el contexto de un mundo donde la tecnolog\u00eda cada vez protagoniza m\u00e1s \u00e1mbitos como el comercio.<\/p>\n<p>Este programa formativo, certificado por las dos universidades p\u00fablicas canarias y 100% subvencionado, pretende potenciar la actividad comercial y la econom\u00eda local, atraer talento y desarrollar el esp\u00edritu emprendedor de sus participantes, que tendr\u00e1n la oportunidad de realizar pr\u00e1cticas no laborales remuneradas en empresas de Canarias durante tres meses.<\/p>\n<p>El curso se estructura en dos etapas, que se desarrollar\u00e1n a lo largo de cinco meses, de abril a agosto de 2024. En primer lugar, la etapa de formaci\u00f3n te\u00f3rico-pr\u00e1ctica, a trav\u00e9s de formaci\u00f3n <em>online,<\/em> sesiones presenciales y visitas a empresas. En el temario tratar\u00e1n la implantaci\u00f3n, dise\u00f1o y gesti\u00f3n del espacio comercial, la innovaci\u00f3n en <em>retail<\/em> y transformaci\u00f3n digital, y el an\u00e1lisis de los diferentes modelos agrupados de comercio. Por \u00faltimo, el alumnado tendr\u00e1 que realizar un trabajo final tutorizado en el que deben reflejar el conjunto de conocimientos y competencias que han adquirido a lo largo de todo el periodo formativo. M\u00e1s informaci\u00f3n en este <a href=\"http:\/\/www.gerenciacomerciourbano.com\/2024\/\" target=\"_blank\" rel=\"noopener\">enlace<\/a>.<\/p>\n<p>(Nota y foto cedidas).<\/p>\n<p><strong>\u00a0<\/strong><\/p>\n<p><strong>\u00a0<\/strong><\/p>\n","protected":false},"excerpt":{"rendered":"<p>El Rectorado de la Universidad de Las Palmas de Gran Canaria ha acogido el acto de presentaci\u00f3n de la octava&#8230;<\/p>\n","protected":false},"author":23,"featured_media":75282,"comment_status":"closed","ping_status":"closed","sticky":false,"template":"","format":"standard","meta":{"inline_featured_image":false,"footnotes":""},"categories":[343,345,348,2765],"tags":[],"acf":[],"yoast_head":"<!-- This site is optimized with the Yoast SEO plugin v21.3 - https:\/\/yoast.com\/wordpress\/plugins\/seo\/ -->\n<title>El Curso Universitario Superior de Gesti\u00f3n de la Empresa Comercial formar\u00e1 a 30 especialistas en el sector retail - ULL - Noticias<\/title>\n<meta name=\"robots\" content=\"index, follow, max-snippet:-1, max-image-preview:large, max-video-preview:-1\" \/>\n<link rel=\"canonical\" href=\"https:\/\/www.ull.es\/portal\/noticias\/2024\/el-curso-universitario-superior-de-gestion-de-la-empresa-comercial-formara-a-30-especialistas-en-el-sector-retail\/\" \/>\n<meta property=\"og:locale\" content=\"es_ES\" \/>\n<meta property=\"og:type\" content=\"article\" \/>\n<meta property=\"og:title\" content=\"El Curso Universitario Superior de Gesti\u00f3n de la Empresa Comercial formar\u00e1 a 30 especialistas en el sector retail - ULL - Noticias\" \/>\n<meta property=\"og:description\" content=\"El Rectorado de la Universidad de Las Palmas de Gran Canaria ha acogido el acto de presentaci\u00f3n de la octava...\" \/>\n<meta property=\"og:url\" content=\"https:\/\/www.ull.es\/portal\/noticias\/2024\/el-curso-universitario-superior-de-gestion-de-la-empresa-comercial-formara-a-30-especialistas-en-el-sector-retail\/\" \/>\n<meta property=\"og:site_name\" content=\"ULL - Noticias\" \/>\n<meta property=\"article:publisher\" content=\"https:\/\/www.facebook.com\/universidaddelalaguna\/\" \/>\n<meta property=\"article:published_time\" content=\"2024-04-23T11:49:50+00:00\" \/>\n<meta property=\"article:modified_time\" content=\"2024-04-23T11:51:08+00:00\" \/>\n<meta property=\"og:image\" content=\"https:\/\/www.ull.es\/portal\/noticias\/wp-content\/uploads\/sites\/13\/2024\/04\/FOTO-I-2.jpg\" \/>\n\t<meta property=\"og:image:width\" content=\"1800\" \/>\n\t<meta property=\"og:image:height\" content=\"795\" \/>\n\t<meta property=\"og:image:type\" content=\"image\/jpeg\" \/>\n<meta name=\"author\" content=\"gaprsa\" \/>\n<meta name=\"twitter:card\" content=\"summary_large_image\" \/>\n<meta name=\"twitter:creator\" content=\"@CanalULL\" \/>\n<meta name=\"twitter:site\" content=\"@CanalULL\" \/>\n<meta name=\"twitter:label1\" content=\"Escrito por\" \/>\n\t<meta name=\"twitter:data1\" content=\"gaprsa\" \/>\n\t<meta name=\"twitter:label2\" content=\"Tiempo de lectura\" \/>\n\t<meta name=\"twitter:data2\" content=\"3 minutos\" \/>\n<script type=\"application\/ld+json\" class=\"yoast-schema-graph\">{\"@context\":\"https:\/\/schema.org\",\"@graph\":[{\"@type\":\"WebPage\",\"@id\":\"https:\/\/www.ull.es\/portal\/noticias\/2024\/el-curso-universitario-superior-de-gestion-de-la-empresa-comercial-formara-a-30-especialistas-en-el-sector-retail\/\",\"url\":\"https:\/\/www.ull.es\/portal\/noticias\/2024\/el-curso-universitario-superior-de-gestion-de-la-empresa-comercial-formara-a-30-especialistas-en-el-sector-retail\/\",\"name\":\"El Curso Universitario Superior de Gesti\u00f3n de la Empresa Comercial formar\u00e1 a 30 especialistas en el sector retail - ULL - Noticias\",\"isPartOf\":{\"@id\":\"https:\/\/www.ull.es\/portal\/noticias\/#website\"},\"datePublished\":\"2024-04-23T11:49:50+00:00\",\"dateModified\":\"2024-04-23T11:51:08+00:00\",\"author\":{\"@id\":\"https:\/\/www.ull.es\/portal\/noticias\/#\/schema\/person\/b2b1a89d43ffa609e591f7df8ef3e817\"},\"breadcrumb\":{\"@id\":\"https:\/\/www.ull.es\/portal\/noticias\/2024\/el-curso-universitario-superior-de-gestion-de-la-empresa-comercial-formara-a-30-especialistas-en-el-sector-retail\/#breadcrumb\"},\"inLanguage\":\"es\",\"potentialAction\":[{\"@type\":\"ReadAction\",\"target\":[\"https:\/\/www.ull.es\/portal\/noticias\/2024\/el-curso-universitario-superior-de-gestion-de-la-empresa-comercial-formara-a-30-especialistas-en-el-sector-retail\/\"]}]},{\"@type\":\"BreadcrumbList\",\"@id\":\"https:\/\/www.ull.es\/portal\/noticias\/2024\/el-curso-universitario-superior-de-gestion-de-la-empresa-comercial-formara-a-30-especialistas-en-el-sector-retail\/#breadcrumb\",\"itemListElement\":[{\"@type\":\"ListItem\",\"position\":1,\"name\":\"Portada\",\"item\":\"https:\/\/www.ull.es\/portal\/noticias\/\"},{\"@type\":\"ListItem\",\"position\":2,\"name\":\"El Curso Universitario Superior de Gesti\u00f3n de la Empresa Comercial formar\u00e1 a 30 especialistas en el sector retail\"}]},{\"@type\":\"WebSite\",\"@id\":\"https:\/\/www.ull.es\/portal\/noticias\/#website\",\"url\":\"https:\/\/www.ull.es\/portal\/noticias\/\",\"name\":\"ULL - Noticias\",\"description\":\"\",\"potentialAction\":[{\"@type\":\"SearchAction\",\"target\":{\"@type\":\"EntryPoint\",\"urlTemplate\":\"https:\/\/www.ull.es\/portal\/noticias\/?s={search_term_string}\"},\"query-input\":\"required name=search_term_string\"}],\"inLanguage\":\"es\"},{\"@type\":\"Person\",\"@id\":\"https:\/\/www.ull.es\/portal\/noticias\/#\/schema\/person\/b2b1a89d43ffa609e591f7df8ef3e817\",\"name\":\"gaprsa\",\"image\":{\"@type\":\"ImageObject\",\"inLanguage\":\"es\",\"@id\":\"https:\/\/www.ull.es\/portal\/noticias\/#\/schema\/person\/image\/\",\"url\":\"https:\/\/secure.gravatar.com\/avatar\/443820550921091458b4823867723b3d?s=96&d=mm&r=g\",\"contentUrl\":\"https:\/\/secure.gravatar.com\/avatar\/443820550921091458b4823867723b3d?s=96&d=mm&r=g\",\"caption\":\"gaprsa\"},\"url\":\"https:\/\/www.ull.es\/portal\/noticias\/author\/gaprsa\/\"}]}<\/script>\n<!-- \/ Yoast SEO plugin. -->","yoast_head_json":{"title":"El Curso Universitario Superior de Gesti\u00f3n de la Empresa Comercial formar\u00e1 a 30 especialistas en el sector retail - ULL - Noticias","robots":{"index":"index","follow":"follow","max-snippet":"max-snippet:-1","max-image-preview":"max-image-preview:large","max-video-preview":"max-video-preview:-1"},"canonical":"https:\/\/www.ull.es\/portal\/noticias\/2024\/el-curso-universitario-superior-de-gestion-de-la-empresa-comercial-formara-a-30-especialistas-en-el-sector-retail\/","og_locale":"es_ES","og_type":"article","og_title":"El Curso Universitario Superior de Gesti\u00f3n de la Empresa Comercial formar\u00e1 a 30 especialistas en el sector retail - ULL - Noticias","og_description":"El Rectorado de la Universidad de Las Palmas de Gran Canaria ha acogido el acto de presentaci\u00f3n de la octava...","og_url":"https:\/\/www.ull.es\/portal\/noticias\/2024\/el-curso-universitario-superior-de-gestion-de-la-empresa-comercial-formara-a-30-especialistas-en-el-sector-retail\/","og_site_name":"ULL - Noticias","article_publisher":"https:\/\/www.facebook.com\/universidaddelalaguna\/","article_published_time":"2024-04-23T11:49:50+00:00","article_modified_time":"2024-04-23T11:51:08+00:00","og_image":[{"width":1800,"height":795,"url":"https:\/\/www.ull.es\/portal\/noticias\/wp-content\/uploads\/sites\/13\/2024\/04\/FOTO-I-2.jpg","type":"image\/jpeg"}],"author":"gaprsa","twitter_card":"summary_large_image","twitter_creator":"@CanalULL","twitter_site":"@CanalULL","twitter_misc":{"Escrito por":"gaprsa","Tiempo de lectura":"3 minutos"},"schema":{"@context":"https:\/\/schema.org","@graph":[{"@type":"WebPage","@id":"https:\/\/www.ull.es\/portal\/noticias\/2024\/el-curso-universitario-superior-de-gestion-de-la-empresa-comercial-formara-a-30-especialistas-en-el-sector-retail\/","url":"https:\/\/www.ull.es\/portal\/noticias\/2024\/el-curso-universitario-superior-de-gestion-de-la-empresa-comercial-formara-a-30-especialistas-en-el-sector-retail\/","name":"El Curso Universitario Superior de Gesti\u00f3n de la Empresa Comercial formar\u00e1 a 30 especialistas en el sector retail - ULL - Noticias","isPartOf":{"@id":"https:\/\/www.ull.es\/portal\/noticias\/#website"},"datePublished":"2024-04-23T11:49:50+00:00","dateModified":"2024-04-23T11:51:08+00:00","author":{"@id":"https:\/\/www.ull.es\/portal\/noticias\/#\/schema\/person\/b2b1a89d43ffa609e591f7df8ef3e817"},"breadcrumb":{"@id":"https:\/\/www.ull.es\/portal\/noticias\/2024\/el-curso-universitario-superior-de-gestion-de-la-empresa-comercial-formara-a-30-especialistas-en-el-sector-retail\/#breadcrumb"},"inLanguage":"es","potentialAction":[{"@type":"ReadAction","target":["https:\/\/www.ull.es\/portal\/noticias\/2024\/el-curso-universitario-superior-de-gestion-de-la-empresa-comercial-formara-a-30-especialistas-en-el-sector-retail\/"]}]},{"@type":"BreadcrumbList","@id":"https:\/\/www.ull.es\/portal\/noticias\/2024\/el-curso-universitario-superior-de-gestion-de-la-empresa-comercial-formara-a-30-especialistas-en-el-sector-retail\/#breadcrumb","itemListElement":[{"@type":"ListItem","position":1,"name":"Portada","item":"https:\/\/www.ull.es\/portal\/noticias\/"},{"@type":"ListItem","position":2,"name":"El Curso Universitario Superior de Gesti\u00f3n de la Empresa Comercial formar\u00e1 a 30 especialistas en el sector retail"}]},{"@type":"WebSite","@id":"https:\/\/www.ull.es\/portal\/noticias\/#website","url":"https:\/\/www.ull.es\/portal\/noticias\/","name":"ULL - Noticias","description":"","potentialAction":[{"@type":"SearchAction","target":{"@type":"EntryPoint","urlTemplate":"https:\/\/www.ull.es\/portal\/noticias\/?s={search_term_string}"},"query-input":"required name=search_term_string"}],"inLanguage":"es"},{"@type":"Person","@id":"https:\/\/www.ull.es\/portal\/noticias\/#\/schema\/person\/b2b1a89d43ffa609e591f7df8ef3e817","name":"gaprsa","image":{"@type":"ImageObject","inLanguage":"es","@id":"https:\/\/www.ull.es\/portal\/noticias\/#\/schema\/person\/image\/","url":"https:\/\/secure.gravatar.com\/avatar\/443820550921091458b4823867723b3d?s=96&d=mm&r=g","contentUrl":"https:\/\/secure.gravatar.com\/avatar\/443820550921091458b4823867723b3d?s=96&d=mm&r=g","caption":"gaprsa"},"url":"https:\/\/www.ull.es\/portal\/noticias\/author\/gaprsa\/"}]}},"primary_category":{"id":345,"name":"Destacado","slug":"destacado","link":"https:\/\/www.ull.es\/portal\/noticias\/category\/destacado\/"},"featured_image_thumbnail_url":"https:\/\/www.ull.es\/portal\/noticias\/wp-content\/uploads\/sites\/13\/2024\/04\/FOTO-I-2-300x133.jpg","_links":{"self":[{"href":"https:\/\/www.ull.es\/portal\/noticias\/wp-json\/wp\/v2\/posts\/75281"}],"collection":[{"href":"https:\/\/www.ull.es\/portal\/noticias\/wp-json\/wp\/v2\/posts"}],"about":[{"href":"https:\/\/www.ull.es\/portal\/noticias\/wp-json\/wp\/v2\/types\/post"}],"author":[{"embeddable":true,"href":"https:\/\/www.ull.es\/portal\/noticias\/wp-json\/wp\/v2\/users\/23"}],"replies":[{"embeddable":true,"href":"https:\/\/www.ull.es\/portal\/noticias\/wp-json\/wp\/v2\/comments?post=75281"}],"version-history":[{"count":3,"href":"https:\/\/www.ull.es\/portal\/noticias\/wp-json\/wp\/v2\/posts\/75281\/revisions"}],"predecessor-version":[{"id":75285,"href":"https:\/\/www.ull.es\/portal\/noticias\/wp-json\/wp\/v2\/posts\/75281\/revisions\/75285"}],"wp:featuredmedia":[{"embeddable":true,"href":"https:\/\/www.ull.es\/portal\/noticias\/wp-json\/wp\/v2\/media\/75282"}],"wp:attachment":[{"href":"https:\/\/www.ull.es\/portal\/noticias\/wp-json\/wp\/v2\/media?parent=75281"}],"wp:term":[{"taxonomy":"category","embeddable":true,"href":"https:\/\/www.ull.es\/portal\/noticias\/wp-json\/wp\/v2\/categories?post=75281"},{"taxonomy":"post_tag","embeddable":true,"href":"https:\/\/www.ull.es\/portal\/noticias\/wp-json\/wp\/v2\/tags?post=75281"}],"curies":[{"name":"wp","href":"https:\/\/api.w.org\/{rel}","templated":true}]}}