{"id":75360,"date":"2024-04-26T10:03:11","date_gmt":"2024-04-26T10:03:11","guid":{"rendered":"https:\/\/www.ull.es\/portal\/noticias\/?p=75360"},"modified":"2024-04-26T10:03:11","modified_gmt":"2024-04-26T10:03:11","slug":"coleccion-macaronesia-numero-4","status":"publish","type":"post","link":"https:\/\/www.ull.es\/portal\/noticias\/2024\/coleccion-macaronesia-numero-4\/","title":{"rendered":"El Servicio de Publicaciones de la ULL edita el \u00faltimo n\u00famero de la colecci\u00f3n \u201cMacaronesia\u201d"},"content":{"rendered":"<p><a href=\"https:\/\/www.ull.es\/portal\/noticias\/wp-content\/uploads\/sites\/13\/2024\/04\/macaronesia-04.png\" target=\"_blank\" rel=\"noopener\" target=\"_blank\" rel=\"noopener\"><img decoding=\"async\" loading=\"lazy\" class=\"alignleft wp-image-75362 size-medium\" src=\"https:\/\/www.ull.es\/portal\/noticias\/wp-content\/uploads\/sites\/13\/2024\/04\/macaronesia-04-212x300.png\" alt=\"portada de Macaronesia 4.\" width=\"212\" height=\"300\" srcset=\"https:\/\/www.ull.es\/portal\/noticias\/wp-content\/uploads\/sites\/13\/2024\/04\/macaronesia-04-212x300.png 212w, https:\/\/www.ull.es\/portal\/noticias\/wp-content\/uploads\/sites\/13\/2024\/04\/macaronesia-04-375x531.png 375w, https:\/\/www.ull.es\/portal\/noticias\/wp-content\/uploads\/sites\/13\/2024\/04\/macaronesia-04.png 480w\" sizes=\"(max-width: 212px) 100vw, 212px\" \/><\/a>La colecci\u00f3n \u201cMacaronesia: Din\u00e1micas hist\u00f3ricas, sociales y econ\u00f3micas\u201d es una publicaci\u00f3n electr\u00f3nica del programa interuniversitario de doctorado en <a href=\"https:\/\/www.ull.es\/doctorados\/islas-atlanticas\/\" target=\"_blank\" rel=\"noopener\" target=\"_blank\" rel=\"noopener\">Islas Atl\u00e1nticas: Historia, Patrimonio y Marco Jur\u00eddico Institucional<\/a>, del cual forman parte las universidades de La Laguna, Las Palmas de Gran Canaria, Madeira y Azores. Hasta ahora se hab\u00edan publicado tres n\u00fameros y su <a href=\"https:\/\/www.ull.es\/servicios\/publicaciones\/publicacion\/macaronesia-dinamicas-historicas-sociales-y-economicas\/\" target=\"_blank\" rel=\"noopener\" target=\"_blank\" rel=\"noopener\">cuarta entrega<\/a> est\u00e1 ya disponible en el Servicio de Publicaciones de la Universidad de La Laguna a un precio de venta de 10 euros. Ha sido coordinado por <a href=\"https:\/\/portalciencia.ull.es\/investigadores\/80962\/detalle\" target=\"_blank\" rel=\"noopener\" target=\"_blank\" rel=\"noopener\">Ana Vi\u00f1a Brito<\/a>, catedr\u00e1tica de Historia Medieval y coordinadora del programa en la instituci\u00f3n tinerfe\u00f1a.<\/p>\n<p>El volumen est\u00e1 divido en dos partes, la primera de las cuales recopila siete cap\u00edtulos elaborados por docentes de este programa de doctorado que, en algunos casos, ampl\u00edan tem\u00e1ticas propuestas en los seminarios de investigaci\u00f3n y, en otros, aportan trabajos novedosos que abren nuevas l\u00edneas de trabajo cient\u00edfico. La segunda incluye las tesis doctorales defendidas durante el bienio 2021-22 en las tres l\u00edneas tem\u00e1ticas del programa, as\u00ed como los seminarios formativos y de investigaci\u00f3n desarrollados y un homenaje a la fallecida profesora de la ULPGC Manuela Ronquillo Rubio.<\/p>\n<p>Los cap\u00edtulos de la primera parte corren a cargo de Rui Carita, profesor em\u00e9rito de la Universidade da Madeira, con un trabajo sobre \u201cPatrimonio da Humanidade. Ilha Terceira. A\u00e7ores\u201d; Josefina Dom\u00ednguez-M\u00fajica, Claudio Moreno-Medina y Juan Manuel Parre\u00f1o-Castellano, de la ULPGC, presentan \u201cLa ciudad del \u201cdesarrollismo\u201d a trav\u00e9s de la cartograf\u00eda e im\u00e1genes. Las Palmas de Gran Canaria, 1962-1987\u201d.<\/p>\n<p>Un tercer cap\u00edtulo aborda \u201cLenguaje y libertad de expresi\u00f3n en la sociedad del conocimiento\u201d, a cargo de Juan Jos\u00e9 Laforet, profesor de la ULPGC, a quien se unen otros dos profesores de la misma instituci\u00f3n especializados en arquitectura: Vicente Mirallave, con \u201cZuazo y la planificaci\u00f3n urbana de Las Palmas entre 1860 y 1960\u201d, y Jos\u00e9 Mar\u00eda Gentil Baltrich, con \u201cLa investigaci\u00f3n en arquitectura\u201d.<\/p>\n<p>El n\u00famero se completa con dos trabajos vinculados a la Universidad de La Laguna: el de Ana Vi\u00f1a Brito sobre las \u201cJoyas en el \u00e1mbito dom\u00e9stico en los primeros siglos de la colonizaci\u00f3n de Canarias\u201d; y un trabajo sobre cartograf\u00eda elaborado por <a href=\"https:\/\/portalciencia.ull.es\/investigadores\/82592\/detalle\" target=\"_blank\" rel=\"noopener\" target=\"_blank\" rel=\"noopener\">Kevin Rodr\u00edguez Wittman<\/a>, correspondiente a una s\u00edntesis de su tesis doctoral.<\/p>\n","protected":false},"excerpt":{"rendered":"<p>La colecci\u00f3n \u201cMacaronesia: Din\u00e1micas hist\u00f3ricas, sociales y econ\u00f3micas\u201d es una publicaci\u00f3n electr\u00f3nica del programa interuniversitario de doctorado en Islas Atl\u00e1nticas:&#8230;<\/p>\n","protected":false},"author":21,"featured_media":75361,"comment_status":"closed","ping_status":"closed","sticky":false,"template":"","format":"image","meta":{"inline_featured_image":false,"footnotes":""},"categories":[345,4336,3994,350,2765,3784],"tags":[5311,10894,1788,2386,2421],"acf":[],"yoast_head":"<!-- This site is optimized with the Yoast SEO plugin v21.3 - https:\/\/yoast.com\/wordpress\/plugins\/seo\/ -->\n<title>El Servicio de Publicaciones de la ULL edita el \u00faltimo n\u00famero de la colecci\u00f3n \u201cMacaronesia\u201d - ULL - Noticias<\/title>\n<meta name=\"description\" content=\"Esta publicaci\u00f3n coordinada por la catedr\u00e1tica de Historia Medieval Ana Vi\u00f1a est\u00e1 vinculada al programa de doctorado en Islas Atl\u00e1nticas,\" \/>\n<meta name=\"robots\" content=\"index, follow, max-snippet:-1, max-image-preview:large, max-video-preview:-1\" \/>\n<link rel=\"canonical\" href=\"https:\/\/www.ull.es\/portal\/noticias\/2024\/coleccion-macaronesia-numero-4\/\" \/>\n<meta property=\"og:locale\" content=\"es_ES\" \/>\n<meta property=\"og:type\" content=\"article\" \/>\n<meta property=\"og:title\" content=\"El Servicio de Publicaciones de la ULL edita el \u00faltimo n\u00famero de la colecci\u00f3n \u201cMacaronesia\u201d - ULL - Noticias\" \/>\n<meta property=\"og:description\" content=\"Esta publicaci\u00f3n coordinada por la catedr\u00e1tica de Historia Medieval Ana Vi\u00f1a est\u00e1 vinculada al programa de doctorado en Islas Atl\u00e1nticas,\" \/>\n<meta property=\"og:url\" content=\"https:\/\/www.ull.es\/portal\/noticias\/2024\/coleccion-macaronesia-numero-4\/\" \/>\n<meta property=\"og:site_name\" content=\"ULL - Noticias\" \/>\n<meta property=\"article:publisher\" content=\"https:\/\/www.facebook.com\/universidaddelalaguna\/\" \/>\n<meta property=\"article:published_time\" content=\"2024-04-26T10:03:11+00:00\" \/>\n<meta property=\"og:image\" content=\"https:\/\/www.ull.es\/portal\/noticias\/wp-content\/uploads\/sites\/13\/2024\/04\/macaronesia-04-recorte.jpg\" \/>\n\t<meta property=\"og:image:width\" content=\"800\" \/>\n\t<meta property=\"og:image:height\" content=\"533\" \/>\n\t<meta property=\"og:image:type\" content=\"image\/jpeg\" \/>\n<meta name=\"author\" content=\"prensa2\" \/>\n<meta name=\"twitter:card\" content=\"summary_large_image\" \/>\n<meta name=\"twitter:creator\" content=\"@CanalULL\" \/>\n<meta name=\"twitter:site\" content=\"@CanalULL\" \/>\n<meta name=\"twitter:label1\" content=\"Escrito por\" \/>\n\t<meta name=\"twitter:data1\" content=\"prensa2\" \/>\n\t<meta name=\"twitter:label2\" content=\"Tiempo de lectura\" \/>\n\t<meta name=\"twitter:data2\" content=\"2 minutos\" \/>\n<script type=\"application\/ld+json\" class=\"yoast-schema-graph\">{\"@context\":\"https:\/\/schema.org\",\"@graph\":[{\"@type\":\"WebPage\",\"@id\":\"https:\/\/www.ull.es\/portal\/noticias\/2024\/coleccion-macaronesia-numero-4\/\",\"url\":\"https:\/\/www.ull.es\/portal\/noticias\/2024\/coleccion-macaronesia-numero-4\/\",\"name\":\"El Servicio de Publicaciones de la ULL edita el \u00faltimo n\u00famero de la colecci\u00f3n \u201cMacaronesia\u201d - ULL - Noticias\",\"isPartOf\":{\"@id\":\"https:\/\/www.ull.es\/portal\/noticias\/#website\"},\"datePublished\":\"2024-04-26T10:03:11+00:00\",\"dateModified\":\"2024-04-26T10:03:11+00:00\",\"author\":{\"@id\":\"https:\/\/www.ull.es\/portal\/noticias\/#\/schema\/person\/c3b2aa857797592927a03740d6664376\"},\"description\":\"Esta publicaci\u00f3n coordinada por la catedr\u00e1tica de Historia Medieval Ana Vi\u00f1a est\u00e1 vinculada al programa de doctorado en Islas Atl\u00e1nticas,\",\"breadcrumb\":{\"@id\":\"https:\/\/www.ull.es\/portal\/noticias\/2024\/coleccion-macaronesia-numero-4\/#breadcrumb\"},\"inLanguage\":\"es\",\"potentialAction\":[{\"@type\":\"ReadAction\",\"target\":[\"https:\/\/www.ull.es\/portal\/noticias\/2024\/coleccion-macaronesia-numero-4\/\"]}]},{\"@type\":\"BreadcrumbList\",\"@id\":\"https:\/\/www.ull.es\/portal\/noticias\/2024\/coleccion-macaronesia-numero-4\/#breadcrumb\",\"itemListElement\":[{\"@type\":\"ListItem\",\"position\":1,\"name\":\"Portada\",\"item\":\"https:\/\/www.ull.es\/portal\/noticias\/\"},{\"@type\":\"ListItem\",\"position\":2,\"name\":\"El Servicio de Publicaciones de la ULL edita el \u00faltimo n\u00famero de la colecci\u00f3n \u201cMacaronesia\u201d\"}]},{\"@type\":\"WebSite\",\"@id\":\"https:\/\/www.ull.es\/portal\/noticias\/#website\",\"url\":\"https:\/\/www.ull.es\/portal\/noticias\/\",\"name\":\"ULL - Noticias\",\"description\":\"\",\"potentialAction\":[{\"@type\":\"SearchAction\",\"target\":{\"@type\":\"EntryPoint\",\"urlTemplate\":\"https:\/\/www.ull.es\/portal\/noticias\/?s={search_term_string}\"},\"query-input\":\"required name=search_term_string\"}],\"inLanguage\":\"es\"},{\"@type\":\"Person\",\"@id\":\"https:\/\/www.ull.es\/portal\/noticias\/#\/schema\/person\/c3b2aa857797592927a03740d6664376\",\"name\":\"prensa2\",\"image\":{\"@type\":\"ImageObject\",\"inLanguage\":\"es\",\"@id\":\"https:\/\/www.ull.es\/portal\/noticias\/#\/schema\/person\/image\/\",\"url\":\"https:\/\/secure.gravatar.com\/avatar\/b58f310a5de5feb33d1e026d2493f23c?s=96&d=mm&r=g\",\"contentUrl\":\"https:\/\/secure.gravatar.com\/avatar\/b58f310a5de5feb33d1e026d2493f23c?s=96&d=mm&r=g\",\"caption\":\"prensa2\"},\"url\":\"https:\/\/www.ull.es\/portal\/noticias\/author\/prensa2\/\"}]}<\/script>\n<!-- \/ Yoast SEO plugin. -->","yoast_head_json":{"title":"El Servicio de Publicaciones de la ULL edita el \u00faltimo n\u00famero de la colecci\u00f3n \u201cMacaronesia\u201d - ULL - Noticias","description":"Esta publicaci\u00f3n coordinada por la catedr\u00e1tica de Historia Medieval Ana Vi\u00f1a est\u00e1 vinculada al programa de doctorado en Islas Atl\u00e1nticas,","robots":{"index":"index","follow":"follow","max-snippet":"max-snippet:-1","max-image-preview":"max-image-preview:large","max-video-preview":"max-video-preview:-1"},"canonical":"https:\/\/www.ull.es\/portal\/noticias\/2024\/coleccion-macaronesia-numero-4\/","og_locale":"es_ES","og_type":"article","og_title":"El Servicio de Publicaciones de la ULL edita el \u00faltimo n\u00famero de la colecci\u00f3n \u201cMacaronesia\u201d - ULL - Noticias","og_description":"Esta publicaci\u00f3n coordinada por la catedr\u00e1tica de Historia Medieval Ana Vi\u00f1a est\u00e1 vinculada al programa de doctorado en Islas Atl\u00e1nticas,","og_url":"https:\/\/www.ull.es\/portal\/noticias\/2024\/coleccion-macaronesia-numero-4\/","og_site_name":"ULL - Noticias","article_publisher":"https:\/\/www.facebook.com\/universidaddelalaguna\/","article_published_time":"2024-04-26T10:03:11+00:00","og_image":[{"width":800,"height":533,"url":"https:\/\/www.ull.es\/portal\/noticias\/wp-content\/uploads\/sites\/13\/2024\/04\/macaronesia-04-recorte.jpg","type":"image\/jpeg"}],"author":"prensa2","twitter_card":"summary_large_image","twitter_creator":"@CanalULL","twitter_site":"@CanalULL","twitter_misc":{"Escrito por":"prensa2","Tiempo de lectura":"2 minutos"},"schema":{"@context":"https:\/\/schema.org","@graph":[{"@type":"WebPage","@id":"https:\/\/www.ull.es\/portal\/noticias\/2024\/coleccion-macaronesia-numero-4\/","url":"https:\/\/www.ull.es\/portal\/noticias\/2024\/coleccion-macaronesia-numero-4\/","name":"El Servicio de Publicaciones de la ULL edita el \u00faltimo n\u00famero de la colecci\u00f3n \u201cMacaronesia\u201d - ULL - Noticias","isPartOf":{"@id":"https:\/\/www.ull.es\/portal\/noticias\/#website"},"datePublished":"2024-04-26T10:03:11+00:00","dateModified":"2024-04-26T10:03:11+00:00","author":{"@id":"https:\/\/www.ull.es\/portal\/noticias\/#\/schema\/person\/c3b2aa857797592927a03740d6664376"},"description":"Esta publicaci\u00f3n coordinada por la catedr\u00e1tica de Historia Medieval Ana Vi\u00f1a est\u00e1 vinculada al programa de doctorado en Islas Atl\u00e1nticas,","breadcrumb":{"@id":"https:\/\/www.ull.es\/portal\/noticias\/2024\/coleccion-macaronesia-numero-4\/#breadcrumb"},"inLanguage":"es","potentialAction":[{"@type":"ReadAction","target":["https:\/\/www.ull.es\/portal\/noticias\/2024\/coleccion-macaronesia-numero-4\/"]}]},{"@type":"BreadcrumbList","@id":"https:\/\/www.ull.es\/portal\/noticias\/2024\/coleccion-macaronesia-numero-4\/#breadcrumb","itemListElement":[{"@type":"ListItem","position":1,"name":"Portada","item":"https:\/\/www.ull.es\/portal\/noticias\/"},{"@type":"ListItem","position":2,"name":"El Servicio de Publicaciones de la ULL edita el \u00faltimo n\u00famero de la colecci\u00f3n \u201cMacaronesia\u201d"}]},{"@type":"WebSite","@id":"https:\/\/www.ull.es\/portal\/noticias\/#website","url":"https:\/\/www.ull.es\/portal\/noticias\/","name":"ULL - Noticias","description":"","potentialAction":[{"@type":"SearchAction","target":{"@type":"EntryPoint","urlTemplate":"https:\/\/www.ull.es\/portal\/noticias\/?s={search_term_string}"},"query-input":"required name=search_term_string"}],"inLanguage":"es"},{"@type":"Person","@id":"https:\/\/www.ull.es\/portal\/noticias\/#\/schema\/person\/c3b2aa857797592927a03740d6664376","name":"prensa2","image":{"@type":"ImageObject","inLanguage":"es","@id":"https:\/\/www.ull.es\/portal\/noticias\/#\/schema\/person\/image\/","url":"https:\/\/secure.gravatar.com\/avatar\/b58f310a5de5feb33d1e026d2493f23c?s=96&d=mm&r=g","contentUrl":"https:\/\/secure.gravatar.com\/avatar\/b58f310a5de5feb33d1e026d2493f23c?s=96&d=mm&r=g","caption":"prensa2"},"url":"https:\/\/www.ull.es\/portal\/noticias\/author\/prensa2\/"}]}},"primary_category":{"id":345,"name":"Destacado","slug":"destacado","link":"https:\/\/www.ull.es\/portal\/noticias\/category\/destacado\/"},"featured_image_thumbnail_url":"https:\/\/www.ull.es\/portal\/noticias\/wp-content\/uploads\/sites\/13\/2024\/04\/macaronesia-04-recorte-300x200.jpg","_links":{"self":[{"href":"https:\/\/www.ull.es\/portal\/noticias\/wp-json\/wp\/v2\/posts\/75360"}],"collection":[{"href":"https:\/\/www.ull.es\/portal\/noticias\/wp-json\/wp\/v2\/posts"}],"about":[{"href":"https:\/\/www.ull.es\/portal\/noticias\/wp-json\/wp\/v2\/types\/post"}],"author":[{"embeddable":true,"href":"https:\/\/www.ull.es\/portal\/noticias\/wp-json\/wp\/v2\/users\/21"}],"replies":[{"embeddable":true,"href":"https:\/\/www.ull.es\/portal\/noticias\/wp-json\/wp\/v2\/comments?post=75360"}],"version-history":[{"count":1,"href":"https:\/\/www.ull.es\/portal\/noticias\/wp-json\/wp\/v2\/posts\/75360\/revisions"}],"predecessor-version":[{"id":75363,"href":"https:\/\/www.ull.es\/portal\/noticias\/wp-json\/wp\/v2\/posts\/75360\/revisions\/75363"}],"wp:featuredmedia":[{"embeddable":true,"href":"https:\/\/www.ull.es\/portal\/noticias\/wp-json\/wp\/v2\/media\/75361"}],"wp:attachment":[{"href":"https:\/\/www.ull.es\/portal\/noticias\/wp-json\/wp\/v2\/media?parent=75360"}],"wp:term":[{"taxonomy":"category","embeddable":true,"href":"https:\/\/www.ull.es\/portal\/noticias\/wp-json\/wp\/v2\/categories?post=75360"},{"taxonomy":"post_tag","embeddable":true,"href":"https:\/\/www.ull.es\/portal\/noticias\/wp-json\/wp\/v2\/tags?post=75360"}],"curies":[{"name":"wp","href":"https:\/\/api.w.org\/{rel}","templated":true}]}}