{"id":75379,"date":"2024-04-29T13:30:24","date_gmt":"2024-04-29T13:30:24","guid":{"rendered":"https:\/\/www.ull.es\/portal\/noticias\/?p=75379"},"modified":"2024-04-29T13:57:22","modified_gmt":"2024-04-29T13:57:22","slug":"desterrar-los-valores-androcentricos","status":"publish","type":"post","link":"https:\/\/www.ull.es\/portal\/noticias\/2024\/desterrar-los-valores-androcentricos\/","title":{"rendered":"Nuestras Doctoras Honoris Causa: Desterrar los valores androc\u00e9ntricos"},"content":{"rendered":"<p>No se conoc\u00edan de nada, aunque luego descubrieron muchas cosas en com\u00fan. La fil\u00f3sofa de la ciencia <a href=\"https:\/\/ca.wikipedia.org\/wiki\/Eulalia_P%C3%A9rez_Sede%C3%B1o\" target=\"_blank\" rel=\"noopener\">Eulalia P\u00e9rez Sede\u00f1o<\/a> y la escritora <a href=\"https:\/\/es.wikipedia.org\/wiki\/Elsa_L%C3%B3pez\" target=\"_blank\" rel=\"noopener\">Elsa L\u00f3pez Rodr\u00edguez<\/a> han compartido estos d\u00edas el inmenso honor de ser nombradas doctoras Honoris Causa por la Universidad de La Laguna. Desde que la una escuch\u00f3 a la otra en su discurso de investidura ambas quedaron prendadas y sorprendidas, porque se dieron cuenta de que en el fondo hablaban de lo mismo. Una desde la academia, la otra, desde la literatura. Y es que la lucha contra los valores androc\u00e9ntricos que imperan en todos los \u00e1mbitos de la vida ha marcado profundamente el quehacer y, como dice Elsa, la batalla, de estas dos grandes mujeres.<\/p>\n<p>Mantenemos una conversaci\u00f3n con las dos doctoras en Filosof\u00eda, m\u00e1s corta de lo que hubi\u00e9semos deseado, para conocerlas m\u00e1s de cerca y explorar esas coincidencias. En la comida posterior a la ceremonia, ambas conocieron la curiosa similitud que se hab\u00eda dado en sus respectivos nacimientos, puesto que Eulalia hab\u00eda nacido en Marruecos, y Elsa en Guinea, unos or\u00edgenes que a buen seguro han marcado sendas vidas.<\/p>\n<p>La que fuera directora de la <a href=\"https:\/\/www.fecyt.es\/\" target=\"_blank\" rel=\"noopener\">FECYT<\/a> y primera catedr\u00e1tica en Espa\u00f1a de Filosof\u00eda de la Ciencia, habl\u00f3 en el Paraninfo de la construcci\u00f3n de la ciencia y de c\u00f3mo en esa pretendida elaboraci\u00f3n objetiva se ha dejado muchas veces de lado la perspectiva de g\u00e9nero, consider\u00e1ndola en no pocos casos como un influjo negativo m\u00e1s que debe ser desterrado. Demostr\u00f3 en su <a href=\"https:\/\/drive.google.com\/file\/d\/1tgJ5Asxuqi9zQWfq4OvqPiNm1oQawkh2\/view?usp=sharing\" target=\"_blank\" rel=\"noopener\">lecci\u00f3n de investidura<\/a> que se hace mejor ciencia cuando la visi\u00f3n es m\u00e1s completa, m\u00e1s integradora, y record\u00f3 de hecho la lucha de las sufragistas a finales del XIX contra la idea de pobreza intelectual de las mujeres. La ciencia, como tal, debe atender a su contexto sociocultural. En consecuencia, dijo, \u201cdesarrollar una nueva ciencia feminista va unido a crear una nueva realidad social y pol\u00edtica\u201d.<\/p>\n<p>La escritora y Premio Canarias 2022 de Literatura ha sido siempre una luchadora incansable y defensora de valores sociales y libertades p\u00fablicas. Poeta, docente, gestora cultural, muchas son las facetas de esta prol\u00edfica mujer, que en la ceremonia reconoci\u00f3 no haber perseguido mayores m\u00e9ritos acad\u00e9micos que los de ser maestra de Filosof\u00eda, \u201cense\u00f1ar c\u00f3mo poder sobrevivir en un planeta tan lleno de desigualdades sin menoscabar la libertad de los otros al entender lo que eran y por qu\u00e9 lo eran\u201d, dijo. Este homenaje para ella inesperado y de enorme valor le ha ense\u00f1ado que <a href=\"https:\/\/drive.google.com\/file\/d\/1Q_7FQql5xzr0tOKvkDICJHFQBNbOet19\/view\" target=\"_blank\" rel=\"noopener\">su camino no ha terminado<\/a>.<\/p>\n<p><strong><a href=\"https:\/\/www.ull.es\/portal\/noticias\/wp-content\/uploads\/sites\/13\/2024\/04\/Entrev-Honoris-Causa-03.jpg\" target=\"_blank\" rel=\"noopener\"><img decoding=\"async\" loading=\"lazy\" class=\"alignleft size-medium wp-image-75382\" src=\"https:\/\/www.ull.es\/portal\/noticias\/wp-content\/uploads\/sites\/13\/2024\/04\/Entrev-Honoris-Causa-03-300x200.jpg\" alt=\"\" width=\"300\" height=\"200\" srcset=\"https:\/\/www.ull.es\/portal\/noticias\/wp-content\/uploads\/sites\/13\/2024\/04\/Entrev-Honoris-Causa-03-300x200.jpg 300w, https:\/\/www.ull.es\/portal\/noticias\/wp-content\/uploads\/sites\/13\/2024\/04\/Entrev-Honoris-Causa-03-768x512.jpg 768w, https:\/\/www.ull.es\/portal\/noticias\/wp-content\/uploads\/sites\/13\/2024\/04\/Entrev-Honoris-Causa-03-375x250.jpg 375w, https:\/\/www.ull.es\/portal\/noticias\/wp-content\/uploads\/sites\/13\/2024\/04\/Entrev-Honoris-Causa-03-750x500.jpg 750w, https:\/\/www.ull.es\/portal\/noticias\/wp-content\/uploads\/sites\/13\/2024\/04\/Entrev-Honoris-Causa-03.jpg 1024w\" sizes=\"(max-width: 300px) 100vw, 300px\" \/><\/a>Elsa:<\/strong> Me doy cuenta de que muchas de las cosas que Eulalia ha le\u00eddo en su discurso de investidura son las que yo pienso, est\u00e1n en mi pensamiento y en mi batalla diaria, pero ella las ha dicho desde la \u00f3ptica de la ciencia. Y luego cuando yo leo lo m\u00edo compruebo que las dos hablamos de diferente manera, pero del mismo asunto, el papel de la mujer. Para m\u00ed ha sido un aprendizaje.<\/p>\n<p><strong>Eulalia:<\/strong> A m\u00ed me ha emocionado much\u00edsimo el discurso de Elsa, porque es una manera de decir cosas que sabes desde la academia, pero con una sensibilidad y calidad literaria maravillosas.<\/p>\n<p><em>Preguntadas por lo que ha supuesto para ellas ser doctoras Honoris Causa por esta universidad, no pueden estar m\u00e1s satisfechas:<\/em><\/p>\n<p><strong>Eulalia<\/strong>: Para m\u00ed es el m\u00e1ximo honor que se le puede dar a una persona en la academia. Las dos somos doctoras, pero esto es un reconocimiento a toda una trayectoria. Para m\u00ed es un honor formar parte de esta universidad, a la que me unen tantos lazos de amistad y colaboraci\u00f3n acad\u00e9mica.<\/p>\n<p><strong>Elsa:<\/strong> Yo tambi\u00e9n soy doctora, y cuando me dieron el cum laude me qued\u00e9 como estaba, no le di mayor importancia. Pero esto es distinto, es una ofrenda. Es como cuando te dan un regalo. Te est\u00e1n diciendo que tu trabajo ha merecido la pena. No se trata de un premio literario tras el cual hay un jurado de cinco personas que toma la decisi\u00f3n; esto es algo hecho a conciencia, es la comunidad acad\u00e9mica la que lo solicita. Eso es muy importante para nosotras.<\/p>\n<p><em>Se unen en este caso, ciencia, cultura y feminismo. \u00bfSon elementos que no se pueden disociar?<\/em><\/p>\n<p><strong>Elsa:<\/strong> A m\u00ed me da igual ir en una manifestaci\u00f3n dando gritos, que escribir un art\u00edculo sobre lo mismo que he dado gritos, que hacer un ensayo sobre lo mismo que he dado gritos. Estoy<a href=\"https:\/\/www.ull.es\/portal\/noticias\/wp-content\/uploads\/sites\/13\/2024\/04\/Entrev-Honoris-Causa-06.jpg\" target=\"_blank\" rel=\"noopener\"><img decoding=\"async\" loading=\"lazy\" class=\"alignright size-medium wp-image-75381\" src=\"https:\/\/www.ull.es\/portal\/noticias\/wp-content\/uploads\/sites\/13\/2024\/04\/Entrev-Honoris-Causa-06-300x200.jpg\" alt=\"\" width=\"300\" height=\"200\" srcset=\"https:\/\/www.ull.es\/portal\/noticias\/wp-content\/uploads\/sites\/13\/2024\/04\/Entrev-Honoris-Causa-06-300x200.jpg 300w, https:\/\/www.ull.es\/portal\/noticias\/wp-content\/uploads\/sites\/13\/2024\/04\/Entrev-Honoris-Causa-06-768x512.jpg 768w, https:\/\/www.ull.es\/portal\/noticias\/wp-content\/uploads\/sites\/13\/2024\/04\/Entrev-Honoris-Causa-06-375x250.jpg 375w, https:\/\/www.ull.es\/portal\/noticias\/wp-content\/uploads\/sites\/13\/2024\/04\/Entrev-Honoris-Causa-06-750x500.jpg 750w, https:\/\/www.ull.es\/portal\/noticias\/wp-content\/uploads\/sites\/13\/2024\/04\/Entrev-Honoris-Causa-06.jpg 1024w\" sizes=\"(max-width: 300px) 100vw, 300px\" \/><\/a> haciendo lo mismo con distinto formato, pidiendo que las mujeres sean libres.<\/p>\n<p><strong>Eulalia:<\/strong> Para m\u00ed son inseparables. La ciencia tambi\u00e9n es cultura. Para m\u00ed es impensable que alguien en un mundo como el de hoy diga que no le interesa la ciencia, que se muestre ajeno al desastre medioambiental o a los retos que nos enfrenta la inteligencia artificial.<\/p>\n<p><strong>Elsa:<\/strong> Es que eso es pura filosof\u00eda. Yo no podr\u00eda escribir como escribo si no hubiera avanzado en conocimientos. Si no entendiera el mundo en el que estoy no podr\u00eda escribir ni una letra.<\/p>\n<p><em>\u00bfEst\u00e1 todav\u00eda el sistema de ciencia y tecnolog\u00eda plagado de valores androc\u00e9ntricos?<\/em><\/p>\n<p><strong>Eulalia: <\/strong>Absolutamente. Estamos en situaci\u00f3n de igualdad en las etapas de primaria, secundaria, bachillerato y al comienzo de los estudios de grado. Pero a medida que se va avanzando en la carrera acad\u00e9mica, las mujeres van desapareciendo, sobre todo a partir de esos momentos en los que ya no se funciona por el sistema meritocr\u00e1tico. Cuando hablamos ya de plazas fijas lo que vale es el sistema de cooptaci\u00f3n, ya no sirven los m\u00e9ritos. Intervienen en este caso factores como la amistad o la influencia.<\/p>\n<p>Hay un estudio muy interesante de unas autoras suecas que demostraron que el sexismo es lo m\u00e1s dif\u00edcil de erradicar a la hora de evaluar proyectos de investigaci\u00f3n. Este art\u00edculo de finales de los a\u00f1os 90 supuso un esc\u00e1ndalo y hubo que reevaluar una ingente cantidad de proyectos. Lo que hicieron estas investigadoras fue coger una convocatoria y evaluar con los mismos criterios que la comisi\u00f3n designada a tal efecto, pero sin los prejuicios subyacentes. Pudieron demostrar que una mujer con los mismos m\u00e9ritos que un hombre estaba evaluada 2,6 veces menos que el var\u00f3n.<\/p>\n<p><em>Entiendo que ese sistema de cooptaci\u00f3n sigue presente\u2026.<\/em><\/p>\n<p><strong>Eulalia:<\/strong> S\u00ed. En Espa\u00f1a tenemos el sistema de acreditaci\u00f3n que ha permitido que esta validaci\u00f3n de calidad sea nacional, lo cual est\u00e1 muy bien, pero una vez acreditados son los departamentos y las facultades las que deciden para qui\u00e9n son las plazas, y eso ya no es meritocr\u00e1tico. Ah\u00ed entran los juegos de poder.<\/p>\n<p><em>Es decir, que al final es un paso atr\u00e1s. Y si eso pasa en la academia qu\u00e9 no pasar\u00e1 fuera de ella.<\/em><\/p>\n<p><strong><a href=\"https:\/\/www.ull.es\/portal\/noticias\/wp-content\/uploads\/sites\/13\/2024\/04\/Entrev-Honoris-Causa-19.jpg\" target=\"_blank\" rel=\"noopener\"><img decoding=\"async\" loading=\"lazy\" class=\"alignleft size-medium wp-image-75383\" src=\"https:\/\/www.ull.es\/portal\/noticias\/wp-content\/uploads\/sites\/13\/2024\/04\/Entrev-Honoris-Causa-19-300x200.jpg\" alt=\"\" width=\"300\" height=\"200\" srcset=\"https:\/\/www.ull.es\/portal\/noticias\/wp-content\/uploads\/sites\/13\/2024\/04\/Entrev-Honoris-Causa-19-300x200.jpg 300w, https:\/\/www.ull.es\/portal\/noticias\/wp-content\/uploads\/sites\/13\/2024\/04\/Entrev-Honoris-Causa-19-768x512.jpg 768w, https:\/\/www.ull.es\/portal\/noticias\/wp-content\/uploads\/sites\/13\/2024\/04\/Entrev-Honoris-Causa-19-375x250.jpg 375w, https:\/\/www.ull.es\/portal\/noticias\/wp-content\/uploads\/sites\/13\/2024\/04\/Entrev-Honoris-Causa-19-750x500.jpg 750w, https:\/\/www.ull.es\/portal\/noticias\/wp-content\/uploads\/sites\/13\/2024\/04\/Entrev-Honoris-Causa-19.jpg 1024w\" sizes=\"(max-width: 300px) 100vw, 300px\" \/><\/a>Eulalia: <\/strong>Es que la academia es igual que cualquier otro sitio. Esa idea que tenemos de que la ciencia es el no va m\u00e1s, no es cierta. Est\u00e1 hecha por seres humanos.<\/p>\n<p><em>\u00bfY en el mundo de la cultura?<\/em><\/p>\n<p><strong>Elsa: <\/strong>Las batallas son \u00e9picas\u2026Se conocen m\u00e1s que en el mundo de la ciencia, eso es cierto. La situaci\u00f3n ha llegado a un l\u00edmite de ahogo. Hay bastantes escritoras que levantan su voz con este\u00a0asunto. Hace a\u00f1os conoc\u00ed a una directora de orquesta maravillosa, canaria, que dirig\u00eda la orquesta de C\u00f3rdoba. Le dije que no iba a durar un a\u00f1o, y as\u00ed fue. A los hombres no les gustaba que una mujer les levantara la voz o la batuta. Le advert\u00ed que tuviera cuidado, en un gremio dif\u00edcil y en una localizaci\u00f3n complicada.<\/p>\n<p>En el arte pasa igual: solo hay que mirar las actividades propuestas, y de diez exposiciones de hombres solo hay una de mujeres. Ellos dicen -muy sol\u00edcitos, adem\u00e1s-, es que si no valen no se les expone. A lo que yo respondo que de esas diez propuestas al menos tres no sirven, y ah\u00ed est\u00e1n. No soy de las que cree que haya que imponer una cuota, esa imposici\u00f3n pol\u00edtica es nefasta. La lucha tiene que venir de abajo.<\/p>\n<p><strong>Eulalia:<\/strong> Yo no estoy de acuerdo con eso. Si hubiera cuota al menos tres o cuatro exposiciones de mujeres hubiesen salido. Por eso estoy a favor de las cuotas, porque no est\u00e1n no porque no valgan sino porque no se las considera.<\/p>\n<p><strong>Elsa:<\/strong> Vale, te lo admito. Tengo una nieta que es peor que t\u00fa y me discute esto constantemente&#8230; Es que me irrita ver a los hombres decidiendo sobre cuotas. Ya me ha pasado de estar en un jurado de poes\u00eda, suena el tel\u00e9fono y alguien dice \u00a1ojo!, que hay cinco hombres y una sola mujer y ellos deciden qu\u00e9 mujer entra, si llamamos a esta o a la otra.<\/p>\n<p>El a\u00f1o pasado me invitaron el 8 de marzo al Senado, y mi \u00fanica condici\u00f3n fue ir acompa\u00f1ada de ocho mujeres escritoras. Qui\u00e9nes, se me pregunt\u00f3, como si ellos tuvieran que ver si realmente hab\u00eda ocho mujeres escritoras en este pa\u00eds\u2026 Es decir, el problema es el desconocimiento. No saben d\u00f3nde est\u00e1n esas mujeres pintoras, escultoras\u2026<\/p>\n<p><strong>Eulalia:<\/strong> En ciencia pasa lo mismo. En cualquier reportaje period\u00edstico sobre cualquier descubrimiento ves fotos de equipos de investigaci\u00f3n con un mont\u00f3n de mujeres, pero el entrevistado es el<a href=\"https:\/\/www.ull.es\/portal\/noticias\/wp-content\/uploads\/sites\/13\/2024\/04\/Entrev-Honoris-Causa-34.jpg\" target=\"_blank\" rel=\"noopener\"><img decoding=\"async\" loading=\"lazy\" class=\"alignright size-medium wp-image-75384\" src=\"https:\/\/www.ull.es\/portal\/noticias\/wp-content\/uploads\/sites\/13\/2024\/04\/Entrev-Honoris-Causa-34-300x200.jpg\" alt=\"\" width=\"300\" height=\"200\" srcset=\"https:\/\/www.ull.es\/portal\/noticias\/wp-content\/uploads\/sites\/13\/2024\/04\/Entrev-Honoris-Causa-34-300x200.jpg 300w, https:\/\/www.ull.es\/portal\/noticias\/wp-content\/uploads\/sites\/13\/2024\/04\/Entrev-Honoris-Causa-34-768x512.jpg 768w, https:\/\/www.ull.es\/portal\/noticias\/wp-content\/uploads\/sites\/13\/2024\/04\/Entrev-Honoris-Causa-34-375x250.jpg 375w, https:\/\/www.ull.es\/portal\/noticias\/wp-content\/uploads\/sites\/13\/2024\/04\/Entrev-Honoris-Causa-34-750x500.jpg 750w, https:\/\/www.ull.es\/portal\/noticias\/wp-content\/uploads\/sites\/13\/2024\/04\/Entrev-Honoris-Causa-34.jpg 1024w\" sizes=\"(max-width: 300px) 100vw, 300px\" \/><\/a> se\u00f1or. Desde la Asociaci\u00f3n de Mujeres Investigadoras y Tecn\u00f3logas hemos creado una base de datos de mujeres para que los periodistas tengan estas fuentes a las que acudir y no se pueda argumentar que no hay mujeres relevantes en ciencia.<\/p>\n<p><em>Elsa se levanta y sale despavorida hacia el aeropuerto, para tomar un vuelo que la llevar\u00e1 a casa, a La Palma, no sin antes propinar besos y abrazos a todas. Unas \u00faltimas cuestiones, pues, para Eulalia: \u00bfalg\u00fan avance relevante en lo social en los \u00faltimos veinte a\u00f1os?<\/em><\/p>\n<p><strong>Eulalia:<\/strong> El feminismo. Lo que hemos conseguido desde el feminismo en todos los \u00e1mbitos, y puedo hablar desde la academia y la investigaci\u00f3n, es uno de los logros m\u00e1s fundamentales que ha podido haber. Que se tenga en cuenta la idiosincrasia de las mujeres, pese a que la sociedad siga siendo muy androc\u00e9ntrica y muy mis\u00f3gina tambi\u00e9n. Hemos conseguido que el sistema de I+D+i sea sensible a las mujeres, porque todav\u00eda hoy llevamos el peso del hogar, de la educaci\u00f3n de los hijos y del cuidado de los mayores.<\/p>\n<p><em>Con la irrupci\u00f3n de movimientos de extrema derecha, el auge del populismo y de las pseudociencias, \u00bfpercibe alg\u00fan retroceso en este campo?<\/em><\/p>\n<p><strong>Eulalia:<\/strong> Yo tengo el argumento de que retroceder siempre es posible. Lo estamos viendo con el ataque que se est\u00e1 produciendo al feminismo y a las mujeres. Solo hay que ver el movimiento americano de las \u2018trad wives\u2019, mujeres antifeministas que deciden quedarse en casa a cuidar de sus maridos, cocinando. Son mujeres de treinta a\u00f1os, de clase media-alta, que se pueden permitir no trabajar porque sus maridos ganan mucho dinero, claro.<\/p>\n<p>Antes hab\u00edamos llegado a un punto en el que decir ciertas cosas no era pol\u00edticamente correcto, pero el avance de la extrema derecha ha hecho que muchas personas se envalentonen y se atrevan a expresar estas posiciones de claro retroceso. Tenemos que estar muy atentas y ser muy beligerantes con estas cuestiones, y no dejarnos avasallar porque retroceder es posible.<\/p>\n<p>&nbsp;<\/p>\n<p>&nbsp;<\/p>\n","protected":false},"excerpt":{"rendered":"<p>No se conoc\u00edan de nada, aunque luego descubrieron muchas cosas en com\u00fan. La fil\u00f3sofa de la ciencia Eulalia P\u00e9rez Sede\u00f1o&#8230;<\/p>\n","protected":false},"author":23,"featured_media":75380,"comment_status":"closed","ping_status":"closed","sticky":false,"template":"","format":"standard","meta":{"inline_featured_image":false,"footnotes":""},"categories":[345,348,2765],"tags":[],"acf":[],"yoast_head":"<!-- This site is optimized with the Yoast SEO plugin v21.3 - https:\/\/yoast.com\/wordpress\/plugins\/seo\/ -->\n<title>Nuestras Doctoras Honoris Causa: Desterrar los valores androc\u00e9ntricos - ULL - Noticias<\/title>\n<meta name=\"robots\" content=\"index, follow, max-snippet:-1, max-image-preview:large, max-video-preview:-1\" \/>\n<link rel=\"canonical\" href=\"https:\/\/www.ull.es\/portal\/noticias\/2024\/desterrar-los-valores-androcentricos\/\" \/>\n<meta property=\"og:locale\" content=\"es_ES\" \/>\n<meta property=\"og:type\" content=\"article\" \/>\n<meta property=\"og:title\" content=\"Nuestras Doctoras Honoris Causa: Desterrar los valores androc\u00e9ntricos - ULL - Noticias\" \/>\n<meta property=\"og:description\" content=\"No se conoc\u00edan de nada, aunque luego descubrieron muchas cosas en com\u00fan. La fil\u00f3sofa de la ciencia Eulalia P\u00e9rez Sede\u00f1o...\" \/>\n<meta property=\"og:url\" content=\"https:\/\/www.ull.es\/portal\/noticias\/2024\/desterrar-los-valores-androcentricos\/\" \/>\n<meta property=\"og:site_name\" content=\"ULL - Noticias\" \/>\n<meta property=\"article:publisher\" content=\"https:\/\/www.facebook.com\/universidaddelalaguna\/\" \/>\n<meta property=\"article:published_time\" content=\"2024-04-29T13:30:24+00:00\" \/>\n<meta property=\"article:modified_time\" content=\"2024-04-29T13:57:22+00:00\" \/>\n<meta property=\"og:image\" content=\"https:\/\/www.ull.es\/portal\/noticias\/wp-content\/uploads\/sites\/13\/2024\/04\/Entrev-Honoris-Causa-01.jpg\" \/>\n\t<meta property=\"og:image:width\" content=\"1024\" \/>\n\t<meta property=\"og:image:height\" content=\"683\" \/>\n\t<meta property=\"og:image:type\" content=\"image\/jpeg\" \/>\n<meta name=\"author\" content=\"gaprsa\" \/>\n<meta name=\"twitter:card\" content=\"summary_large_image\" \/>\n<meta name=\"twitter:creator\" content=\"@CanalULL\" \/>\n<meta name=\"twitter:site\" content=\"@CanalULL\" \/>\n<meta name=\"twitter:label1\" content=\"Escrito por\" \/>\n\t<meta name=\"twitter:data1\" content=\"gaprsa\" \/>\n\t<meta name=\"twitter:label2\" content=\"Tiempo de lectura\" \/>\n\t<meta name=\"twitter:data2\" content=\"10 minutos\" \/>\n<script type=\"application\/ld+json\" class=\"yoast-schema-graph\">{\"@context\":\"https:\/\/schema.org\",\"@graph\":[{\"@type\":\"WebPage\",\"@id\":\"https:\/\/www.ull.es\/portal\/noticias\/2024\/desterrar-los-valores-androcentricos\/\",\"url\":\"https:\/\/www.ull.es\/portal\/noticias\/2024\/desterrar-los-valores-androcentricos\/\",\"name\":\"Nuestras Doctoras Honoris Causa: Desterrar los valores androc\u00e9ntricos - ULL - Noticias\",\"isPartOf\":{\"@id\":\"https:\/\/www.ull.es\/portal\/noticias\/#website\"},\"datePublished\":\"2024-04-29T13:30:24+00:00\",\"dateModified\":\"2024-04-29T13:57:22+00:00\",\"author\":{\"@id\":\"https:\/\/www.ull.es\/portal\/noticias\/#\/schema\/person\/b2b1a89d43ffa609e591f7df8ef3e817\"},\"breadcrumb\":{\"@id\":\"https:\/\/www.ull.es\/portal\/noticias\/2024\/desterrar-los-valores-androcentricos\/#breadcrumb\"},\"inLanguage\":\"es\",\"potentialAction\":[{\"@type\":\"ReadAction\",\"target\":[\"https:\/\/www.ull.es\/portal\/noticias\/2024\/desterrar-los-valores-androcentricos\/\"]}]},{\"@type\":\"BreadcrumbList\",\"@id\":\"https:\/\/www.ull.es\/portal\/noticias\/2024\/desterrar-los-valores-androcentricos\/#breadcrumb\",\"itemListElement\":[{\"@type\":\"ListItem\",\"position\":1,\"name\":\"Portada\",\"item\":\"https:\/\/www.ull.es\/portal\/noticias\/\"},{\"@type\":\"ListItem\",\"position\":2,\"name\":\"Nuestras Doctoras Honoris Causa: Desterrar los valores androc\u00e9ntricos\"}]},{\"@type\":\"WebSite\",\"@id\":\"https:\/\/www.ull.es\/portal\/noticias\/#website\",\"url\":\"https:\/\/www.ull.es\/portal\/noticias\/\",\"name\":\"ULL - Noticias\",\"description\":\"\",\"potentialAction\":[{\"@type\":\"SearchAction\",\"target\":{\"@type\":\"EntryPoint\",\"urlTemplate\":\"https:\/\/www.ull.es\/portal\/noticias\/?s={search_term_string}\"},\"query-input\":\"required name=search_term_string\"}],\"inLanguage\":\"es\"},{\"@type\":\"Person\",\"@id\":\"https:\/\/www.ull.es\/portal\/noticias\/#\/schema\/person\/b2b1a89d43ffa609e591f7df8ef3e817\",\"name\":\"gaprsa\",\"image\":{\"@type\":\"ImageObject\",\"inLanguage\":\"es\",\"@id\":\"https:\/\/www.ull.es\/portal\/noticias\/#\/schema\/person\/image\/\",\"url\":\"https:\/\/secure.gravatar.com\/avatar\/443820550921091458b4823867723b3d?s=96&d=mm&r=g\",\"contentUrl\":\"https:\/\/secure.gravatar.com\/avatar\/443820550921091458b4823867723b3d?s=96&d=mm&r=g\",\"caption\":\"gaprsa\"},\"url\":\"https:\/\/www.ull.es\/portal\/noticias\/author\/gaprsa\/\"}]}<\/script>\n<!-- \/ Yoast SEO plugin. -->","yoast_head_json":{"title":"Nuestras Doctoras Honoris Causa: Desterrar los valores androc\u00e9ntricos - ULL - Noticias","robots":{"index":"index","follow":"follow","max-snippet":"max-snippet:-1","max-image-preview":"max-image-preview:large","max-video-preview":"max-video-preview:-1"},"canonical":"https:\/\/www.ull.es\/portal\/noticias\/2024\/desterrar-los-valores-androcentricos\/","og_locale":"es_ES","og_type":"article","og_title":"Nuestras Doctoras Honoris Causa: Desterrar los valores androc\u00e9ntricos - ULL - Noticias","og_description":"No se conoc\u00edan de nada, aunque luego descubrieron muchas cosas en com\u00fan. La fil\u00f3sofa de la ciencia Eulalia P\u00e9rez Sede\u00f1o...","og_url":"https:\/\/www.ull.es\/portal\/noticias\/2024\/desterrar-los-valores-androcentricos\/","og_site_name":"ULL - Noticias","article_publisher":"https:\/\/www.facebook.com\/universidaddelalaguna\/","article_published_time":"2024-04-29T13:30:24+00:00","article_modified_time":"2024-04-29T13:57:22+00:00","og_image":[{"width":1024,"height":683,"url":"https:\/\/www.ull.es\/portal\/noticias\/wp-content\/uploads\/sites\/13\/2024\/04\/Entrev-Honoris-Causa-01.jpg","type":"image\/jpeg"}],"author":"gaprsa","twitter_card":"summary_large_image","twitter_creator":"@CanalULL","twitter_site":"@CanalULL","twitter_misc":{"Escrito por":"gaprsa","Tiempo de lectura":"10 minutos"},"schema":{"@context":"https:\/\/schema.org","@graph":[{"@type":"WebPage","@id":"https:\/\/www.ull.es\/portal\/noticias\/2024\/desterrar-los-valores-androcentricos\/","url":"https:\/\/www.ull.es\/portal\/noticias\/2024\/desterrar-los-valores-androcentricos\/","name":"Nuestras Doctoras Honoris Causa: Desterrar los valores androc\u00e9ntricos - ULL - Noticias","isPartOf":{"@id":"https:\/\/www.ull.es\/portal\/noticias\/#website"},"datePublished":"2024-04-29T13:30:24+00:00","dateModified":"2024-04-29T13:57:22+00:00","author":{"@id":"https:\/\/www.ull.es\/portal\/noticias\/#\/schema\/person\/b2b1a89d43ffa609e591f7df8ef3e817"},"breadcrumb":{"@id":"https:\/\/www.ull.es\/portal\/noticias\/2024\/desterrar-los-valores-androcentricos\/#breadcrumb"},"inLanguage":"es","potentialAction":[{"@type":"ReadAction","target":["https:\/\/www.ull.es\/portal\/noticias\/2024\/desterrar-los-valores-androcentricos\/"]}]},{"@type":"BreadcrumbList","@id":"https:\/\/www.ull.es\/portal\/noticias\/2024\/desterrar-los-valores-androcentricos\/#breadcrumb","itemListElement":[{"@type":"ListItem","position":1,"name":"Portada","item":"https:\/\/www.ull.es\/portal\/noticias\/"},{"@type":"ListItem","position":2,"name":"Nuestras Doctoras Honoris Causa: Desterrar los valores androc\u00e9ntricos"}]},{"@type":"WebSite","@id":"https:\/\/www.ull.es\/portal\/noticias\/#website","url":"https:\/\/www.ull.es\/portal\/noticias\/","name":"ULL - Noticias","description":"","potentialAction":[{"@type":"SearchAction","target":{"@type":"EntryPoint","urlTemplate":"https:\/\/www.ull.es\/portal\/noticias\/?s={search_term_string}"},"query-input":"required name=search_term_string"}],"inLanguage":"es"},{"@type":"Person","@id":"https:\/\/www.ull.es\/portal\/noticias\/#\/schema\/person\/b2b1a89d43ffa609e591f7df8ef3e817","name":"gaprsa","image":{"@type":"ImageObject","inLanguage":"es","@id":"https:\/\/www.ull.es\/portal\/noticias\/#\/schema\/person\/image\/","url":"https:\/\/secure.gravatar.com\/avatar\/443820550921091458b4823867723b3d?s=96&d=mm&r=g","contentUrl":"https:\/\/secure.gravatar.com\/avatar\/443820550921091458b4823867723b3d?s=96&d=mm&r=g","caption":"gaprsa"},"url":"https:\/\/www.ull.es\/portal\/noticias\/author\/gaprsa\/"}]}},"primary_category":{"id":345,"name":"Destacado","slug":"destacado","link":"https:\/\/www.ull.es\/portal\/noticias\/category\/destacado\/"},"featured_image_thumbnail_url":"https:\/\/www.ull.es\/portal\/noticias\/wp-content\/uploads\/sites\/13\/2024\/04\/Entrev-Honoris-Causa-01-300x200.jpg","_links":{"self":[{"href":"https:\/\/www.ull.es\/portal\/noticias\/wp-json\/wp\/v2\/posts\/75379"}],"collection":[{"href":"https:\/\/www.ull.es\/portal\/noticias\/wp-json\/wp\/v2\/posts"}],"about":[{"href":"https:\/\/www.ull.es\/portal\/noticias\/wp-json\/wp\/v2\/types\/post"}],"author":[{"embeddable":true,"href":"https:\/\/www.ull.es\/portal\/noticias\/wp-json\/wp\/v2\/users\/23"}],"replies":[{"embeddable":true,"href":"https:\/\/www.ull.es\/portal\/noticias\/wp-json\/wp\/v2\/comments?post=75379"}],"version-history":[{"count":7,"href":"https:\/\/www.ull.es\/portal\/noticias\/wp-json\/wp\/v2\/posts\/75379\/revisions"}],"predecessor-version":[{"id":75398,"href":"https:\/\/www.ull.es\/portal\/noticias\/wp-json\/wp\/v2\/posts\/75379\/revisions\/75398"}],"wp:featuredmedia":[{"embeddable":true,"href":"https:\/\/www.ull.es\/portal\/noticias\/wp-json\/wp\/v2\/media\/75380"}],"wp:attachment":[{"href":"https:\/\/www.ull.es\/portal\/noticias\/wp-json\/wp\/v2\/media?parent=75379"}],"wp:term":[{"taxonomy":"category","embeddable":true,"href":"https:\/\/www.ull.es\/portal\/noticias\/wp-json\/wp\/v2\/categories?post=75379"},{"taxonomy":"post_tag","embeddable":true,"href":"https:\/\/www.ull.es\/portal\/noticias\/wp-json\/wp\/v2\/tags?post=75379"}],"curies":[{"name":"wp","href":"https:\/\/api.w.org\/{rel}","templated":true}]}}