{"id":75402,"date":"2024-04-30T09:30:59","date_gmt":"2024-04-30T09:30:59","guid":{"rendered":"https:\/\/www.ull.es\/portal\/noticias\/?p=75402"},"modified":"2024-04-30T10:47:29","modified_gmt":"2024-04-30T10:47:29","slug":"la-ull-participa-en-un-proyecto-europeo-para-replicar-en-canarias-la-creacion-de-un-valle-de-hidrogeno","status":"publish","type":"post","link":"https:\/\/www.ull.es\/portal\/noticias\/2024\/la-ull-participa-en-un-proyecto-europeo-para-replicar-en-canarias-la-creacion-de-un-valle-de-hidrogeno\/","title":{"rendered":"La ULL participa en un proyecto europeo para replicar en Canarias la creaci\u00f3n de un valle de hidr\u00f3geno"},"content":{"rendered":"<p>El proyecto europeo <a href=\"https:\/\/greenhysland.eu\/\" target=\"_blank\" rel=\"noopener\">Green Hysland<\/a> en el que participa la Universidad de La Laguna ha celebrado recientemente su asamblea general en Mallorca. La finalidad de esta iniciativa es el despliegue de un ecosistema de hidr\u00f3geno en la isla balear. El proyecto, que comenz\u00f3 en enero de 2021 y estar\u00e1 vigente hasta diciembre de 2025, pretende mostrar la capacidad del H2 para descarbonizar las islas de la UE y en otros territorios, maximizando la integraci\u00f3n de la energ\u00eda procedente de fuentes renovables.<\/p>\n<p>La participaci\u00f3n de la Universidad de La Laguna se centra fundamentalmente en trabajar en la replicabilidad de la propuesta al territorio canario, actividad que ocupar\u00e1 gran parte de la participaci\u00f3n de este centro investigador en esta etapa final del proyecto. Por parte de la Universidad de La Laguna acudieron a la asamblea el investigador principal <a href=\"https:\/\/portalciencia.ull.es\/investigadores\/82267\/detalle\" target=\"_blank\" rel=\"noopener\">Ricardo Guerrero<\/a> y dos investigadores m\u00e1s del proyecto, <a href=\"https:\/\/portalciencia.ull.es\/investigadores\/80790\/detalle\" target=\"_blank\" rel=\"noopener\">Elena Pastor<\/a> y <a href=\"https:\/\/portalciencia.ull.es\/investigadores\/81235\/detalle\" target=\"_blank\" rel=\"noopener\">Juan Albino M\u00e9ndez<\/a>. Durante las sesiones de trabajo se actualiz\u00f3 el estado de todos los paquetes y actividades del proyecto y tambi\u00e9n se realizaron visitas a las principales instalaciones que conforman el ecosistema que se est\u00e1 creando.<\/p>\n<p>La implementaci\u00f3n del proyecto se realizar\u00e1 en Mallorca, enclave donde se pretende establecer un ecosistema integrado, desplegando hidr\u00f3geno a lo largo de toda la cadena de valor para demostrar el acoplamiento sectorial. El proyecto integra diferentes aplicaciones donde se considerar\u00e1n diferentes usos finales de H2 como son su integraci\u00f3n en la red de gas de la isla, el uso para abastecer a una flota de guaguas de hidr\u00f3geno y la generaci\u00f3n de electricidad en el puerto de Mallorca, en hoteles de la isla y en otros edificios municipales.<\/p>\n<div id=\"attachment_75405\" style=\"width: 310px\" class=\"wp-caption alignleft\"><a href=\"https:\/\/www.ull.es\/portal\/noticias\/wp-content\/uploads\/sites\/13\/2024\/04\/Mallorca_planta_genracion_hidrogeno-1-scaled.jpg\" target=\"_blank\" rel=\"noopener\"><img aria-describedby=\"caption-attachment-75405\" decoding=\"async\" loading=\"lazy\" class=\"size-medium wp-image-75405\" src=\"https:\/\/www.ull.es\/portal\/noticias\/wp-content\/uploads\/sites\/13\/2024\/04\/Mallorca_planta_genracion_hidrogeno-1-300x171.jpg\" alt=\"\" width=\"300\" height=\"171\" srcset=\"https:\/\/www.ull.es\/portal\/noticias\/wp-content\/uploads\/sites\/13\/2024\/04\/Mallorca_planta_genracion_hidrogeno-1-300x171.jpg 300w, https:\/\/www.ull.es\/portal\/noticias\/wp-content\/uploads\/sites\/13\/2024\/04\/Mallorca_planta_genracion_hidrogeno-1-1024x583.jpg 1024w, https:\/\/www.ull.es\/portal\/noticias\/wp-content\/uploads\/sites\/13\/2024\/04\/Mallorca_planta_genracion_hidrogeno-1-768x437.jpg 768w, https:\/\/www.ull.es\/portal\/noticias\/wp-content\/uploads\/sites\/13\/2024\/04\/Mallorca_planta_genracion_hidrogeno-1-1536x875.jpg 1536w, https:\/\/www.ull.es\/portal\/noticias\/wp-content\/uploads\/sites\/13\/2024\/04\/Mallorca_planta_genracion_hidrogeno-1-2048x1166.jpg 2048w, https:\/\/www.ull.es\/portal\/noticias\/wp-content\/uploads\/sites\/13\/2024\/04\/Mallorca_planta_genracion_hidrogeno-1-375x214.jpg 375w, https:\/\/www.ull.es\/portal\/noticias\/wp-content\/uploads\/sites\/13\/2024\/04\/Mallorca_planta_genracion_hidrogeno-1-750x427.jpg 750w, https:\/\/www.ull.es\/portal\/noticias\/wp-content\/uploads\/sites\/13\/2024\/04\/Mallorca_planta_genracion_hidrogeno-1-1140x649.jpg 1140w\" sizes=\"(max-width: 300px) 100vw, 300px\" \/><\/a><p id=\"caption-attachment-75405\" class=\"wp-caption-text\">Imagen de la planta de generaci\u00f3n de hidr\u00f3geno de Mallorca.<\/p><\/div>\n<p>La planta de producci\u00f3n de hidr\u00f3geno 100% verde, gestionada por ENAGAS renovable, est\u00e1 ubicada en terrenos de CEMEX en Lloseta, desde donde se transportar\u00e1 por diferentes v\u00edas hasta los puntos de uso. El gasoducto de H2 y el punto de inyecci\u00f3n de parte del hidr\u00f3geno producido en la planta a la red de gas natural de la isla estar\u00e1 operada por la empresa Redexis. En el proyecto tambi\u00e9n participan otras empresas y entidades que conforman el proyecto.<\/p>\n<p>El proyecto, que tiene unos costes totales de 21 millones de euros con financiaci\u00f3n otorgada por Clean H2 JU de la Uni\u00f3n Europea, lleva ejecutados 13,8 millones hasta 2024. Respecto a los avances, se ha realizado ya la pre-puesta en marcha del electrolizador (equipo que genera el hidr\u00f3geno), al tiempo que se est\u00e1n terminando los testeos de aceptaci\u00f3n (SAT) de las unidades del mismo y ya se est\u00e1 probando la generaci\u00f3n y calidad del hidr\u00f3geno generado. De hecho, el electrolizador ha estado produciendo hidr\u00f3geno desde marzo de 2024 y los remolques tubulares est\u00e1n tambi\u00e9n poni\u00e9ndose a prueba.<\/p>\n<p>Las empresas Redexis y Calvera, cuyas actividades se centran en la infraestructura para la canalizaci\u00f3n de hidr\u00f3geno verde hasta la aplicaci\u00f3n final, est\u00e1n realizando las pruebas para comprobar las instalaciones de conducci\u00f3n de H2, unidades port\u00e1tiles de almacenamiento y de los trailers de transporte antes del despliegue definitivo. En cuanto a las aplicaciones, por un lado, en Puertos de Baleares se est\u00e1 en la fase de realizaci\u00f3n de la obra civil donde ir\u00e1 ubicada la planta de generaci\u00f3n y la adquisici\u00f3n de la pila combustible. Por su parte, para la generaci\u00f3n el\u00e9ctrica en hoteles, se est\u00e1n completando los tr\u00e1mites para los permisos de la instalaci\u00f3n y realizando las pruebas en la planta de H2. En la asamblea se se\u00f1al\u00f3 que uno de los puntos pendientes de resoluci\u00f3n es la ubicaci\u00f3n definitiva de la hidrogenera para la flota de veh\u00edculos, para lo cual se est\u00e1 trabajando de forma conjunto con la empresa de transportes EMT.<\/p>\n","protected":false},"excerpt":{"rendered":"<p>El proyecto europeo Green Hysland en el que participa la Universidad de La Laguna ha celebrado recientemente su asamblea general&#8230;<\/p>\n","protected":false},"author":23,"featured_media":75404,"comment_status":"closed","ping_status":"closed","sticky":false,"template":"","format":"standard","meta":{"inline_featured_image":false,"footnotes":""},"categories":[345,350,2765],"tags":[],"acf":[],"yoast_head":"<!-- This site is optimized with the Yoast SEO plugin v21.3 - https:\/\/yoast.com\/wordpress\/plugins\/seo\/ -->\n<title>La ULL participa en un proyecto europeo para replicar en Canarias la creaci\u00f3n de un valle de hidr\u00f3geno - ULL - Noticias<\/title>\n<meta name=\"robots\" content=\"index, follow, max-snippet:-1, max-image-preview:large, max-video-preview:-1\" \/>\n<link rel=\"canonical\" href=\"https:\/\/www.ull.es\/portal\/noticias\/2024\/la-ull-participa-en-un-proyecto-europeo-para-replicar-en-canarias-la-creacion-de-un-valle-de-hidrogeno\/\" \/>\n<meta property=\"og:locale\" content=\"es_ES\" \/>\n<meta property=\"og:type\" content=\"article\" \/>\n<meta property=\"og:title\" content=\"La ULL participa en un proyecto europeo para replicar en Canarias la creaci\u00f3n de un valle de hidr\u00f3geno - ULL - Noticias\" \/>\n<meta property=\"og:description\" content=\"El proyecto europeo Green Hysland en el que participa la Universidad de La Laguna ha celebrado recientemente su asamblea general...\" \/>\n<meta property=\"og:url\" content=\"https:\/\/www.ull.es\/portal\/noticias\/2024\/la-ull-participa-en-un-proyecto-europeo-para-replicar-en-canarias-la-creacion-de-un-valle-de-hidrogeno\/\" \/>\n<meta property=\"og:site_name\" content=\"ULL - Noticias\" \/>\n<meta property=\"article:publisher\" content=\"https:\/\/www.facebook.com\/universidaddelalaguna\/\" \/>\n<meta property=\"article:published_time\" content=\"2024-04-30T09:30:59+00:00\" \/>\n<meta property=\"article:modified_time\" content=\"2024-04-30T10:47:29+00:00\" \/>\n<meta property=\"og:image\" content=\"https:\/\/www.ull.es\/portal\/noticias\/wp-content\/uploads\/sites\/13\/2024\/04\/foto-hidrogeno-grupo-1-scaled.jpg\" \/>\n\t<meta property=\"og:image:width\" content=\"2560\" \/>\n\t<meta property=\"og:image:height\" content=\"1441\" \/>\n\t<meta property=\"og:image:type\" content=\"image\/jpeg\" \/>\n<meta name=\"author\" content=\"gaprsa\" \/>\n<meta name=\"twitter:card\" content=\"summary_large_image\" \/>\n<meta name=\"twitter:creator\" content=\"@CanalULL\" \/>\n<meta name=\"twitter:site\" content=\"@CanalULL\" \/>\n<meta name=\"twitter:label1\" content=\"Escrito por\" \/>\n\t<meta name=\"twitter:data1\" content=\"gaprsa\" \/>\n\t<meta name=\"twitter:label2\" content=\"Tiempo de lectura\" \/>\n\t<meta name=\"twitter:data2\" content=\"4 minutos\" \/>\n<script type=\"application\/ld+json\" class=\"yoast-schema-graph\">{\"@context\":\"https:\/\/schema.org\",\"@graph\":[{\"@type\":\"WebPage\",\"@id\":\"https:\/\/www.ull.es\/portal\/noticias\/2024\/la-ull-participa-en-un-proyecto-europeo-para-replicar-en-canarias-la-creacion-de-un-valle-de-hidrogeno\/\",\"url\":\"https:\/\/www.ull.es\/portal\/noticias\/2024\/la-ull-participa-en-un-proyecto-europeo-para-replicar-en-canarias-la-creacion-de-un-valle-de-hidrogeno\/\",\"name\":\"La ULL participa en un proyecto europeo para replicar en Canarias la creaci\u00f3n de un valle de hidr\u00f3geno - ULL - Noticias\",\"isPartOf\":{\"@id\":\"https:\/\/www.ull.es\/portal\/noticias\/#website\"},\"datePublished\":\"2024-04-30T09:30:59+00:00\",\"dateModified\":\"2024-04-30T10:47:29+00:00\",\"author\":{\"@id\":\"https:\/\/www.ull.es\/portal\/noticias\/#\/schema\/person\/b2b1a89d43ffa609e591f7df8ef3e817\"},\"breadcrumb\":{\"@id\":\"https:\/\/www.ull.es\/portal\/noticias\/2024\/la-ull-participa-en-un-proyecto-europeo-para-replicar-en-canarias-la-creacion-de-un-valle-de-hidrogeno\/#breadcrumb\"},\"inLanguage\":\"es\",\"potentialAction\":[{\"@type\":\"ReadAction\",\"target\":[\"https:\/\/www.ull.es\/portal\/noticias\/2024\/la-ull-participa-en-un-proyecto-europeo-para-replicar-en-canarias-la-creacion-de-un-valle-de-hidrogeno\/\"]}]},{\"@type\":\"BreadcrumbList\",\"@id\":\"https:\/\/www.ull.es\/portal\/noticias\/2024\/la-ull-participa-en-un-proyecto-europeo-para-replicar-en-canarias-la-creacion-de-un-valle-de-hidrogeno\/#breadcrumb\",\"itemListElement\":[{\"@type\":\"ListItem\",\"position\":1,\"name\":\"Portada\",\"item\":\"https:\/\/www.ull.es\/portal\/noticias\/\"},{\"@type\":\"ListItem\",\"position\":2,\"name\":\"La ULL participa en un proyecto europeo para replicar en Canarias la creaci\u00f3n de un valle de hidr\u00f3geno\"}]},{\"@type\":\"WebSite\",\"@id\":\"https:\/\/www.ull.es\/portal\/noticias\/#website\",\"url\":\"https:\/\/www.ull.es\/portal\/noticias\/\",\"name\":\"ULL - Noticias\",\"description\":\"\",\"potentialAction\":[{\"@type\":\"SearchAction\",\"target\":{\"@type\":\"EntryPoint\",\"urlTemplate\":\"https:\/\/www.ull.es\/portal\/noticias\/?s={search_term_string}\"},\"query-input\":\"required name=search_term_string\"}],\"inLanguage\":\"es\"},{\"@type\":\"Person\",\"@id\":\"https:\/\/www.ull.es\/portal\/noticias\/#\/schema\/person\/b2b1a89d43ffa609e591f7df8ef3e817\",\"name\":\"gaprsa\",\"image\":{\"@type\":\"ImageObject\",\"inLanguage\":\"es\",\"@id\":\"https:\/\/www.ull.es\/portal\/noticias\/#\/schema\/person\/image\/\",\"url\":\"https:\/\/secure.gravatar.com\/avatar\/443820550921091458b4823867723b3d?s=96&d=mm&r=g\",\"contentUrl\":\"https:\/\/secure.gravatar.com\/avatar\/443820550921091458b4823867723b3d?s=96&d=mm&r=g\",\"caption\":\"gaprsa\"},\"url\":\"https:\/\/www.ull.es\/portal\/noticias\/author\/gaprsa\/\"}]}<\/script>\n<!-- \/ Yoast SEO plugin. -->","yoast_head_json":{"title":"La ULL participa en un proyecto europeo para replicar en Canarias la creaci\u00f3n de un valle de hidr\u00f3geno - ULL - Noticias","robots":{"index":"index","follow":"follow","max-snippet":"max-snippet:-1","max-image-preview":"max-image-preview:large","max-video-preview":"max-video-preview:-1"},"canonical":"https:\/\/www.ull.es\/portal\/noticias\/2024\/la-ull-participa-en-un-proyecto-europeo-para-replicar-en-canarias-la-creacion-de-un-valle-de-hidrogeno\/","og_locale":"es_ES","og_type":"article","og_title":"La ULL participa en un proyecto europeo para replicar en Canarias la creaci\u00f3n de un valle de hidr\u00f3geno - ULL - Noticias","og_description":"El proyecto europeo Green Hysland en el que participa la Universidad de La Laguna ha celebrado recientemente su asamblea general...","og_url":"https:\/\/www.ull.es\/portal\/noticias\/2024\/la-ull-participa-en-un-proyecto-europeo-para-replicar-en-canarias-la-creacion-de-un-valle-de-hidrogeno\/","og_site_name":"ULL - Noticias","article_publisher":"https:\/\/www.facebook.com\/universidaddelalaguna\/","article_published_time":"2024-04-30T09:30:59+00:00","article_modified_time":"2024-04-30T10:47:29+00:00","og_image":[{"width":2560,"height":1441,"url":"https:\/\/www.ull.es\/portal\/noticias\/wp-content\/uploads\/sites\/13\/2024\/04\/foto-hidrogeno-grupo-1-scaled.jpg","type":"image\/jpeg"}],"author":"gaprsa","twitter_card":"summary_large_image","twitter_creator":"@CanalULL","twitter_site":"@CanalULL","twitter_misc":{"Escrito por":"gaprsa","Tiempo de lectura":"4 minutos"},"schema":{"@context":"https:\/\/schema.org","@graph":[{"@type":"WebPage","@id":"https:\/\/www.ull.es\/portal\/noticias\/2024\/la-ull-participa-en-un-proyecto-europeo-para-replicar-en-canarias-la-creacion-de-un-valle-de-hidrogeno\/","url":"https:\/\/www.ull.es\/portal\/noticias\/2024\/la-ull-participa-en-un-proyecto-europeo-para-replicar-en-canarias-la-creacion-de-un-valle-de-hidrogeno\/","name":"La ULL participa en un proyecto europeo para replicar en Canarias la creaci\u00f3n de un valle de hidr\u00f3geno - ULL - Noticias","isPartOf":{"@id":"https:\/\/www.ull.es\/portal\/noticias\/#website"},"datePublished":"2024-04-30T09:30:59+00:00","dateModified":"2024-04-30T10:47:29+00:00","author":{"@id":"https:\/\/www.ull.es\/portal\/noticias\/#\/schema\/person\/b2b1a89d43ffa609e591f7df8ef3e817"},"breadcrumb":{"@id":"https:\/\/www.ull.es\/portal\/noticias\/2024\/la-ull-participa-en-un-proyecto-europeo-para-replicar-en-canarias-la-creacion-de-un-valle-de-hidrogeno\/#breadcrumb"},"inLanguage":"es","potentialAction":[{"@type":"ReadAction","target":["https:\/\/www.ull.es\/portal\/noticias\/2024\/la-ull-participa-en-un-proyecto-europeo-para-replicar-en-canarias-la-creacion-de-un-valle-de-hidrogeno\/"]}]},{"@type":"BreadcrumbList","@id":"https:\/\/www.ull.es\/portal\/noticias\/2024\/la-ull-participa-en-un-proyecto-europeo-para-replicar-en-canarias-la-creacion-de-un-valle-de-hidrogeno\/#breadcrumb","itemListElement":[{"@type":"ListItem","position":1,"name":"Portada","item":"https:\/\/www.ull.es\/portal\/noticias\/"},{"@type":"ListItem","position":2,"name":"La ULL participa en un proyecto europeo para replicar en Canarias la creaci\u00f3n de un valle de hidr\u00f3geno"}]},{"@type":"WebSite","@id":"https:\/\/www.ull.es\/portal\/noticias\/#website","url":"https:\/\/www.ull.es\/portal\/noticias\/","name":"ULL - Noticias","description":"","potentialAction":[{"@type":"SearchAction","target":{"@type":"EntryPoint","urlTemplate":"https:\/\/www.ull.es\/portal\/noticias\/?s={search_term_string}"},"query-input":"required name=search_term_string"}],"inLanguage":"es"},{"@type":"Person","@id":"https:\/\/www.ull.es\/portal\/noticias\/#\/schema\/person\/b2b1a89d43ffa609e591f7df8ef3e817","name":"gaprsa","image":{"@type":"ImageObject","inLanguage":"es","@id":"https:\/\/www.ull.es\/portal\/noticias\/#\/schema\/person\/image\/","url":"https:\/\/secure.gravatar.com\/avatar\/443820550921091458b4823867723b3d?s=96&d=mm&r=g","contentUrl":"https:\/\/secure.gravatar.com\/avatar\/443820550921091458b4823867723b3d?s=96&d=mm&r=g","caption":"gaprsa"},"url":"https:\/\/www.ull.es\/portal\/noticias\/author\/gaprsa\/"}]}},"primary_category":{"id":345,"name":"Destacado","slug":"destacado","link":"https:\/\/www.ull.es\/portal\/noticias\/category\/destacado\/"},"featured_image_thumbnail_url":"https:\/\/www.ull.es\/portal\/noticias\/wp-content\/uploads\/sites\/13\/2024\/04\/foto-hidrogeno-grupo-1-300x169.jpg","_links":{"self":[{"href":"https:\/\/www.ull.es\/portal\/noticias\/wp-json\/wp\/v2\/posts\/75402"}],"collection":[{"href":"https:\/\/www.ull.es\/portal\/noticias\/wp-json\/wp\/v2\/posts"}],"about":[{"href":"https:\/\/www.ull.es\/portal\/noticias\/wp-json\/wp\/v2\/types\/post"}],"author":[{"embeddable":true,"href":"https:\/\/www.ull.es\/portal\/noticias\/wp-json\/wp\/v2\/users\/23"}],"replies":[{"embeddable":true,"href":"https:\/\/www.ull.es\/portal\/noticias\/wp-json\/wp\/v2\/comments?post=75402"}],"version-history":[{"count":4,"href":"https:\/\/www.ull.es\/portal\/noticias\/wp-json\/wp\/v2\/posts\/75402\/revisions"}],"predecessor-version":[{"id":75415,"href":"https:\/\/www.ull.es\/portal\/noticias\/wp-json\/wp\/v2\/posts\/75402\/revisions\/75415"}],"wp:featuredmedia":[{"embeddable":true,"href":"https:\/\/www.ull.es\/portal\/noticias\/wp-json\/wp\/v2\/media\/75404"}],"wp:attachment":[{"href":"https:\/\/www.ull.es\/portal\/noticias\/wp-json\/wp\/v2\/media?parent=75402"}],"wp:term":[{"taxonomy":"category","embeddable":true,"href":"https:\/\/www.ull.es\/portal\/noticias\/wp-json\/wp\/v2\/categories?post=75402"},{"taxonomy":"post_tag","embeddable":true,"href":"https:\/\/www.ull.es\/portal\/noticias\/wp-json\/wp\/v2\/tags?post=75402"}],"curies":[{"name":"wp","href":"https:\/\/api.w.org\/{rel}","templated":true}]}}