{"id":75410,"date":"2024-04-30T10:25:07","date_gmt":"2024-04-30T10:25:07","guid":{"rendered":"https:\/\/www.ull.es\/portal\/noticias\/?p=75410"},"modified":"2024-04-30T11:51:33","modified_gmt":"2024-04-30T11:51:33","slug":"la-ull-acuerda-con-el-colegio-oficial-poner-en-marcha-un-titulo-propio-sobre-administracion-de-fincas","status":"publish","type":"post","link":"https:\/\/www.ull.es\/portal\/noticias\/2024\/la-ull-acuerda-con-el-colegio-oficial-poner-en-marcha-un-titulo-propio-sobre-administracion-de-fincas\/","title":{"rendered":"La ULL acuerda con el colegio oficial poner en marcha un t\u00edtulo propio sobre administraci\u00f3n de fincas"},"content":{"rendered":"<p>El rector de la Universidad de La Laguna, Francisco Garc\u00eda Rodr\u00edguez, y el presidente del <a href=\"https:\/\/caftenerife.org\/\" target=\"_blank\" rel=\"noopener\">Colegio Oficial de Administradores de Fincas de Santa Cruz de Tenerife<\/a>, Luis Garc\u00eda Gonz\u00e1lez, han firmado recientemente un convenio de colaboraci\u00f3n mediante el cual se pondr\u00e1 en marcha un t\u00edtulo propio de Diploma de Formaci\u00f3n Superior en Administraci\u00f3n de Fincas y Gesti\u00f3n Inmobiliaria, que la instituci\u00f3n acad\u00e9mica incorporar\u00e1 a su cat\u00e1logo a lo largo de 2025.<\/p>\n<p>El plan docente y la designaci\u00f3n del profesorado de este t\u00edtulo, que estar\u00e1 compuesto tanto por profesorado universitario como por profesionales colegiados, ya est\u00e1 listo y ahora falta su tramitaci\u00f3n interna en el seno de la instituci\u00f3n acad\u00e9mica para poder ser ofrecido al p\u00fablico. El convenio rubricado esta semana tambi\u00e9n debe ser firmado por representantes del Consejo General de Colegio de Administradores de Fincas de Espa\u00f1a y la Escuela Oficial de Administradores de Fincas, tr\u00e1mites que se ultimar\u00e1n en los pr\u00f3ximos d\u00edas.<\/p>\n<p>El plan de estudios previsto posee 28 asignaturas y una carga lectiva total de 180 cr\u00e9ditos. Ser\u00e1 \u00edntegramente online, por lo cual se espera contar con alumnado no s\u00f3lo de Tenerife, sino de \u00e1mbito nacional e incluso Iberoam\u00e9rica. Si bien los detalles est\u00e1n por cerrar y podr\u00edan variar, se est\u00e1 barajando una oferta inicial de en torno a cuarenta plazas, sin un perfil de acceso cerrado, puesto que la administraci\u00f3n de fincas es un \u00e1mbito profesional abierto y el t\u00edtulo proveer\u00e1 de todos los conocimientos necesarios sobre derecho, sociolog\u00eda, administraci\u00f3n, fiscalidad, protecci\u00f3n de datos y resoluci\u00f3n de conflictos.<\/p>\n<p>Tanto el rector como la profesora de Departamento de Disciplinas Jur\u00eddicas B\u00e1sicas Elvira Afonso, que ha trabajado en la elaboraci\u00f3n del t\u00edtulo, valoraron que este diploma responde a una demanda real de la sociedad, pues fue el colegio oficial la entidad que se acerc\u00f3 a la universidad con una solicitud formativa concreta.<\/p>\n<p>Por su parte, el presidente de la organizaci\u00f3n colegial resalt\u00f3 que este t\u00edtulo apunta buenas posibilidades de demanda, pues la profesi\u00f3n de administraci\u00f3n de fincas tiene muchas perspectivas de futuro, dado que en la actualidad el 70% de quienes la ejercen supera los 50 a\u00f1os, por lo que hay un recambio generacional en ciernes.<\/p>\n","protected":false},"excerpt":{"rendered":"<p>El rector de la Universidad de La Laguna, Francisco Garc\u00eda Rodr\u00edguez, y el presidente del Colegio Oficial de Administradores de&#8230;<\/p>\n","protected":false},"author":23,"featured_media":75412,"comment_status":"closed","ping_status":"closed","sticky":false,"template":"","format":"standard","meta":{"inline_featured_image":false,"footnotes":""},"categories":[345,346,2765],"tags":[],"acf":[],"yoast_head":"<!-- This site is optimized with the Yoast SEO plugin v21.3 - https:\/\/yoast.com\/wordpress\/plugins\/seo\/ -->\n<title>La ULL acuerda con el colegio oficial poner en marcha un t\u00edtulo propio sobre administraci\u00f3n de fincas - ULL - Noticias<\/title>\n<meta name=\"robots\" content=\"index, follow, max-snippet:-1, max-image-preview:large, max-video-preview:-1\" \/>\n<link rel=\"canonical\" href=\"https:\/\/www.ull.es\/portal\/noticias\/2024\/la-ull-acuerda-con-el-colegio-oficial-poner-en-marcha-un-titulo-propio-sobre-administracion-de-fincas\/\" \/>\n<meta property=\"og:locale\" content=\"es_ES\" \/>\n<meta property=\"og:type\" content=\"article\" \/>\n<meta property=\"og:title\" content=\"La ULL acuerda con el colegio oficial poner en marcha un t\u00edtulo propio sobre administraci\u00f3n de fincas - ULL - Noticias\" \/>\n<meta property=\"og:description\" content=\"El rector de la Universidad de La Laguna, Francisco Garc\u00eda Rodr\u00edguez, y el presidente del Colegio Oficial de Administradores de...\" \/>\n<meta property=\"og:url\" content=\"https:\/\/www.ull.es\/portal\/noticias\/2024\/la-ull-acuerda-con-el-colegio-oficial-poner-en-marcha-un-titulo-propio-sobre-administracion-de-fincas\/\" \/>\n<meta property=\"og:site_name\" content=\"ULL - Noticias\" \/>\n<meta property=\"article:publisher\" content=\"https:\/\/www.facebook.com\/universidaddelalaguna\/\" \/>\n<meta property=\"article:published_time\" content=\"2024-04-30T10:25:07+00:00\" \/>\n<meta property=\"article:modified_time\" content=\"2024-04-30T11:51:33+00:00\" \/>\n<meta property=\"og:image\" content=\"https:\/\/www.ull.es\/portal\/noticias\/wp-content\/uploads\/sites\/13\/2024\/04\/convenio-ULL-administradores-de-fincas-1-scaled.jpg\" \/>\n\t<meta property=\"og:image:width\" content=\"2560\" \/>\n\t<meta property=\"og:image:height\" content=\"1707\" \/>\n\t<meta property=\"og:image:type\" content=\"image\/jpeg\" \/>\n<meta name=\"author\" content=\"gaprsa\" \/>\n<meta name=\"twitter:card\" content=\"summary_large_image\" \/>\n<meta name=\"twitter:creator\" content=\"@CanalULL\" \/>\n<meta name=\"twitter:site\" content=\"@CanalULL\" \/>\n<meta name=\"twitter:label1\" content=\"Escrito por\" \/>\n\t<meta name=\"twitter:data1\" content=\"gaprsa\" \/>\n\t<meta name=\"twitter:label2\" content=\"Tiempo de lectura\" \/>\n\t<meta name=\"twitter:data2\" content=\"2 minutos\" \/>\n<script type=\"application\/ld+json\" class=\"yoast-schema-graph\">{\"@context\":\"https:\/\/schema.org\",\"@graph\":[{\"@type\":\"WebPage\",\"@id\":\"https:\/\/www.ull.es\/portal\/noticias\/2024\/la-ull-acuerda-con-el-colegio-oficial-poner-en-marcha-un-titulo-propio-sobre-administracion-de-fincas\/\",\"url\":\"https:\/\/www.ull.es\/portal\/noticias\/2024\/la-ull-acuerda-con-el-colegio-oficial-poner-en-marcha-un-titulo-propio-sobre-administracion-de-fincas\/\",\"name\":\"La ULL acuerda con el colegio oficial poner en marcha un t\u00edtulo propio sobre administraci\u00f3n de fincas - ULL - Noticias\",\"isPartOf\":{\"@id\":\"https:\/\/www.ull.es\/portal\/noticias\/#website\"},\"datePublished\":\"2024-04-30T10:25:07+00:00\",\"dateModified\":\"2024-04-30T11:51:33+00:00\",\"author\":{\"@id\":\"https:\/\/www.ull.es\/portal\/noticias\/#\/schema\/person\/b2b1a89d43ffa609e591f7df8ef3e817\"},\"breadcrumb\":{\"@id\":\"https:\/\/www.ull.es\/portal\/noticias\/2024\/la-ull-acuerda-con-el-colegio-oficial-poner-en-marcha-un-titulo-propio-sobre-administracion-de-fincas\/#breadcrumb\"},\"inLanguage\":\"es\",\"potentialAction\":[{\"@type\":\"ReadAction\",\"target\":[\"https:\/\/www.ull.es\/portal\/noticias\/2024\/la-ull-acuerda-con-el-colegio-oficial-poner-en-marcha-un-titulo-propio-sobre-administracion-de-fincas\/\"]}]},{\"@type\":\"BreadcrumbList\",\"@id\":\"https:\/\/www.ull.es\/portal\/noticias\/2024\/la-ull-acuerda-con-el-colegio-oficial-poner-en-marcha-un-titulo-propio-sobre-administracion-de-fincas\/#breadcrumb\",\"itemListElement\":[{\"@type\":\"ListItem\",\"position\":1,\"name\":\"Portada\",\"item\":\"https:\/\/www.ull.es\/portal\/noticias\/\"},{\"@type\":\"ListItem\",\"position\":2,\"name\":\"La ULL acuerda con el colegio oficial poner en marcha un t\u00edtulo propio sobre administraci\u00f3n de fincas\"}]},{\"@type\":\"WebSite\",\"@id\":\"https:\/\/www.ull.es\/portal\/noticias\/#website\",\"url\":\"https:\/\/www.ull.es\/portal\/noticias\/\",\"name\":\"ULL - Noticias\",\"description\":\"\",\"potentialAction\":[{\"@type\":\"SearchAction\",\"target\":{\"@type\":\"EntryPoint\",\"urlTemplate\":\"https:\/\/www.ull.es\/portal\/noticias\/?s={search_term_string}\"},\"query-input\":\"required name=search_term_string\"}],\"inLanguage\":\"es\"},{\"@type\":\"Person\",\"@id\":\"https:\/\/www.ull.es\/portal\/noticias\/#\/schema\/person\/b2b1a89d43ffa609e591f7df8ef3e817\",\"name\":\"gaprsa\",\"image\":{\"@type\":\"ImageObject\",\"inLanguage\":\"es\",\"@id\":\"https:\/\/www.ull.es\/portal\/noticias\/#\/schema\/person\/image\/\",\"url\":\"https:\/\/secure.gravatar.com\/avatar\/443820550921091458b4823867723b3d?s=96&d=mm&r=g\",\"contentUrl\":\"https:\/\/secure.gravatar.com\/avatar\/443820550921091458b4823867723b3d?s=96&d=mm&r=g\",\"caption\":\"gaprsa\"},\"url\":\"https:\/\/www.ull.es\/portal\/noticias\/author\/gaprsa\/\"}]}<\/script>\n<!-- \/ Yoast SEO plugin. -->","yoast_head_json":{"title":"La ULL acuerda con el colegio oficial poner en marcha un t\u00edtulo propio sobre administraci\u00f3n de fincas - ULL - Noticias","robots":{"index":"index","follow":"follow","max-snippet":"max-snippet:-1","max-image-preview":"max-image-preview:large","max-video-preview":"max-video-preview:-1"},"canonical":"https:\/\/www.ull.es\/portal\/noticias\/2024\/la-ull-acuerda-con-el-colegio-oficial-poner-en-marcha-un-titulo-propio-sobre-administracion-de-fincas\/","og_locale":"es_ES","og_type":"article","og_title":"La ULL acuerda con el colegio oficial poner en marcha un t\u00edtulo propio sobre administraci\u00f3n de fincas - ULL - Noticias","og_description":"El rector de la Universidad de La Laguna, Francisco Garc\u00eda Rodr\u00edguez, y el presidente del Colegio Oficial de Administradores de...","og_url":"https:\/\/www.ull.es\/portal\/noticias\/2024\/la-ull-acuerda-con-el-colegio-oficial-poner-en-marcha-un-titulo-propio-sobre-administracion-de-fincas\/","og_site_name":"ULL - Noticias","article_publisher":"https:\/\/www.facebook.com\/universidaddelalaguna\/","article_published_time":"2024-04-30T10:25:07+00:00","article_modified_time":"2024-04-30T11:51:33+00:00","og_image":[{"width":2560,"height":1707,"url":"https:\/\/www.ull.es\/portal\/noticias\/wp-content\/uploads\/sites\/13\/2024\/04\/convenio-ULL-administradores-de-fincas-1-scaled.jpg","type":"image\/jpeg"}],"author":"gaprsa","twitter_card":"summary_large_image","twitter_creator":"@CanalULL","twitter_site":"@CanalULL","twitter_misc":{"Escrito por":"gaprsa","Tiempo de lectura":"2 minutos"},"schema":{"@context":"https:\/\/schema.org","@graph":[{"@type":"WebPage","@id":"https:\/\/www.ull.es\/portal\/noticias\/2024\/la-ull-acuerda-con-el-colegio-oficial-poner-en-marcha-un-titulo-propio-sobre-administracion-de-fincas\/","url":"https:\/\/www.ull.es\/portal\/noticias\/2024\/la-ull-acuerda-con-el-colegio-oficial-poner-en-marcha-un-titulo-propio-sobre-administracion-de-fincas\/","name":"La ULL acuerda con el colegio oficial poner en marcha un t\u00edtulo propio sobre administraci\u00f3n de fincas - ULL - Noticias","isPartOf":{"@id":"https:\/\/www.ull.es\/portal\/noticias\/#website"},"datePublished":"2024-04-30T10:25:07+00:00","dateModified":"2024-04-30T11:51:33+00:00","author":{"@id":"https:\/\/www.ull.es\/portal\/noticias\/#\/schema\/person\/b2b1a89d43ffa609e591f7df8ef3e817"},"breadcrumb":{"@id":"https:\/\/www.ull.es\/portal\/noticias\/2024\/la-ull-acuerda-con-el-colegio-oficial-poner-en-marcha-un-titulo-propio-sobre-administracion-de-fincas\/#breadcrumb"},"inLanguage":"es","potentialAction":[{"@type":"ReadAction","target":["https:\/\/www.ull.es\/portal\/noticias\/2024\/la-ull-acuerda-con-el-colegio-oficial-poner-en-marcha-un-titulo-propio-sobre-administracion-de-fincas\/"]}]},{"@type":"BreadcrumbList","@id":"https:\/\/www.ull.es\/portal\/noticias\/2024\/la-ull-acuerda-con-el-colegio-oficial-poner-en-marcha-un-titulo-propio-sobre-administracion-de-fincas\/#breadcrumb","itemListElement":[{"@type":"ListItem","position":1,"name":"Portada","item":"https:\/\/www.ull.es\/portal\/noticias\/"},{"@type":"ListItem","position":2,"name":"La ULL acuerda con el colegio oficial poner en marcha un t\u00edtulo propio sobre administraci\u00f3n de fincas"}]},{"@type":"WebSite","@id":"https:\/\/www.ull.es\/portal\/noticias\/#website","url":"https:\/\/www.ull.es\/portal\/noticias\/","name":"ULL - Noticias","description":"","potentialAction":[{"@type":"SearchAction","target":{"@type":"EntryPoint","urlTemplate":"https:\/\/www.ull.es\/portal\/noticias\/?s={search_term_string}"},"query-input":"required name=search_term_string"}],"inLanguage":"es"},{"@type":"Person","@id":"https:\/\/www.ull.es\/portal\/noticias\/#\/schema\/person\/b2b1a89d43ffa609e591f7df8ef3e817","name":"gaprsa","image":{"@type":"ImageObject","inLanguage":"es","@id":"https:\/\/www.ull.es\/portal\/noticias\/#\/schema\/person\/image\/","url":"https:\/\/secure.gravatar.com\/avatar\/443820550921091458b4823867723b3d?s=96&d=mm&r=g","contentUrl":"https:\/\/secure.gravatar.com\/avatar\/443820550921091458b4823867723b3d?s=96&d=mm&r=g","caption":"gaprsa"},"url":"https:\/\/www.ull.es\/portal\/noticias\/author\/gaprsa\/"}]}},"primary_category":{"id":345,"name":"Destacado","slug":"destacado","link":"https:\/\/www.ull.es\/portal\/noticias\/category\/destacado\/"},"featured_image_thumbnail_url":"https:\/\/www.ull.es\/portal\/noticias\/wp-content\/uploads\/sites\/13\/2024\/04\/convenio-ULL-administradores-de-fincas-1-300x200.jpg","_links":{"self":[{"href":"https:\/\/www.ull.es\/portal\/noticias\/wp-json\/wp\/v2\/posts\/75410"}],"collection":[{"href":"https:\/\/www.ull.es\/portal\/noticias\/wp-json\/wp\/v2\/posts"}],"about":[{"href":"https:\/\/www.ull.es\/portal\/noticias\/wp-json\/wp\/v2\/types\/post"}],"author":[{"embeddable":true,"href":"https:\/\/www.ull.es\/portal\/noticias\/wp-json\/wp\/v2\/users\/23"}],"replies":[{"embeddable":true,"href":"https:\/\/www.ull.es\/portal\/noticias\/wp-json\/wp\/v2\/comments?post=75410"}],"version-history":[{"count":3,"href":"https:\/\/www.ull.es\/portal\/noticias\/wp-json\/wp\/v2\/posts\/75410\/revisions"}],"predecessor-version":[{"id":75430,"href":"https:\/\/www.ull.es\/portal\/noticias\/wp-json\/wp\/v2\/posts\/75410\/revisions\/75430"}],"wp:featuredmedia":[{"embeddable":true,"href":"https:\/\/www.ull.es\/portal\/noticias\/wp-json\/wp\/v2\/media\/75412"}],"wp:attachment":[{"href":"https:\/\/www.ull.es\/portal\/noticias\/wp-json\/wp\/v2\/media?parent=75410"}],"wp:term":[{"taxonomy":"category","embeddable":true,"href":"https:\/\/www.ull.es\/portal\/noticias\/wp-json\/wp\/v2\/categories?post=75410"},{"taxonomy":"post_tag","embeddable":true,"href":"https:\/\/www.ull.es\/portal\/noticias\/wp-json\/wp\/v2\/tags?post=75410"}],"curies":[{"name":"wp","href":"https:\/\/api.w.org\/{rel}","templated":true}]}}