{"id":75452,"date":"2024-05-02T08:42:30","date_gmt":"2024-05-02T08:42:30","guid":{"rendered":"https:\/\/www.ull.es\/portal\/noticias\/?p=75452"},"modified":"2024-05-02T08:42:30","modified_gmt":"2024-05-02T08:42:30","slug":"timaginas-teatro-reinterpreta-la-muerte-de-lorca-en-el-paraninfo-con-el-ultimo-verso","status":"publish","type":"post","link":"https:\/\/www.ull.es\/portal\/noticias\/2024\/timaginas-teatro-reinterpreta-la-muerte-de-lorca-en-el-paraninfo-con-el-ultimo-verso\/","title":{"rendered":"Timaginas Teatro reinterpreta la muerte de Lorca en el Paraninfo con \u2018El \u00faltimo verso\u2019"},"content":{"rendered":"<p><a href=\"https:\/\/www.timaginasteatro.org\/\" target=\"_blank\" rel=\"noopener\">Timaginas Teatro<\/a> comienza en Tenerife las funciones de El \u00faltimo verso, una ficci\u00f3n teatral sobre el asesinato de Federico Garc\u00eda Lorca que estren\u00f3 con gran \u00e9xito el pasado mes de diciembre. La obra tendr\u00e1 lugar el 4 de mayo en el Paraninfo de la Universidad de La Laguna.<\/p>\n<p>Tras el arranque de la gira d \u2018El \u00daltimo Verso\u2019 en el Teatro Leal de La Laguna, Timaginas Teatro llevar\u00e1 su nueva producci\u00f3n el 4 de mayo a las 20:30 horas al Paraninfo de la Universidad de La Laguna. Escrita por Raquel Trujillo, dirigida por Mar\u00eda Rodr\u00edguez y con la banda sonora de Jes\u00fas Mart\u00edn Fern\u00e1ndez, la nueva pieza de la compa\u00f1\u00eda chicharrera recorrer\u00e1 todas las islas, para saltar a finales de a\u00f1o a la pen\u00ednsula.<\/p>\n<p>\u2018El \u00faltimo Verso\u2019 es un texto in\u00e9dito que se inspira en una de las m\u00e1s recientes teor\u00edas que explicar\u00edan las causas del asesinato de Federico Garc\u00eda Lorca, que se sit\u00faan m\u00e1s all\u00e1 de su condici\u00f3n sexual o de sus inclinaciones pol\u00edticas para centrarse en las rencillas familiares y sobre todo, en la creaci\u00f3n de su obra cumbre,\u2019 La casa de Bernarda Alba\u2019.<\/p>\n<p>El reparto est\u00e1 encabezado por Alejandro Fuertes, en el papel de Federico Garc\u00eda Lorca; Armando Jerez, en el de Horacio Rold\u00e1n; Mar\u00eda Rodr\u00edguez como Francisca Alba y Luc\u00eda Jerez como Adela. Completan el reparto Andreas Trujillo, Ricardo Trujillo, Marina Sol\u00eds, Javier Martos, Sandra Hern\u00e1ndez, Marc Carbonell, Daniela Jerez, Beltr\u00e1n S\u00e1nchez y Miguel \u00c1ngel Jerez. La directora de arte de Timaginas Teatro, Carmensa Rodr\u00edguez, es la responsable del vestuario y escenograf\u00eda de la producci\u00f3n. Y Jes\u00fas Gonz\u00e1lez Ortega y Esther M\u00e9ndez se encargar\u00e1n del sonido y la iluminaci\u00f3n para adaptar al teatro la visi\u00f3n del cine.<\/p>\n<p>\u2018El \u00faltimo verso\u2019 arranca cuando Horacio Rold\u00e1n, primog\u00e9nito de una de las familias m\u00e1s destacadas de la Vega de Granada, descubre la estrecha conexi\u00f3n entre su propia familia y la pr\u00f3xima obra de Federico Garc\u00eda Lorca, \u2018La casa de Bernarda Alba\u2019, motivo por el que se ver\u00e1 obligado a defender el honor de los suyos, convirti\u00e9ndose en el primer responsable directo del asesinato de uno de los mayores poetas y dramaturgos de la historia de Espa\u00f1a.<\/p>\n<p>Con esta versi\u00f3n, que contiene tanto hechos reales como dramatizados, Timaginas Teatro pretende, desde el escenario, devolver al poeta la muerte digna que no pudo tener y ser testigo de c\u00f3mo sus creaciones han logrado que el eco de su voz y de su pluma est\u00e9 m\u00e1s vivo que nunca. La compa\u00f1\u00eda, amante del poeta granadino, lleva once a\u00f1os en cartel con su versi\u00f3n de \u2018La casa de Bernarda Alba\u2019, cuya imagen gr\u00e1fica ha sido seleccionada por la Universidad de Oxford para ilustrar un libro sobre la obra del poeta.<\/p>\n","protected":false},"excerpt":{"rendered":"<p>Timaginas Teatro comienza en Tenerife las funciones de El \u00faltimo verso, una ficci\u00f3n teatral sobre el asesinato de Federico Garc\u00eda&#8230;<\/p>\n","protected":false},"author":23,"featured_media":75456,"comment_status":"closed","ping_status":"closed","sticky":false,"template":"","format":"standard","meta":{"inline_featured_image":false,"footnotes":""},"categories":[344,345,2765],"tags":[],"acf":[],"yoast_head":"<!-- This site is optimized with the Yoast SEO plugin v21.3 - https:\/\/yoast.com\/wordpress\/plugins\/seo\/ -->\n<title>Timaginas Teatro reinterpreta la muerte de Lorca en el Paraninfo con \u2018El \u00faltimo verso\u2019 - ULL - Noticias<\/title>\n<meta name=\"robots\" content=\"index, follow, max-snippet:-1, max-image-preview:large, max-video-preview:-1\" \/>\n<link rel=\"canonical\" href=\"https:\/\/www.ull.es\/portal\/noticias\/2024\/timaginas-teatro-reinterpreta-la-muerte-de-lorca-en-el-paraninfo-con-el-ultimo-verso\/\" \/>\n<meta property=\"og:locale\" content=\"es_ES\" \/>\n<meta property=\"og:type\" content=\"article\" \/>\n<meta property=\"og:title\" content=\"Timaginas Teatro reinterpreta la muerte de Lorca en el Paraninfo con \u2018El \u00faltimo verso\u2019 - ULL - Noticias\" \/>\n<meta property=\"og:description\" content=\"Timaginas Teatro comienza en Tenerife las funciones de El \u00faltimo verso, una ficci\u00f3n teatral sobre el asesinato de Federico Garc\u00eda...\" \/>\n<meta property=\"og:url\" content=\"https:\/\/www.ull.es\/portal\/noticias\/2024\/timaginas-teatro-reinterpreta-la-muerte-de-lorca-en-el-paraninfo-con-el-ultimo-verso\/\" \/>\n<meta property=\"og:site_name\" content=\"ULL - Noticias\" \/>\n<meta property=\"article:publisher\" content=\"https:\/\/www.facebook.com\/universidaddelalaguna\/\" \/>\n<meta property=\"article:published_time\" content=\"2024-05-02T08:42:30+00:00\" \/>\n<meta property=\"og:image\" content=\"https:\/\/www.ull.es\/portal\/noticias\/wp-content\/uploads\/sites\/13\/2024\/05\/timaginas.jpg\" \/>\n\t<meta property=\"og:image:width\" content=\"700\" \/>\n\t<meta property=\"og:image:height\" content=\"350\" \/>\n\t<meta property=\"og:image:type\" content=\"image\/jpeg\" \/>\n<meta name=\"author\" content=\"gaprsa\" \/>\n<meta name=\"twitter:card\" content=\"summary_large_image\" \/>\n<meta name=\"twitter:creator\" content=\"@CanalULL\" \/>\n<meta name=\"twitter:site\" content=\"@CanalULL\" \/>\n<meta name=\"twitter:label1\" content=\"Escrito por\" \/>\n\t<meta name=\"twitter:data1\" content=\"gaprsa\" \/>\n\t<meta name=\"twitter:label2\" content=\"Tiempo de lectura\" \/>\n\t<meta name=\"twitter:data2\" content=\"3 minutos\" \/>\n<script type=\"application\/ld+json\" class=\"yoast-schema-graph\">{\"@context\":\"https:\/\/schema.org\",\"@graph\":[{\"@type\":\"WebPage\",\"@id\":\"https:\/\/www.ull.es\/portal\/noticias\/2024\/timaginas-teatro-reinterpreta-la-muerte-de-lorca-en-el-paraninfo-con-el-ultimo-verso\/\",\"url\":\"https:\/\/www.ull.es\/portal\/noticias\/2024\/timaginas-teatro-reinterpreta-la-muerte-de-lorca-en-el-paraninfo-con-el-ultimo-verso\/\",\"name\":\"Timaginas Teatro reinterpreta la muerte de Lorca en el Paraninfo con \u2018El \u00faltimo verso\u2019 - ULL - Noticias\",\"isPartOf\":{\"@id\":\"https:\/\/www.ull.es\/portal\/noticias\/#website\"},\"datePublished\":\"2024-05-02T08:42:30+00:00\",\"dateModified\":\"2024-05-02T08:42:30+00:00\",\"author\":{\"@id\":\"https:\/\/www.ull.es\/portal\/noticias\/#\/schema\/person\/b2b1a89d43ffa609e591f7df8ef3e817\"},\"breadcrumb\":{\"@id\":\"https:\/\/www.ull.es\/portal\/noticias\/2024\/timaginas-teatro-reinterpreta-la-muerte-de-lorca-en-el-paraninfo-con-el-ultimo-verso\/#breadcrumb\"},\"inLanguage\":\"es\",\"potentialAction\":[{\"@type\":\"ReadAction\",\"target\":[\"https:\/\/www.ull.es\/portal\/noticias\/2024\/timaginas-teatro-reinterpreta-la-muerte-de-lorca-en-el-paraninfo-con-el-ultimo-verso\/\"]}]},{\"@type\":\"BreadcrumbList\",\"@id\":\"https:\/\/www.ull.es\/portal\/noticias\/2024\/timaginas-teatro-reinterpreta-la-muerte-de-lorca-en-el-paraninfo-con-el-ultimo-verso\/#breadcrumb\",\"itemListElement\":[{\"@type\":\"ListItem\",\"position\":1,\"name\":\"Portada\",\"item\":\"https:\/\/www.ull.es\/portal\/noticias\/\"},{\"@type\":\"ListItem\",\"position\":2,\"name\":\"Timaginas Teatro reinterpreta la muerte de Lorca en el Paraninfo con \u2018El \u00faltimo verso\u2019\"}]},{\"@type\":\"WebSite\",\"@id\":\"https:\/\/www.ull.es\/portal\/noticias\/#website\",\"url\":\"https:\/\/www.ull.es\/portal\/noticias\/\",\"name\":\"ULL - Noticias\",\"description\":\"\",\"potentialAction\":[{\"@type\":\"SearchAction\",\"target\":{\"@type\":\"EntryPoint\",\"urlTemplate\":\"https:\/\/www.ull.es\/portal\/noticias\/?s={search_term_string}\"},\"query-input\":\"required name=search_term_string\"}],\"inLanguage\":\"es\"},{\"@type\":\"Person\",\"@id\":\"https:\/\/www.ull.es\/portal\/noticias\/#\/schema\/person\/b2b1a89d43ffa609e591f7df8ef3e817\",\"name\":\"gaprsa\",\"image\":{\"@type\":\"ImageObject\",\"inLanguage\":\"es\",\"@id\":\"https:\/\/www.ull.es\/portal\/noticias\/#\/schema\/person\/image\/\",\"url\":\"https:\/\/secure.gravatar.com\/avatar\/443820550921091458b4823867723b3d?s=96&d=mm&r=g\",\"contentUrl\":\"https:\/\/secure.gravatar.com\/avatar\/443820550921091458b4823867723b3d?s=96&d=mm&r=g\",\"caption\":\"gaprsa\"},\"url\":\"https:\/\/www.ull.es\/portal\/noticias\/author\/gaprsa\/\"}]}<\/script>\n<!-- \/ Yoast SEO plugin. -->","yoast_head_json":{"title":"Timaginas Teatro reinterpreta la muerte de Lorca en el Paraninfo con \u2018El \u00faltimo verso\u2019 - ULL - Noticias","robots":{"index":"index","follow":"follow","max-snippet":"max-snippet:-1","max-image-preview":"max-image-preview:large","max-video-preview":"max-video-preview:-1"},"canonical":"https:\/\/www.ull.es\/portal\/noticias\/2024\/timaginas-teatro-reinterpreta-la-muerte-de-lorca-en-el-paraninfo-con-el-ultimo-verso\/","og_locale":"es_ES","og_type":"article","og_title":"Timaginas Teatro reinterpreta la muerte de Lorca en el Paraninfo con \u2018El \u00faltimo verso\u2019 - ULL - Noticias","og_description":"Timaginas Teatro comienza en Tenerife las funciones de El \u00faltimo verso, una ficci\u00f3n teatral sobre el asesinato de Federico Garc\u00eda...","og_url":"https:\/\/www.ull.es\/portal\/noticias\/2024\/timaginas-teatro-reinterpreta-la-muerte-de-lorca-en-el-paraninfo-con-el-ultimo-verso\/","og_site_name":"ULL - Noticias","article_publisher":"https:\/\/www.facebook.com\/universidaddelalaguna\/","article_published_time":"2024-05-02T08:42:30+00:00","og_image":[{"width":700,"height":350,"url":"https:\/\/www.ull.es\/portal\/noticias\/wp-content\/uploads\/sites\/13\/2024\/05\/timaginas.jpg","type":"image\/jpeg"}],"author":"gaprsa","twitter_card":"summary_large_image","twitter_creator":"@CanalULL","twitter_site":"@CanalULL","twitter_misc":{"Escrito por":"gaprsa","Tiempo de lectura":"3 minutos"},"schema":{"@context":"https:\/\/schema.org","@graph":[{"@type":"WebPage","@id":"https:\/\/www.ull.es\/portal\/noticias\/2024\/timaginas-teatro-reinterpreta-la-muerte-de-lorca-en-el-paraninfo-con-el-ultimo-verso\/","url":"https:\/\/www.ull.es\/portal\/noticias\/2024\/timaginas-teatro-reinterpreta-la-muerte-de-lorca-en-el-paraninfo-con-el-ultimo-verso\/","name":"Timaginas Teatro reinterpreta la muerte de Lorca en el Paraninfo con \u2018El \u00faltimo verso\u2019 - ULL - Noticias","isPartOf":{"@id":"https:\/\/www.ull.es\/portal\/noticias\/#website"},"datePublished":"2024-05-02T08:42:30+00:00","dateModified":"2024-05-02T08:42:30+00:00","author":{"@id":"https:\/\/www.ull.es\/portal\/noticias\/#\/schema\/person\/b2b1a89d43ffa609e591f7df8ef3e817"},"breadcrumb":{"@id":"https:\/\/www.ull.es\/portal\/noticias\/2024\/timaginas-teatro-reinterpreta-la-muerte-de-lorca-en-el-paraninfo-con-el-ultimo-verso\/#breadcrumb"},"inLanguage":"es","potentialAction":[{"@type":"ReadAction","target":["https:\/\/www.ull.es\/portal\/noticias\/2024\/timaginas-teatro-reinterpreta-la-muerte-de-lorca-en-el-paraninfo-con-el-ultimo-verso\/"]}]},{"@type":"BreadcrumbList","@id":"https:\/\/www.ull.es\/portal\/noticias\/2024\/timaginas-teatro-reinterpreta-la-muerte-de-lorca-en-el-paraninfo-con-el-ultimo-verso\/#breadcrumb","itemListElement":[{"@type":"ListItem","position":1,"name":"Portada","item":"https:\/\/www.ull.es\/portal\/noticias\/"},{"@type":"ListItem","position":2,"name":"Timaginas Teatro reinterpreta la muerte de Lorca en el Paraninfo con \u2018El \u00faltimo verso\u2019"}]},{"@type":"WebSite","@id":"https:\/\/www.ull.es\/portal\/noticias\/#website","url":"https:\/\/www.ull.es\/portal\/noticias\/","name":"ULL - Noticias","description":"","potentialAction":[{"@type":"SearchAction","target":{"@type":"EntryPoint","urlTemplate":"https:\/\/www.ull.es\/portal\/noticias\/?s={search_term_string}"},"query-input":"required name=search_term_string"}],"inLanguage":"es"},{"@type":"Person","@id":"https:\/\/www.ull.es\/portal\/noticias\/#\/schema\/person\/b2b1a89d43ffa609e591f7df8ef3e817","name":"gaprsa","image":{"@type":"ImageObject","inLanguage":"es","@id":"https:\/\/www.ull.es\/portal\/noticias\/#\/schema\/person\/image\/","url":"https:\/\/secure.gravatar.com\/avatar\/443820550921091458b4823867723b3d?s=96&d=mm&r=g","contentUrl":"https:\/\/secure.gravatar.com\/avatar\/443820550921091458b4823867723b3d?s=96&d=mm&r=g","caption":"gaprsa"},"url":"https:\/\/www.ull.es\/portal\/noticias\/author\/gaprsa\/"}]}},"primary_category":{"id":345,"name":"Destacado","slug":"destacado","link":"https:\/\/www.ull.es\/portal\/noticias\/category\/destacado\/"},"featured_image_thumbnail_url":"https:\/\/www.ull.es\/portal\/noticias\/wp-content\/uploads\/sites\/13\/2024\/05\/timaginas-300x150.jpg","_links":{"self":[{"href":"https:\/\/www.ull.es\/portal\/noticias\/wp-json\/wp\/v2\/posts\/75452"}],"collection":[{"href":"https:\/\/www.ull.es\/portal\/noticias\/wp-json\/wp\/v2\/posts"}],"about":[{"href":"https:\/\/www.ull.es\/portal\/noticias\/wp-json\/wp\/v2\/types\/post"}],"author":[{"embeddable":true,"href":"https:\/\/www.ull.es\/portal\/noticias\/wp-json\/wp\/v2\/users\/23"}],"replies":[{"embeddable":true,"href":"https:\/\/www.ull.es\/portal\/noticias\/wp-json\/wp\/v2\/comments?post=75452"}],"version-history":[{"count":1,"href":"https:\/\/www.ull.es\/portal\/noticias\/wp-json\/wp\/v2\/posts\/75452\/revisions"}],"predecessor-version":[{"id":75453,"href":"https:\/\/www.ull.es\/portal\/noticias\/wp-json\/wp\/v2\/posts\/75452\/revisions\/75453"}],"wp:featuredmedia":[{"embeddable":true,"href":"https:\/\/www.ull.es\/portal\/noticias\/wp-json\/wp\/v2\/media\/75456"}],"wp:attachment":[{"href":"https:\/\/www.ull.es\/portal\/noticias\/wp-json\/wp\/v2\/media?parent=75452"}],"wp:term":[{"taxonomy":"category","embeddable":true,"href":"https:\/\/www.ull.es\/portal\/noticias\/wp-json\/wp\/v2\/categories?post=75452"},{"taxonomy":"post_tag","embeddable":true,"href":"https:\/\/www.ull.es\/portal\/noticias\/wp-json\/wp\/v2\/tags?post=75452"}],"curies":[{"name":"wp","href":"https:\/\/api.w.org\/{rel}","templated":true}]}}