{"id":75617,"date":"2024-05-14T12:03:55","date_gmt":"2024-05-14T12:03:55","guid":{"rendered":"https:\/\/www.ull.es\/portal\/noticias\/?p=75617"},"modified":"2024-05-14T12:03:55","modified_gmt":"2024-05-14T12:03:55","slug":"la-universidad-de-la-laguna-abre-plazo-de-preinscripcion-en-sus-12-programas-de-doctorado-para-2024-25","status":"publish","type":"post","link":"https:\/\/www.ull.es\/portal\/noticias\/2024\/la-universidad-de-la-laguna-abre-plazo-de-preinscripcion-en-sus-12-programas-de-doctorado-para-2024-25\/","title":{"rendered":"La Universidad de La Laguna abre plazo de preinscripci\u00f3n en sus 12 programas de Doctorado para 2024\/25"},"content":{"rendered":"<p>La Universidad de La Laguna abrir\u00e1 ma\u00f1ana 15 de mayo a las 10 horas el plazo de preinscripci\u00f3n para matricularse en alguno de sus doce <a href=\"https:\/\/www.ull.es\/doctorados\/\" target=\"_blank\" rel=\"noopener\">programas de Doctorado<\/a> del curso 2024\/25, periodo que culminar\u00e1 el 14 de junio.\u00a0Para acceder a esta formaci\u00f3n especializada, antesala a la elaboraci\u00f3n de la tesis doctoral, es necesario estar en posesi\u00f3n de alg\u00fan t\u00edtulo oficial de grado universitario y de m\u00e1ster universitario o equivalente, siempre que se hayan superado al menos 300 cr\u00e9ditos ECTS en el conjunto de estas dos ense\u00f1anzas. Cuando se trate de un t\u00edtulo no espa\u00f1ol pueden consultarse los criterios de admisi\u00f3n en este <a href=\"https:\/\/www.ull.es\/doctorados\/doctorados\/acceso-y-admision\/\" target=\"_blank\" rel=\"noopener\">enlace<\/a>.<\/p>\n<p>Los doctorados est\u00e1n divididos por ramas de conocimiento. As\u00ed, en Arte y Humanidades, figuran los doctorados en Filosof\u00eda; Islas Atl\u00e1nticas: Historia, Patrimonio y Marco Jur\u00eddico Institucional; L\u00f3gica y Filosof\u00eda de la Ciencia; y Arte y Humanidades. En la rama de Ciencias, los doctorados son Astrof\u00edsica; Biodiversidad y Conservaci\u00f3n; Matem\u00e1ticas y Estad\u00edstica; Nanociencia y Nanotecnolog\u00eda; y Qu\u00edmica e Ingenier\u00eda Qu\u00edmica.<\/p>\n<p>Los relativos a Ciencias de la Salud comprenden Ciencias M\u00e9dicas y Farmac\u00e9uticas, Desarrollo y Calidad de Vida; Psicolog\u00eda y Ciencias de la Salud. En cuanto a los de Ciencias Sociales y Jur\u00eddicas, los programas se dividen en Derecho; Derecho, Sociedad y Turismo; Desarrollo Regional; Educaci\u00f3n; Estudios Interdisciplinares de G\u00e9nero; Territorio y Sociedad. Evoluci\u00f3n hist\u00f3rica en un espacio tricontinental; y Turismo. Finalmente, en el \u00e1rea de Ingenier\u00eda y Arquitectura, los programas de la Universidad de La Laguna para el pr\u00f3ximo curso son Ingenier\u00eda Industrial, Inform\u00e1tica y Medioambiental y doctorado en Ingenier\u00eda N\u00e1utica, Marina y Radioelectr\u00f3nica Naval.<\/p>\n<p>Una vez concluido el plazo de solicitud, el 28 de junio se arbitrar\u00e1 la consulta individual de adjudicaci\u00f3n de plazas o, en su defecto, el mantenimiento en el procedimiento, ya que en esta primera fase no hay exclusiones ni listas de espera. Del 1 de julio al 5 de agosto se ofertar\u00e1n las plazas no adjudicadas en la primera fase y, tras el cierre por periodo vacacional, la Universidad de La Laguna publicar\u00e1 el 10 de septiembre la primera lista provisional.<\/p>\n<p>Del 10 al 12 de ese mes habr\u00e1 plazo para presentar reclamaciones a la primera lista de adjudicaci\u00f3n de plazas y listas de espera, mientras que el 18 tendr\u00e1 lugar la publicaci\u00f3n de la relaci\u00f3n definitiva de personas que han obtenido plaza. As\u00ed, el periodo de matr\u00edcula de las plazas concedidas en primera lista para programas solicitados como primera preferencia se extender\u00e1 del 19 al 26 de septiembre.<\/p>\n<p>Al d\u00eda siguiente tendr\u00e1 lugar la publicaci\u00f3n de la segunda lista de adjudicaci\u00f3n y listas de espera, cuya matr\u00edcula abarcar\u00e1 desde el 27 de septiembre al 4 de octubre. Para los estudiantes de continuaci\u00f3n en programas de Doctorado de la Universidad de La Laguna, se ha previsto un plazo de matr\u00edcula desde el 26 de septiembre al 15 de octubre.<\/p>\n<p>En la <a href=\"https:\/\/www.ull.es\/doctorados\/solicitud-admision\/\" target=\"_blank\" rel=\"noopener\">p\u00e1gina web<\/a> de la instituci\u00f3n docente est\u00e1n explicados con detalle todos los pasos para formalizar la matr\u00edcula en este tipo de ense\u00f1anza que, al igual que en todo el cat\u00e1logo de t\u00edtulos de este centro acad\u00e9mico, se realiza enteramente online.<\/p>\n","protected":false},"excerpt":{"rendered":"<p>La Universidad de La Laguna abrir\u00e1 ma\u00f1ana 15 de mayo a las 10 horas el plazo de preinscripci\u00f3n para matricularse&#8230;<\/p>\n","protected":false},"author":23,"featured_media":75622,"comment_status":"closed","ping_status":"closed","sticky":false,"template":"","format":"standard","meta":{"inline_featured_image":false,"footnotes":""},"categories":[345,346,350,2765],"tags":[],"acf":[],"yoast_head":"<!-- This site is optimized with the Yoast SEO plugin v21.3 - https:\/\/yoast.com\/wordpress\/plugins\/seo\/ -->\n<title>La Universidad de La Laguna abre plazo de preinscripci\u00f3n en sus 12 programas de Doctorado para 2024\/25 - ULL - Noticias<\/title>\n<meta name=\"robots\" content=\"index, follow, max-snippet:-1, max-image-preview:large, max-video-preview:-1\" \/>\n<link rel=\"canonical\" href=\"https:\/\/www.ull.es\/portal\/noticias\/2024\/la-universidad-de-la-laguna-abre-plazo-de-preinscripcion-en-sus-12-programas-de-doctorado-para-2024-25\/\" \/>\n<meta property=\"og:locale\" content=\"es_ES\" \/>\n<meta property=\"og:type\" content=\"article\" \/>\n<meta property=\"og:title\" content=\"La Universidad de La Laguna abre plazo de preinscripci\u00f3n en sus 12 programas de Doctorado para 2024\/25 - ULL - Noticias\" \/>\n<meta property=\"og:description\" content=\"La Universidad de La Laguna abrir\u00e1 ma\u00f1ana 15 de mayo a las 10 horas el plazo de preinscripci\u00f3n para matricularse...\" \/>\n<meta property=\"og:url\" content=\"https:\/\/www.ull.es\/portal\/noticias\/2024\/la-universidad-de-la-laguna-abre-plazo-de-preinscripcion-en-sus-12-programas-de-doctorado-para-2024-25\/\" \/>\n<meta property=\"og:site_name\" content=\"ULL - Noticias\" \/>\n<meta property=\"article:publisher\" content=\"https:\/\/www.facebook.com\/universidaddelalaguna\/\" \/>\n<meta property=\"article:published_time\" content=\"2024-05-14T12:03:55+00:00\" \/>\n<meta property=\"og:image\" content=\"https:\/\/www.ull.es\/portal\/noticias\/wp-content\/uploads\/sites\/13\/2024\/05\/PANTALLA_DOCTORADOS.png\" \/>\n\t<meta property=\"og:image:width\" content=\"1920\" \/>\n\t<meta property=\"og:image:height\" content=\"1080\" \/>\n\t<meta property=\"og:image:type\" content=\"image\/png\" \/>\n<meta name=\"author\" content=\"gaprsa\" \/>\n<meta name=\"twitter:card\" content=\"summary_large_image\" \/>\n<meta name=\"twitter:creator\" content=\"@CanalULL\" \/>\n<meta name=\"twitter:site\" content=\"@CanalULL\" \/>\n<meta name=\"twitter:label1\" content=\"Escrito por\" \/>\n\t<meta name=\"twitter:data1\" content=\"gaprsa\" \/>\n\t<meta name=\"twitter:label2\" content=\"Tiempo de lectura\" \/>\n\t<meta name=\"twitter:data2\" content=\"3 minutos\" \/>\n<script type=\"application\/ld+json\" class=\"yoast-schema-graph\">{\"@context\":\"https:\/\/schema.org\",\"@graph\":[{\"@type\":\"WebPage\",\"@id\":\"https:\/\/www.ull.es\/portal\/noticias\/2024\/la-universidad-de-la-laguna-abre-plazo-de-preinscripcion-en-sus-12-programas-de-doctorado-para-2024-25\/\",\"url\":\"https:\/\/www.ull.es\/portal\/noticias\/2024\/la-universidad-de-la-laguna-abre-plazo-de-preinscripcion-en-sus-12-programas-de-doctorado-para-2024-25\/\",\"name\":\"La Universidad de La Laguna abre plazo de preinscripci\u00f3n en sus 12 programas de Doctorado para 2024\/25 - ULL - Noticias\",\"isPartOf\":{\"@id\":\"https:\/\/www.ull.es\/portal\/noticias\/#website\"},\"datePublished\":\"2024-05-14T12:03:55+00:00\",\"dateModified\":\"2024-05-14T12:03:55+00:00\",\"author\":{\"@id\":\"https:\/\/www.ull.es\/portal\/noticias\/#\/schema\/person\/b2b1a89d43ffa609e591f7df8ef3e817\"},\"breadcrumb\":{\"@id\":\"https:\/\/www.ull.es\/portal\/noticias\/2024\/la-universidad-de-la-laguna-abre-plazo-de-preinscripcion-en-sus-12-programas-de-doctorado-para-2024-25\/#breadcrumb\"},\"inLanguage\":\"es\",\"potentialAction\":[{\"@type\":\"ReadAction\",\"target\":[\"https:\/\/www.ull.es\/portal\/noticias\/2024\/la-universidad-de-la-laguna-abre-plazo-de-preinscripcion-en-sus-12-programas-de-doctorado-para-2024-25\/\"]}]},{\"@type\":\"BreadcrumbList\",\"@id\":\"https:\/\/www.ull.es\/portal\/noticias\/2024\/la-universidad-de-la-laguna-abre-plazo-de-preinscripcion-en-sus-12-programas-de-doctorado-para-2024-25\/#breadcrumb\",\"itemListElement\":[{\"@type\":\"ListItem\",\"position\":1,\"name\":\"Portada\",\"item\":\"https:\/\/www.ull.es\/portal\/noticias\/\"},{\"@type\":\"ListItem\",\"position\":2,\"name\":\"La Universidad de La Laguna abre plazo de preinscripci\u00f3n en sus 12 programas de Doctorado para 2024\/25\"}]},{\"@type\":\"WebSite\",\"@id\":\"https:\/\/www.ull.es\/portal\/noticias\/#website\",\"url\":\"https:\/\/www.ull.es\/portal\/noticias\/\",\"name\":\"ULL - Noticias\",\"description\":\"\",\"potentialAction\":[{\"@type\":\"SearchAction\",\"target\":{\"@type\":\"EntryPoint\",\"urlTemplate\":\"https:\/\/www.ull.es\/portal\/noticias\/?s={search_term_string}\"},\"query-input\":\"required name=search_term_string\"}],\"inLanguage\":\"es\"},{\"@type\":\"Person\",\"@id\":\"https:\/\/www.ull.es\/portal\/noticias\/#\/schema\/person\/b2b1a89d43ffa609e591f7df8ef3e817\",\"name\":\"gaprsa\",\"image\":{\"@type\":\"ImageObject\",\"inLanguage\":\"es\",\"@id\":\"https:\/\/www.ull.es\/portal\/noticias\/#\/schema\/person\/image\/\",\"url\":\"https:\/\/secure.gravatar.com\/avatar\/443820550921091458b4823867723b3d?s=96&d=mm&r=g\",\"contentUrl\":\"https:\/\/secure.gravatar.com\/avatar\/443820550921091458b4823867723b3d?s=96&d=mm&r=g\",\"caption\":\"gaprsa\"},\"url\":\"https:\/\/www.ull.es\/portal\/noticias\/author\/gaprsa\/\"}]}<\/script>\n<!-- \/ Yoast SEO plugin. -->","yoast_head_json":{"title":"La Universidad de La Laguna abre plazo de preinscripci\u00f3n en sus 12 programas de Doctorado para 2024\/25 - ULL - Noticias","robots":{"index":"index","follow":"follow","max-snippet":"max-snippet:-1","max-image-preview":"max-image-preview:large","max-video-preview":"max-video-preview:-1"},"canonical":"https:\/\/www.ull.es\/portal\/noticias\/2024\/la-universidad-de-la-laguna-abre-plazo-de-preinscripcion-en-sus-12-programas-de-doctorado-para-2024-25\/","og_locale":"es_ES","og_type":"article","og_title":"La Universidad de La Laguna abre plazo de preinscripci\u00f3n en sus 12 programas de Doctorado para 2024\/25 - ULL - Noticias","og_description":"La Universidad de La Laguna abrir\u00e1 ma\u00f1ana 15 de mayo a las 10 horas el plazo de preinscripci\u00f3n para matricularse...","og_url":"https:\/\/www.ull.es\/portal\/noticias\/2024\/la-universidad-de-la-laguna-abre-plazo-de-preinscripcion-en-sus-12-programas-de-doctorado-para-2024-25\/","og_site_name":"ULL - Noticias","article_publisher":"https:\/\/www.facebook.com\/universidaddelalaguna\/","article_published_time":"2024-05-14T12:03:55+00:00","og_image":[{"width":1920,"height":1080,"url":"https:\/\/www.ull.es\/portal\/noticias\/wp-content\/uploads\/sites\/13\/2024\/05\/PANTALLA_DOCTORADOS.png","type":"image\/png"}],"author":"gaprsa","twitter_card":"summary_large_image","twitter_creator":"@CanalULL","twitter_site":"@CanalULL","twitter_misc":{"Escrito por":"gaprsa","Tiempo de lectura":"3 minutos"},"schema":{"@context":"https:\/\/schema.org","@graph":[{"@type":"WebPage","@id":"https:\/\/www.ull.es\/portal\/noticias\/2024\/la-universidad-de-la-laguna-abre-plazo-de-preinscripcion-en-sus-12-programas-de-doctorado-para-2024-25\/","url":"https:\/\/www.ull.es\/portal\/noticias\/2024\/la-universidad-de-la-laguna-abre-plazo-de-preinscripcion-en-sus-12-programas-de-doctorado-para-2024-25\/","name":"La Universidad de La Laguna abre plazo de preinscripci\u00f3n en sus 12 programas de Doctorado para 2024\/25 - ULL - Noticias","isPartOf":{"@id":"https:\/\/www.ull.es\/portal\/noticias\/#website"},"datePublished":"2024-05-14T12:03:55+00:00","dateModified":"2024-05-14T12:03:55+00:00","author":{"@id":"https:\/\/www.ull.es\/portal\/noticias\/#\/schema\/person\/b2b1a89d43ffa609e591f7df8ef3e817"},"breadcrumb":{"@id":"https:\/\/www.ull.es\/portal\/noticias\/2024\/la-universidad-de-la-laguna-abre-plazo-de-preinscripcion-en-sus-12-programas-de-doctorado-para-2024-25\/#breadcrumb"},"inLanguage":"es","potentialAction":[{"@type":"ReadAction","target":["https:\/\/www.ull.es\/portal\/noticias\/2024\/la-universidad-de-la-laguna-abre-plazo-de-preinscripcion-en-sus-12-programas-de-doctorado-para-2024-25\/"]}]},{"@type":"BreadcrumbList","@id":"https:\/\/www.ull.es\/portal\/noticias\/2024\/la-universidad-de-la-laguna-abre-plazo-de-preinscripcion-en-sus-12-programas-de-doctorado-para-2024-25\/#breadcrumb","itemListElement":[{"@type":"ListItem","position":1,"name":"Portada","item":"https:\/\/www.ull.es\/portal\/noticias\/"},{"@type":"ListItem","position":2,"name":"La Universidad de La Laguna abre plazo de preinscripci\u00f3n en sus 12 programas de Doctorado para 2024\/25"}]},{"@type":"WebSite","@id":"https:\/\/www.ull.es\/portal\/noticias\/#website","url":"https:\/\/www.ull.es\/portal\/noticias\/","name":"ULL - Noticias","description":"","potentialAction":[{"@type":"SearchAction","target":{"@type":"EntryPoint","urlTemplate":"https:\/\/www.ull.es\/portal\/noticias\/?s={search_term_string}"},"query-input":"required name=search_term_string"}],"inLanguage":"es"},{"@type":"Person","@id":"https:\/\/www.ull.es\/portal\/noticias\/#\/schema\/person\/b2b1a89d43ffa609e591f7df8ef3e817","name":"gaprsa","image":{"@type":"ImageObject","inLanguage":"es","@id":"https:\/\/www.ull.es\/portal\/noticias\/#\/schema\/person\/image\/","url":"https:\/\/secure.gravatar.com\/avatar\/443820550921091458b4823867723b3d?s=96&d=mm&r=g","contentUrl":"https:\/\/secure.gravatar.com\/avatar\/443820550921091458b4823867723b3d?s=96&d=mm&r=g","caption":"gaprsa"},"url":"https:\/\/www.ull.es\/portal\/noticias\/author\/gaprsa\/"}]}},"primary_category":{"id":345,"name":"Destacado","slug":"destacado","link":"https:\/\/www.ull.es\/portal\/noticias\/category\/destacado\/"},"featured_image_thumbnail_url":"https:\/\/www.ull.es\/portal\/noticias\/wp-content\/uploads\/sites\/13\/2024\/05\/PANTALLA_DOCTORADOS-300x169.png","_links":{"self":[{"href":"https:\/\/www.ull.es\/portal\/noticias\/wp-json\/wp\/v2\/posts\/75617"}],"collection":[{"href":"https:\/\/www.ull.es\/portal\/noticias\/wp-json\/wp\/v2\/posts"}],"about":[{"href":"https:\/\/www.ull.es\/portal\/noticias\/wp-json\/wp\/v2\/types\/post"}],"author":[{"embeddable":true,"href":"https:\/\/www.ull.es\/portal\/noticias\/wp-json\/wp\/v2\/users\/23"}],"replies":[{"embeddable":true,"href":"https:\/\/www.ull.es\/portal\/noticias\/wp-json\/wp\/v2\/comments?post=75617"}],"version-history":[{"count":2,"href":"https:\/\/www.ull.es\/portal\/noticias\/wp-json\/wp\/v2\/posts\/75617\/revisions"}],"predecessor-version":[{"id":75623,"href":"https:\/\/www.ull.es\/portal\/noticias\/wp-json\/wp\/v2\/posts\/75617\/revisions\/75623"}],"wp:featuredmedia":[{"embeddable":true,"href":"https:\/\/www.ull.es\/portal\/noticias\/wp-json\/wp\/v2\/media\/75622"}],"wp:attachment":[{"href":"https:\/\/www.ull.es\/portal\/noticias\/wp-json\/wp\/v2\/media?parent=75617"}],"wp:term":[{"taxonomy":"category","embeddable":true,"href":"https:\/\/www.ull.es\/portal\/noticias\/wp-json\/wp\/v2\/categories?post=75617"},{"taxonomy":"post_tag","embeddable":true,"href":"https:\/\/www.ull.es\/portal\/noticias\/wp-json\/wp\/v2\/tags?post=75617"}],"curies":[{"name":"wp","href":"https:\/\/api.w.org\/{rel}","templated":true}]}}