{"id":75636,"date":"2024-05-14T14:06:50","date_gmt":"2024-05-14T14:06:50","guid":{"rendered":"https:\/\/www.ull.es\/portal\/noticias\/?p=75636"},"modified":"2024-05-14T14:06:50","modified_gmt":"2024-05-14T14:06:50","slug":"el-cabildo-de-tenerife-y-la-universidad-de-la-laguna-realizan-seguimiento-a-varias-lineas-de-colaboracion","status":"publish","type":"post","link":"https:\/\/www.ull.es\/portal\/noticias\/2024\/el-cabildo-de-tenerife-y-la-universidad-de-la-laguna-realizan-seguimiento-a-varias-lineas-de-colaboracion\/","title":{"rendered":"El Cabildo de Tenerife y la Universidad de La Laguna realizan seguimiento a varias l\u00edneas de colaboraci\u00f3n"},"content":{"rendered":"<p>El Cabildo de Tenerife y la Universidad de La Laguna han mantenido hoy 14 de mayo una reuni\u00f3n de trabajo para abordar distintas cuestiones. La cita ha contado con la asistencia de la presidenta de la corporaci\u00f3n insular, Rosa D\u00e1vila; el consejero de Presidencia, Jos\u00e9 Miguel Ruano; la consejera de Movilidad, Eulalia Garc\u00eda; el consejero de Innovaci\u00f3n, Juan Jos\u00e9 Mart\u00ednez; el rector de la ULL, Francisco Garc\u00eda; la vicerrectora de Internacionalizaci\u00f3n y Cooperaci\u00f3n, Inmaculada Gonz\u00e1lez; la vicerrectora de Estudiantes, Rosario Hern\u00e1ndez y la vicerrectora de Sostenibilidad e Infraestructuras, Candela D\u00edaz.<\/p>\n<p>Rosa D\u00e1vila explica que es fundamental para el impulso de la econom\u00eda de Tenerife que haya esta alianza entre la Universidad y el Cabildo de Tenerife. \u201cNuestro objetivo es transformar Tenerife, dar respuesta a problemas hist\u00f3ricos como la movilidad y afrontar nuevos desaf\u00edos como la sostenibilidad de nuestro modelo econ\u00f3mico, abordando la protecci\u00f3n de nuestros espacios naturales, el reto demogr\u00e1fico y la diversificaci\u00f3n de nuestra econom\u00eda m\u00e1s all\u00e1 del sector tur\u00edstico, apostando por sectores conocimiento y la innovaci\u00f3n, entre otros\u201d.<\/p>\n<p>\u201cEn momentos de gran transformaci\u00f3n como los que afronta Tenerife es cuando m\u00e1s necesitamos de instituciones como las universidades\u201d, prosigue, \u201cnacidas para ayudarnos a pensar desde una perspectiva cr\u00edtica y al mismo tiempo innovadora. Por este motivo mantenemos multitud de proyectos conjuntos en materias como las infraestructuras estrat\u00e9gicas de docencia, investigaci\u00f3n, sostenibilidad o innovaci\u00f3n y transferencia de conocimiento\u201d.<\/p>\n<p>Por su parte, Francisco Garc\u00eda resalta la importancia de las l\u00edneas de colaboraci\u00f3n y trabajo que se est\u00e1n realizando entre la Universidad de La Laguna y el Cabildo de Tenerife. \u201cEsta reuni\u00f3n forma parte del compromiso de vernos cada cierto tiempo, aunque ya trabajamos desde cada departamento de manera muy coordinada y fluida. Los proyectos que estamos desarrollando de manera conjunta son muchos, desde la empleabilidad y la internacionalizaci\u00f3n hasta las infraestructuras y la movilidad\u201d, se\u00f1ala Garc\u00eda.<\/p>\n<p>Precisamente, en materia de movilidad, durante la reuni\u00f3n se realiz\u00f3 un balance del buen funcionamiento de las dos guaguas lanzadera. Las l\u00edneas 606 y la 608 registraron 3.828 pasajeros en el primer trimestre de 2024, lo que supone casi un 50 % m\u00e1s que el trimestre anterior y ejemplifica la buena acogida que ha tenido entre los estudiantes esta medida, que se ver\u00e1 complementada con la puesta en marcha de una nueva lanzadera en el sur de la isla en el mes de septiembre.<\/p>\n<p>Adem\u00e1s, tanto la presidenta del Cabildo como el rector de la Universidad de La Laguna mostraron su satisfacci\u00f3n por la pr\u00f3xima puesta en marcha de la gesti\u00f3n digitalizada de los aparcamientos en las facultades, que permitir\u00e1 la discriminaci\u00f3n del acceso de los veh\u00edculos de alta ocupaci\u00f3n.<\/p>\n<p>Al respecto, la presidenta del Cabildo de Tenerife recuerda que son 10.000 veh\u00edculos los que se desplazan a la universidad diariamente. \u201cEn la medida en la que trabajemos conjuntamente, ser\u00e1 un elemento fundamental para aliviar la manera en la que nos movemos\u201d.\u00a0 Del mismo modo, Francisco Garc\u00eda resalta que la vinculaci\u00f3n con el aparcamiento se realizar\u00e1 mediante una aplicaci\u00f3n de manera que en funci\u00f3n del n\u00famero de ocupantes del veh\u00edculo se podr\u00e1 acceder a una zona, espacialmente habilitada, y prioritaria para veh\u00edculos de alta ocupaci\u00f3n.<\/p>\n","protected":false},"excerpt":{"rendered":"<p>El Cabildo de Tenerife y la Universidad de La Laguna han mantenido hoy 14 de mayo una reuni\u00f3n de trabajo&#8230;<\/p>\n","protected":false},"author":23,"featured_media":75637,"comment_status":"closed","ping_status":"closed","sticky":false,"template":"","format":"standard","meta":{"inline_featured_image":false,"footnotes":""},"categories":[345,348,2765],"tags":[],"acf":[],"yoast_head":"<!-- This site is optimized with the Yoast SEO plugin v21.3 - https:\/\/yoast.com\/wordpress\/plugins\/seo\/ -->\n<title>El Cabildo de Tenerife y la Universidad de La Laguna realizan seguimiento a varias l\u00edneas de colaboraci\u00f3n - ULL - Noticias<\/title>\n<meta name=\"robots\" content=\"index, follow, max-snippet:-1, max-image-preview:large, max-video-preview:-1\" \/>\n<link rel=\"canonical\" href=\"https:\/\/www.ull.es\/portal\/noticias\/2024\/el-cabildo-de-tenerife-y-la-universidad-de-la-laguna-realizan-seguimiento-a-varias-lineas-de-colaboracion\/\" \/>\n<meta property=\"og:locale\" content=\"es_ES\" \/>\n<meta property=\"og:type\" content=\"article\" \/>\n<meta property=\"og:title\" content=\"El Cabildo de Tenerife y la Universidad de La Laguna realizan seguimiento a varias l\u00edneas de colaboraci\u00f3n - ULL - Noticias\" \/>\n<meta property=\"og:description\" content=\"El Cabildo de Tenerife y la Universidad de La Laguna han mantenido hoy 14 de mayo una reuni\u00f3n de trabajo...\" \/>\n<meta property=\"og:url\" content=\"https:\/\/www.ull.es\/portal\/noticias\/2024\/el-cabildo-de-tenerife-y-la-universidad-de-la-laguna-realizan-seguimiento-a-varias-lineas-de-colaboracion\/\" \/>\n<meta property=\"og:site_name\" content=\"ULL - Noticias\" \/>\n<meta property=\"article:publisher\" content=\"https:\/\/www.facebook.com\/universidaddelalaguna\/\" \/>\n<meta property=\"article:published_time\" content=\"2024-05-14T14:06:50+00:00\" \/>\n<meta property=\"og:image\" content=\"https:\/\/www.ull.es\/portal\/noticias\/wp-content\/uploads\/sites\/13\/2024\/05\/FOTO-REUNION-ULL-1.jpg\" \/>\n\t<meta property=\"og:image:width\" content=\"1800\" \/>\n\t<meta property=\"og:image:height\" content=\"1201\" \/>\n\t<meta property=\"og:image:type\" content=\"image\/jpeg\" \/>\n<meta name=\"author\" content=\"gaprsa\" \/>\n<meta name=\"twitter:card\" content=\"summary_large_image\" \/>\n<meta name=\"twitter:creator\" content=\"@CanalULL\" \/>\n<meta name=\"twitter:site\" content=\"@CanalULL\" \/>\n<meta name=\"twitter:label1\" content=\"Escrito por\" \/>\n\t<meta name=\"twitter:data1\" content=\"gaprsa\" \/>\n\t<meta name=\"twitter:label2\" content=\"Tiempo de lectura\" \/>\n\t<meta name=\"twitter:data2\" content=\"3 minutos\" \/>\n<script type=\"application\/ld+json\" class=\"yoast-schema-graph\">{\"@context\":\"https:\/\/schema.org\",\"@graph\":[{\"@type\":\"WebPage\",\"@id\":\"https:\/\/www.ull.es\/portal\/noticias\/2024\/el-cabildo-de-tenerife-y-la-universidad-de-la-laguna-realizan-seguimiento-a-varias-lineas-de-colaboracion\/\",\"url\":\"https:\/\/www.ull.es\/portal\/noticias\/2024\/el-cabildo-de-tenerife-y-la-universidad-de-la-laguna-realizan-seguimiento-a-varias-lineas-de-colaboracion\/\",\"name\":\"El Cabildo de Tenerife y la Universidad de La Laguna realizan seguimiento a varias l\u00edneas de colaboraci\u00f3n - ULL - Noticias\",\"isPartOf\":{\"@id\":\"https:\/\/www.ull.es\/portal\/noticias\/#website\"},\"datePublished\":\"2024-05-14T14:06:50+00:00\",\"dateModified\":\"2024-05-14T14:06:50+00:00\",\"author\":{\"@id\":\"https:\/\/www.ull.es\/portal\/noticias\/#\/schema\/person\/b2b1a89d43ffa609e591f7df8ef3e817\"},\"breadcrumb\":{\"@id\":\"https:\/\/www.ull.es\/portal\/noticias\/2024\/el-cabildo-de-tenerife-y-la-universidad-de-la-laguna-realizan-seguimiento-a-varias-lineas-de-colaboracion\/#breadcrumb\"},\"inLanguage\":\"es\",\"potentialAction\":[{\"@type\":\"ReadAction\",\"target\":[\"https:\/\/www.ull.es\/portal\/noticias\/2024\/el-cabildo-de-tenerife-y-la-universidad-de-la-laguna-realizan-seguimiento-a-varias-lineas-de-colaboracion\/\"]}]},{\"@type\":\"BreadcrumbList\",\"@id\":\"https:\/\/www.ull.es\/portal\/noticias\/2024\/el-cabildo-de-tenerife-y-la-universidad-de-la-laguna-realizan-seguimiento-a-varias-lineas-de-colaboracion\/#breadcrumb\",\"itemListElement\":[{\"@type\":\"ListItem\",\"position\":1,\"name\":\"Portada\",\"item\":\"https:\/\/www.ull.es\/portal\/noticias\/\"},{\"@type\":\"ListItem\",\"position\":2,\"name\":\"El Cabildo de Tenerife y la Universidad de La Laguna realizan seguimiento a varias l\u00edneas de colaboraci\u00f3n\"}]},{\"@type\":\"WebSite\",\"@id\":\"https:\/\/www.ull.es\/portal\/noticias\/#website\",\"url\":\"https:\/\/www.ull.es\/portal\/noticias\/\",\"name\":\"ULL - Noticias\",\"description\":\"\",\"potentialAction\":[{\"@type\":\"SearchAction\",\"target\":{\"@type\":\"EntryPoint\",\"urlTemplate\":\"https:\/\/www.ull.es\/portal\/noticias\/?s={search_term_string}\"},\"query-input\":\"required name=search_term_string\"}],\"inLanguage\":\"es\"},{\"@type\":\"Person\",\"@id\":\"https:\/\/www.ull.es\/portal\/noticias\/#\/schema\/person\/b2b1a89d43ffa609e591f7df8ef3e817\",\"name\":\"gaprsa\",\"image\":{\"@type\":\"ImageObject\",\"inLanguage\":\"es\",\"@id\":\"https:\/\/www.ull.es\/portal\/noticias\/#\/schema\/person\/image\/\",\"url\":\"https:\/\/secure.gravatar.com\/avatar\/443820550921091458b4823867723b3d?s=96&d=mm&r=g\",\"contentUrl\":\"https:\/\/secure.gravatar.com\/avatar\/443820550921091458b4823867723b3d?s=96&d=mm&r=g\",\"caption\":\"gaprsa\"},\"url\":\"https:\/\/www.ull.es\/portal\/noticias\/author\/gaprsa\/\"}]}<\/script>\n<!-- \/ Yoast SEO plugin. -->","yoast_head_json":{"title":"El Cabildo de Tenerife y la Universidad de La Laguna realizan seguimiento a varias l\u00edneas de colaboraci\u00f3n - ULL - Noticias","robots":{"index":"index","follow":"follow","max-snippet":"max-snippet:-1","max-image-preview":"max-image-preview:large","max-video-preview":"max-video-preview:-1"},"canonical":"https:\/\/www.ull.es\/portal\/noticias\/2024\/el-cabildo-de-tenerife-y-la-universidad-de-la-laguna-realizan-seguimiento-a-varias-lineas-de-colaboracion\/","og_locale":"es_ES","og_type":"article","og_title":"El Cabildo de Tenerife y la Universidad de La Laguna realizan seguimiento a varias l\u00edneas de colaboraci\u00f3n - ULL - Noticias","og_description":"El Cabildo de Tenerife y la Universidad de La Laguna han mantenido hoy 14 de mayo una reuni\u00f3n de trabajo...","og_url":"https:\/\/www.ull.es\/portal\/noticias\/2024\/el-cabildo-de-tenerife-y-la-universidad-de-la-laguna-realizan-seguimiento-a-varias-lineas-de-colaboracion\/","og_site_name":"ULL - Noticias","article_publisher":"https:\/\/www.facebook.com\/universidaddelalaguna\/","article_published_time":"2024-05-14T14:06:50+00:00","og_image":[{"width":1800,"height":1201,"url":"https:\/\/www.ull.es\/portal\/noticias\/wp-content\/uploads\/sites\/13\/2024\/05\/FOTO-REUNION-ULL-1.jpg","type":"image\/jpeg"}],"author":"gaprsa","twitter_card":"summary_large_image","twitter_creator":"@CanalULL","twitter_site":"@CanalULL","twitter_misc":{"Escrito por":"gaprsa","Tiempo de lectura":"3 minutos"},"schema":{"@context":"https:\/\/schema.org","@graph":[{"@type":"WebPage","@id":"https:\/\/www.ull.es\/portal\/noticias\/2024\/el-cabildo-de-tenerife-y-la-universidad-de-la-laguna-realizan-seguimiento-a-varias-lineas-de-colaboracion\/","url":"https:\/\/www.ull.es\/portal\/noticias\/2024\/el-cabildo-de-tenerife-y-la-universidad-de-la-laguna-realizan-seguimiento-a-varias-lineas-de-colaboracion\/","name":"El Cabildo de Tenerife y la Universidad de La Laguna realizan seguimiento a varias l\u00edneas de colaboraci\u00f3n - ULL - Noticias","isPartOf":{"@id":"https:\/\/www.ull.es\/portal\/noticias\/#website"},"datePublished":"2024-05-14T14:06:50+00:00","dateModified":"2024-05-14T14:06:50+00:00","author":{"@id":"https:\/\/www.ull.es\/portal\/noticias\/#\/schema\/person\/b2b1a89d43ffa609e591f7df8ef3e817"},"breadcrumb":{"@id":"https:\/\/www.ull.es\/portal\/noticias\/2024\/el-cabildo-de-tenerife-y-la-universidad-de-la-laguna-realizan-seguimiento-a-varias-lineas-de-colaboracion\/#breadcrumb"},"inLanguage":"es","potentialAction":[{"@type":"ReadAction","target":["https:\/\/www.ull.es\/portal\/noticias\/2024\/el-cabildo-de-tenerife-y-la-universidad-de-la-laguna-realizan-seguimiento-a-varias-lineas-de-colaboracion\/"]}]},{"@type":"BreadcrumbList","@id":"https:\/\/www.ull.es\/portal\/noticias\/2024\/el-cabildo-de-tenerife-y-la-universidad-de-la-laguna-realizan-seguimiento-a-varias-lineas-de-colaboracion\/#breadcrumb","itemListElement":[{"@type":"ListItem","position":1,"name":"Portada","item":"https:\/\/www.ull.es\/portal\/noticias\/"},{"@type":"ListItem","position":2,"name":"El Cabildo de Tenerife y la Universidad de La Laguna realizan seguimiento a varias l\u00edneas de colaboraci\u00f3n"}]},{"@type":"WebSite","@id":"https:\/\/www.ull.es\/portal\/noticias\/#website","url":"https:\/\/www.ull.es\/portal\/noticias\/","name":"ULL - Noticias","description":"","potentialAction":[{"@type":"SearchAction","target":{"@type":"EntryPoint","urlTemplate":"https:\/\/www.ull.es\/portal\/noticias\/?s={search_term_string}"},"query-input":"required name=search_term_string"}],"inLanguage":"es"},{"@type":"Person","@id":"https:\/\/www.ull.es\/portal\/noticias\/#\/schema\/person\/b2b1a89d43ffa609e591f7df8ef3e817","name":"gaprsa","image":{"@type":"ImageObject","inLanguage":"es","@id":"https:\/\/www.ull.es\/portal\/noticias\/#\/schema\/person\/image\/","url":"https:\/\/secure.gravatar.com\/avatar\/443820550921091458b4823867723b3d?s=96&d=mm&r=g","contentUrl":"https:\/\/secure.gravatar.com\/avatar\/443820550921091458b4823867723b3d?s=96&d=mm&r=g","caption":"gaprsa"},"url":"https:\/\/www.ull.es\/portal\/noticias\/author\/gaprsa\/"}]}},"primary_category":{"id":345,"name":"Destacado","slug":"destacado","link":"https:\/\/www.ull.es\/portal\/noticias\/category\/destacado\/"},"featured_image_thumbnail_url":"https:\/\/www.ull.es\/portal\/noticias\/wp-content\/uploads\/sites\/13\/2024\/05\/FOTO-REUNION-ULL-1-300x200.jpg","_links":{"self":[{"href":"https:\/\/www.ull.es\/portal\/noticias\/wp-json\/wp\/v2\/posts\/75636"}],"collection":[{"href":"https:\/\/www.ull.es\/portal\/noticias\/wp-json\/wp\/v2\/posts"}],"about":[{"href":"https:\/\/www.ull.es\/portal\/noticias\/wp-json\/wp\/v2\/types\/post"}],"author":[{"embeddable":true,"href":"https:\/\/www.ull.es\/portal\/noticias\/wp-json\/wp\/v2\/users\/23"}],"replies":[{"embeddable":true,"href":"https:\/\/www.ull.es\/portal\/noticias\/wp-json\/wp\/v2\/comments?post=75636"}],"version-history":[{"count":1,"href":"https:\/\/www.ull.es\/portal\/noticias\/wp-json\/wp\/v2\/posts\/75636\/revisions"}],"predecessor-version":[{"id":75638,"href":"https:\/\/www.ull.es\/portal\/noticias\/wp-json\/wp\/v2\/posts\/75636\/revisions\/75638"}],"wp:featuredmedia":[{"embeddable":true,"href":"https:\/\/www.ull.es\/portal\/noticias\/wp-json\/wp\/v2\/media\/75637"}],"wp:attachment":[{"href":"https:\/\/www.ull.es\/portal\/noticias\/wp-json\/wp\/v2\/media?parent=75636"}],"wp:term":[{"taxonomy":"category","embeddable":true,"href":"https:\/\/www.ull.es\/portal\/noticias\/wp-json\/wp\/v2\/categories?post=75636"},{"taxonomy":"post_tag","embeddable":true,"href":"https:\/\/www.ull.es\/portal\/noticias\/wp-json\/wp\/v2\/tags?post=75636"}],"curies":[{"name":"wp","href":"https:\/\/api.w.org\/{rel}","templated":true}]}}