{"id":75682,"date":"2024-05-16T13:19:30","date_gmt":"2024-05-16T13:19:30","guid":{"rendered":"https:\/\/www.ull.es\/portal\/noticias\/?p=75682"},"modified":"2024-05-16T13:19:30","modified_gmt":"2024-05-16T13:19:30","slug":"la-ull-comparte-la-primera-posicion-como-universidad-espanola-que-mas-contribuye-al-desarrollo-regional","status":"publish","type":"post","link":"https:\/\/www.ull.es\/portal\/noticias\/2024\/la-ull-comparte-la-primera-posicion-como-universidad-espanola-que-mas-contribuye-al-desarrollo-regional\/","title":{"rendered":"La ULL comparte la primera posici\u00f3n como universidad espa\u00f1ola que m\u00e1s contribuye al desarrollo regional"},"content":{"rendered":"<p>La Universidad de La Laguna ha vuelto a revalidar su posici\u00f3n preferente como una de las instituciones que m\u00e1s contribuye al desarrollo regional, seg\u00fan el Ranking CYD, que acaba de publicar su <a href=\"https:\/\/www.fundacioncyd.org\/resultados-ranking-cyd-2024-el-ranking-de-universidades-espanolas-con-la-informacion-mas-completa\/\" target=\"_blank\" rel=\"noopener\">und\u00e9cima edici\u00f3n<\/a> y en el que esta instituci\u00f3n docente ocupa el primer puesto nacional, compartido tambi\u00e9n con las universidades Aut\u00f3noma de Barcelona, Pa\u00eds Vasco y Barcelona.<\/p>\n<p>Esta clasificaci\u00f3n mide cinco dimensiones: ense\u00f1anza y aprendizaje, investigaci\u00f3n, transferencia del conocimiento, orientaci\u00f3n internacional y contribuci\u00f3n al desarrollo general. Es este \u00faltimo \u00e1mbito en el que la Universidad de La Laguna alcanza este primer puesto compartido, y le siguen en segundo lugar Aut\u00f3noma de Madrid, Rovira i Virgili y Deusto, mientras que en el tercero destaca Polit\u00e9cnica de Catalu\u00f1a, M\u00e1laga, Zaragoza, Internacional de Catalu\u00f1a, C\u00e1diz, Lleida y Huelva.<\/p>\n<p>El <a href=\"https:\/\/rankingcyd.org\/?utm_source=pressrelease&amp;utm_medium=referral&amp;utm_campaign=lanzamiento\" target=\"_blank\" rel=\"noopener\">ranking<\/a> presenta resultados de 81 universidades, 30 \u00e1mbitos de conocimiento y 3.407 titulaciones. Los centros participantes representan al 91% de las 89 universidades activas que imparten ense\u00f1anzas de grado incluidas en el Registro de Universidades, Centros y T\u00edtulos. De ellas, 48 son p\u00fablicas (el 100% de las representadas) y 33 privadas (un 80,5% del total).<\/p>\n<p>El documento presenta tambi\u00e9n resultados de indicadores de mayor rendimiento por autonom\u00edas y tambi\u00e9n ofrece informaci\u00f3n desagregada de una serie de titulaciones, al tiempo que dedica un cap\u00edtulo a la presencia de la mujer en \u00e1mbitos de la salud, con cifras relativas al n\u00famero de tesis le\u00eddas por ellas \u00a0(58,94%), porcentaje de profesorado femenino (53,75%) y total de catedr\u00e1ticas (40,70%).<\/p>\n<p>Indica igualmente que Medicina es el \u00e1mbito con mayor tasa de preferencia, es decir, con m\u00e1s demandantes (preinscritos en primera opci\u00f3n) por plaza ofertada en los grados de las universidades p\u00fablicas presenciales.<\/p>\n","protected":false},"excerpt":{"rendered":"<p>La Universidad de La Laguna ha vuelto a revalidar su posici\u00f3n preferente como una de las instituciones que m\u00e1s contribuye&#8230;<\/p>\n","protected":false},"author":23,"featured_media":67523,"comment_status":"closed","ping_status":"closed","sticky":false,"template":"","format":"standard","meta":{"inline_featured_image":false,"footnotes":""},"categories":[345,348,2765],"tags":[],"acf":[],"yoast_head":"<!-- This site is optimized with the Yoast SEO plugin v21.3 - https:\/\/yoast.com\/wordpress\/plugins\/seo\/ -->\n<title>La ULL comparte la primera posici\u00f3n como universidad espa\u00f1ola que m\u00e1s contribuye al desarrollo regional - ULL - Noticias<\/title>\n<meta name=\"robots\" content=\"index, follow, max-snippet:-1, max-image-preview:large, max-video-preview:-1\" \/>\n<link rel=\"canonical\" href=\"https:\/\/www.ull.es\/portal\/noticias\/2024\/la-ull-comparte-la-primera-posicion-como-universidad-espanola-que-mas-contribuye-al-desarrollo-regional\/\" \/>\n<meta property=\"og:locale\" content=\"es_ES\" \/>\n<meta property=\"og:type\" content=\"article\" \/>\n<meta property=\"og:title\" content=\"La ULL comparte la primera posici\u00f3n como universidad espa\u00f1ola que m\u00e1s contribuye al desarrollo regional - ULL - Noticias\" \/>\n<meta property=\"og:description\" content=\"La Universidad de La Laguna ha vuelto a revalidar su posici\u00f3n preferente como una de las instituciones que m\u00e1s contribuye...\" \/>\n<meta property=\"og:url\" content=\"https:\/\/www.ull.es\/portal\/noticias\/2024\/la-ull-comparte-la-primera-posicion-como-universidad-espanola-que-mas-contribuye-al-desarrollo-regional\/\" \/>\n<meta property=\"og:site_name\" content=\"ULL - Noticias\" \/>\n<meta property=\"article:publisher\" content=\"https:\/\/www.facebook.com\/universidaddelalaguna\/\" \/>\n<meta property=\"article:published_time\" content=\"2024-05-16T13:19:30+00:00\" \/>\n<meta property=\"og:image\" content=\"https:\/\/www.ull.es\/portal\/noticias\/wp-content\/uploads\/sites\/13\/2023\/02\/edificio-central-ull.jpg\" \/>\n\t<meta property=\"og:image:width\" content=\"1024\" \/>\n\t<meta property=\"og:image:height\" content=\"682\" \/>\n\t<meta property=\"og:image:type\" content=\"image\/jpeg\" \/>\n<meta name=\"author\" content=\"gaprsa\" \/>\n<meta name=\"twitter:card\" content=\"summary_large_image\" \/>\n<meta name=\"twitter:creator\" content=\"@CanalULL\" \/>\n<meta name=\"twitter:site\" content=\"@CanalULL\" \/>\n<meta name=\"twitter:label1\" content=\"Escrito por\" \/>\n\t<meta name=\"twitter:data1\" content=\"gaprsa\" \/>\n\t<meta name=\"twitter:label2\" content=\"Tiempo de lectura\" \/>\n\t<meta name=\"twitter:data2\" content=\"2 minutos\" \/>\n<script type=\"application\/ld+json\" class=\"yoast-schema-graph\">{\"@context\":\"https:\/\/schema.org\",\"@graph\":[{\"@type\":\"WebPage\",\"@id\":\"https:\/\/www.ull.es\/portal\/noticias\/2024\/la-ull-comparte-la-primera-posicion-como-universidad-espanola-que-mas-contribuye-al-desarrollo-regional\/\",\"url\":\"https:\/\/www.ull.es\/portal\/noticias\/2024\/la-ull-comparte-la-primera-posicion-como-universidad-espanola-que-mas-contribuye-al-desarrollo-regional\/\",\"name\":\"La ULL comparte la primera posici\u00f3n como universidad espa\u00f1ola que m\u00e1s contribuye al desarrollo regional - ULL - Noticias\",\"isPartOf\":{\"@id\":\"https:\/\/www.ull.es\/portal\/noticias\/#website\"},\"datePublished\":\"2024-05-16T13:19:30+00:00\",\"dateModified\":\"2024-05-16T13:19:30+00:00\",\"author\":{\"@id\":\"https:\/\/www.ull.es\/portal\/noticias\/#\/schema\/person\/b2b1a89d43ffa609e591f7df8ef3e817\"},\"breadcrumb\":{\"@id\":\"https:\/\/www.ull.es\/portal\/noticias\/2024\/la-ull-comparte-la-primera-posicion-como-universidad-espanola-que-mas-contribuye-al-desarrollo-regional\/#breadcrumb\"},\"inLanguage\":\"es\",\"potentialAction\":[{\"@type\":\"ReadAction\",\"target\":[\"https:\/\/www.ull.es\/portal\/noticias\/2024\/la-ull-comparte-la-primera-posicion-como-universidad-espanola-que-mas-contribuye-al-desarrollo-regional\/\"]}]},{\"@type\":\"BreadcrumbList\",\"@id\":\"https:\/\/www.ull.es\/portal\/noticias\/2024\/la-ull-comparte-la-primera-posicion-como-universidad-espanola-que-mas-contribuye-al-desarrollo-regional\/#breadcrumb\",\"itemListElement\":[{\"@type\":\"ListItem\",\"position\":1,\"name\":\"Portada\",\"item\":\"https:\/\/www.ull.es\/portal\/noticias\/\"},{\"@type\":\"ListItem\",\"position\":2,\"name\":\"La ULL comparte la primera posici\u00f3n como universidad espa\u00f1ola que m\u00e1s contribuye al desarrollo regional\"}]},{\"@type\":\"WebSite\",\"@id\":\"https:\/\/www.ull.es\/portal\/noticias\/#website\",\"url\":\"https:\/\/www.ull.es\/portal\/noticias\/\",\"name\":\"ULL - Noticias\",\"description\":\"\",\"potentialAction\":[{\"@type\":\"SearchAction\",\"target\":{\"@type\":\"EntryPoint\",\"urlTemplate\":\"https:\/\/www.ull.es\/portal\/noticias\/?s={search_term_string}\"},\"query-input\":\"required name=search_term_string\"}],\"inLanguage\":\"es\"},{\"@type\":\"Person\",\"@id\":\"https:\/\/www.ull.es\/portal\/noticias\/#\/schema\/person\/b2b1a89d43ffa609e591f7df8ef3e817\",\"name\":\"gaprsa\",\"image\":{\"@type\":\"ImageObject\",\"inLanguage\":\"es\",\"@id\":\"https:\/\/www.ull.es\/portal\/noticias\/#\/schema\/person\/image\/\",\"url\":\"https:\/\/secure.gravatar.com\/avatar\/443820550921091458b4823867723b3d?s=96&d=mm&r=g\",\"contentUrl\":\"https:\/\/secure.gravatar.com\/avatar\/443820550921091458b4823867723b3d?s=96&d=mm&r=g\",\"caption\":\"gaprsa\"},\"url\":\"https:\/\/www.ull.es\/portal\/noticias\/author\/gaprsa\/\"}]}<\/script>\n<!-- \/ Yoast SEO plugin. -->","yoast_head_json":{"title":"La ULL comparte la primera posici\u00f3n como universidad espa\u00f1ola que m\u00e1s contribuye al desarrollo regional - ULL - Noticias","robots":{"index":"index","follow":"follow","max-snippet":"max-snippet:-1","max-image-preview":"max-image-preview:large","max-video-preview":"max-video-preview:-1"},"canonical":"https:\/\/www.ull.es\/portal\/noticias\/2024\/la-ull-comparte-la-primera-posicion-como-universidad-espanola-que-mas-contribuye-al-desarrollo-regional\/","og_locale":"es_ES","og_type":"article","og_title":"La ULL comparte la primera posici\u00f3n como universidad espa\u00f1ola que m\u00e1s contribuye al desarrollo regional - ULL - Noticias","og_description":"La Universidad de La Laguna ha vuelto a revalidar su posici\u00f3n preferente como una de las instituciones que m\u00e1s contribuye...","og_url":"https:\/\/www.ull.es\/portal\/noticias\/2024\/la-ull-comparte-la-primera-posicion-como-universidad-espanola-que-mas-contribuye-al-desarrollo-regional\/","og_site_name":"ULL - Noticias","article_publisher":"https:\/\/www.facebook.com\/universidaddelalaguna\/","article_published_time":"2024-05-16T13:19:30+00:00","og_image":[{"width":1024,"height":682,"url":"https:\/\/www.ull.es\/portal\/noticias\/wp-content\/uploads\/sites\/13\/2023\/02\/edificio-central-ull.jpg","type":"image\/jpeg"}],"author":"gaprsa","twitter_card":"summary_large_image","twitter_creator":"@CanalULL","twitter_site":"@CanalULL","twitter_misc":{"Escrito por":"gaprsa","Tiempo de lectura":"2 minutos"},"schema":{"@context":"https:\/\/schema.org","@graph":[{"@type":"WebPage","@id":"https:\/\/www.ull.es\/portal\/noticias\/2024\/la-ull-comparte-la-primera-posicion-como-universidad-espanola-que-mas-contribuye-al-desarrollo-regional\/","url":"https:\/\/www.ull.es\/portal\/noticias\/2024\/la-ull-comparte-la-primera-posicion-como-universidad-espanola-que-mas-contribuye-al-desarrollo-regional\/","name":"La ULL comparte la primera posici\u00f3n como universidad espa\u00f1ola que m\u00e1s contribuye al desarrollo regional - ULL - Noticias","isPartOf":{"@id":"https:\/\/www.ull.es\/portal\/noticias\/#website"},"datePublished":"2024-05-16T13:19:30+00:00","dateModified":"2024-05-16T13:19:30+00:00","author":{"@id":"https:\/\/www.ull.es\/portal\/noticias\/#\/schema\/person\/b2b1a89d43ffa609e591f7df8ef3e817"},"breadcrumb":{"@id":"https:\/\/www.ull.es\/portal\/noticias\/2024\/la-ull-comparte-la-primera-posicion-como-universidad-espanola-que-mas-contribuye-al-desarrollo-regional\/#breadcrumb"},"inLanguage":"es","potentialAction":[{"@type":"ReadAction","target":["https:\/\/www.ull.es\/portal\/noticias\/2024\/la-ull-comparte-la-primera-posicion-como-universidad-espanola-que-mas-contribuye-al-desarrollo-regional\/"]}]},{"@type":"BreadcrumbList","@id":"https:\/\/www.ull.es\/portal\/noticias\/2024\/la-ull-comparte-la-primera-posicion-como-universidad-espanola-que-mas-contribuye-al-desarrollo-regional\/#breadcrumb","itemListElement":[{"@type":"ListItem","position":1,"name":"Portada","item":"https:\/\/www.ull.es\/portal\/noticias\/"},{"@type":"ListItem","position":2,"name":"La ULL comparte la primera posici\u00f3n como universidad espa\u00f1ola que m\u00e1s contribuye al desarrollo regional"}]},{"@type":"WebSite","@id":"https:\/\/www.ull.es\/portal\/noticias\/#website","url":"https:\/\/www.ull.es\/portal\/noticias\/","name":"ULL - Noticias","description":"","potentialAction":[{"@type":"SearchAction","target":{"@type":"EntryPoint","urlTemplate":"https:\/\/www.ull.es\/portal\/noticias\/?s={search_term_string}"},"query-input":"required name=search_term_string"}],"inLanguage":"es"},{"@type":"Person","@id":"https:\/\/www.ull.es\/portal\/noticias\/#\/schema\/person\/b2b1a89d43ffa609e591f7df8ef3e817","name":"gaprsa","image":{"@type":"ImageObject","inLanguage":"es","@id":"https:\/\/www.ull.es\/portal\/noticias\/#\/schema\/person\/image\/","url":"https:\/\/secure.gravatar.com\/avatar\/443820550921091458b4823867723b3d?s=96&d=mm&r=g","contentUrl":"https:\/\/secure.gravatar.com\/avatar\/443820550921091458b4823867723b3d?s=96&d=mm&r=g","caption":"gaprsa"},"url":"https:\/\/www.ull.es\/portal\/noticias\/author\/gaprsa\/"}]}},"primary_category":{"id":345,"name":"Destacado","slug":"destacado","link":"https:\/\/www.ull.es\/portal\/noticias\/category\/destacado\/"},"featured_image_thumbnail_url":"https:\/\/www.ull.es\/portal\/noticias\/wp-content\/uploads\/sites\/13\/2023\/02\/edificio-central-ull-300x200.jpg","_links":{"self":[{"href":"https:\/\/www.ull.es\/portal\/noticias\/wp-json\/wp\/v2\/posts\/75682"}],"collection":[{"href":"https:\/\/www.ull.es\/portal\/noticias\/wp-json\/wp\/v2\/posts"}],"about":[{"href":"https:\/\/www.ull.es\/portal\/noticias\/wp-json\/wp\/v2\/types\/post"}],"author":[{"embeddable":true,"href":"https:\/\/www.ull.es\/portal\/noticias\/wp-json\/wp\/v2\/users\/23"}],"replies":[{"embeddable":true,"href":"https:\/\/www.ull.es\/portal\/noticias\/wp-json\/wp\/v2\/comments?post=75682"}],"version-history":[{"count":1,"href":"https:\/\/www.ull.es\/portal\/noticias\/wp-json\/wp\/v2\/posts\/75682\/revisions"}],"predecessor-version":[{"id":75683,"href":"https:\/\/www.ull.es\/portal\/noticias\/wp-json\/wp\/v2\/posts\/75682\/revisions\/75683"}],"wp:featuredmedia":[{"embeddable":true,"href":"https:\/\/www.ull.es\/portal\/noticias\/wp-json\/wp\/v2\/media\/67523"}],"wp:attachment":[{"href":"https:\/\/www.ull.es\/portal\/noticias\/wp-json\/wp\/v2\/media?parent=75682"}],"wp:term":[{"taxonomy":"category","embeddable":true,"href":"https:\/\/www.ull.es\/portal\/noticias\/wp-json\/wp\/v2\/categories?post=75682"},{"taxonomy":"post_tag","embeddable":true,"href":"https:\/\/www.ull.es\/portal\/noticias\/wp-json\/wp\/v2\/tags?post=75682"}],"curies":[{"name":"wp","href":"https:\/\/api.w.org\/{rel}","templated":true}]}}