{"id":75719,"date":"2024-05-17T14:05:42","date_gmt":"2024-05-17T14:05:42","guid":{"rendered":"https:\/\/www.ull.es\/portal\/noticias\/?p=75719"},"modified":"2024-05-17T14:05:42","modified_gmt":"2024-05-17T14:05:42","slug":"la-universidad-de-la-laguna-se-manifiesta-contra-la-lgtbifobia-y-en-defensa-de-los-derechos-humanos","status":"publish","type":"post","link":"https:\/\/www.ull.es\/portal\/noticias\/2024\/la-universidad-de-la-laguna-se-manifiesta-contra-la-lgtbifobia-y-en-defensa-de-los-derechos-humanos\/","title":{"rendered":"La Universidad de La Laguna se manifiesta contra la LGTBIfobia y en defensa de los derechos humanos"},"content":{"rendered":"<p>Hoy se conmemoran 34 a\u00f1os desde que en 1990 la homosexualidad fuera retirada del manual de enfermedades mentales de la Organizaci\u00f3n Mundial de la Salud, dejando de tratar como patolog\u00edas las disidencias sexuales y de g\u00e9nero. M\u00e1s de tres d\u00e9cadas despu\u00e9s, la Universidad de la Laguna ha vuelto a manifestarse en favor de la igualdad, la libertad y la justicia. As\u00ed reza el comienzo del manifiesto le\u00eddo hoy 17 de mayo en las escalinatas del Edificio Central del centro acad\u00e9mico, en el D\u00eda Internacional contra la Homofobia, Transfobia y Bifobia.<\/p>\n<p style=\"text-align: center\"><a href=\"https:\/\/drive.google.com\/drive\/folders\/1cyOqmIcEJ7WfhQmy9Ody31eQr_SzOXIl?usp=sharing\" target=\"_blank\" rel=\"noopener\"><strong>Galer\u00eda gr\u00e1fica<\/strong><\/a><\/p>\n<p>La instituci\u00f3n docente considera as\u00ed que a\u00fan hoy la discriminaci\u00f3n de las personas por su opci\u00f3n sexual sigue siendo una realidad palpable, prosigue el documento, como lo demuestra un estudio reciente de <em>40dB <\/em>para la FELGTBI+, en el que se se\u00f1ala que un 83% de las personas LGTBIQ+ han sufrido vejaciones por su diversidad sexual en m\u00e1s de una ocasi\u00f3n en los \u00faltimos cinco a\u00f1os.<\/p>\n<p><a href=\"https:\/\/www.ull.es\/portal\/noticias\/wp-content\/uploads\/sites\/13\/2024\/05\/Dia-contra-homofobia-03.jpg\" target=\"_blank\" rel=\"noopener\"><img decoding=\"async\" loading=\"lazy\" class=\"alignleft size-medium wp-image-75722\" src=\"https:\/\/www.ull.es\/portal\/noticias\/wp-content\/uploads\/sites\/13\/2024\/05\/Dia-contra-homofobia-03-300x200.jpg\" alt=\"\" width=\"300\" height=\"200\" srcset=\"https:\/\/www.ull.es\/portal\/noticias\/wp-content\/uploads\/sites\/13\/2024\/05\/Dia-contra-homofobia-03-300x200.jpg 300w, https:\/\/www.ull.es\/portal\/noticias\/wp-content\/uploads\/sites\/13\/2024\/05\/Dia-contra-homofobia-03-1024x682.jpg 1024w, https:\/\/www.ull.es\/portal\/noticias\/wp-content\/uploads\/sites\/13\/2024\/05\/Dia-contra-homofobia-03-768x512.jpg 768w, https:\/\/www.ull.es\/portal\/noticias\/wp-content\/uploads\/sites\/13\/2024\/05\/Dia-contra-homofobia-03-375x250.jpg 375w, https:\/\/www.ull.es\/portal\/noticias\/wp-content\/uploads\/sites\/13\/2024\/05\/Dia-contra-homofobia-03-750x500.jpg 750w, https:\/\/www.ull.es\/portal\/noticias\/wp-content\/uploads\/sites\/13\/2024\/05\/Dia-contra-homofobia-03.jpg 1100w\" sizes=\"(max-width: 300px) 100vw, 300px\" \/><\/a>Adem\u00e1s, la investigaci\u00f3n destaca que solo se denuncia un 16,5% de las agresiones de odio que experimenta este colectivo. \u201cNo nos olvidamos de mencionar a las v\u00edctimas de acoso en las aulas y fuera de ellas, as\u00ed como a las personas trans y no binarias a las que se les niega el reconocimiento legal de su g\u00e9nero, y que se ven envueltas en una lucha diaria para que se escuchen sus voces\u201d, se\u00f1alaron los representantes del Aula Cultural de Diversidad LGTBIQ+ adscrita a la Universidad de La Laguna.<\/p>\n<p>Nuevamente, la instituci\u00f3n acad\u00e9mica ha izado hoy la bandera arco\u00edris, \u201cen una centenaria instituci\u00f3n p\u00fablica que responde a su tiempo y es capaz de entender que la diversidad sexual, familiar y de g\u00e9nero forma parte de la vida privada e intransferible de cada persona, que nadie tiene derecho a cuestionar su existencia, ni a difundir discursos de odio que atenten contra su dignidad y el libre desarrollo de su personalidad\u201d, afirma el <a href=\"https:\/\/drive.google.com\/file\/d\/1a66FIm7Y042DEzxuworCJOSwBWSHJkLS\/view?usp=sharing\" target=\"_blank\" rel=\"noopener\">manifiesto<\/a>.<\/p>\n<p>Se record\u00f3 adem\u00e1s que el centro acad\u00e9mico dispone de un reglamento de atenci\u00f3n a la diversidad de g\u00e9nero y de acompa\u00f1amiento a los estudiantes trans que ya lleva tres cursos en funcionamiento y que suma m\u00e1s de sesenta integrantes de la comunidad universitaria que impulsan acciones que visibilizan\u00a0la diversidad sexual, familiar y de g\u00e9nero en nuestra universidad.<\/p>\n<p>Por su parte, el rector de la Universidad de La Laguna, Francisco Garc\u00eda, sostuvo que esta jornada \u201cnos interpela como instituci\u00f3n acad\u00e9mica, nos invita a reafirmar nuestro compromiso con los<a href=\"https:\/\/www.ull.es\/portal\/noticias\/wp-content\/uploads\/sites\/13\/2024\/05\/Dia-contra-homofobia-09.jpg\" target=\"_blank\" rel=\"noopener\"><img decoding=\"async\" loading=\"lazy\" class=\"alignright size-medium wp-image-75720\" src=\"https:\/\/www.ull.es\/portal\/noticias\/wp-content\/uploads\/sites\/13\/2024\/05\/Dia-contra-homofobia-09-300x200.jpg\" alt=\"\" width=\"300\" height=\"200\" srcset=\"https:\/\/www.ull.es\/portal\/noticias\/wp-content\/uploads\/sites\/13\/2024\/05\/Dia-contra-homofobia-09-300x200.jpg 300w, https:\/\/www.ull.es\/portal\/noticias\/wp-content\/uploads\/sites\/13\/2024\/05\/Dia-contra-homofobia-09-1024x682.jpg 1024w, https:\/\/www.ull.es\/portal\/noticias\/wp-content\/uploads\/sites\/13\/2024\/05\/Dia-contra-homofobia-09-768x512.jpg 768w, https:\/\/www.ull.es\/portal\/noticias\/wp-content\/uploads\/sites\/13\/2024\/05\/Dia-contra-homofobia-09-375x250.jpg 375w, https:\/\/www.ull.es\/portal\/noticias\/wp-content\/uploads\/sites\/13\/2024\/05\/Dia-contra-homofobia-09-750x500.jpg 750w, https:\/\/www.ull.es\/portal\/noticias\/wp-content\/uploads\/sites\/13\/2024\/05\/Dia-contra-homofobia-09.jpg 1100w\" sizes=\"(max-width: 300px) 100vw, 300px\" \/><\/a> derechos humanos y a luchar contra todas las formas de discriminaci\u00f3n y odio\u201d.\u00a0Apunt\u00f3 que en la instituci\u00f3n docente se valora la diversidad como una fortaleza. \u201cNuestro compromiso es fomentar un ambiente seguro donde cada persona pueda expresarse libremente y alcanzar su m\u00e1ximo potencial\u201d.<\/p>\n<p>Tambi\u00e9n reconoci\u00f3 los desaf\u00edos que a\u00fan enfrentan las personas LGBTIQ+ en todo el mundo. \u201cEs nuestra responsabilidad, como instituci\u00f3n educativa, educar y sensibilizar promoviendo el respeto y la igualdad. Debemos ser aliadas y aliados activos, denunciando la intolerancia y apoyando a quienes resulten afectados por ella\u201d.<\/p>\n<p>&nbsp;<\/p>\n","protected":false},"excerpt":{"rendered":"<p>Hoy se conmemoran 34 a\u00f1os desde que en 1990 la homosexualidad fuera retirada del manual de enfermedades mentales de la&#8230;<\/p>\n","protected":false},"author":23,"featured_media":75721,"comment_status":"closed","ping_status":"closed","sticky":false,"template":"","format":"standard","meta":{"inline_featured_image":false,"footnotes":""},"categories":[345,348,2765],"tags":[],"acf":[],"yoast_head":"<!-- This site is optimized with the Yoast SEO plugin v21.3 - https:\/\/yoast.com\/wordpress\/plugins\/seo\/ -->\n<title>La Universidad de La Laguna se manifiesta contra la LGTBIfobia y en defensa de los derechos humanos - ULL - Noticias<\/title>\n<meta name=\"robots\" content=\"index, follow, max-snippet:-1, max-image-preview:large, max-video-preview:-1\" \/>\n<link rel=\"canonical\" href=\"https:\/\/www.ull.es\/portal\/noticias\/2024\/la-universidad-de-la-laguna-se-manifiesta-contra-la-lgtbifobia-y-en-defensa-de-los-derechos-humanos\/\" \/>\n<meta property=\"og:locale\" content=\"es_ES\" \/>\n<meta property=\"og:type\" content=\"article\" \/>\n<meta property=\"og:title\" content=\"La Universidad de La Laguna se manifiesta contra la LGTBIfobia y en defensa de los derechos humanos - ULL - Noticias\" \/>\n<meta property=\"og:description\" content=\"Hoy se conmemoran 34 a\u00f1os desde que en 1990 la homosexualidad fuera retirada del manual de enfermedades mentales de la...\" \/>\n<meta property=\"og:url\" content=\"https:\/\/www.ull.es\/portal\/noticias\/2024\/la-universidad-de-la-laguna-se-manifiesta-contra-la-lgtbifobia-y-en-defensa-de-los-derechos-humanos\/\" \/>\n<meta property=\"og:site_name\" content=\"ULL - Noticias\" \/>\n<meta property=\"article:publisher\" content=\"https:\/\/www.facebook.com\/universidaddelalaguna\/\" \/>\n<meta property=\"article:published_time\" content=\"2024-05-17T14:05:42+00:00\" \/>\n<meta property=\"og:image\" content=\"https:\/\/www.ull.es\/portal\/noticias\/wp-content\/uploads\/sites\/13\/2024\/05\/Dia-contra-homofobia-04.jpg\" \/>\n\t<meta property=\"og:image:width\" content=\"1100\" \/>\n\t<meta property=\"og:image:height\" content=\"733\" \/>\n\t<meta property=\"og:image:type\" content=\"image\/jpeg\" \/>\n<meta name=\"author\" content=\"gaprsa\" \/>\n<meta name=\"twitter:card\" content=\"summary_large_image\" \/>\n<meta name=\"twitter:creator\" content=\"@CanalULL\" \/>\n<meta name=\"twitter:site\" content=\"@CanalULL\" \/>\n<meta name=\"twitter:label1\" content=\"Escrito por\" \/>\n\t<meta name=\"twitter:data1\" content=\"gaprsa\" \/>\n\t<meta name=\"twitter:label2\" content=\"Tiempo de lectura\" \/>\n\t<meta name=\"twitter:data2\" content=\"3 minutos\" \/>\n<script type=\"application\/ld+json\" class=\"yoast-schema-graph\">{\"@context\":\"https:\/\/schema.org\",\"@graph\":[{\"@type\":\"WebPage\",\"@id\":\"https:\/\/www.ull.es\/portal\/noticias\/2024\/la-universidad-de-la-laguna-se-manifiesta-contra-la-lgtbifobia-y-en-defensa-de-los-derechos-humanos\/\",\"url\":\"https:\/\/www.ull.es\/portal\/noticias\/2024\/la-universidad-de-la-laguna-se-manifiesta-contra-la-lgtbifobia-y-en-defensa-de-los-derechos-humanos\/\",\"name\":\"La Universidad de La Laguna se manifiesta contra la LGTBIfobia y en defensa de los derechos humanos - ULL - Noticias\",\"isPartOf\":{\"@id\":\"https:\/\/www.ull.es\/portal\/noticias\/#website\"},\"datePublished\":\"2024-05-17T14:05:42+00:00\",\"dateModified\":\"2024-05-17T14:05:42+00:00\",\"author\":{\"@id\":\"https:\/\/www.ull.es\/portal\/noticias\/#\/schema\/person\/b2b1a89d43ffa609e591f7df8ef3e817\"},\"breadcrumb\":{\"@id\":\"https:\/\/www.ull.es\/portal\/noticias\/2024\/la-universidad-de-la-laguna-se-manifiesta-contra-la-lgtbifobia-y-en-defensa-de-los-derechos-humanos\/#breadcrumb\"},\"inLanguage\":\"es\",\"potentialAction\":[{\"@type\":\"ReadAction\",\"target\":[\"https:\/\/www.ull.es\/portal\/noticias\/2024\/la-universidad-de-la-laguna-se-manifiesta-contra-la-lgtbifobia-y-en-defensa-de-los-derechos-humanos\/\"]}]},{\"@type\":\"BreadcrumbList\",\"@id\":\"https:\/\/www.ull.es\/portal\/noticias\/2024\/la-universidad-de-la-laguna-se-manifiesta-contra-la-lgtbifobia-y-en-defensa-de-los-derechos-humanos\/#breadcrumb\",\"itemListElement\":[{\"@type\":\"ListItem\",\"position\":1,\"name\":\"Portada\",\"item\":\"https:\/\/www.ull.es\/portal\/noticias\/\"},{\"@type\":\"ListItem\",\"position\":2,\"name\":\"La Universidad de La Laguna se manifiesta contra la LGTBIfobia y en defensa de los derechos humanos\"}]},{\"@type\":\"WebSite\",\"@id\":\"https:\/\/www.ull.es\/portal\/noticias\/#website\",\"url\":\"https:\/\/www.ull.es\/portal\/noticias\/\",\"name\":\"ULL - Noticias\",\"description\":\"\",\"potentialAction\":[{\"@type\":\"SearchAction\",\"target\":{\"@type\":\"EntryPoint\",\"urlTemplate\":\"https:\/\/www.ull.es\/portal\/noticias\/?s={search_term_string}\"},\"query-input\":\"required name=search_term_string\"}],\"inLanguage\":\"es\"},{\"@type\":\"Person\",\"@id\":\"https:\/\/www.ull.es\/portal\/noticias\/#\/schema\/person\/b2b1a89d43ffa609e591f7df8ef3e817\",\"name\":\"gaprsa\",\"image\":{\"@type\":\"ImageObject\",\"inLanguage\":\"es\",\"@id\":\"https:\/\/www.ull.es\/portal\/noticias\/#\/schema\/person\/image\/\",\"url\":\"https:\/\/secure.gravatar.com\/avatar\/443820550921091458b4823867723b3d?s=96&d=mm&r=g\",\"contentUrl\":\"https:\/\/secure.gravatar.com\/avatar\/443820550921091458b4823867723b3d?s=96&d=mm&r=g\",\"caption\":\"gaprsa\"},\"url\":\"https:\/\/www.ull.es\/portal\/noticias\/author\/gaprsa\/\"}]}<\/script>\n<!-- \/ Yoast SEO plugin. -->","yoast_head_json":{"title":"La Universidad de La Laguna se manifiesta contra la LGTBIfobia y en defensa de los derechos humanos - ULL - Noticias","robots":{"index":"index","follow":"follow","max-snippet":"max-snippet:-1","max-image-preview":"max-image-preview:large","max-video-preview":"max-video-preview:-1"},"canonical":"https:\/\/www.ull.es\/portal\/noticias\/2024\/la-universidad-de-la-laguna-se-manifiesta-contra-la-lgtbifobia-y-en-defensa-de-los-derechos-humanos\/","og_locale":"es_ES","og_type":"article","og_title":"La Universidad de La Laguna se manifiesta contra la LGTBIfobia y en defensa de los derechos humanos - ULL - Noticias","og_description":"Hoy se conmemoran 34 a\u00f1os desde que en 1990 la homosexualidad fuera retirada del manual de enfermedades mentales de la...","og_url":"https:\/\/www.ull.es\/portal\/noticias\/2024\/la-universidad-de-la-laguna-se-manifiesta-contra-la-lgtbifobia-y-en-defensa-de-los-derechos-humanos\/","og_site_name":"ULL - Noticias","article_publisher":"https:\/\/www.facebook.com\/universidaddelalaguna\/","article_published_time":"2024-05-17T14:05:42+00:00","og_image":[{"width":1100,"height":733,"url":"https:\/\/www.ull.es\/portal\/noticias\/wp-content\/uploads\/sites\/13\/2024\/05\/Dia-contra-homofobia-04.jpg","type":"image\/jpeg"}],"author":"gaprsa","twitter_card":"summary_large_image","twitter_creator":"@CanalULL","twitter_site":"@CanalULL","twitter_misc":{"Escrito por":"gaprsa","Tiempo de lectura":"3 minutos"},"schema":{"@context":"https:\/\/schema.org","@graph":[{"@type":"WebPage","@id":"https:\/\/www.ull.es\/portal\/noticias\/2024\/la-universidad-de-la-laguna-se-manifiesta-contra-la-lgtbifobia-y-en-defensa-de-los-derechos-humanos\/","url":"https:\/\/www.ull.es\/portal\/noticias\/2024\/la-universidad-de-la-laguna-se-manifiesta-contra-la-lgtbifobia-y-en-defensa-de-los-derechos-humanos\/","name":"La Universidad de La Laguna se manifiesta contra la LGTBIfobia y en defensa de los derechos humanos - ULL - Noticias","isPartOf":{"@id":"https:\/\/www.ull.es\/portal\/noticias\/#website"},"datePublished":"2024-05-17T14:05:42+00:00","dateModified":"2024-05-17T14:05:42+00:00","author":{"@id":"https:\/\/www.ull.es\/portal\/noticias\/#\/schema\/person\/b2b1a89d43ffa609e591f7df8ef3e817"},"breadcrumb":{"@id":"https:\/\/www.ull.es\/portal\/noticias\/2024\/la-universidad-de-la-laguna-se-manifiesta-contra-la-lgtbifobia-y-en-defensa-de-los-derechos-humanos\/#breadcrumb"},"inLanguage":"es","potentialAction":[{"@type":"ReadAction","target":["https:\/\/www.ull.es\/portal\/noticias\/2024\/la-universidad-de-la-laguna-se-manifiesta-contra-la-lgtbifobia-y-en-defensa-de-los-derechos-humanos\/"]}]},{"@type":"BreadcrumbList","@id":"https:\/\/www.ull.es\/portal\/noticias\/2024\/la-universidad-de-la-laguna-se-manifiesta-contra-la-lgtbifobia-y-en-defensa-de-los-derechos-humanos\/#breadcrumb","itemListElement":[{"@type":"ListItem","position":1,"name":"Portada","item":"https:\/\/www.ull.es\/portal\/noticias\/"},{"@type":"ListItem","position":2,"name":"La Universidad de La Laguna se manifiesta contra la LGTBIfobia y en defensa de los derechos humanos"}]},{"@type":"WebSite","@id":"https:\/\/www.ull.es\/portal\/noticias\/#website","url":"https:\/\/www.ull.es\/portal\/noticias\/","name":"ULL - Noticias","description":"","potentialAction":[{"@type":"SearchAction","target":{"@type":"EntryPoint","urlTemplate":"https:\/\/www.ull.es\/portal\/noticias\/?s={search_term_string}"},"query-input":"required name=search_term_string"}],"inLanguage":"es"},{"@type":"Person","@id":"https:\/\/www.ull.es\/portal\/noticias\/#\/schema\/person\/b2b1a89d43ffa609e591f7df8ef3e817","name":"gaprsa","image":{"@type":"ImageObject","inLanguage":"es","@id":"https:\/\/www.ull.es\/portal\/noticias\/#\/schema\/person\/image\/","url":"https:\/\/secure.gravatar.com\/avatar\/443820550921091458b4823867723b3d?s=96&d=mm&r=g","contentUrl":"https:\/\/secure.gravatar.com\/avatar\/443820550921091458b4823867723b3d?s=96&d=mm&r=g","caption":"gaprsa"},"url":"https:\/\/www.ull.es\/portal\/noticias\/author\/gaprsa\/"}]}},"primary_category":{"id":345,"name":"Destacado","slug":"destacado","link":"https:\/\/www.ull.es\/portal\/noticias\/category\/destacado\/"},"featured_image_thumbnail_url":"https:\/\/www.ull.es\/portal\/noticias\/wp-content\/uploads\/sites\/13\/2024\/05\/Dia-contra-homofobia-04-300x200.jpg","_links":{"self":[{"href":"https:\/\/www.ull.es\/portal\/noticias\/wp-json\/wp\/v2\/posts\/75719"}],"collection":[{"href":"https:\/\/www.ull.es\/portal\/noticias\/wp-json\/wp\/v2\/posts"}],"about":[{"href":"https:\/\/www.ull.es\/portal\/noticias\/wp-json\/wp\/v2\/types\/post"}],"author":[{"embeddable":true,"href":"https:\/\/www.ull.es\/portal\/noticias\/wp-json\/wp\/v2\/users\/23"}],"replies":[{"embeddable":true,"href":"https:\/\/www.ull.es\/portal\/noticias\/wp-json\/wp\/v2\/comments?post=75719"}],"version-history":[{"count":1,"href":"https:\/\/www.ull.es\/portal\/noticias\/wp-json\/wp\/v2\/posts\/75719\/revisions"}],"predecessor-version":[{"id":75723,"href":"https:\/\/www.ull.es\/portal\/noticias\/wp-json\/wp\/v2\/posts\/75719\/revisions\/75723"}],"wp:featuredmedia":[{"embeddable":true,"href":"https:\/\/www.ull.es\/portal\/noticias\/wp-json\/wp\/v2\/media\/75721"}],"wp:attachment":[{"href":"https:\/\/www.ull.es\/portal\/noticias\/wp-json\/wp\/v2\/media?parent=75719"}],"wp:term":[{"taxonomy":"category","embeddable":true,"href":"https:\/\/www.ull.es\/portal\/noticias\/wp-json\/wp\/v2\/categories?post=75719"},{"taxonomy":"post_tag","embeddable":true,"href":"https:\/\/www.ull.es\/portal\/noticias\/wp-json\/wp\/v2\/tags?post=75719"}],"curies":[{"name":"wp","href":"https:\/\/api.w.org\/{rel}","templated":true}]}}