{"id":75784,"date":"2024-05-22T14:18:29","date_gmt":"2024-05-22T14:18:29","guid":{"rendered":"https:\/\/www.ull.es\/portal\/noticias\/?p=75784"},"modified":"2024-05-22T14:18:29","modified_gmt":"2024-05-22T14:18:29","slug":"el-consejo-de-gobierno-de-la-universidad-de-la-laguna-aprueba-la-liquidacion-de-cuentas-de-2023","status":"publish","type":"post","link":"https:\/\/www.ull.es\/portal\/noticias\/2024\/el-consejo-de-gobierno-de-la-universidad-de-la-laguna-aprueba-la-liquidacion-de-cuentas-de-2023\/","title":{"rendered":"El Consejo de Gobierno de la Universidad de La Laguna aprueba la liquidaci\u00f3n de cuentas de 2023"},"content":{"rendered":"<p>El Consejo de Gobierno de la Universidad de La Laguna dio hoy 22 de mayo su visto bueno a la liquidaci\u00f3n del ejercicio de 2023, que fue aprobada por unanimidad. Esta rendici\u00f3n de cuentas fue presentada por la gerenta de la instituci\u00f3n acad\u00e9mica, Teresa Covisa, y ser\u00e1 remitida ahora al Consejo Social para su ratificaci\u00f3n definitiva.\u00a0Covisa se\u00f1al\u00f3 que 2023 fue un ejercicio algo peculiar, marcado por las elecciones al Rectorado de la instituci\u00f3n, pero tambi\u00e9n de la comunidad aut\u00f3noma, adem\u00e1s de la entrada en vigor de la Ley Org\u00e1nica del Sistema Universitario (LOSU), sin financiaci\u00f3n espec\u00edfica para su cumplimiento.<\/p>\n<p>El presupuesto del ejercicio anterior se elev\u00f3 a 166 millones, con un nivel de ejecuci\u00f3n global del 90,6%. En cuanto al cap\u00edtulo de ingresos, destac\u00f3 que inicialmente estaba previsto contar con 162 millones, pero que hubo que incorporar distintos fondos propios en el transcurso del ejercicio, provenientes tanto de instancias europeas como regionales, hasta llegar a los m\u00e1s de 166 millones finales. Teresa Covisa aprovech\u00f3 su intervenci\u00f3n para felicitar a los investigadores e investigadoras por esta captaci\u00f3n de recursos competitivos, lo que da cuenta de la buena salud de la instituci\u00f3n<\/p>\n<div id=\"attachment_75788\" style=\"width: 310px\" class=\"wp-caption alignright\"><a href=\"https:\/\/www.ull.es\/portal\/noticias\/wp-content\/uploads\/sites\/13\/2024\/05\/Cons-Gobierno-22-teresa-covisa-gerenta.jpg\" target=\"_blank\" rel=\"noopener\"><img aria-describedby=\"caption-attachment-75788\" decoding=\"async\" loading=\"lazy\" class=\"size-medium wp-image-75788\" src=\"https:\/\/www.ull.es\/portal\/noticias\/wp-content\/uploads\/sites\/13\/2024\/05\/Cons-Gobierno-22-teresa-covisa-gerenta-300x200.jpg\" alt=\"\" width=\"300\" height=\"200\" srcset=\"https:\/\/www.ull.es\/portal\/noticias\/wp-content\/uploads\/sites\/13\/2024\/05\/Cons-Gobierno-22-teresa-covisa-gerenta-300x200.jpg 300w, https:\/\/www.ull.es\/portal\/noticias\/wp-content\/uploads\/sites\/13\/2024\/05\/Cons-Gobierno-22-teresa-covisa-gerenta-1024x682.jpg 1024w, https:\/\/www.ull.es\/portal\/noticias\/wp-content\/uploads\/sites\/13\/2024\/05\/Cons-Gobierno-22-teresa-covisa-gerenta-768x512.jpg 768w, https:\/\/www.ull.es\/portal\/noticias\/wp-content\/uploads\/sites\/13\/2024\/05\/Cons-Gobierno-22-teresa-covisa-gerenta-375x250.jpg 375w, https:\/\/www.ull.es\/portal\/noticias\/wp-content\/uploads\/sites\/13\/2024\/05\/Cons-Gobierno-22-teresa-covisa-gerenta-750x500.jpg 750w, https:\/\/www.ull.es\/portal\/noticias\/wp-content\/uploads\/sites\/13\/2024\/05\/Cons-Gobierno-22-teresa-covisa-gerenta.jpg 1100w\" sizes=\"(max-width: 300px) 100vw, 300px\" \/><\/a><p id=\"caption-attachment-75788\" class=\"wp-caption-text\">Teresa Covisa, gerenta de la instituci\u00f3n acad\u00e9mica.<\/p><\/div>\n<p>como polo de atracci\u00f3n y de gesti\u00f3n de talento.<\/p>\n<p>La responsable del estado de ingresos y gastos de la universidad explic\u00f3 adem\u00e1s que el centro acad\u00e9mico ha reforzado su capacidad de pago a proveedores, con menos cantidades pendientes de abono y tiempos m\u00e1s r\u00e1pidos de resoluci\u00f3n, lo que resulta muy significativo, dijo, teniendo en cuenta adem\u00e1s que la Universidad de La Laguna dispone de 89 centros de gasto, distribuidos por todos los campus.<\/p>\n<p>El gran reto de esta instituci\u00f3n y de todas las administraciones p\u00fablicas consiste en acelerar y modernizar la gesti\u00f3n administrativa, precis\u00f3 Covisa, y por ello adelant\u00f3 que toda la comunidad universitaria ser\u00e1 invitada a participar en el plan de modernizaci\u00f3n de la universidad, en la idea de contar as\u00ed con el mayor n\u00famero de voces para conformar la hoja de ruta de los pr\u00f3ximos a\u00f1os en esta materia.<\/p>\n<p>La propia gerenta defendi\u00f3 adem\u00e1s el expediente de suplemento de cr\u00e9dito para agilizar el despliegue de todas las convocatorias de plazas previstas para 2024, de acuerdo con la legislaci\u00f3n vigente, lo que tambi\u00e9n fue aprobado, as\u00ed como la concesi\u00f3n de complementos retributivos al profesorado.<\/p>\n<p>Por su parte, el vicerrector de Docencia, Jos\u00e9 Manuel Garc\u00eda Fraga, present\u00f3 nuevas propuestas de t\u00edtulos propios para su puesta en marcha en el curso 2024\/25, a saber: Certificado de Formaci\u00f3n Espec\u00edfica en Administraci\u00f3n de Fincas y Gesti\u00f3n Inmobiliaria, Experto en Caracter\u00edsticas y Necesidades del Alumnado de Altas Capacidades Intelectuales, Experto en Neurociencia Afectiva y Psicolog\u00eda Cl\u00ednica, Experto en Gesti\u00f3n de Entidades de Econom\u00eda Social y Solidaria y, finalmente, el M\u00e1ster de Formaci\u00f3n Permanente en Terapia Familiar.<\/p>\n<div id=\"attachment_75786\" style=\"width: 310px\" class=\"wp-caption alignleft\"><a href=\"https:\/\/www.ull.es\/portal\/noticias\/wp-content\/uploads\/sites\/13\/2024\/05\/Cons-Gobierno-22-5-06.jpg\" target=\"_blank\" rel=\"noopener\"><img aria-describedby=\"caption-attachment-75786\" decoding=\"async\" loading=\"lazy\" class=\"size-medium wp-image-75786\" src=\"https:\/\/www.ull.es\/portal\/noticias\/wp-content\/uploads\/sites\/13\/2024\/05\/Cons-Gobierno-22-5-06-300x200.jpg\" alt=\"\" width=\"300\" height=\"200\" srcset=\"https:\/\/www.ull.es\/portal\/noticias\/wp-content\/uploads\/sites\/13\/2024\/05\/Cons-Gobierno-22-5-06-300x200.jpg 300w, https:\/\/www.ull.es\/portal\/noticias\/wp-content\/uploads\/sites\/13\/2024\/05\/Cons-Gobierno-22-5-06-1024x682.jpg 1024w, https:\/\/www.ull.es\/portal\/noticias\/wp-content\/uploads\/sites\/13\/2024\/05\/Cons-Gobierno-22-5-06-768x512.jpg 768w, https:\/\/www.ull.es\/portal\/noticias\/wp-content\/uploads\/sites\/13\/2024\/05\/Cons-Gobierno-22-5-06-375x250.jpg 375w, https:\/\/www.ull.es\/portal\/noticias\/wp-content\/uploads\/sites\/13\/2024\/05\/Cons-Gobierno-22-5-06-750x500.jpg 750w, https:\/\/www.ull.es\/portal\/noticias\/wp-content\/uploads\/sites\/13\/2024\/05\/Cons-Gobierno-22-5-06.jpg 1100w\" sizes=\"(max-width: 300px) 100vw, 300px\" \/><\/a><p id=\"caption-attachment-75786\" class=\"wp-caption-text\">El rector, Francisco Garc\u00eda, en un momento de la sesi\u00f3n.<\/p><\/div>\n<p><strong>Negociaciones sobre el contrato-programa<\/strong><\/p>\n<p>El rector de la Universidad de La Laguna, Francisco Garc\u00eda, se\u00f1al\u00f3 al inicio de la sesi\u00f3n plenaria que la instituci\u00f3n precisa de un mayor esfuerzo financiero para cumplir con las exigencias de la LOSU, al tiempo que destac\u00f3 que se sigue negociando con el ejecutivo regional para concretar la elaboraci\u00f3n del contrato programa, toda vez que ya se ha iniciado una nueva legislatura y un nuevo mandato rectoral. En este sentido, se\u00f1al\u00f3 que ya hay reuniones convocadas, en la medida que la Consejer\u00eda de Universidades ya ha nombrado un nuevo grupo de expertos. El rector fue muy expl\u00edcito en relatar la urgencia y la importancia de este proceso: \u201cNecesitamos tener claro el horizonte financiero de esta universidad, porque est\u00e1 en juego la viabilidad de este servicio p\u00fablico de educaci\u00f3n superior, tan necesario para esta regi\u00f3n\u201d.<\/p>\n<p>En este contexto, Francisco Garc\u00eda defendi\u00f3 la oportunidad de un pacto dentro de la universidad para estar unidos y afrontar con una sola voz las negociaciones a corto plazo en el \u00e1mbito regional, y sostuvo que aportar\u00e1n la mayor transparencia en este proceso, dando a conocer los avances que se vayan produciendo.<\/p>\n<p>En otro orden de asuntos, el \u00f3rgano colegiado dio su conformidad a la creaci\u00f3n de la C\u00e1tedra interuniversitaria de Turismo, Sostenibilidad e Inteligencia de Datos, destinada a reforzar la toma de decisiones sobre los nuevos retos que afronta el turismo internacional, y que es fruto de un convenio de colaboraci\u00f3n suscrito con la Consejer\u00eda de Empleo y Turismo del Gobierno de Canarias.<\/p>\n","protected":false},"excerpt":{"rendered":"<p>El Consejo de Gobierno de la Universidad de La Laguna dio hoy 22 de mayo su visto bueno a la&#8230;<\/p>\n","protected":false},"author":23,"featured_media":75787,"comment_status":"closed","ping_status":"closed","sticky":false,"template":"","format":"standard","meta":{"inline_featured_image":false,"footnotes":""},"categories":[345,347,2765],"tags":[],"acf":[],"yoast_head":"<!-- This site is optimized with the Yoast SEO plugin v21.3 - https:\/\/yoast.com\/wordpress\/plugins\/seo\/ -->\n<title>El Consejo de Gobierno de la Universidad de La Laguna aprueba la liquidaci\u00f3n de cuentas de 2023 - ULL - Noticias<\/title>\n<meta name=\"robots\" content=\"index, follow, max-snippet:-1, max-image-preview:large, max-video-preview:-1\" \/>\n<link rel=\"canonical\" href=\"https:\/\/www.ull.es\/portal\/noticias\/2024\/el-consejo-de-gobierno-de-la-universidad-de-la-laguna-aprueba-la-liquidacion-de-cuentas-de-2023\/\" \/>\n<meta property=\"og:locale\" content=\"es_ES\" \/>\n<meta property=\"og:type\" content=\"article\" \/>\n<meta property=\"og:title\" content=\"El Consejo de Gobierno de la Universidad de La Laguna aprueba la liquidaci\u00f3n de cuentas de 2023 - ULL - Noticias\" \/>\n<meta property=\"og:description\" content=\"El Consejo de Gobierno de la Universidad de La Laguna dio hoy 22 de mayo su visto bueno a la...\" \/>\n<meta property=\"og:url\" content=\"https:\/\/www.ull.es\/portal\/noticias\/2024\/el-consejo-de-gobierno-de-la-universidad-de-la-laguna-aprueba-la-liquidacion-de-cuentas-de-2023\/\" \/>\n<meta property=\"og:site_name\" content=\"ULL - Noticias\" \/>\n<meta property=\"article:publisher\" content=\"https:\/\/www.facebook.com\/universidaddelalaguna\/\" \/>\n<meta property=\"article:published_time\" content=\"2024-05-22T14:18:29+00:00\" \/>\n<meta property=\"og:image\" content=\"https:\/\/www.ull.es\/portal\/noticias\/wp-content\/uploads\/sites\/13\/2024\/05\/Cons-Gobierno-22-5-25.jpg\" \/>\n\t<meta property=\"og:image:width\" content=\"1100\" \/>\n\t<meta property=\"og:image:height\" content=\"733\" \/>\n\t<meta property=\"og:image:type\" content=\"image\/jpeg\" \/>\n<meta name=\"author\" content=\"gaprsa\" \/>\n<meta name=\"twitter:card\" content=\"summary_large_image\" \/>\n<meta name=\"twitter:creator\" content=\"@CanalULL\" \/>\n<meta name=\"twitter:site\" content=\"@CanalULL\" \/>\n<meta name=\"twitter:label1\" content=\"Escrito por\" \/>\n\t<meta name=\"twitter:data1\" content=\"gaprsa\" \/>\n\t<meta name=\"twitter:label2\" content=\"Tiempo de lectura\" \/>\n\t<meta name=\"twitter:data2\" content=\"4 minutos\" \/>\n<script type=\"application\/ld+json\" class=\"yoast-schema-graph\">{\"@context\":\"https:\/\/schema.org\",\"@graph\":[{\"@type\":\"WebPage\",\"@id\":\"https:\/\/www.ull.es\/portal\/noticias\/2024\/el-consejo-de-gobierno-de-la-universidad-de-la-laguna-aprueba-la-liquidacion-de-cuentas-de-2023\/\",\"url\":\"https:\/\/www.ull.es\/portal\/noticias\/2024\/el-consejo-de-gobierno-de-la-universidad-de-la-laguna-aprueba-la-liquidacion-de-cuentas-de-2023\/\",\"name\":\"El Consejo de Gobierno de la Universidad de La Laguna aprueba la liquidaci\u00f3n de cuentas de 2023 - ULL - Noticias\",\"isPartOf\":{\"@id\":\"https:\/\/www.ull.es\/portal\/noticias\/#website\"},\"datePublished\":\"2024-05-22T14:18:29+00:00\",\"dateModified\":\"2024-05-22T14:18:29+00:00\",\"author\":{\"@id\":\"https:\/\/www.ull.es\/portal\/noticias\/#\/schema\/person\/b2b1a89d43ffa609e591f7df8ef3e817\"},\"breadcrumb\":{\"@id\":\"https:\/\/www.ull.es\/portal\/noticias\/2024\/el-consejo-de-gobierno-de-la-universidad-de-la-laguna-aprueba-la-liquidacion-de-cuentas-de-2023\/#breadcrumb\"},\"inLanguage\":\"es\",\"potentialAction\":[{\"@type\":\"ReadAction\",\"target\":[\"https:\/\/www.ull.es\/portal\/noticias\/2024\/el-consejo-de-gobierno-de-la-universidad-de-la-laguna-aprueba-la-liquidacion-de-cuentas-de-2023\/\"]}]},{\"@type\":\"BreadcrumbList\",\"@id\":\"https:\/\/www.ull.es\/portal\/noticias\/2024\/el-consejo-de-gobierno-de-la-universidad-de-la-laguna-aprueba-la-liquidacion-de-cuentas-de-2023\/#breadcrumb\",\"itemListElement\":[{\"@type\":\"ListItem\",\"position\":1,\"name\":\"Portada\",\"item\":\"https:\/\/www.ull.es\/portal\/noticias\/\"},{\"@type\":\"ListItem\",\"position\":2,\"name\":\"El Consejo de Gobierno de la Universidad de La Laguna aprueba la liquidaci\u00f3n de cuentas de 2023\"}]},{\"@type\":\"WebSite\",\"@id\":\"https:\/\/www.ull.es\/portal\/noticias\/#website\",\"url\":\"https:\/\/www.ull.es\/portal\/noticias\/\",\"name\":\"ULL - Noticias\",\"description\":\"\",\"potentialAction\":[{\"@type\":\"SearchAction\",\"target\":{\"@type\":\"EntryPoint\",\"urlTemplate\":\"https:\/\/www.ull.es\/portal\/noticias\/?s={search_term_string}\"},\"query-input\":\"required name=search_term_string\"}],\"inLanguage\":\"es\"},{\"@type\":\"Person\",\"@id\":\"https:\/\/www.ull.es\/portal\/noticias\/#\/schema\/person\/b2b1a89d43ffa609e591f7df8ef3e817\",\"name\":\"gaprsa\",\"image\":{\"@type\":\"ImageObject\",\"inLanguage\":\"es\",\"@id\":\"https:\/\/www.ull.es\/portal\/noticias\/#\/schema\/person\/image\/\",\"url\":\"https:\/\/secure.gravatar.com\/avatar\/443820550921091458b4823867723b3d?s=96&d=mm&r=g\",\"contentUrl\":\"https:\/\/secure.gravatar.com\/avatar\/443820550921091458b4823867723b3d?s=96&d=mm&r=g\",\"caption\":\"gaprsa\"},\"url\":\"https:\/\/www.ull.es\/portal\/noticias\/author\/gaprsa\/\"}]}<\/script>\n<!-- \/ Yoast SEO plugin. -->","yoast_head_json":{"title":"El Consejo de Gobierno de la Universidad de La Laguna aprueba la liquidaci\u00f3n de cuentas de 2023 - ULL - Noticias","robots":{"index":"index","follow":"follow","max-snippet":"max-snippet:-1","max-image-preview":"max-image-preview:large","max-video-preview":"max-video-preview:-1"},"canonical":"https:\/\/www.ull.es\/portal\/noticias\/2024\/el-consejo-de-gobierno-de-la-universidad-de-la-laguna-aprueba-la-liquidacion-de-cuentas-de-2023\/","og_locale":"es_ES","og_type":"article","og_title":"El Consejo de Gobierno de la Universidad de La Laguna aprueba la liquidaci\u00f3n de cuentas de 2023 - ULL - Noticias","og_description":"El Consejo de Gobierno de la Universidad de La Laguna dio hoy 22 de mayo su visto bueno a la...","og_url":"https:\/\/www.ull.es\/portal\/noticias\/2024\/el-consejo-de-gobierno-de-la-universidad-de-la-laguna-aprueba-la-liquidacion-de-cuentas-de-2023\/","og_site_name":"ULL - Noticias","article_publisher":"https:\/\/www.facebook.com\/universidaddelalaguna\/","article_published_time":"2024-05-22T14:18:29+00:00","og_image":[{"width":1100,"height":733,"url":"https:\/\/www.ull.es\/portal\/noticias\/wp-content\/uploads\/sites\/13\/2024\/05\/Cons-Gobierno-22-5-25.jpg","type":"image\/jpeg"}],"author":"gaprsa","twitter_card":"summary_large_image","twitter_creator":"@CanalULL","twitter_site":"@CanalULL","twitter_misc":{"Escrito por":"gaprsa","Tiempo de lectura":"4 minutos"},"schema":{"@context":"https:\/\/schema.org","@graph":[{"@type":"WebPage","@id":"https:\/\/www.ull.es\/portal\/noticias\/2024\/el-consejo-de-gobierno-de-la-universidad-de-la-laguna-aprueba-la-liquidacion-de-cuentas-de-2023\/","url":"https:\/\/www.ull.es\/portal\/noticias\/2024\/el-consejo-de-gobierno-de-la-universidad-de-la-laguna-aprueba-la-liquidacion-de-cuentas-de-2023\/","name":"El Consejo de Gobierno de la Universidad de La Laguna aprueba la liquidaci\u00f3n de cuentas de 2023 - ULL - Noticias","isPartOf":{"@id":"https:\/\/www.ull.es\/portal\/noticias\/#website"},"datePublished":"2024-05-22T14:18:29+00:00","dateModified":"2024-05-22T14:18:29+00:00","author":{"@id":"https:\/\/www.ull.es\/portal\/noticias\/#\/schema\/person\/b2b1a89d43ffa609e591f7df8ef3e817"},"breadcrumb":{"@id":"https:\/\/www.ull.es\/portal\/noticias\/2024\/el-consejo-de-gobierno-de-la-universidad-de-la-laguna-aprueba-la-liquidacion-de-cuentas-de-2023\/#breadcrumb"},"inLanguage":"es","potentialAction":[{"@type":"ReadAction","target":["https:\/\/www.ull.es\/portal\/noticias\/2024\/el-consejo-de-gobierno-de-la-universidad-de-la-laguna-aprueba-la-liquidacion-de-cuentas-de-2023\/"]}]},{"@type":"BreadcrumbList","@id":"https:\/\/www.ull.es\/portal\/noticias\/2024\/el-consejo-de-gobierno-de-la-universidad-de-la-laguna-aprueba-la-liquidacion-de-cuentas-de-2023\/#breadcrumb","itemListElement":[{"@type":"ListItem","position":1,"name":"Portada","item":"https:\/\/www.ull.es\/portal\/noticias\/"},{"@type":"ListItem","position":2,"name":"El Consejo de Gobierno de la Universidad de La Laguna aprueba la liquidaci\u00f3n de cuentas de 2023"}]},{"@type":"WebSite","@id":"https:\/\/www.ull.es\/portal\/noticias\/#website","url":"https:\/\/www.ull.es\/portal\/noticias\/","name":"ULL - Noticias","description":"","potentialAction":[{"@type":"SearchAction","target":{"@type":"EntryPoint","urlTemplate":"https:\/\/www.ull.es\/portal\/noticias\/?s={search_term_string}"},"query-input":"required name=search_term_string"}],"inLanguage":"es"},{"@type":"Person","@id":"https:\/\/www.ull.es\/portal\/noticias\/#\/schema\/person\/b2b1a89d43ffa609e591f7df8ef3e817","name":"gaprsa","image":{"@type":"ImageObject","inLanguage":"es","@id":"https:\/\/www.ull.es\/portal\/noticias\/#\/schema\/person\/image\/","url":"https:\/\/secure.gravatar.com\/avatar\/443820550921091458b4823867723b3d?s=96&d=mm&r=g","contentUrl":"https:\/\/secure.gravatar.com\/avatar\/443820550921091458b4823867723b3d?s=96&d=mm&r=g","caption":"gaprsa"},"url":"https:\/\/www.ull.es\/portal\/noticias\/author\/gaprsa\/"}]}},"primary_category":{"id":345,"name":"Destacado","slug":"destacado","link":"https:\/\/www.ull.es\/portal\/noticias\/category\/destacado\/"},"featured_image_thumbnail_url":"https:\/\/www.ull.es\/portal\/noticias\/wp-content\/uploads\/sites\/13\/2024\/05\/Cons-Gobierno-22-5-25-300x200.jpg","_links":{"self":[{"href":"https:\/\/www.ull.es\/portal\/noticias\/wp-json\/wp\/v2\/posts\/75784"}],"collection":[{"href":"https:\/\/www.ull.es\/portal\/noticias\/wp-json\/wp\/v2\/posts"}],"about":[{"href":"https:\/\/www.ull.es\/portal\/noticias\/wp-json\/wp\/v2\/types\/post"}],"author":[{"embeddable":true,"href":"https:\/\/www.ull.es\/portal\/noticias\/wp-json\/wp\/v2\/users\/23"}],"replies":[{"embeddable":true,"href":"https:\/\/www.ull.es\/portal\/noticias\/wp-json\/wp\/v2\/comments?post=75784"}],"version-history":[{"count":2,"href":"https:\/\/www.ull.es\/portal\/noticias\/wp-json\/wp\/v2\/posts\/75784\/revisions"}],"predecessor-version":[{"id":75789,"href":"https:\/\/www.ull.es\/portal\/noticias\/wp-json\/wp\/v2\/posts\/75784\/revisions\/75789"}],"wp:featuredmedia":[{"embeddable":true,"href":"https:\/\/www.ull.es\/portal\/noticias\/wp-json\/wp\/v2\/media\/75787"}],"wp:attachment":[{"href":"https:\/\/www.ull.es\/portal\/noticias\/wp-json\/wp\/v2\/media?parent=75784"}],"wp:term":[{"taxonomy":"category","embeddable":true,"href":"https:\/\/www.ull.es\/portal\/noticias\/wp-json\/wp\/v2\/categories?post=75784"},{"taxonomy":"post_tag","embeddable":true,"href":"https:\/\/www.ull.es\/portal\/noticias\/wp-json\/wp\/v2\/tags?post=75784"}],"curies":[{"name":"wp","href":"https:\/\/api.w.org\/{rel}","templated":true}]}}