{"id":75844,"date":"2024-05-27T13:54:09","date_gmt":"2024-05-27T13:54:09","guid":{"rendered":"https:\/\/www.ull.es\/portal\/noticias\/?p=75844"},"modified":"2024-05-27T13:54:09","modified_gmt":"2024-05-27T13:54:09","slug":"finaliza-proyecto-cooperacion-desarrollo-ull-mantuvo-cuador","status":"publish","type":"post","link":"https:\/\/www.ull.es\/portal\/noticias\/2024\/finaliza-proyecto-cooperacion-desarrollo-ull-mantuvo-cuador\/","title":{"rendered":"Finaliza el proyecto de cooperaci\u00f3n al desarrollo que la ULL mantuvo con un jard\u00edn bot\u00e1nico en Ecuador"},"content":{"rendered":"<p>La Pontificia Universidad Cat\u00f3lica de Ecuador (PUCE) en Santo Domingo (Ecuador) celebr\u00f3 recientemente el acto de entrega de certificaciones acad\u00e9micas a las mujeres que se encargar\u00e1n de la explotaci\u00f3n de unos invernaderos habilitados en el Jard\u00edn Bot\u00e1nico Padre Julio Marrero tras haber recibido una formaci\u00f3n espec\u00edfica para ello. Se trata del resultado de un proyecto de cooperaci\u00f3n al desarrollo que ha contado con la colaboraci\u00f3n de la Universidad de La laguna.<\/p>\n<p>A lo largo de 2023 fueron construidos cuatro invernaderos en el Jard\u00edn Bot\u00e1nico Padre Julio Marrero con la finalidad de fomentar la inclusi\u00f3n social y de g\u00e9nero en un barrio muy marginal de la ciudad de Santo Domingo (Ecuador). 41 mujeres finalizaron su formaci\u00f3n en microemprendimiento para el cultivo y comercializaci\u00f3n de plantas medicinales y arom\u00e1ticas, que fue impartida por la PUCE junto al Vicerrectorado de Internacionalizaci\u00f3n y Cooperaci\u00f3n de la Universidad de La Laguna.<\/p>\n<p>Las personas promotoras de este proyecto consideran que los objetivos previstos en este proyecto se alcanzaron con creces, lo cual invita a la continuidad de las relaciones de colaboraci\u00f3n promovidas por la profesora Lidia Cabrera P\u00e9rez, anterior vicerrectora. Hoy en d\u00eda, el Jard\u00edn Bot\u00e1nico Padre Julio Marrero dispone de un Laboratorio de Emprendimiento denominado Sunka Lab, que constituye un valioso centro para pr\u00e1cticas y de investigaci\u00f3n abierto a toda la comunidad de la universidad de La Laguna.<\/p>\n<p>La formaci\u00f3n recibida por estas mujeres finaliz\u00f3 el pasado 10 de mayo con un acto de clausura en el cual participaron la vicerrectora de Internacionalizaci\u00f3n y Cooperaci\u00f3n de la Universidad de La Laguna. Mar\u00eda Inmaculada Gonz\u00e1lez P\u00e9rez; la directora acad\u00e9mica del proyecto en la universidad ecuatoriana, Mar\u00eda Fannery Su\u00e1rez Berr\u00edo; la presidenta del Grupo de Emprendedoras del Jard\u00edn Bot\u00e1nico Padre Julio Marrero, Janeth Balde\u00f3n Narv\u00e1ez; la coordinadora de Sunka Lab, Doris Celi Pinza; y el director cient\u00edfico del Jard\u00edn Bot\u00e1nico Padre Julio Marrero de PUCESD, Santiago Bravo S\u00e1nchez.<\/p>\n","protected":false},"excerpt":{"rendered":"<p>La Pontificia Universidad Cat\u00f3lica de Ecuador (PUCE) en Santo Domingo (Ecuador) celebr\u00f3 recientemente el acto de entrega de certificaciones acad\u00e9micas&#8230;<\/p>\n","protected":false},"author":21,"featured_media":75845,"comment_status":"closed","ping_status":"closed","sticky":false,"template":"","format":"standard","meta":{"inline_featured_image":false,"footnotes":""},"categories":[345,349,2765],"tags":[7949,1085,10933,9753,9754],"acf":[],"yoast_head":"<!-- This site is optimized with the Yoast SEO plugin v21.3 - https:\/\/yoast.com\/wordpress\/plugins\/seo\/ -->\n<title>Finaliza un proyecto de cooperaci\u00f3n al desarrollo en Ecuador<\/title>\n<meta name=\"description\" content=\"Realizado junto a la Pontificia Universidad Cat\u00f3lica de Ecuador, form\u00f3 a 41 mujeres de un barrio deprimido para explotar un invernadero.\" \/>\n<meta name=\"robots\" content=\"index, follow, max-snippet:-1, max-image-preview:large, max-video-preview:-1\" \/>\n<link rel=\"canonical\" href=\"https:\/\/www.ull.es\/portal\/noticias\/2024\/finaliza-proyecto-cooperacion-desarrollo-ull-mantuvo-cuador\/\" \/>\n<meta property=\"og:locale\" content=\"es_ES\" \/>\n<meta property=\"og:type\" content=\"article\" \/>\n<meta property=\"og:title\" content=\"Finaliza un proyecto de cooperaci\u00f3n al desarrollo en Ecuador\" \/>\n<meta property=\"og:description\" content=\"Realizado junto a la Pontificia Universidad Cat\u00f3lica de Ecuador, form\u00f3 a 41 mujeres de un barrio deprimido para explotar un invernadero.\" \/>\n<meta property=\"og:url\" content=\"https:\/\/www.ull.es\/portal\/noticias\/2024\/finaliza-proyecto-cooperacion-desarrollo-ull-mantuvo-cuador\/\" \/>\n<meta property=\"og:site_name\" content=\"ULL - Noticias\" \/>\n<meta property=\"article:publisher\" content=\"https:\/\/www.facebook.com\/universidaddelalaguna\/\" \/>\n<meta property=\"article:published_time\" content=\"2024-05-27T13:54:09+00:00\" \/>\n<meta property=\"og:image\" content=\"https:\/\/www.ull.es\/portal\/noticias\/wp-content\/uploads\/sites\/13\/2024\/05\/jardin-botanico-ecuador.jpg\" \/>\n\t<meta property=\"og:image:width\" content=\"1200\" \/>\n\t<meta property=\"og:image:height\" content=\"800\" \/>\n\t<meta property=\"og:image:type\" content=\"image\/jpeg\" \/>\n<meta name=\"author\" content=\"prensa2\" \/>\n<meta name=\"twitter:card\" content=\"summary_large_image\" \/>\n<meta name=\"twitter:creator\" content=\"@CanalULL\" \/>\n<meta name=\"twitter:site\" content=\"@CanalULL\" \/>\n<meta name=\"twitter:label1\" content=\"Escrito por\" \/>\n\t<meta name=\"twitter:data1\" content=\"prensa2\" \/>\n\t<meta name=\"twitter:label2\" content=\"Tiempo de lectura\" \/>\n\t<meta name=\"twitter:data2\" content=\"2 minutos\" \/>\n<script type=\"application\/ld+json\" class=\"yoast-schema-graph\">{\"@context\":\"https:\/\/schema.org\",\"@graph\":[{\"@type\":\"WebPage\",\"@id\":\"https:\/\/www.ull.es\/portal\/noticias\/2024\/finaliza-proyecto-cooperacion-desarrollo-ull-mantuvo-cuador\/\",\"url\":\"https:\/\/www.ull.es\/portal\/noticias\/2024\/finaliza-proyecto-cooperacion-desarrollo-ull-mantuvo-cuador\/\",\"name\":\"Finaliza un proyecto de cooperaci\u00f3n al desarrollo en Ecuador\",\"isPartOf\":{\"@id\":\"https:\/\/www.ull.es\/portal\/noticias\/#website\"},\"datePublished\":\"2024-05-27T13:54:09+00:00\",\"dateModified\":\"2024-05-27T13:54:09+00:00\",\"author\":{\"@id\":\"https:\/\/www.ull.es\/portal\/noticias\/#\/schema\/person\/c3b2aa857797592927a03740d6664376\"},\"description\":\"Realizado junto a la Pontificia Universidad Cat\u00f3lica de Ecuador, form\u00f3 a 41 mujeres de un barrio deprimido para explotar un invernadero.\",\"breadcrumb\":{\"@id\":\"https:\/\/www.ull.es\/portal\/noticias\/2024\/finaliza-proyecto-cooperacion-desarrollo-ull-mantuvo-cuador\/#breadcrumb\"},\"inLanguage\":\"es\",\"potentialAction\":[{\"@type\":\"ReadAction\",\"target\":[\"https:\/\/www.ull.es\/portal\/noticias\/2024\/finaliza-proyecto-cooperacion-desarrollo-ull-mantuvo-cuador\/\"]}]},{\"@type\":\"BreadcrumbList\",\"@id\":\"https:\/\/www.ull.es\/portal\/noticias\/2024\/finaliza-proyecto-cooperacion-desarrollo-ull-mantuvo-cuador\/#breadcrumb\",\"itemListElement\":[{\"@type\":\"ListItem\",\"position\":1,\"name\":\"Portada\",\"item\":\"https:\/\/www.ull.es\/portal\/noticias\/\"},{\"@type\":\"ListItem\",\"position\":2,\"name\":\"Finaliza el proyecto de cooperaci\u00f3n al desarrollo que la ULL mantuvo con un jard\u00edn bot\u00e1nico en Ecuador\"}]},{\"@type\":\"WebSite\",\"@id\":\"https:\/\/www.ull.es\/portal\/noticias\/#website\",\"url\":\"https:\/\/www.ull.es\/portal\/noticias\/\",\"name\":\"ULL - Noticias\",\"description\":\"\",\"potentialAction\":[{\"@type\":\"SearchAction\",\"target\":{\"@type\":\"EntryPoint\",\"urlTemplate\":\"https:\/\/www.ull.es\/portal\/noticias\/?s={search_term_string}\"},\"query-input\":\"required name=search_term_string\"}],\"inLanguage\":\"es\"},{\"@type\":\"Person\",\"@id\":\"https:\/\/www.ull.es\/portal\/noticias\/#\/schema\/person\/c3b2aa857797592927a03740d6664376\",\"name\":\"prensa2\",\"image\":{\"@type\":\"ImageObject\",\"inLanguage\":\"es\",\"@id\":\"https:\/\/www.ull.es\/portal\/noticias\/#\/schema\/person\/image\/\",\"url\":\"https:\/\/secure.gravatar.com\/avatar\/b58f310a5de5feb33d1e026d2493f23c?s=96&d=mm&r=g\",\"contentUrl\":\"https:\/\/secure.gravatar.com\/avatar\/b58f310a5de5feb33d1e026d2493f23c?s=96&d=mm&r=g\",\"caption\":\"prensa2\"},\"url\":\"https:\/\/www.ull.es\/portal\/noticias\/author\/prensa2\/\"}]}<\/script>\n<!-- \/ Yoast SEO plugin. -->","yoast_head_json":{"title":"Finaliza un proyecto de cooperaci\u00f3n al desarrollo en Ecuador","description":"Realizado junto a la Pontificia Universidad Cat\u00f3lica de Ecuador, form\u00f3 a 41 mujeres de un barrio deprimido para explotar un invernadero.","robots":{"index":"index","follow":"follow","max-snippet":"max-snippet:-1","max-image-preview":"max-image-preview:large","max-video-preview":"max-video-preview:-1"},"canonical":"https:\/\/www.ull.es\/portal\/noticias\/2024\/finaliza-proyecto-cooperacion-desarrollo-ull-mantuvo-cuador\/","og_locale":"es_ES","og_type":"article","og_title":"Finaliza un proyecto de cooperaci\u00f3n al desarrollo en Ecuador","og_description":"Realizado junto a la Pontificia Universidad Cat\u00f3lica de Ecuador, form\u00f3 a 41 mujeres de un barrio deprimido para explotar un invernadero.","og_url":"https:\/\/www.ull.es\/portal\/noticias\/2024\/finaliza-proyecto-cooperacion-desarrollo-ull-mantuvo-cuador\/","og_site_name":"ULL - Noticias","article_publisher":"https:\/\/www.facebook.com\/universidaddelalaguna\/","article_published_time":"2024-05-27T13:54:09+00:00","og_image":[{"width":1200,"height":800,"url":"https:\/\/www.ull.es\/portal\/noticias\/wp-content\/uploads\/sites\/13\/2024\/05\/jardin-botanico-ecuador.jpg","type":"image\/jpeg"}],"author":"prensa2","twitter_card":"summary_large_image","twitter_creator":"@CanalULL","twitter_site":"@CanalULL","twitter_misc":{"Escrito por":"prensa2","Tiempo de lectura":"2 minutos"},"schema":{"@context":"https:\/\/schema.org","@graph":[{"@type":"WebPage","@id":"https:\/\/www.ull.es\/portal\/noticias\/2024\/finaliza-proyecto-cooperacion-desarrollo-ull-mantuvo-cuador\/","url":"https:\/\/www.ull.es\/portal\/noticias\/2024\/finaliza-proyecto-cooperacion-desarrollo-ull-mantuvo-cuador\/","name":"Finaliza un proyecto de cooperaci\u00f3n al desarrollo en Ecuador","isPartOf":{"@id":"https:\/\/www.ull.es\/portal\/noticias\/#website"},"datePublished":"2024-05-27T13:54:09+00:00","dateModified":"2024-05-27T13:54:09+00:00","author":{"@id":"https:\/\/www.ull.es\/portal\/noticias\/#\/schema\/person\/c3b2aa857797592927a03740d6664376"},"description":"Realizado junto a la Pontificia Universidad Cat\u00f3lica de Ecuador, form\u00f3 a 41 mujeres de un barrio deprimido para explotar un invernadero.","breadcrumb":{"@id":"https:\/\/www.ull.es\/portal\/noticias\/2024\/finaliza-proyecto-cooperacion-desarrollo-ull-mantuvo-cuador\/#breadcrumb"},"inLanguage":"es","potentialAction":[{"@type":"ReadAction","target":["https:\/\/www.ull.es\/portal\/noticias\/2024\/finaliza-proyecto-cooperacion-desarrollo-ull-mantuvo-cuador\/"]}]},{"@type":"BreadcrumbList","@id":"https:\/\/www.ull.es\/portal\/noticias\/2024\/finaliza-proyecto-cooperacion-desarrollo-ull-mantuvo-cuador\/#breadcrumb","itemListElement":[{"@type":"ListItem","position":1,"name":"Portada","item":"https:\/\/www.ull.es\/portal\/noticias\/"},{"@type":"ListItem","position":2,"name":"Finaliza el proyecto de cooperaci\u00f3n al desarrollo que la ULL mantuvo con un jard\u00edn bot\u00e1nico en Ecuador"}]},{"@type":"WebSite","@id":"https:\/\/www.ull.es\/portal\/noticias\/#website","url":"https:\/\/www.ull.es\/portal\/noticias\/","name":"ULL - Noticias","description":"","potentialAction":[{"@type":"SearchAction","target":{"@type":"EntryPoint","urlTemplate":"https:\/\/www.ull.es\/portal\/noticias\/?s={search_term_string}"},"query-input":"required name=search_term_string"}],"inLanguage":"es"},{"@type":"Person","@id":"https:\/\/www.ull.es\/portal\/noticias\/#\/schema\/person\/c3b2aa857797592927a03740d6664376","name":"prensa2","image":{"@type":"ImageObject","inLanguage":"es","@id":"https:\/\/www.ull.es\/portal\/noticias\/#\/schema\/person\/image\/","url":"https:\/\/secure.gravatar.com\/avatar\/b58f310a5de5feb33d1e026d2493f23c?s=96&d=mm&r=g","contentUrl":"https:\/\/secure.gravatar.com\/avatar\/b58f310a5de5feb33d1e026d2493f23c?s=96&d=mm&r=g","caption":"prensa2"},"url":"https:\/\/www.ull.es\/portal\/noticias\/author\/prensa2\/"}]}},"primary_category":{"id":345,"name":"Destacado","slug":"destacado","link":"https:\/\/www.ull.es\/portal\/noticias\/category\/destacado\/"},"featured_image_thumbnail_url":"https:\/\/www.ull.es\/portal\/noticias\/wp-content\/uploads\/sites\/13\/2024\/05\/jardin-botanico-ecuador-300x200.jpg","_links":{"self":[{"href":"https:\/\/www.ull.es\/portal\/noticias\/wp-json\/wp\/v2\/posts\/75844"}],"collection":[{"href":"https:\/\/www.ull.es\/portal\/noticias\/wp-json\/wp\/v2\/posts"}],"about":[{"href":"https:\/\/www.ull.es\/portal\/noticias\/wp-json\/wp\/v2\/types\/post"}],"author":[{"embeddable":true,"href":"https:\/\/www.ull.es\/portal\/noticias\/wp-json\/wp\/v2\/users\/21"}],"replies":[{"embeddable":true,"href":"https:\/\/www.ull.es\/portal\/noticias\/wp-json\/wp\/v2\/comments?post=75844"}],"version-history":[{"count":1,"href":"https:\/\/www.ull.es\/portal\/noticias\/wp-json\/wp\/v2\/posts\/75844\/revisions"}],"predecessor-version":[{"id":75846,"href":"https:\/\/www.ull.es\/portal\/noticias\/wp-json\/wp\/v2\/posts\/75844\/revisions\/75846"}],"wp:featuredmedia":[{"embeddable":true,"href":"https:\/\/www.ull.es\/portal\/noticias\/wp-json\/wp\/v2\/media\/75845"}],"wp:attachment":[{"href":"https:\/\/www.ull.es\/portal\/noticias\/wp-json\/wp\/v2\/media?parent=75844"}],"wp:term":[{"taxonomy":"category","embeddable":true,"href":"https:\/\/www.ull.es\/portal\/noticias\/wp-json\/wp\/v2\/categories?post=75844"},{"taxonomy":"post_tag","embeddable":true,"href":"https:\/\/www.ull.es\/portal\/noticias\/wp-json\/wp\/v2\/tags?post=75844"}],"curies":[{"name":"wp","href":"https:\/\/api.w.org\/{rel}","templated":true}]}}