{"id":75850,"date":"2024-05-28T08:44:44","date_gmt":"2024-05-28T08:44:44","guid":{"rendered":"https:\/\/www.ull.es\/portal\/noticias\/?p=75850"},"modified":"2024-05-28T08:44:44","modified_gmt":"2024-05-28T08:44:44","slug":"la-catedra-cultural-telesforo-bravo-de-la-ull-colabora-en-la-semana-europea-de-los-geoparques","status":"publish","type":"post","link":"https:\/\/www.ull.es\/portal\/noticias\/2024\/la-catedra-cultural-telesforo-bravo-de-la-ull-colabora-en-la-semana-europea-de-los-geoparques\/","title":{"rendered":"La C\u00e1tedra Cultural Telesforo Bravo de la ULL colabora en la Semana Europea de los Geoparques"},"content":{"rendered":"<p>La Semana Europea de los Geoparques, que tiene lugar, este a\u00f1o entre los meses de mayo y junio, es un festival de \u00e1mbito europeo destinado a sensibilizar al p\u00fablico sobre la geoconservaci\u00f3n y promoci\u00f3n del patrimonio geol\u00f3gico, as\u00ed como eventos dirigidos a informar al gran p\u00fablico sobre las actividades geotur\u00edsticas y educativas en los geoparques.<\/p>\n<p>En el Geoparque de El Hierro, durante este evento, se van a realizar diversas actividades organizadas en colaboraci\u00f3n con el Cabildo Insular de El Hierro, el Departamento de Biolog\u00eda Animal, Edafolog\u00eda y Geolog\u00eda de la Universidad de La Laguna y la C\u00e1tedra Cultural Telesforo Bravo del mismo centro acad\u00e9mico.<\/p>\n<p>Una de ellas es el Webinar que tendr\u00e1 lugar hoy 28 de mayo a las 18 horas a trav\u00e9s de este <a href=\"http:\/\/meet.google.com\/cvc-hnku-nhy\" target=\"_blank\" rel=\"noopener\">enlace<\/a>, un evento organizado por el Geoparque de El Hierro har\u00e1 con la colaboraci\u00f3n con su hom\u00f3logo de Azores, y en el que se repasar\u00e1n las \u00faltimas erupciones de los dos archipi\u00e9lagos: el de Azores y el de Canarias, todo dentro del marco de la Semana de los Geoparques Europeos 2024.<\/p>\n","protected":false},"excerpt":{"rendered":"<p>La Semana Europea de los Geoparques, que tiene lugar, este a\u00f1o entre los meses de mayo y junio, es un&#8230;<\/p>\n","protected":false},"author":23,"featured_media":75851,"comment_status":"closed","ping_status":"closed","sticky":false,"template":"","format":"standard","meta":{"inline_featured_image":false,"footnotes":""},"categories":[345,348,2765],"tags":[],"acf":[],"yoast_head":"<!-- This site is optimized with the Yoast SEO plugin v21.3 - https:\/\/yoast.com\/wordpress\/plugins\/seo\/ -->\n<title>La C\u00e1tedra Cultural Telesforo Bravo de la ULL colabora en la Semana Europea de los Geoparques - ULL - Noticias<\/title>\n<meta name=\"robots\" content=\"index, follow, max-snippet:-1, max-image-preview:large, max-video-preview:-1\" \/>\n<link rel=\"canonical\" href=\"https:\/\/www.ull.es\/portal\/noticias\/2024\/la-catedra-cultural-telesforo-bravo-de-la-ull-colabora-en-la-semana-europea-de-los-geoparques\/\" \/>\n<meta property=\"og:locale\" content=\"es_ES\" \/>\n<meta property=\"og:type\" content=\"article\" \/>\n<meta property=\"og:title\" content=\"La C\u00e1tedra Cultural Telesforo Bravo de la ULL colabora en la Semana Europea de los Geoparques - ULL - Noticias\" \/>\n<meta property=\"og:description\" content=\"La Semana Europea de los Geoparques, que tiene lugar, este a\u00f1o entre los meses de mayo y junio, es un...\" \/>\n<meta property=\"og:url\" content=\"https:\/\/www.ull.es\/portal\/noticias\/2024\/la-catedra-cultural-telesforo-bravo-de-la-ull-colabora-en-la-semana-europea-de-los-geoparques\/\" \/>\n<meta property=\"og:site_name\" content=\"ULL - Noticias\" \/>\n<meta property=\"article:publisher\" content=\"https:\/\/www.facebook.com\/universidaddelalaguna\/\" \/>\n<meta property=\"article:published_time\" content=\"2024-05-28T08:44:44+00:00\" \/>\n<meta property=\"og:image\" content=\"https:\/\/www.ull.es\/portal\/noticias\/wp-content\/uploads\/sites\/13\/2024\/05\/webinar-geoparque.jpg\" \/>\n\t<meta property=\"og:image:width\" content=\"1280\" \/>\n\t<meta property=\"og:image:height\" content=\"1280\" \/>\n\t<meta property=\"og:image:type\" content=\"image\/jpeg\" \/>\n<meta name=\"author\" content=\"gaprsa\" \/>\n<meta name=\"twitter:card\" content=\"summary_large_image\" \/>\n<meta name=\"twitter:creator\" content=\"@CanalULL\" \/>\n<meta name=\"twitter:site\" content=\"@CanalULL\" \/>\n<meta name=\"twitter:label1\" content=\"Escrito por\" \/>\n\t<meta name=\"twitter:data1\" content=\"gaprsa\" \/>\n\t<meta name=\"twitter:label2\" content=\"Tiempo de lectura\" \/>\n\t<meta name=\"twitter:data2\" content=\"1 minuto\" \/>\n<script type=\"application\/ld+json\" class=\"yoast-schema-graph\">{\"@context\":\"https:\/\/schema.org\",\"@graph\":[{\"@type\":\"WebPage\",\"@id\":\"https:\/\/www.ull.es\/portal\/noticias\/2024\/la-catedra-cultural-telesforo-bravo-de-la-ull-colabora-en-la-semana-europea-de-los-geoparques\/\",\"url\":\"https:\/\/www.ull.es\/portal\/noticias\/2024\/la-catedra-cultural-telesforo-bravo-de-la-ull-colabora-en-la-semana-europea-de-los-geoparques\/\",\"name\":\"La C\u00e1tedra Cultural Telesforo Bravo de la ULL colabora en la Semana Europea de los Geoparques - ULL - Noticias\",\"isPartOf\":{\"@id\":\"https:\/\/www.ull.es\/portal\/noticias\/#website\"},\"datePublished\":\"2024-05-28T08:44:44+00:00\",\"dateModified\":\"2024-05-28T08:44:44+00:00\",\"author\":{\"@id\":\"https:\/\/www.ull.es\/portal\/noticias\/#\/schema\/person\/b2b1a89d43ffa609e591f7df8ef3e817\"},\"breadcrumb\":{\"@id\":\"https:\/\/www.ull.es\/portal\/noticias\/2024\/la-catedra-cultural-telesforo-bravo-de-la-ull-colabora-en-la-semana-europea-de-los-geoparques\/#breadcrumb\"},\"inLanguage\":\"es\",\"potentialAction\":[{\"@type\":\"ReadAction\",\"target\":[\"https:\/\/www.ull.es\/portal\/noticias\/2024\/la-catedra-cultural-telesforo-bravo-de-la-ull-colabora-en-la-semana-europea-de-los-geoparques\/\"]}]},{\"@type\":\"BreadcrumbList\",\"@id\":\"https:\/\/www.ull.es\/portal\/noticias\/2024\/la-catedra-cultural-telesforo-bravo-de-la-ull-colabora-en-la-semana-europea-de-los-geoparques\/#breadcrumb\",\"itemListElement\":[{\"@type\":\"ListItem\",\"position\":1,\"name\":\"Portada\",\"item\":\"https:\/\/www.ull.es\/portal\/noticias\/\"},{\"@type\":\"ListItem\",\"position\":2,\"name\":\"La C\u00e1tedra Cultural Telesforo Bravo de la ULL colabora en la Semana Europea de los Geoparques\"}]},{\"@type\":\"WebSite\",\"@id\":\"https:\/\/www.ull.es\/portal\/noticias\/#website\",\"url\":\"https:\/\/www.ull.es\/portal\/noticias\/\",\"name\":\"ULL - Noticias\",\"description\":\"\",\"potentialAction\":[{\"@type\":\"SearchAction\",\"target\":{\"@type\":\"EntryPoint\",\"urlTemplate\":\"https:\/\/www.ull.es\/portal\/noticias\/?s={search_term_string}\"},\"query-input\":\"required name=search_term_string\"}],\"inLanguage\":\"es\"},{\"@type\":\"Person\",\"@id\":\"https:\/\/www.ull.es\/portal\/noticias\/#\/schema\/person\/b2b1a89d43ffa609e591f7df8ef3e817\",\"name\":\"gaprsa\",\"image\":{\"@type\":\"ImageObject\",\"inLanguage\":\"es\",\"@id\":\"https:\/\/www.ull.es\/portal\/noticias\/#\/schema\/person\/image\/\",\"url\":\"https:\/\/secure.gravatar.com\/avatar\/443820550921091458b4823867723b3d?s=96&d=mm&r=g\",\"contentUrl\":\"https:\/\/secure.gravatar.com\/avatar\/443820550921091458b4823867723b3d?s=96&d=mm&r=g\",\"caption\":\"gaprsa\"},\"url\":\"https:\/\/www.ull.es\/portal\/noticias\/author\/gaprsa\/\"}]}<\/script>\n<!-- \/ Yoast SEO plugin. -->","yoast_head_json":{"title":"La C\u00e1tedra Cultural Telesforo Bravo de la ULL colabora en la Semana Europea de los Geoparques - ULL - Noticias","robots":{"index":"index","follow":"follow","max-snippet":"max-snippet:-1","max-image-preview":"max-image-preview:large","max-video-preview":"max-video-preview:-1"},"canonical":"https:\/\/www.ull.es\/portal\/noticias\/2024\/la-catedra-cultural-telesforo-bravo-de-la-ull-colabora-en-la-semana-europea-de-los-geoparques\/","og_locale":"es_ES","og_type":"article","og_title":"La C\u00e1tedra Cultural Telesforo Bravo de la ULL colabora en la Semana Europea de los Geoparques - ULL - Noticias","og_description":"La Semana Europea de los Geoparques, que tiene lugar, este a\u00f1o entre los meses de mayo y junio, es un...","og_url":"https:\/\/www.ull.es\/portal\/noticias\/2024\/la-catedra-cultural-telesforo-bravo-de-la-ull-colabora-en-la-semana-europea-de-los-geoparques\/","og_site_name":"ULL - Noticias","article_publisher":"https:\/\/www.facebook.com\/universidaddelalaguna\/","article_published_time":"2024-05-28T08:44:44+00:00","og_image":[{"width":1280,"height":1280,"url":"https:\/\/www.ull.es\/portal\/noticias\/wp-content\/uploads\/sites\/13\/2024\/05\/webinar-geoparque.jpg","type":"image\/jpeg"}],"author":"gaprsa","twitter_card":"summary_large_image","twitter_creator":"@CanalULL","twitter_site":"@CanalULL","twitter_misc":{"Escrito por":"gaprsa","Tiempo de lectura":"1 minuto"},"schema":{"@context":"https:\/\/schema.org","@graph":[{"@type":"WebPage","@id":"https:\/\/www.ull.es\/portal\/noticias\/2024\/la-catedra-cultural-telesforo-bravo-de-la-ull-colabora-en-la-semana-europea-de-los-geoparques\/","url":"https:\/\/www.ull.es\/portal\/noticias\/2024\/la-catedra-cultural-telesforo-bravo-de-la-ull-colabora-en-la-semana-europea-de-los-geoparques\/","name":"La C\u00e1tedra Cultural Telesforo Bravo de la ULL colabora en la Semana Europea de los Geoparques - ULL - Noticias","isPartOf":{"@id":"https:\/\/www.ull.es\/portal\/noticias\/#website"},"datePublished":"2024-05-28T08:44:44+00:00","dateModified":"2024-05-28T08:44:44+00:00","author":{"@id":"https:\/\/www.ull.es\/portal\/noticias\/#\/schema\/person\/b2b1a89d43ffa609e591f7df8ef3e817"},"breadcrumb":{"@id":"https:\/\/www.ull.es\/portal\/noticias\/2024\/la-catedra-cultural-telesforo-bravo-de-la-ull-colabora-en-la-semana-europea-de-los-geoparques\/#breadcrumb"},"inLanguage":"es","potentialAction":[{"@type":"ReadAction","target":["https:\/\/www.ull.es\/portal\/noticias\/2024\/la-catedra-cultural-telesforo-bravo-de-la-ull-colabora-en-la-semana-europea-de-los-geoparques\/"]}]},{"@type":"BreadcrumbList","@id":"https:\/\/www.ull.es\/portal\/noticias\/2024\/la-catedra-cultural-telesforo-bravo-de-la-ull-colabora-en-la-semana-europea-de-los-geoparques\/#breadcrumb","itemListElement":[{"@type":"ListItem","position":1,"name":"Portada","item":"https:\/\/www.ull.es\/portal\/noticias\/"},{"@type":"ListItem","position":2,"name":"La C\u00e1tedra Cultural Telesforo Bravo de la ULL colabora en la Semana Europea de los Geoparques"}]},{"@type":"WebSite","@id":"https:\/\/www.ull.es\/portal\/noticias\/#website","url":"https:\/\/www.ull.es\/portal\/noticias\/","name":"ULL - Noticias","description":"","potentialAction":[{"@type":"SearchAction","target":{"@type":"EntryPoint","urlTemplate":"https:\/\/www.ull.es\/portal\/noticias\/?s={search_term_string}"},"query-input":"required name=search_term_string"}],"inLanguage":"es"},{"@type":"Person","@id":"https:\/\/www.ull.es\/portal\/noticias\/#\/schema\/person\/b2b1a89d43ffa609e591f7df8ef3e817","name":"gaprsa","image":{"@type":"ImageObject","inLanguage":"es","@id":"https:\/\/www.ull.es\/portal\/noticias\/#\/schema\/person\/image\/","url":"https:\/\/secure.gravatar.com\/avatar\/443820550921091458b4823867723b3d?s=96&d=mm&r=g","contentUrl":"https:\/\/secure.gravatar.com\/avatar\/443820550921091458b4823867723b3d?s=96&d=mm&r=g","caption":"gaprsa"},"url":"https:\/\/www.ull.es\/portal\/noticias\/author\/gaprsa\/"}]}},"primary_category":{"id":345,"name":"Destacado","slug":"destacado","link":"https:\/\/www.ull.es\/portal\/noticias\/category\/destacado\/"},"featured_image_thumbnail_url":"https:\/\/www.ull.es\/portal\/noticias\/wp-content\/uploads\/sites\/13\/2024\/05\/webinar-geoparque-300x300.jpg","_links":{"self":[{"href":"https:\/\/www.ull.es\/portal\/noticias\/wp-json\/wp\/v2\/posts\/75850"}],"collection":[{"href":"https:\/\/www.ull.es\/portal\/noticias\/wp-json\/wp\/v2\/posts"}],"about":[{"href":"https:\/\/www.ull.es\/portal\/noticias\/wp-json\/wp\/v2\/types\/post"}],"author":[{"embeddable":true,"href":"https:\/\/www.ull.es\/portal\/noticias\/wp-json\/wp\/v2\/users\/23"}],"replies":[{"embeddable":true,"href":"https:\/\/www.ull.es\/portal\/noticias\/wp-json\/wp\/v2\/comments?post=75850"}],"version-history":[{"count":1,"href":"https:\/\/www.ull.es\/portal\/noticias\/wp-json\/wp\/v2\/posts\/75850\/revisions"}],"predecessor-version":[{"id":75852,"href":"https:\/\/www.ull.es\/portal\/noticias\/wp-json\/wp\/v2\/posts\/75850\/revisions\/75852"}],"wp:featuredmedia":[{"embeddable":true,"href":"https:\/\/www.ull.es\/portal\/noticias\/wp-json\/wp\/v2\/media\/75851"}],"wp:attachment":[{"href":"https:\/\/www.ull.es\/portal\/noticias\/wp-json\/wp\/v2\/media?parent=75850"}],"wp:term":[{"taxonomy":"category","embeddable":true,"href":"https:\/\/www.ull.es\/portal\/noticias\/wp-json\/wp\/v2\/categories?post=75850"},{"taxonomy":"post_tag","embeddable":true,"href":"https:\/\/www.ull.es\/portal\/noticias\/wp-json\/wp\/v2\/tags?post=75850"}],"curies":[{"name":"wp","href":"https:\/\/api.w.org\/{rel}","templated":true}]}}