{"id":75860,"date":"2024-05-28T10:10:11","date_gmt":"2024-05-28T10:10:11","guid":{"rendered":"https:\/\/www.ull.es\/portal\/noticias\/?p=75860"},"modified":"2024-05-28T13:16:27","modified_gmt":"2024-05-28T13:16:27","slug":"la-ull-finalista-en-los-premios-a-la-mejor-invencion-protegida-mediante-derechos-de-propiedad-industrial","status":"publish","type":"post","link":"https:\/\/www.ull.es\/portal\/noticias\/2024\/la-ull-finalista-en-los-premios-a-la-mejor-invencion-protegida-mediante-derechos-de-propiedad-industrial\/","title":{"rendered":"La ULL, finalista en los Premios a la Mejor Invenci\u00f3n Protegida mediante Derechos de Propiedad Industrial"},"content":{"rendered":"<p>La <a href=\"https:\/\/www.oepm.es\/es\/sobre-OEPM\/\" target=\"_blank\" rel=\"noopener\">Oficina de Patentes y Marcas<\/a> ha hecho p\u00fablica la lista de finalistas a los Premios a la Mejor Invenci\u00f3n Protegida mediante Derechos de Propiedad Industrial, entre los que se encuentra la Universidad de La Laguna. Los ganadores de cada una de las categor\u00edas ser\u00e1n anunciados en una ceremonia que tendr\u00e1 lugar el 6 de junio en la Escuela de Organizaci\u00f3n Industrial.<\/p>\n<p>La patente seleccionada de la Universidad de La Laguna, de entre m\u00e1s de un centenar de proyectos presentados a la convocatoria, es un \u00e9mbolo medidor de presi\u00f3n para plataformas de impresi\u00f3n 3D en extrusi\u00f3n de masas semis\u00f3lidas, ideado por el investigador <a href=\"https:\/\/portalciencia.ull.es\/investigadores\/82571\/detalle\" target=\"_blank\" rel=\"noopener\">Eduardo D\u00edaz Torres<\/a>, adscrito al departamento de Ingenier\u00eda Qu\u00edmica y Tecnolog\u00eda Farmac\u00e9utica. Esta patente mejora la dosificaci\u00f3n de medicamentos pedi\u00e1tricos, una alternativa farmacoterap\u00e9utica que permite la administraci\u00f3n de f\u00e1rmacos de forma personalizada para cada paciente.<\/p>\n<p>De hecho, en el en el \u00e1rea de la tecnolog\u00eda farmac\u00e9utica la obtenci\u00f3n de formas de dosificaci\u00f3n (comprimidos, c\u00e1psulas, pel\u00edculas, etc.) a\u00fan se encuentra en proceso de desarrollo, estandarizaci\u00f3n y regulaci\u00f3n, con prometedores resultados obtenidos hasta ahora en los estudios realizados.<\/p>\n<div id=\"attachment_75863\" style=\"width: 310px\" class=\"wp-caption alignleft\"><a href=\"https:\/\/www.ull.es\/portal\/noticias\/wp-content\/uploads\/sites\/13\/2024\/05\/Patente-farmacia-07-1.jpg\" target=\"_blank\" rel=\"noopener\"><img aria-describedby=\"caption-attachment-75863\" decoding=\"async\" loading=\"lazy\" class=\"size-medium wp-image-75863\" src=\"https:\/\/www.ull.es\/portal\/noticias\/wp-content\/uploads\/sites\/13\/2024\/05\/Patente-farmacia-07-1-300x200.jpg\" alt=\"\" width=\"300\" height=\"200\" srcset=\"https:\/\/www.ull.es\/portal\/noticias\/wp-content\/uploads\/sites\/13\/2024\/05\/Patente-farmacia-07-1-300x200.jpg 300w, https:\/\/www.ull.es\/portal\/noticias\/wp-content\/uploads\/sites\/13\/2024\/05\/Patente-farmacia-07-1-768x512.jpg 768w, https:\/\/www.ull.es\/portal\/noticias\/wp-content\/uploads\/sites\/13\/2024\/05\/Patente-farmacia-07-1-375x250.jpg 375w, https:\/\/www.ull.es\/portal\/noticias\/wp-content\/uploads\/sites\/13\/2024\/05\/Patente-farmacia-07-1-750x500.jpg 750w, https:\/\/www.ull.es\/portal\/noticias\/wp-content\/uploads\/sites\/13\/2024\/05\/Patente-farmacia-07-1.jpg 1024w\" sizes=\"(max-width: 300px) 100vw, 300px\" \/><\/a><p id=\"caption-attachment-75863\" class=\"wp-caption-text\">Visualizaci\u00f3n de la aplicaci\u00f3n pr\u00e1ctica de la patente.<\/p><\/div>\n<p>La elaboraci\u00f3n de estas mezclas semis\u00f3lidas de partida supone uno de los mayores retos a la hora del desarrollo de medicamentos individualizados, puesto que el estudio del flujo y la deformaci\u00f3n de las mismas constituyen un punto cr\u00edtico limitante del proceso.<\/p>\n<p>Gracias a la licencia firmada entre la Universidad de La Laguna y la empresa propietaria de la plataforma de impresi\u00f3n 3D (FabRx), esta \u00faltima desarrollar\u00e1 la patente y el uso del software creado por el grupo de investigaci\u00f3n <a href=\"https:\/\/portalciencia.ull.es\/grupos\/6462\/detalle\" target=\"_blank\" rel=\"noopener\">Desarrollo Gal\u00e9nico de Medicamentos<\/a> de la Universidad de La Laguna, que dirige el catedr\u00e1tico Jos\u00e9 Bruno Fari\u00f1a, y cuyo prototipo ha resultado finalista en este certamen nacional de la Oficina de Patentes y Marcas<\/p>\n<p>La licencia de esta invenci\u00f3n, gestionada en su momento por la Oficina de Transferencia de Resultados de la Investigaci\u00f3n del centro acad\u00e9mico (hoy convertida en <a href=\"https:\/\/www.ull.es\/servicios\/otc\/\" target=\"_blank\" rel=\"noopener\">Oficina de Transferencia del Conocimiento<\/a>), supone un claro avance para el desarrollo de esta tecnolog\u00eda novedosa, ya que facilita ajustar los par\u00e1metros de impresi\u00f3n antes del inicio del proceso.<\/p>\n","protected":false},"excerpt":{"rendered":"<p>La Oficina de Patentes y Marcas ha hecho p\u00fablica la lista de finalistas a los Premios a la Mejor Invenci\u00f3n&#8230;<\/p>\n","protected":false},"author":23,"featured_media":75866,"comment_status":"closed","ping_status":"closed","sticky":false,"template":"","format":"standard","meta":{"inline_featured_image":false,"footnotes":""},"categories":[345,350,2765],"tags":[],"acf":[],"yoast_head":"<!-- This site is optimized with the Yoast SEO plugin v21.3 - https:\/\/yoast.com\/wordpress\/plugins\/seo\/ -->\n<title>La ULL, finalista en los Premios a la Mejor Invenci\u00f3n Protegida mediante Derechos de Propiedad Industrial - ULL - Noticias<\/title>\n<meta name=\"robots\" content=\"index, follow, max-snippet:-1, max-image-preview:large, max-video-preview:-1\" \/>\n<link rel=\"canonical\" href=\"https:\/\/www.ull.es\/portal\/noticias\/2024\/la-ull-finalista-en-los-premios-a-la-mejor-invencion-protegida-mediante-derechos-de-propiedad-industrial\/\" \/>\n<meta property=\"og:locale\" content=\"es_ES\" \/>\n<meta property=\"og:type\" content=\"article\" \/>\n<meta property=\"og:title\" content=\"La ULL, finalista en los Premios a la Mejor Invenci\u00f3n Protegida mediante Derechos de Propiedad Industrial - ULL - Noticias\" \/>\n<meta property=\"og:description\" content=\"La Oficina de Patentes y Marcas ha hecho p\u00fablica la lista de finalistas a los Premios a la Mejor Invenci\u00f3n...\" \/>\n<meta property=\"og:url\" content=\"https:\/\/www.ull.es\/portal\/noticias\/2024\/la-ull-finalista-en-los-premios-a-la-mejor-invencion-protegida-mediante-derechos-de-propiedad-industrial\/\" \/>\n<meta property=\"og:site_name\" content=\"ULL - Noticias\" \/>\n<meta property=\"article:publisher\" content=\"https:\/\/www.facebook.com\/universidaddelalaguna\/\" \/>\n<meta property=\"article:published_time\" content=\"2024-05-28T10:10:11+00:00\" \/>\n<meta property=\"article:modified_time\" content=\"2024-05-28T13:16:27+00:00\" \/>\n<meta property=\"og:image\" content=\"https:\/\/www.ull.es\/portal\/noticias\/wp-content\/uploads\/sites\/13\/2024\/05\/Patente-farmacia-04-horizontal-1.jpg\" \/>\n\t<meta property=\"og:image:width\" content=\"683\" \/>\n\t<meta property=\"og:image:height\" content=\"505\" \/>\n\t<meta property=\"og:image:type\" content=\"image\/jpeg\" \/>\n<meta name=\"author\" content=\"gaprsa\" \/>\n<meta name=\"twitter:card\" content=\"summary_large_image\" \/>\n<meta name=\"twitter:creator\" content=\"@CanalULL\" \/>\n<meta name=\"twitter:site\" content=\"@CanalULL\" \/>\n<meta name=\"twitter:label1\" content=\"Escrito por\" \/>\n\t<meta name=\"twitter:data1\" content=\"gaprsa\" \/>\n\t<meta name=\"twitter:label2\" content=\"Tiempo de lectura\" \/>\n\t<meta name=\"twitter:data2\" content=\"2 minutos\" \/>\n<script type=\"application\/ld+json\" class=\"yoast-schema-graph\">{\"@context\":\"https:\/\/schema.org\",\"@graph\":[{\"@type\":\"WebPage\",\"@id\":\"https:\/\/www.ull.es\/portal\/noticias\/2024\/la-ull-finalista-en-los-premios-a-la-mejor-invencion-protegida-mediante-derechos-de-propiedad-industrial\/\",\"url\":\"https:\/\/www.ull.es\/portal\/noticias\/2024\/la-ull-finalista-en-los-premios-a-la-mejor-invencion-protegida-mediante-derechos-de-propiedad-industrial\/\",\"name\":\"La ULL, finalista en los Premios a la Mejor Invenci\u00f3n Protegida mediante Derechos de Propiedad Industrial - ULL - Noticias\",\"isPartOf\":{\"@id\":\"https:\/\/www.ull.es\/portal\/noticias\/#website\"},\"datePublished\":\"2024-05-28T10:10:11+00:00\",\"dateModified\":\"2024-05-28T13:16:27+00:00\",\"author\":{\"@id\":\"https:\/\/www.ull.es\/portal\/noticias\/#\/schema\/person\/b2b1a89d43ffa609e591f7df8ef3e817\"},\"breadcrumb\":{\"@id\":\"https:\/\/www.ull.es\/portal\/noticias\/2024\/la-ull-finalista-en-los-premios-a-la-mejor-invencion-protegida-mediante-derechos-de-propiedad-industrial\/#breadcrumb\"},\"inLanguage\":\"es\",\"potentialAction\":[{\"@type\":\"ReadAction\",\"target\":[\"https:\/\/www.ull.es\/portal\/noticias\/2024\/la-ull-finalista-en-los-premios-a-la-mejor-invencion-protegida-mediante-derechos-de-propiedad-industrial\/\"]}]},{\"@type\":\"BreadcrumbList\",\"@id\":\"https:\/\/www.ull.es\/portal\/noticias\/2024\/la-ull-finalista-en-los-premios-a-la-mejor-invencion-protegida-mediante-derechos-de-propiedad-industrial\/#breadcrumb\",\"itemListElement\":[{\"@type\":\"ListItem\",\"position\":1,\"name\":\"Portada\",\"item\":\"https:\/\/www.ull.es\/portal\/noticias\/\"},{\"@type\":\"ListItem\",\"position\":2,\"name\":\"La ULL, finalista en los Premios a la Mejor Invenci\u00f3n Protegida mediante Derechos de Propiedad Industrial\"}]},{\"@type\":\"WebSite\",\"@id\":\"https:\/\/www.ull.es\/portal\/noticias\/#website\",\"url\":\"https:\/\/www.ull.es\/portal\/noticias\/\",\"name\":\"ULL - Noticias\",\"description\":\"\",\"potentialAction\":[{\"@type\":\"SearchAction\",\"target\":{\"@type\":\"EntryPoint\",\"urlTemplate\":\"https:\/\/www.ull.es\/portal\/noticias\/?s={search_term_string}\"},\"query-input\":\"required name=search_term_string\"}],\"inLanguage\":\"es\"},{\"@type\":\"Person\",\"@id\":\"https:\/\/www.ull.es\/portal\/noticias\/#\/schema\/person\/b2b1a89d43ffa609e591f7df8ef3e817\",\"name\":\"gaprsa\",\"image\":{\"@type\":\"ImageObject\",\"inLanguage\":\"es\",\"@id\":\"https:\/\/www.ull.es\/portal\/noticias\/#\/schema\/person\/image\/\",\"url\":\"https:\/\/secure.gravatar.com\/avatar\/443820550921091458b4823867723b3d?s=96&d=mm&r=g\",\"contentUrl\":\"https:\/\/secure.gravatar.com\/avatar\/443820550921091458b4823867723b3d?s=96&d=mm&r=g\",\"caption\":\"gaprsa\"},\"url\":\"https:\/\/www.ull.es\/portal\/noticias\/author\/gaprsa\/\"}]}<\/script>\n<!-- \/ Yoast SEO plugin. -->","yoast_head_json":{"title":"La ULL, finalista en los Premios a la Mejor Invenci\u00f3n Protegida mediante Derechos de Propiedad Industrial - ULL - Noticias","robots":{"index":"index","follow":"follow","max-snippet":"max-snippet:-1","max-image-preview":"max-image-preview:large","max-video-preview":"max-video-preview:-1"},"canonical":"https:\/\/www.ull.es\/portal\/noticias\/2024\/la-ull-finalista-en-los-premios-a-la-mejor-invencion-protegida-mediante-derechos-de-propiedad-industrial\/","og_locale":"es_ES","og_type":"article","og_title":"La ULL, finalista en los Premios a la Mejor Invenci\u00f3n Protegida mediante Derechos de Propiedad Industrial - ULL - Noticias","og_description":"La Oficina de Patentes y Marcas ha hecho p\u00fablica la lista de finalistas a los Premios a la Mejor Invenci\u00f3n...","og_url":"https:\/\/www.ull.es\/portal\/noticias\/2024\/la-ull-finalista-en-los-premios-a-la-mejor-invencion-protegida-mediante-derechos-de-propiedad-industrial\/","og_site_name":"ULL - Noticias","article_publisher":"https:\/\/www.facebook.com\/universidaddelalaguna\/","article_published_time":"2024-05-28T10:10:11+00:00","article_modified_time":"2024-05-28T13:16:27+00:00","og_image":[{"width":683,"height":505,"url":"https:\/\/www.ull.es\/portal\/noticias\/wp-content\/uploads\/sites\/13\/2024\/05\/Patente-farmacia-04-horizontal-1.jpg","type":"image\/jpeg"}],"author":"gaprsa","twitter_card":"summary_large_image","twitter_creator":"@CanalULL","twitter_site":"@CanalULL","twitter_misc":{"Escrito por":"gaprsa","Tiempo de lectura":"2 minutos"},"schema":{"@context":"https:\/\/schema.org","@graph":[{"@type":"WebPage","@id":"https:\/\/www.ull.es\/portal\/noticias\/2024\/la-ull-finalista-en-los-premios-a-la-mejor-invencion-protegida-mediante-derechos-de-propiedad-industrial\/","url":"https:\/\/www.ull.es\/portal\/noticias\/2024\/la-ull-finalista-en-los-premios-a-la-mejor-invencion-protegida-mediante-derechos-de-propiedad-industrial\/","name":"La ULL, finalista en los Premios a la Mejor Invenci\u00f3n Protegida mediante Derechos de Propiedad Industrial - ULL - Noticias","isPartOf":{"@id":"https:\/\/www.ull.es\/portal\/noticias\/#website"},"datePublished":"2024-05-28T10:10:11+00:00","dateModified":"2024-05-28T13:16:27+00:00","author":{"@id":"https:\/\/www.ull.es\/portal\/noticias\/#\/schema\/person\/b2b1a89d43ffa609e591f7df8ef3e817"},"breadcrumb":{"@id":"https:\/\/www.ull.es\/portal\/noticias\/2024\/la-ull-finalista-en-los-premios-a-la-mejor-invencion-protegida-mediante-derechos-de-propiedad-industrial\/#breadcrumb"},"inLanguage":"es","potentialAction":[{"@type":"ReadAction","target":["https:\/\/www.ull.es\/portal\/noticias\/2024\/la-ull-finalista-en-los-premios-a-la-mejor-invencion-protegida-mediante-derechos-de-propiedad-industrial\/"]}]},{"@type":"BreadcrumbList","@id":"https:\/\/www.ull.es\/portal\/noticias\/2024\/la-ull-finalista-en-los-premios-a-la-mejor-invencion-protegida-mediante-derechos-de-propiedad-industrial\/#breadcrumb","itemListElement":[{"@type":"ListItem","position":1,"name":"Portada","item":"https:\/\/www.ull.es\/portal\/noticias\/"},{"@type":"ListItem","position":2,"name":"La ULL, finalista en los Premios a la Mejor Invenci\u00f3n Protegida mediante Derechos de Propiedad Industrial"}]},{"@type":"WebSite","@id":"https:\/\/www.ull.es\/portal\/noticias\/#website","url":"https:\/\/www.ull.es\/portal\/noticias\/","name":"ULL - Noticias","description":"","potentialAction":[{"@type":"SearchAction","target":{"@type":"EntryPoint","urlTemplate":"https:\/\/www.ull.es\/portal\/noticias\/?s={search_term_string}"},"query-input":"required name=search_term_string"}],"inLanguage":"es"},{"@type":"Person","@id":"https:\/\/www.ull.es\/portal\/noticias\/#\/schema\/person\/b2b1a89d43ffa609e591f7df8ef3e817","name":"gaprsa","image":{"@type":"ImageObject","inLanguage":"es","@id":"https:\/\/www.ull.es\/portal\/noticias\/#\/schema\/person\/image\/","url":"https:\/\/secure.gravatar.com\/avatar\/443820550921091458b4823867723b3d?s=96&d=mm&r=g","contentUrl":"https:\/\/secure.gravatar.com\/avatar\/443820550921091458b4823867723b3d?s=96&d=mm&r=g","caption":"gaprsa"},"url":"https:\/\/www.ull.es\/portal\/noticias\/author\/gaprsa\/"}]}},"primary_category":{"id":345,"name":"Destacado","slug":"destacado","link":"https:\/\/www.ull.es\/portal\/noticias\/category\/destacado\/"},"featured_image_thumbnail_url":"https:\/\/www.ull.es\/portal\/noticias\/wp-content\/uploads\/sites\/13\/2024\/05\/Patente-farmacia-04-horizontal-1-300x222.jpg","_links":{"self":[{"href":"https:\/\/www.ull.es\/portal\/noticias\/wp-json\/wp\/v2\/posts\/75860"}],"collection":[{"href":"https:\/\/www.ull.es\/portal\/noticias\/wp-json\/wp\/v2\/posts"}],"about":[{"href":"https:\/\/www.ull.es\/portal\/noticias\/wp-json\/wp\/v2\/types\/post"}],"author":[{"embeddable":true,"href":"https:\/\/www.ull.es\/portal\/noticias\/wp-json\/wp\/v2\/users\/23"}],"replies":[{"embeddable":true,"href":"https:\/\/www.ull.es\/portal\/noticias\/wp-json\/wp\/v2\/comments?post=75860"}],"version-history":[{"count":3,"href":"https:\/\/www.ull.es\/portal\/noticias\/wp-json\/wp\/v2\/posts\/75860\/revisions"}],"predecessor-version":[{"id":75876,"href":"https:\/\/www.ull.es\/portal\/noticias\/wp-json\/wp\/v2\/posts\/75860\/revisions\/75876"}],"wp:featuredmedia":[{"embeddable":true,"href":"https:\/\/www.ull.es\/portal\/noticias\/wp-json\/wp\/v2\/media\/75866"}],"wp:attachment":[{"href":"https:\/\/www.ull.es\/portal\/noticias\/wp-json\/wp\/v2\/media?parent=75860"}],"wp:term":[{"taxonomy":"category","embeddable":true,"href":"https:\/\/www.ull.es\/portal\/noticias\/wp-json\/wp\/v2\/categories?post=75860"},{"taxonomy":"post_tag","embeddable":true,"href":"https:\/\/www.ull.es\/portal\/noticias\/wp-json\/wp\/v2\/tags?post=75860"}],"curies":[{"name":"wp","href":"https:\/\/api.w.org\/{rel}","templated":true}]}}