{"id":75895,"date":"2024-05-29T09:02:18","date_gmt":"2024-05-29T09:02:18","guid":{"rendered":"https:\/\/www.ull.es\/portal\/noticias\/?p=75895"},"modified":"2024-08-05T12:16:02","modified_gmt":"2024-08-05T12:16:02","slug":"el-iv-concierto-solidario-de-corazon-p0ne-fin-al-curso-de-percusion-canaria-en-el-paraninfo-de-la-universidad-de-la-laguna","status":"publish","type":"post","link":"https:\/\/www.ull.es\/portal\/noticias\/2024\/el-iv-concierto-solidario-de-corazon-p0ne-fin-al-curso-de-percusion-canaria-en-el-paraninfo-de-la-universidad-de-la-laguna\/","title":{"rendered":"El IV Concierto Solidario de Coraz\u00f3n en el Paraninfo de la ULL pone fin al curso de percusi\u00f3n canaria"},"content":{"rendered":"<p>El Paraninfo de la Universidad de La Laguna acoge, hoy mi\u00e9rcoles 29 de mayo a las 20:30 horas, el IV Concierto Solidario de Coraz\u00f3n, que pone fin adem\u00e1s al curso de Percusi\u00f3n Canaria. El recinto lagunero tiene colgado el cartel de entradas agotadas desde hace varios d\u00edas.<\/p>\n<p>Un a\u00f1o m\u00e1s, Laboratorio Esc\u00e9nico vuelve a unir a dos de sus propuestas art\u00edsticas educativas, \u2018Pielconpiel\u2019, de la compa\u00f1\u00eda de m\u00fasica y artes esc\u00e9nicas Pieles y el taller \u2018Percusi\u00f3n canaria\u2019 en una gala a beneficio de la Asociaci\u00f3n Solidaria Coraz\u00f3n. En esta ocasi\u00f3n ambas formaciones brindar\u00e1n un espect\u00e1culo con el \u00fanico objetivo de la uni\u00f3n musical como motor solidario.<\/p>\n<p>La compa\u00f1\u00eda Pieles se presenta como una propuesta vanguardista que se inspira en el folclore de Canarias y que se nutre, adem\u00e1s, de las manifestaciones tradicionales del resto del mundo. Se trata de un proyecto innovador con un gran valor etnogr\u00e1fico y antropol\u00f3gico, que propicia el acercamiento entre las diversas culturas del planeta para dar lugar a un canto plural, canario y universal. Pieles recrea la sonoridad popular de la m\u00fasica a trav\u00e9s de una novedosa experiencia, en la que los recursos folcl\u00f3ricos m\u00e1s primitivos, como la piedra, el cristal, la madera y el metal alternan con instrumentos de corte cl\u00e1sico.<\/p>\n<p>Por su parte, la Escuela de M\u00fasica de Percusi\u00f3n Canaria comparte una metodolog\u00eda basada en el aprendizaje grupal y experiencial. En ella se imparten clases t\u00e9cnicas de diferentes instrumentos canarios y del mundo, adem\u00e1s de estudiar y poner en pr\u00e1ctica de ritmos tradicionales. Las clases se llevan a cabo mediante una serie de ejercicios de coordinaci\u00f3n, ritmo y trabajo en grupo.<\/p>\n<p>La recaudaci\u00f3n de la venta de entradas ir\u00e1 destinada \u00edntegramente a la Asociaci\u00f3n Solidaria de Coraz\u00f3n, colectivo sin \u00e1nimo de lucro fundado en 2018 que opera en el territorio canario y que centraliza su labor en la cooperaci\u00f3n internacional a trav\u00e9s de la realizaci\u00f3n de proyectos solidarios en pa\u00edses en v\u00eda de desarrollo, poniendo especial atenci\u00f3n en la lucha por los derechos de ni\u00f1os, ni\u00f1as y j\u00f3venes.<\/p>\n","protected":false},"excerpt":{"rendered":"<p>El Paraninfo de la Universidad de La Laguna acoge, hoy mi\u00e9rcoles 29 de mayo a las 20:30 horas, el IV&#8230;<\/p>\n","protected":false},"author":23,"featured_media":75897,"comment_status":"closed","ping_status":"closed","sticky":false,"template":"","format":"standard","meta":{"inline_featured_image":false,"footnotes":""},"categories":[344,345,2765,11076],"tags":[],"acf":[],"yoast_head":"<!-- This site is optimized with the Yoast SEO plugin v21.3 - https:\/\/yoast.com\/wordpress\/plugins\/seo\/ -->\n<title>El IV Concierto Solidario de Coraz\u00f3n en el Paraninfo de la ULL pone fin al curso de percusi\u00f3n canaria - ULL - Noticias<\/title>\n<meta name=\"robots\" content=\"index, follow, max-snippet:-1, max-image-preview:large, max-video-preview:-1\" \/>\n<link rel=\"canonical\" href=\"https:\/\/www.ull.es\/portal\/noticias\/2024\/el-iv-concierto-solidario-de-corazon-p0ne-fin-al-curso-de-percusion-canaria-en-el-paraninfo-de-la-universidad-de-la-laguna\/\" \/>\n<meta property=\"og:locale\" content=\"es_ES\" \/>\n<meta property=\"og:type\" content=\"article\" \/>\n<meta property=\"og:title\" content=\"El IV Concierto Solidario de Coraz\u00f3n en el Paraninfo de la ULL pone fin al curso de percusi\u00f3n canaria - ULL - Noticias\" \/>\n<meta property=\"og:description\" content=\"El Paraninfo de la Universidad de La Laguna acoge, hoy mi\u00e9rcoles 29 de mayo a las 20:30 horas, el IV...\" \/>\n<meta property=\"og:url\" content=\"https:\/\/www.ull.es\/portal\/noticias\/2024\/el-iv-concierto-solidario-de-corazon-p0ne-fin-al-curso-de-percusion-canaria-en-el-paraninfo-de-la-universidad-de-la-laguna\/\" \/>\n<meta property=\"og:site_name\" content=\"ULL - Noticias\" \/>\n<meta property=\"article:publisher\" content=\"https:\/\/www.facebook.com\/universidaddelalaguna\/\" \/>\n<meta property=\"article:published_time\" content=\"2024-05-29T09:02:18+00:00\" \/>\n<meta property=\"article:modified_time\" content=\"2024-08-05T12:16:02+00:00\" \/>\n<meta property=\"og:image\" content=\"https:\/\/www.ull.es\/portal\/noticias\/wp-content\/uploads\/sites\/13\/2024\/05\/concierto-solidario.jpg\" \/>\n\t<meta property=\"og:image:width\" content=\"700\" \/>\n\t<meta property=\"og:image:height\" content=\"350\" \/>\n\t<meta property=\"og:image:type\" content=\"image\/jpeg\" \/>\n<meta name=\"author\" content=\"gaprsa\" \/>\n<meta name=\"twitter:card\" content=\"summary_large_image\" \/>\n<meta name=\"twitter:creator\" content=\"@CanalULL\" \/>\n<meta name=\"twitter:site\" content=\"@CanalULL\" \/>\n<meta name=\"twitter:label1\" content=\"Escrito por\" \/>\n\t<meta name=\"twitter:data1\" content=\"gaprsa\" \/>\n\t<meta name=\"twitter:label2\" content=\"Tiempo de lectura\" \/>\n\t<meta name=\"twitter:data2\" content=\"2 minutos\" \/>\n<script type=\"application\/ld+json\" class=\"yoast-schema-graph\">{\"@context\":\"https:\/\/schema.org\",\"@graph\":[{\"@type\":\"WebPage\",\"@id\":\"https:\/\/www.ull.es\/portal\/noticias\/2024\/el-iv-concierto-solidario-de-corazon-p0ne-fin-al-curso-de-percusion-canaria-en-el-paraninfo-de-la-universidad-de-la-laguna\/\",\"url\":\"https:\/\/www.ull.es\/portal\/noticias\/2024\/el-iv-concierto-solidario-de-corazon-p0ne-fin-al-curso-de-percusion-canaria-en-el-paraninfo-de-la-universidad-de-la-laguna\/\",\"name\":\"El IV Concierto Solidario de Coraz\u00f3n en el Paraninfo de la ULL pone fin al curso de percusi\u00f3n canaria - ULL - Noticias\",\"isPartOf\":{\"@id\":\"https:\/\/www.ull.es\/portal\/noticias\/#website\"},\"datePublished\":\"2024-05-29T09:02:18+00:00\",\"dateModified\":\"2024-08-05T12:16:02+00:00\",\"author\":{\"@id\":\"https:\/\/www.ull.es\/portal\/noticias\/#\/schema\/person\/b2b1a89d43ffa609e591f7df8ef3e817\"},\"breadcrumb\":{\"@id\":\"https:\/\/www.ull.es\/portal\/noticias\/2024\/el-iv-concierto-solidario-de-corazon-p0ne-fin-al-curso-de-percusion-canaria-en-el-paraninfo-de-la-universidad-de-la-laguna\/#breadcrumb\"},\"inLanguage\":\"es\",\"potentialAction\":[{\"@type\":\"ReadAction\",\"target\":[\"https:\/\/www.ull.es\/portal\/noticias\/2024\/el-iv-concierto-solidario-de-corazon-p0ne-fin-al-curso-de-percusion-canaria-en-el-paraninfo-de-la-universidad-de-la-laguna\/\"]}]},{\"@type\":\"BreadcrumbList\",\"@id\":\"https:\/\/www.ull.es\/portal\/noticias\/2024\/el-iv-concierto-solidario-de-corazon-p0ne-fin-al-curso-de-percusion-canaria-en-el-paraninfo-de-la-universidad-de-la-laguna\/#breadcrumb\",\"itemListElement\":[{\"@type\":\"ListItem\",\"position\":1,\"name\":\"Portada\",\"item\":\"https:\/\/www.ull.es\/portal\/noticias\/\"},{\"@type\":\"ListItem\",\"position\":2,\"name\":\"El IV Concierto Solidario de Coraz\u00f3n en el Paraninfo de la ULL pone fin al curso de percusi\u00f3n canaria\"}]},{\"@type\":\"WebSite\",\"@id\":\"https:\/\/www.ull.es\/portal\/noticias\/#website\",\"url\":\"https:\/\/www.ull.es\/portal\/noticias\/\",\"name\":\"ULL - Noticias\",\"description\":\"\",\"potentialAction\":[{\"@type\":\"SearchAction\",\"target\":{\"@type\":\"EntryPoint\",\"urlTemplate\":\"https:\/\/www.ull.es\/portal\/noticias\/?s={search_term_string}\"},\"query-input\":\"required name=search_term_string\"}],\"inLanguage\":\"es\"},{\"@type\":\"Person\",\"@id\":\"https:\/\/www.ull.es\/portal\/noticias\/#\/schema\/person\/b2b1a89d43ffa609e591f7df8ef3e817\",\"name\":\"gaprsa\",\"image\":{\"@type\":\"ImageObject\",\"inLanguage\":\"es\",\"@id\":\"https:\/\/www.ull.es\/portal\/noticias\/#\/schema\/person\/image\/\",\"url\":\"https:\/\/secure.gravatar.com\/avatar\/443820550921091458b4823867723b3d?s=96&d=mm&r=g\",\"contentUrl\":\"https:\/\/secure.gravatar.com\/avatar\/443820550921091458b4823867723b3d?s=96&d=mm&r=g\",\"caption\":\"gaprsa\"},\"url\":\"https:\/\/www.ull.es\/portal\/noticias\/author\/gaprsa\/\"}]}<\/script>\n<!-- \/ Yoast SEO plugin. -->","yoast_head_json":{"title":"El IV Concierto Solidario de Coraz\u00f3n en el Paraninfo de la ULL pone fin al curso de percusi\u00f3n canaria - ULL - Noticias","robots":{"index":"index","follow":"follow","max-snippet":"max-snippet:-1","max-image-preview":"max-image-preview:large","max-video-preview":"max-video-preview:-1"},"canonical":"https:\/\/www.ull.es\/portal\/noticias\/2024\/el-iv-concierto-solidario-de-corazon-p0ne-fin-al-curso-de-percusion-canaria-en-el-paraninfo-de-la-universidad-de-la-laguna\/","og_locale":"es_ES","og_type":"article","og_title":"El IV Concierto Solidario de Coraz\u00f3n en el Paraninfo de la ULL pone fin al curso de percusi\u00f3n canaria - ULL - Noticias","og_description":"El Paraninfo de la Universidad de La Laguna acoge, hoy mi\u00e9rcoles 29 de mayo a las 20:30 horas, el IV...","og_url":"https:\/\/www.ull.es\/portal\/noticias\/2024\/el-iv-concierto-solidario-de-corazon-p0ne-fin-al-curso-de-percusion-canaria-en-el-paraninfo-de-la-universidad-de-la-laguna\/","og_site_name":"ULL - Noticias","article_publisher":"https:\/\/www.facebook.com\/universidaddelalaguna\/","article_published_time":"2024-05-29T09:02:18+00:00","article_modified_time":"2024-08-05T12:16:02+00:00","og_image":[{"width":700,"height":350,"url":"https:\/\/www.ull.es\/portal\/noticias\/wp-content\/uploads\/sites\/13\/2024\/05\/concierto-solidario.jpg","type":"image\/jpeg"}],"author":"gaprsa","twitter_card":"summary_large_image","twitter_creator":"@CanalULL","twitter_site":"@CanalULL","twitter_misc":{"Escrito por":"gaprsa","Tiempo de lectura":"2 minutos"},"schema":{"@context":"https:\/\/schema.org","@graph":[{"@type":"WebPage","@id":"https:\/\/www.ull.es\/portal\/noticias\/2024\/el-iv-concierto-solidario-de-corazon-p0ne-fin-al-curso-de-percusion-canaria-en-el-paraninfo-de-la-universidad-de-la-laguna\/","url":"https:\/\/www.ull.es\/portal\/noticias\/2024\/el-iv-concierto-solidario-de-corazon-p0ne-fin-al-curso-de-percusion-canaria-en-el-paraninfo-de-la-universidad-de-la-laguna\/","name":"El IV Concierto Solidario de Coraz\u00f3n en el Paraninfo de la ULL pone fin al curso de percusi\u00f3n canaria - ULL - Noticias","isPartOf":{"@id":"https:\/\/www.ull.es\/portal\/noticias\/#website"},"datePublished":"2024-05-29T09:02:18+00:00","dateModified":"2024-08-05T12:16:02+00:00","author":{"@id":"https:\/\/www.ull.es\/portal\/noticias\/#\/schema\/person\/b2b1a89d43ffa609e591f7df8ef3e817"},"breadcrumb":{"@id":"https:\/\/www.ull.es\/portal\/noticias\/2024\/el-iv-concierto-solidario-de-corazon-p0ne-fin-al-curso-de-percusion-canaria-en-el-paraninfo-de-la-universidad-de-la-laguna\/#breadcrumb"},"inLanguage":"es","potentialAction":[{"@type":"ReadAction","target":["https:\/\/www.ull.es\/portal\/noticias\/2024\/el-iv-concierto-solidario-de-corazon-p0ne-fin-al-curso-de-percusion-canaria-en-el-paraninfo-de-la-universidad-de-la-laguna\/"]}]},{"@type":"BreadcrumbList","@id":"https:\/\/www.ull.es\/portal\/noticias\/2024\/el-iv-concierto-solidario-de-corazon-p0ne-fin-al-curso-de-percusion-canaria-en-el-paraninfo-de-la-universidad-de-la-laguna\/#breadcrumb","itemListElement":[{"@type":"ListItem","position":1,"name":"Portada","item":"https:\/\/www.ull.es\/portal\/noticias\/"},{"@type":"ListItem","position":2,"name":"El IV Concierto Solidario de Coraz\u00f3n en el Paraninfo de la ULL pone fin al curso de percusi\u00f3n canaria"}]},{"@type":"WebSite","@id":"https:\/\/www.ull.es\/portal\/noticias\/#website","url":"https:\/\/www.ull.es\/portal\/noticias\/","name":"ULL - Noticias","description":"","potentialAction":[{"@type":"SearchAction","target":{"@type":"EntryPoint","urlTemplate":"https:\/\/www.ull.es\/portal\/noticias\/?s={search_term_string}"},"query-input":"required name=search_term_string"}],"inLanguage":"es"},{"@type":"Person","@id":"https:\/\/www.ull.es\/portal\/noticias\/#\/schema\/person\/b2b1a89d43ffa609e591f7df8ef3e817","name":"gaprsa","image":{"@type":"ImageObject","inLanguage":"es","@id":"https:\/\/www.ull.es\/portal\/noticias\/#\/schema\/person\/image\/","url":"https:\/\/secure.gravatar.com\/avatar\/443820550921091458b4823867723b3d?s=96&d=mm&r=g","contentUrl":"https:\/\/secure.gravatar.com\/avatar\/443820550921091458b4823867723b3d?s=96&d=mm&r=g","caption":"gaprsa"},"url":"https:\/\/www.ull.es\/portal\/noticias\/author\/gaprsa\/"}]}},"primary_category":{"id":345,"name":"Destacado","slug":"destacado","link":"https:\/\/www.ull.es\/portal\/noticias\/category\/destacado\/"},"featured_image_thumbnail_url":"https:\/\/www.ull.es\/portal\/noticias\/wp-content\/uploads\/sites\/13\/2024\/05\/concierto-solidario-300x150.jpg","_links":{"self":[{"href":"https:\/\/www.ull.es\/portal\/noticias\/wp-json\/wp\/v2\/posts\/75895"}],"collection":[{"href":"https:\/\/www.ull.es\/portal\/noticias\/wp-json\/wp\/v2\/posts"}],"about":[{"href":"https:\/\/www.ull.es\/portal\/noticias\/wp-json\/wp\/v2\/types\/post"}],"author":[{"embeddable":true,"href":"https:\/\/www.ull.es\/portal\/noticias\/wp-json\/wp\/v2\/users\/23"}],"replies":[{"embeddable":true,"href":"https:\/\/www.ull.es\/portal\/noticias\/wp-json\/wp\/v2\/comments?post=75895"}],"version-history":[{"count":2,"href":"https:\/\/www.ull.es\/portal\/noticias\/wp-json\/wp\/v2\/posts\/75895\/revisions"}],"predecessor-version":[{"id":75898,"href":"https:\/\/www.ull.es\/portal\/noticias\/wp-json\/wp\/v2\/posts\/75895\/revisions\/75898"}],"wp:featuredmedia":[{"embeddable":true,"href":"https:\/\/www.ull.es\/portal\/noticias\/wp-json\/wp\/v2\/media\/75897"}],"wp:attachment":[{"href":"https:\/\/www.ull.es\/portal\/noticias\/wp-json\/wp\/v2\/media?parent=75895"}],"wp:term":[{"taxonomy":"category","embeddable":true,"href":"https:\/\/www.ull.es\/portal\/noticias\/wp-json\/wp\/v2\/categories?post=75895"},{"taxonomy":"post_tag","embeddable":true,"href":"https:\/\/www.ull.es\/portal\/noticias\/wp-json\/wp\/v2\/tags?post=75895"}],"curies":[{"name":"wp","href":"https:\/\/api.w.org\/{rel}","templated":true}]}}