{"id":75904,"date":"2024-05-29T13:48:28","date_gmt":"2024-05-29T13:48:28","guid":{"rendered":"https:\/\/www.ull.es\/portal\/noticias\/?p=75904"},"modified":"2024-05-29T13:48:28","modified_gmt":"2024-05-29T13:48:28","slug":"el-consejo-de-gobierno-de-la-ull-da-su-visto-bueno-a-la-rehabilitacion-parcial-del-aulario-cesar-manrique-del-campus-de-guajara","status":"publish","type":"post","link":"https:\/\/www.ull.es\/portal\/noticias\/2024\/el-consejo-de-gobierno-de-la-ull-da-su-visto-bueno-a-la-rehabilitacion-parcial-del-aulario-cesar-manrique-del-campus-de-guajara\/","title":{"rendered":"El Consejo de Gobierno de la ULL da su visto bueno a la rehabilitaci\u00f3n parcial del Aulario C\u00e9sar Manrique del campus de Guajara"},"content":{"rendered":"<p>El Consejo de Gobierno de la Universidad de La Laguna ha celebrado hoy 29 de mayo una sesi\u00f3n plenaria en la que ha dado su visto bueno a la contrataci\u00f3n plurianual del proyecto de rehabilitaci\u00f3n parcial del Aulario C\u00e9sar Manrique del campus de Guajara.<\/p>\n<p>Con un presupuesto total de 1.279.931 euros proveniente del Gobierno de Canarias, que se distribuir\u00e1 entre las anualidades de 2024 y 2025, est\u00e1 prevista en primer lugar la reforma de las fachadas interiores, concretamente los patios, cuyo cerramiento est\u00e1 acabado con piedra natural, con p\u00e9rdidas de algunas placas, meteorizaci\u00f3n del material y humedades en su superficie.<\/p>\n<p>Una segunda fase corresponder\u00eda a la reforma integral de los ba\u00f1os del edificio, con sustituci\u00f3n completa de las instalaciones y piezas sanitarias, con colocaci\u00f3n de falsos techos registrables y nuevas luminarias. Y una tercera abarcar\u00eda la impermeabilizaci\u00f3n de las cubiertas planas sobre los aseos de planta alta del ala norte del Aulario y la finalizaci\u00f3n de la impermeabilizaci\u00f3n y aislamiento t\u00e9rmico de la cubierta met\u00e1lica del sal\u00f3n de actos.<\/p>\n<p><a href=\"https:\/\/www.ull.es\/portal\/noticias\/wp-content\/uploads\/sites\/13\/2024\/05\/Cons-Gobierno-29-5-06.jpg\" target=\"_blank\" rel=\"noopener\"><img decoding=\"async\" loading=\"lazy\" class=\"alignleft size-medium wp-image-75910\" src=\"https:\/\/www.ull.es\/portal\/noticias\/wp-content\/uploads\/sites\/13\/2024\/05\/Cons-Gobierno-29-5-06-300x200.jpg\" alt=\"\" width=\"300\" height=\"200\" srcset=\"https:\/\/www.ull.es\/portal\/noticias\/wp-content\/uploads\/sites\/13\/2024\/05\/Cons-Gobierno-29-5-06-300x200.jpg 300w, https:\/\/www.ull.es\/portal\/noticias\/wp-content\/uploads\/sites\/13\/2024\/05\/Cons-Gobierno-29-5-06-768x512.jpg 768w, https:\/\/www.ull.es\/portal\/noticias\/wp-content\/uploads\/sites\/13\/2024\/05\/Cons-Gobierno-29-5-06-375x250.jpg 375w, https:\/\/www.ull.es\/portal\/noticias\/wp-content\/uploads\/sites\/13\/2024\/05\/Cons-Gobierno-29-5-06-750x500.jpg 750w, https:\/\/www.ull.es\/portal\/noticias\/wp-content\/uploads\/sites\/13\/2024\/05\/Cons-Gobierno-29-5-06.jpg 1024w\" sizes=\"(max-width: 300px) 100vw, 300px\" \/><\/a>En la sesi\u00f3n de hoy tambi\u00e9n se ha abordado una modificaci\u00f3n parcial del reglamento de organizaci\u00f3n docente, con el objetivo de adaptarlo a los cambios impuestos por las recientes modificaciones introducidas en la Ley Org\u00e1nica del Sistema Universitario.<\/p>\n<p>Se establece as\u00ed una disposici\u00f3n transitoria \u00fanica que se\u00f1ala que, con car\u00e1cter general, en aquellas \u00e1reas de conocimiento con encargo docente superior a su capacidad docente, el l\u00edmite actual de hasta 24 cr\u00e9ditos se podr\u00e1 incrementar hasta 27 en aquellas figuras de profesorado con vinculaci\u00f3n permanente. Tambi\u00e9n se ha acordado cambios relativos a la tutorizaci\u00f3n de trabajos fin de grado y fin de m\u00e1ster, al aumento de los descuentos por investigaci\u00f3n (sexenios) y a la aplicaci\u00f3n de las reducciones de dedicaci\u00f3n por edad a partir de los 60 a\u00f1os.<\/p>\n<p>El vicerrector de Personal Docente e Investigador, Alfonso Ruiz Rallo, se\u00f1al\u00f3 en la sesi\u00f3n de Consejo de Gobierno que la intenci\u00f3n es ir aminorando gradualmente la dedicaci\u00f3n del profesorado en horas de docencia, tal y como promueve el ministerio, hasta alcanzar, antes de la fecha l\u00edmite de junio de 2028, el pleno cumplimiento del techo de 24 cr\u00e9ditos en las figuras de profesorado con vinculaci\u00f3n permanente, lo que se ir\u00e1 logrando a medida que la incorporaci\u00f3n de nueva talento investigador y docente sea m\u00e1s efectiva.<\/p>\n","protected":false},"excerpt":{"rendered":"<p>El Consejo de Gobierno de la Universidad de La Laguna ha celebrado hoy 29 de mayo una sesi\u00f3n plenaria en&#8230;<\/p>\n","protected":false},"author":23,"featured_media":75911,"comment_status":"closed","ping_status":"closed","sticky":false,"template":"","format":"standard","meta":{"inline_featured_image":false,"footnotes":""},"categories":[345,347,2765],"tags":[],"acf":[],"yoast_head":"<!-- This site is optimized with the Yoast SEO plugin v21.3 - https:\/\/yoast.com\/wordpress\/plugins\/seo\/ -->\n<title>El Consejo de Gobierno de la ULL da su visto bueno a la rehabilitaci\u00f3n parcial del Aulario C\u00e9sar Manrique del campus de Guajara - ULL - Noticias<\/title>\n<meta name=\"robots\" content=\"index, follow, max-snippet:-1, max-image-preview:large, max-video-preview:-1\" \/>\n<link rel=\"canonical\" href=\"https:\/\/www.ull.es\/portal\/noticias\/2024\/el-consejo-de-gobierno-de-la-ull-da-su-visto-bueno-a-la-rehabilitacion-parcial-del-aulario-cesar-manrique-del-campus-de-guajara\/\" \/>\n<meta property=\"og:locale\" content=\"es_ES\" \/>\n<meta property=\"og:type\" content=\"article\" \/>\n<meta property=\"og:title\" content=\"El Consejo de Gobierno de la ULL da su visto bueno a la rehabilitaci\u00f3n parcial del Aulario C\u00e9sar Manrique del campus de Guajara - ULL - Noticias\" \/>\n<meta property=\"og:description\" content=\"El Consejo de Gobierno de la Universidad de La Laguna ha celebrado hoy 29 de mayo una sesi\u00f3n plenaria en...\" \/>\n<meta property=\"og:url\" content=\"https:\/\/www.ull.es\/portal\/noticias\/2024\/el-consejo-de-gobierno-de-la-ull-da-su-visto-bueno-a-la-rehabilitacion-parcial-del-aulario-cesar-manrique-del-campus-de-guajara\/\" \/>\n<meta property=\"og:site_name\" content=\"ULL - Noticias\" \/>\n<meta property=\"article:publisher\" content=\"https:\/\/www.facebook.com\/universidaddelalaguna\/\" \/>\n<meta property=\"article:published_time\" content=\"2024-05-29T13:48:28+00:00\" \/>\n<meta property=\"og:image\" content=\"https:\/\/www.ull.es\/portal\/noticias\/wp-content\/uploads\/sites\/13\/2024\/05\/Cons-Gobierno-29-5-03.jpg\" \/>\n\t<meta property=\"og:image:width\" content=\"1024\" \/>\n\t<meta property=\"og:image:height\" content=\"683\" \/>\n\t<meta property=\"og:image:type\" content=\"image\/jpeg\" \/>\n<meta name=\"author\" content=\"gaprsa\" \/>\n<meta name=\"twitter:card\" content=\"summary_large_image\" \/>\n<meta name=\"twitter:creator\" content=\"@CanalULL\" \/>\n<meta name=\"twitter:site\" content=\"@CanalULL\" \/>\n<meta name=\"twitter:label1\" content=\"Escrito por\" \/>\n\t<meta name=\"twitter:data1\" content=\"gaprsa\" \/>\n\t<meta name=\"twitter:label2\" content=\"Tiempo de lectura\" \/>\n\t<meta name=\"twitter:data2\" content=\"2 minutos\" \/>\n<script type=\"application\/ld+json\" class=\"yoast-schema-graph\">{\"@context\":\"https:\/\/schema.org\",\"@graph\":[{\"@type\":\"WebPage\",\"@id\":\"https:\/\/www.ull.es\/portal\/noticias\/2024\/el-consejo-de-gobierno-de-la-ull-da-su-visto-bueno-a-la-rehabilitacion-parcial-del-aulario-cesar-manrique-del-campus-de-guajara\/\",\"url\":\"https:\/\/www.ull.es\/portal\/noticias\/2024\/el-consejo-de-gobierno-de-la-ull-da-su-visto-bueno-a-la-rehabilitacion-parcial-del-aulario-cesar-manrique-del-campus-de-guajara\/\",\"name\":\"El Consejo de Gobierno de la ULL da su visto bueno a la rehabilitaci\u00f3n parcial del Aulario C\u00e9sar Manrique del campus de Guajara - ULL - Noticias\",\"isPartOf\":{\"@id\":\"https:\/\/www.ull.es\/portal\/noticias\/#website\"},\"datePublished\":\"2024-05-29T13:48:28+00:00\",\"dateModified\":\"2024-05-29T13:48:28+00:00\",\"author\":{\"@id\":\"https:\/\/www.ull.es\/portal\/noticias\/#\/schema\/person\/b2b1a89d43ffa609e591f7df8ef3e817\"},\"breadcrumb\":{\"@id\":\"https:\/\/www.ull.es\/portal\/noticias\/2024\/el-consejo-de-gobierno-de-la-ull-da-su-visto-bueno-a-la-rehabilitacion-parcial-del-aulario-cesar-manrique-del-campus-de-guajara\/#breadcrumb\"},\"inLanguage\":\"es\",\"potentialAction\":[{\"@type\":\"ReadAction\",\"target\":[\"https:\/\/www.ull.es\/portal\/noticias\/2024\/el-consejo-de-gobierno-de-la-ull-da-su-visto-bueno-a-la-rehabilitacion-parcial-del-aulario-cesar-manrique-del-campus-de-guajara\/\"]}]},{\"@type\":\"BreadcrumbList\",\"@id\":\"https:\/\/www.ull.es\/portal\/noticias\/2024\/el-consejo-de-gobierno-de-la-ull-da-su-visto-bueno-a-la-rehabilitacion-parcial-del-aulario-cesar-manrique-del-campus-de-guajara\/#breadcrumb\",\"itemListElement\":[{\"@type\":\"ListItem\",\"position\":1,\"name\":\"Portada\",\"item\":\"https:\/\/www.ull.es\/portal\/noticias\/\"},{\"@type\":\"ListItem\",\"position\":2,\"name\":\"El Consejo de Gobierno de la ULL da su visto bueno a la rehabilitaci\u00f3n parcial del Aulario C\u00e9sar Manrique del campus de Guajara\"}]},{\"@type\":\"WebSite\",\"@id\":\"https:\/\/www.ull.es\/portal\/noticias\/#website\",\"url\":\"https:\/\/www.ull.es\/portal\/noticias\/\",\"name\":\"ULL - Noticias\",\"description\":\"\",\"potentialAction\":[{\"@type\":\"SearchAction\",\"target\":{\"@type\":\"EntryPoint\",\"urlTemplate\":\"https:\/\/www.ull.es\/portal\/noticias\/?s={search_term_string}\"},\"query-input\":\"required name=search_term_string\"}],\"inLanguage\":\"es\"},{\"@type\":\"Person\",\"@id\":\"https:\/\/www.ull.es\/portal\/noticias\/#\/schema\/person\/b2b1a89d43ffa609e591f7df8ef3e817\",\"name\":\"gaprsa\",\"image\":{\"@type\":\"ImageObject\",\"inLanguage\":\"es\",\"@id\":\"https:\/\/www.ull.es\/portal\/noticias\/#\/schema\/person\/image\/\",\"url\":\"https:\/\/secure.gravatar.com\/avatar\/443820550921091458b4823867723b3d?s=96&d=mm&r=g\",\"contentUrl\":\"https:\/\/secure.gravatar.com\/avatar\/443820550921091458b4823867723b3d?s=96&d=mm&r=g\",\"caption\":\"gaprsa\"},\"url\":\"https:\/\/www.ull.es\/portal\/noticias\/author\/gaprsa\/\"}]}<\/script>\n<!-- \/ Yoast SEO plugin. -->","yoast_head_json":{"title":"El Consejo de Gobierno de la ULL da su visto bueno a la rehabilitaci\u00f3n parcial del Aulario C\u00e9sar Manrique del campus de Guajara - ULL - Noticias","robots":{"index":"index","follow":"follow","max-snippet":"max-snippet:-1","max-image-preview":"max-image-preview:large","max-video-preview":"max-video-preview:-1"},"canonical":"https:\/\/www.ull.es\/portal\/noticias\/2024\/el-consejo-de-gobierno-de-la-ull-da-su-visto-bueno-a-la-rehabilitacion-parcial-del-aulario-cesar-manrique-del-campus-de-guajara\/","og_locale":"es_ES","og_type":"article","og_title":"El Consejo de Gobierno de la ULL da su visto bueno a la rehabilitaci\u00f3n parcial del Aulario C\u00e9sar Manrique del campus de Guajara - ULL - Noticias","og_description":"El Consejo de Gobierno de la Universidad de La Laguna ha celebrado hoy 29 de mayo una sesi\u00f3n plenaria en...","og_url":"https:\/\/www.ull.es\/portal\/noticias\/2024\/el-consejo-de-gobierno-de-la-ull-da-su-visto-bueno-a-la-rehabilitacion-parcial-del-aulario-cesar-manrique-del-campus-de-guajara\/","og_site_name":"ULL - Noticias","article_publisher":"https:\/\/www.facebook.com\/universidaddelalaguna\/","article_published_time":"2024-05-29T13:48:28+00:00","og_image":[{"width":1024,"height":683,"url":"https:\/\/www.ull.es\/portal\/noticias\/wp-content\/uploads\/sites\/13\/2024\/05\/Cons-Gobierno-29-5-03.jpg","type":"image\/jpeg"}],"author":"gaprsa","twitter_card":"summary_large_image","twitter_creator":"@CanalULL","twitter_site":"@CanalULL","twitter_misc":{"Escrito por":"gaprsa","Tiempo de lectura":"2 minutos"},"schema":{"@context":"https:\/\/schema.org","@graph":[{"@type":"WebPage","@id":"https:\/\/www.ull.es\/portal\/noticias\/2024\/el-consejo-de-gobierno-de-la-ull-da-su-visto-bueno-a-la-rehabilitacion-parcial-del-aulario-cesar-manrique-del-campus-de-guajara\/","url":"https:\/\/www.ull.es\/portal\/noticias\/2024\/el-consejo-de-gobierno-de-la-ull-da-su-visto-bueno-a-la-rehabilitacion-parcial-del-aulario-cesar-manrique-del-campus-de-guajara\/","name":"El Consejo de Gobierno de la ULL da su visto bueno a la rehabilitaci\u00f3n parcial del Aulario C\u00e9sar Manrique del campus de Guajara - ULL - Noticias","isPartOf":{"@id":"https:\/\/www.ull.es\/portal\/noticias\/#website"},"datePublished":"2024-05-29T13:48:28+00:00","dateModified":"2024-05-29T13:48:28+00:00","author":{"@id":"https:\/\/www.ull.es\/portal\/noticias\/#\/schema\/person\/b2b1a89d43ffa609e591f7df8ef3e817"},"breadcrumb":{"@id":"https:\/\/www.ull.es\/portal\/noticias\/2024\/el-consejo-de-gobierno-de-la-ull-da-su-visto-bueno-a-la-rehabilitacion-parcial-del-aulario-cesar-manrique-del-campus-de-guajara\/#breadcrumb"},"inLanguage":"es","potentialAction":[{"@type":"ReadAction","target":["https:\/\/www.ull.es\/portal\/noticias\/2024\/el-consejo-de-gobierno-de-la-ull-da-su-visto-bueno-a-la-rehabilitacion-parcial-del-aulario-cesar-manrique-del-campus-de-guajara\/"]}]},{"@type":"BreadcrumbList","@id":"https:\/\/www.ull.es\/portal\/noticias\/2024\/el-consejo-de-gobierno-de-la-ull-da-su-visto-bueno-a-la-rehabilitacion-parcial-del-aulario-cesar-manrique-del-campus-de-guajara\/#breadcrumb","itemListElement":[{"@type":"ListItem","position":1,"name":"Portada","item":"https:\/\/www.ull.es\/portal\/noticias\/"},{"@type":"ListItem","position":2,"name":"El Consejo de Gobierno de la ULL da su visto bueno a la rehabilitaci\u00f3n parcial del Aulario C\u00e9sar Manrique del campus de Guajara"}]},{"@type":"WebSite","@id":"https:\/\/www.ull.es\/portal\/noticias\/#website","url":"https:\/\/www.ull.es\/portal\/noticias\/","name":"ULL - Noticias","description":"","potentialAction":[{"@type":"SearchAction","target":{"@type":"EntryPoint","urlTemplate":"https:\/\/www.ull.es\/portal\/noticias\/?s={search_term_string}"},"query-input":"required name=search_term_string"}],"inLanguage":"es"},{"@type":"Person","@id":"https:\/\/www.ull.es\/portal\/noticias\/#\/schema\/person\/b2b1a89d43ffa609e591f7df8ef3e817","name":"gaprsa","image":{"@type":"ImageObject","inLanguage":"es","@id":"https:\/\/www.ull.es\/portal\/noticias\/#\/schema\/person\/image\/","url":"https:\/\/secure.gravatar.com\/avatar\/443820550921091458b4823867723b3d?s=96&d=mm&r=g","contentUrl":"https:\/\/secure.gravatar.com\/avatar\/443820550921091458b4823867723b3d?s=96&d=mm&r=g","caption":"gaprsa"},"url":"https:\/\/www.ull.es\/portal\/noticias\/author\/gaprsa\/"}]}},"primary_category":{"id":345,"name":"Destacado","slug":"destacado","link":"https:\/\/www.ull.es\/portal\/noticias\/category\/destacado\/"},"featured_image_thumbnail_url":"https:\/\/www.ull.es\/portal\/noticias\/wp-content\/uploads\/sites\/13\/2024\/05\/Cons-Gobierno-29-5-03-300x200.jpg","_links":{"self":[{"href":"https:\/\/www.ull.es\/portal\/noticias\/wp-json\/wp\/v2\/posts\/75904"}],"collection":[{"href":"https:\/\/www.ull.es\/portal\/noticias\/wp-json\/wp\/v2\/posts"}],"about":[{"href":"https:\/\/www.ull.es\/portal\/noticias\/wp-json\/wp\/v2\/types\/post"}],"author":[{"embeddable":true,"href":"https:\/\/www.ull.es\/portal\/noticias\/wp-json\/wp\/v2\/users\/23"}],"replies":[{"embeddable":true,"href":"https:\/\/www.ull.es\/portal\/noticias\/wp-json\/wp\/v2\/comments?post=75904"}],"version-history":[{"count":2,"href":"https:\/\/www.ull.es\/portal\/noticias\/wp-json\/wp\/v2\/posts\/75904\/revisions"}],"predecessor-version":[{"id":75912,"href":"https:\/\/www.ull.es\/portal\/noticias\/wp-json\/wp\/v2\/posts\/75904\/revisions\/75912"}],"wp:featuredmedia":[{"embeddable":true,"href":"https:\/\/www.ull.es\/portal\/noticias\/wp-json\/wp\/v2\/media\/75911"}],"wp:attachment":[{"href":"https:\/\/www.ull.es\/portal\/noticias\/wp-json\/wp\/v2\/media?parent=75904"}],"wp:term":[{"taxonomy":"category","embeddable":true,"href":"https:\/\/www.ull.es\/portal\/noticias\/wp-json\/wp\/v2\/categories?post=75904"},{"taxonomy":"post_tag","embeddable":true,"href":"https:\/\/www.ull.es\/portal\/noticias\/wp-json\/wp\/v2\/tags?post=75904"}],"curies":[{"name":"wp","href":"https:\/\/api.w.org\/{rel}","templated":true}]}}