{"id":75972,"date":"2024-06-04T09:05:09","date_gmt":"2024-06-04T09:05:09","guid":{"rendered":"https:\/\/www.ull.es\/portal\/noticias\/?p=75972"},"modified":"2024-06-04T09:26:52","modified_gmt":"2024-06-04T09:26:52","slug":"san-matias-comparte-las-claves-de-su-proceso-comunitario-en-madrid-haciendo-ciencia-ciudadana-junto-a-la-ull","status":"publish","type":"post","link":"https:\/\/www.ull.es\/portal\/noticias\/2024\/san-matias-comparte-las-claves-de-su-proceso-comunitario-en-madrid-haciendo-ciencia-ciudadana-junto-a-la-ull\/","title":{"rendered":"San Mat\u00edas comparte las claves de su proceso comunitario en Madrid haciendo &#8216;ciencia ciudadana&#8217; junto a la ULL"},"content":{"rendered":"<p><span style=\"font-weight: 400\">Un grupo de vecinas del barrio lagunero de San Mat\u00edas, acompa\u00f1adas de investigadores del proyecto cient\u00edfico \u2018ParticipaBarrio\u2019, que la Universidad de La Laguna comparte con las Aut\u00f3noma y Complutense de Madrid, Valencia y Zaragoza, han realizado un intercambio de experiencias con la localidad de Ca\u00f1o Roto en el distrito de Latina en Madrid. Han participado personas que representan a la Asociaci\u00f3n Vecinal La Monta\u00f1a, IES San Mat\u00edas, Asociaci\u00f3n de Mujeres Libergara, La Escuelita y el proyecto \u2018Barrios por el Empleo: Juntos m\u00e1s Fuertes\u2019.\u00a0<\/span><\/p>\n<p><span style=\"font-weight: 400\">En Ca\u00f1o Roto, la Asociaci\u00f3n Vecinal La Fraternidad de Los C\u00e1rmenes hizo de entidad anfitriona, para el desarrollo de una actividad que se viene programando desde hace algunos meses en el marco del proyecto \u201cParticipaci\u00f3n, relaciones vecinales y convivencia en barrios multiculturales en pandemia\u201d, financiado por el Ministerio de Ciencia e Innovaci\u00f3n de Espa\u00f1a entre 2023 y 2025. Durante el encuentro se presentaron diferentes iniciativas que all\u00ed se est\u00e1n llevando a cabo y se realiz\u00f3 un paseo experiencial por Ca\u00f1o Roto.<\/span><\/p>\n<p><span style=\"font-weight: 400\">En el caso de San Mat\u00edas, se present\u00f3 la labor de la coordinadora de colectivos y recursos desde pr\u00e1cticamente la finalizaci\u00f3n del confinamiento, destacando iniciativas como La Escuelita ligada a la Biblioteca de larga trayectoria en el barrio, que implica a mujeres mayores en lo que supone su alfabetizaci\u00f3n y la realizaci\u00f3n de actividades diversas. La aportaci\u00f3n de asociaciones como la vecinal o la de mujeres Libergara, ambas de larga trayectoria y muy vinculadas con el desarrollo de San Mat\u00edas, el papel de la esfera educativa, mediante el impulso de proyectos tan reconocidos como el Museo Educa Yacimiento Barranco del Muerto del IES San Mat\u00edas, junto a la experiencia de \u2018Barrios por el Empleo\u2019 que suma m\u00e1s de una d\u00e9cada en este sector de Taco fueron igualmente expuestos.<\/span><\/p>\n<p><span style=\"font-weight: 400\">En cuanto a Ca\u00f1o Roto, se rememoraron las antiguas luchas por rehabilitar las viviendas construidas hacia finales de los 50 y principios de los 60, as\u00ed como las problem\u00e1ticas socioecon\u00f3micas a las que viene enfrent\u00e1ndose su vecindad. Se enumeraron algunas de las actividades del Plan Integral de Barrio del Ayuntamiento de Madrid, que dan respuesta a necesidades detectadas por el tejido asociativo.\u00a0<\/span><\/p>\n<p><span style=\"font-weight: 400\">Una de las principales conclusiones se relaciona con la importancia de promover el trabajo en red entre los colectivos y recursos de cada barrio, sin olvidar la colaboraci\u00f3n mutua considerando objetivos comunes, sobre todo con acciones inclusivas e intergeneracionales que motiven a las personas que las impulsan, adapt\u00e1ndose a los ritmos que sean necesarios.\u00a0<\/span><\/p>\n<p><span style=\"font-weight: 400\">\u201cUna experiencia muy rica de intercambio entre dos barrios con distintas realidades, pero muchas similitudes. Sobre todo con la preocupaci\u00f3n de trabajar con las personas mayores, llegar a las personas j\u00f3venes, incluir a su diversidad y tratar de que todos los vecinos y vecinas se identifiquen con el lugar en el que viven\u201d, se\u00f1al\u00f3 Concepci\u00f3n Casanova, presidenta de la Asociaci\u00f3n Vecinal La Monta\u00f1a de San Mat\u00edas.<\/span><\/p>\n<p><span style=\"font-weight: 400\">\u201cEl trabajo colaborativo entre colectivos y recursos es una tarea a largo plazo que requiere formaci\u00f3n, di\u00e1logo y la generaci\u00f3n de espacios que sean capaces de superar la politizaci\u00f3n, que en ocasiones nos impide ser conscientes de todo lo que podemos lograr juntas\u201d, subraya Nieves Camacho, jefa de estudios del IES San Mat\u00edas.<\/span><\/p>\n<p><span style=\"font-weight: 400\">El intercambio entre San Mat\u00edas y Ca\u00f1o Roto se desea mantener con nuevos encuentros online, para profundizar en algunas de las tem\u00e1ticas abordadas. De hecho, se se\u00f1ala el pr\u00f3ximo congreso estatal de Antropolog\u00eda que se celebrar\u00e1 en la ULL durante el mes de septiembre de 2025, como marco para visitar San Mat\u00edas y celebrar la segunda parte de la reuni\u00f3n de Madrid.<\/span><\/p>\n<p><b>Ciencia ciudadana<\/b><\/p>\n<p><span style=\"font-weight: 400\">El intercambio de experiencias es resultado del trabajo que se viene haciendo en ambas comunidades con un enfoque de ciencia ciudadana, que procura implicar a las vecindades en las etapas de una investigaci\u00f3n cient\u00edfica. De modo que sus avances y resultados, aparte de seguir las v\u00edas acad\u00e9micas convencionales, se incorporan de inmediato a la vida comunitaria de los lugares en que se desarrolla la actividad, contribuyendo a incentivar procesos de mejora socioterritorial.<\/span><\/p>\n<p><span style=\"font-weight: 400\">En esta oportunidad, es el equipo cient\u00edfico-t\u00e9cnico dirigido por el profesor Vicente Zapata, el que impulsa el proyecto de investigaci\u00f3n en el barrio de San Mat\u00edas, como prolongaci\u00f3n de otras iniciativas anteriores como el proyecto de Intervenci\u00f3n Comunitaria Intercultural ICI-Taco y el proyecto Comunidad, en los que asimismo han confluido entidades privadas como la Obra Social \u201cla Caixa\u201d y los ayuntamientos de Santa Cruz de Tenerife y La Laguna.<\/span><\/p>\n","protected":false},"excerpt":{"rendered":"<p>Un grupo de vecinas del barrio lagunero de San Mat\u00edas, acompa\u00f1adas de investigadores del proyecto cient\u00edfico \u2018ParticipaBarrio\u2019, que la Universidad&#8230;<\/p>\n","protected":false},"author":23,"featured_media":75973,"comment_status":"closed","ping_status":"closed","sticky":false,"template":"","format":"standard","meta":{"inline_featured_image":false,"footnotes":""},"categories":[345,348,2765],"tags":[],"acf":[],"yoast_head":"<!-- This site is optimized with the Yoast SEO plugin v21.3 - https:\/\/yoast.com\/wordpress\/plugins\/seo\/ -->\n<title>San Mat\u00edas comparte las claves de su proceso comunitario en Madrid haciendo &#039;ciencia ciudadana&#039; junto a la ULL - ULL - Noticias<\/title>\n<meta name=\"robots\" content=\"index, follow, max-snippet:-1, max-image-preview:large, max-video-preview:-1\" \/>\n<link rel=\"canonical\" href=\"https:\/\/www.ull.es\/portal\/noticias\/2024\/san-matias-comparte-las-claves-de-su-proceso-comunitario-en-madrid-haciendo-ciencia-ciudadana-junto-a-la-ull\/\" \/>\n<meta property=\"og:locale\" content=\"es_ES\" \/>\n<meta property=\"og:type\" content=\"article\" \/>\n<meta property=\"og:title\" content=\"San Mat\u00edas comparte las claves de su proceso comunitario en Madrid haciendo &#039;ciencia ciudadana&#039; junto a la ULL - ULL - Noticias\" \/>\n<meta property=\"og:description\" content=\"Un grupo de vecinas del barrio lagunero de San Mat\u00edas, acompa\u00f1adas de investigadores del proyecto cient\u00edfico \u2018ParticipaBarrio\u2019, que la Universidad...\" \/>\n<meta property=\"og:url\" content=\"https:\/\/www.ull.es\/portal\/noticias\/2024\/san-matias-comparte-las-claves-de-su-proceso-comunitario-en-madrid-haciendo-ciencia-ciudadana-junto-a-la-ull\/\" \/>\n<meta property=\"og:site_name\" content=\"ULL - Noticias\" \/>\n<meta property=\"article:publisher\" content=\"https:\/\/www.facebook.com\/universidaddelalaguna\/\" \/>\n<meta property=\"article:published_time\" content=\"2024-06-04T09:05:09+00:00\" \/>\n<meta property=\"article:modified_time\" content=\"2024-06-04T09:26:52+00:00\" \/>\n<meta property=\"og:image\" content=\"https:\/\/www.ull.es\/portal\/noticias\/wp-content\/uploads\/sites\/13\/2024\/06\/el-cano.jpg\" \/>\n\t<meta property=\"og:image:width\" content=\"1600\" \/>\n\t<meta property=\"og:image:height\" content=\"1200\" \/>\n\t<meta property=\"og:image:type\" content=\"image\/jpeg\" \/>\n<meta name=\"author\" content=\"gaprsa\" \/>\n<meta name=\"twitter:card\" content=\"summary_large_image\" \/>\n<meta name=\"twitter:creator\" content=\"@CanalULL\" \/>\n<meta name=\"twitter:site\" content=\"@CanalULL\" \/>\n<meta name=\"twitter:label1\" content=\"Escrito por\" \/>\n\t<meta name=\"twitter:data1\" content=\"gaprsa\" \/>\n\t<meta name=\"twitter:label2\" content=\"Tiempo de lectura\" \/>\n\t<meta name=\"twitter:data2\" content=\"4 minutos\" \/>\n<script type=\"application\/ld+json\" class=\"yoast-schema-graph\">{\"@context\":\"https:\/\/schema.org\",\"@graph\":[{\"@type\":\"WebPage\",\"@id\":\"https:\/\/www.ull.es\/portal\/noticias\/2024\/san-matias-comparte-las-claves-de-su-proceso-comunitario-en-madrid-haciendo-ciencia-ciudadana-junto-a-la-ull\/\",\"url\":\"https:\/\/www.ull.es\/portal\/noticias\/2024\/san-matias-comparte-las-claves-de-su-proceso-comunitario-en-madrid-haciendo-ciencia-ciudadana-junto-a-la-ull\/\",\"name\":\"San Mat\u00edas comparte las claves de su proceso comunitario en Madrid haciendo 'ciencia ciudadana' junto a la ULL - ULL - Noticias\",\"isPartOf\":{\"@id\":\"https:\/\/www.ull.es\/portal\/noticias\/#website\"},\"datePublished\":\"2024-06-04T09:05:09+00:00\",\"dateModified\":\"2024-06-04T09:26:52+00:00\",\"author\":{\"@id\":\"https:\/\/www.ull.es\/portal\/noticias\/#\/schema\/person\/b2b1a89d43ffa609e591f7df8ef3e817\"},\"breadcrumb\":{\"@id\":\"https:\/\/www.ull.es\/portal\/noticias\/2024\/san-matias-comparte-las-claves-de-su-proceso-comunitario-en-madrid-haciendo-ciencia-ciudadana-junto-a-la-ull\/#breadcrumb\"},\"inLanguage\":\"es\",\"potentialAction\":[{\"@type\":\"ReadAction\",\"target\":[\"https:\/\/www.ull.es\/portal\/noticias\/2024\/san-matias-comparte-las-claves-de-su-proceso-comunitario-en-madrid-haciendo-ciencia-ciudadana-junto-a-la-ull\/\"]}]},{\"@type\":\"BreadcrumbList\",\"@id\":\"https:\/\/www.ull.es\/portal\/noticias\/2024\/san-matias-comparte-las-claves-de-su-proceso-comunitario-en-madrid-haciendo-ciencia-ciudadana-junto-a-la-ull\/#breadcrumb\",\"itemListElement\":[{\"@type\":\"ListItem\",\"position\":1,\"name\":\"Portada\",\"item\":\"https:\/\/www.ull.es\/portal\/noticias\/\"},{\"@type\":\"ListItem\",\"position\":2,\"name\":\"San Mat\u00edas comparte las claves de su proceso comunitario en Madrid haciendo &#8216;ciencia ciudadana&#8217; junto a la ULL\"}]},{\"@type\":\"WebSite\",\"@id\":\"https:\/\/www.ull.es\/portal\/noticias\/#website\",\"url\":\"https:\/\/www.ull.es\/portal\/noticias\/\",\"name\":\"ULL - Noticias\",\"description\":\"\",\"potentialAction\":[{\"@type\":\"SearchAction\",\"target\":{\"@type\":\"EntryPoint\",\"urlTemplate\":\"https:\/\/www.ull.es\/portal\/noticias\/?s={search_term_string}\"},\"query-input\":\"required name=search_term_string\"}],\"inLanguage\":\"es\"},{\"@type\":\"Person\",\"@id\":\"https:\/\/www.ull.es\/portal\/noticias\/#\/schema\/person\/b2b1a89d43ffa609e591f7df8ef3e817\",\"name\":\"gaprsa\",\"image\":{\"@type\":\"ImageObject\",\"inLanguage\":\"es\",\"@id\":\"https:\/\/www.ull.es\/portal\/noticias\/#\/schema\/person\/image\/\",\"url\":\"https:\/\/secure.gravatar.com\/avatar\/443820550921091458b4823867723b3d?s=96&d=mm&r=g\",\"contentUrl\":\"https:\/\/secure.gravatar.com\/avatar\/443820550921091458b4823867723b3d?s=96&d=mm&r=g\",\"caption\":\"gaprsa\"},\"url\":\"https:\/\/www.ull.es\/portal\/noticias\/author\/gaprsa\/\"}]}<\/script>\n<!-- \/ Yoast SEO plugin. -->","yoast_head_json":{"title":"San Mat\u00edas comparte las claves de su proceso comunitario en Madrid haciendo 'ciencia ciudadana' junto a la ULL - ULL - Noticias","robots":{"index":"index","follow":"follow","max-snippet":"max-snippet:-1","max-image-preview":"max-image-preview:large","max-video-preview":"max-video-preview:-1"},"canonical":"https:\/\/www.ull.es\/portal\/noticias\/2024\/san-matias-comparte-las-claves-de-su-proceso-comunitario-en-madrid-haciendo-ciencia-ciudadana-junto-a-la-ull\/","og_locale":"es_ES","og_type":"article","og_title":"San Mat\u00edas comparte las claves de su proceso comunitario en Madrid haciendo 'ciencia ciudadana' junto a la ULL - ULL - Noticias","og_description":"Un grupo de vecinas del barrio lagunero de San Mat\u00edas, acompa\u00f1adas de investigadores del proyecto cient\u00edfico \u2018ParticipaBarrio\u2019, que la Universidad...","og_url":"https:\/\/www.ull.es\/portal\/noticias\/2024\/san-matias-comparte-las-claves-de-su-proceso-comunitario-en-madrid-haciendo-ciencia-ciudadana-junto-a-la-ull\/","og_site_name":"ULL - Noticias","article_publisher":"https:\/\/www.facebook.com\/universidaddelalaguna\/","article_published_time":"2024-06-04T09:05:09+00:00","article_modified_time":"2024-06-04T09:26:52+00:00","og_image":[{"width":1600,"height":1200,"url":"https:\/\/www.ull.es\/portal\/noticias\/wp-content\/uploads\/sites\/13\/2024\/06\/el-cano.jpg","type":"image\/jpeg"}],"author":"gaprsa","twitter_card":"summary_large_image","twitter_creator":"@CanalULL","twitter_site":"@CanalULL","twitter_misc":{"Escrito por":"gaprsa","Tiempo de lectura":"4 minutos"},"schema":{"@context":"https:\/\/schema.org","@graph":[{"@type":"WebPage","@id":"https:\/\/www.ull.es\/portal\/noticias\/2024\/san-matias-comparte-las-claves-de-su-proceso-comunitario-en-madrid-haciendo-ciencia-ciudadana-junto-a-la-ull\/","url":"https:\/\/www.ull.es\/portal\/noticias\/2024\/san-matias-comparte-las-claves-de-su-proceso-comunitario-en-madrid-haciendo-ciencia-ciudadana-junto-a-la-ull\/","name":"San Mat\u00edas comparte las claves de su proceso comunitario en Madrid haciendo 'ciencia ciudadana' junto a la ULL - ULL - Noticias","isPartOf":{"@id":"https:\/\/www.ull.es\/portal\/noticias\/#website"},"datePublished":"2024-06-04T09:05:09+00:00","dateModified":"2024-06-04T09:26:52+00:00","author":{"@id":"https:\/\/www.ull.es\/portal\/noticias\/#\/schema\/person\/b2b1a89d43ffa609e591f7df8ef3e817"},"breadcrumb":{"@id":"https:\/\/www.ull.es\/portal\/noticias\/2024\/san-matias-comparte-las-claves-de-su-proceso-comunitario-en-madrid-haciendo-ciencia-ciudadana-junto-a-la-ull\/#breadcrumb"},"inLanguage":"es","potentialAction":[{"@type":"ReadAction","target":["https:\/\/www.ull.es\/portal\/noticias\/2024\/san-matias-comparte-las-claves-de-su-proceso-comunitario-en-madrid-haciendo-ciencia-ciudadana-junto-a-la-ull\/"]}]},{"@type":"BreadcrumbList","@id":"https:\/\/www.ull.es\/portal\/noticias\/2024\/san-matias-comparte-las-claves-de-su-proceso-comunitario-en-madrid-haciendo-ciencia-ciudadana-junto-a-la-ull\/#breadcrumb","itemListElement":[{"@type":"ListItem","position":1,"name":"Portada","item":"https:\/\/www.ull.es\/portal\/noticias\/"},{"@type":"ListItem","position":2,"name":"San Mat\u00edas comparte las claves de su proceso comunitario en Madrid haciendo &#8216;ciencia ciudadana&#8217; junto a la ULL"}]},{"@type":"WebSite","@id":"https:\/\/www.ull.es\/portal\/noticias\/#website","url":"https:\/\/www.ull.es\/portal\/noticias\/","name":"ULL - Noticias","description":"","potentialAction":[{"@type":"SearchAction","target":{"@type":"EntryPoint","urlTemplate":"https:\/\/www.ull.es\/portal\/noticias\/?s={search_term_string}"},"query-input":"required name=search_term_string"}],"inLanguage":"es"},{"@type":"Person","@id":"https:\/\/www.ull.es\/portal\/noticias\/#\/schema\/person\/b2b1a89d43ffa609e591f7df8ef3e817","name":"gaprsa","image":{"@type":"ImageObject","inLanguage":"es","@id":"https:\/\/www.ull.es\/portal\/noticias\/#\/schema\/person\/image\/","url":"https:\/\/secure.gravatar.com\/avatar\/443820550921091458b4823867723b3d?s=96&d=mm&r=g","contentUrl":"https:\/\/secure.gravatar.com\/avatar\/443820550921091458b4823867723b3d?s=96&d=mm&r=g","caption":"gaprsa"},"url":"https:\/\/www.ull.es\/portal\/noticias\/author\/gaprsa\/"}]}},"primary_category":{"id":345,"name":"Destacado","slug":"destacado","link":"https:\/\/www.ull.es\/portal\/noticias\/category\/destacado\/"},"featured_image_thumbnail_url":"https:\/\/www.ull.es\/portal\/noticias\/wp-content\/uploads\/sites\/13\/2024\/06\/el-cano-300x225.jpg","_links":{"self":[{"href":"https:\/\/www.ull.es\/portal\/noticias\/wp-json\/wp\/v2\/posts\/75972"}],"collection":[{"href":"https:\/\/www.ull.es\/portal\/noticias\/wp-json\/wp\/v2\/posts"}],"about":[{"href":"https:\/\/www.ull.es\/portal\/noticias\/wp-json\/wp\/v2\/types\/post"}],"author":[{"embeddable":true,"href":"https:\/\/www.ull.es\/portal\/noticias\/wp-json\/wp\/v2\/users\/23"}],"replies":[{"embeddable":true,"href":"https:\/\/www.ull.es\/portal\/noticias\/wp-json\/wp\/v2\/comments?post=75972"}],"version-history":[{"count":1,"href":"https:\/\/www.ull.es\/portal\/noticias\/wp-json\/wp\/v2\/posts\/75972\/revisions"}],"predecessor-version":[{"id":75974,"href":"https:\/\/www.ull.es\/portal\/noticias\/wp-json\/wp\/v2\/posts\/75972\/revisions\/75974"}],"wp:featuredmedia":[{"embeddable":true,"href":"https:\/\/www.ull.es\/portal\/noticias\/wp-json\/wp\/v2\/media\/75973"}],"wp:attachment":[{"href":"https:\/\/www.ull.es\/portal\/noticias\/wp-json\/wp\/v2\/media?parent=75972"}],"wp:term":[{"taxonomy":"category","embeddable":true,"href":"https:\/\/www.ull.es\/portal\/noticias\/wp-json\/wp\/v2\/categories?post=75972"},{"taxonomy":"post_tag","embeddable":true,"href":"https:\/\/www.ull.es\/portal\/noticias\/wp-json\/wp\/v2\/tags?post=75972"}],"curies":[{"name":"wp","href":"https:\/\/api.w.org\/{rel}","templated":true}]}}