{"id":76101,"date":"2024-06-07T11:22:15","date_gmt":"2024-06-07T11:22:15","guid":{"rendered":"https:\/\/www.ull.es\/portal\/noticias\/?p=76101"},"modified":"2024-06-07T11:22:15","modified_gmt":"2024-06-07T11:22:15","slug":"crue-analiza-internacionalizacion-universidades-propone-proyectos-mas-escalables-largo-plazo-africa","status":"publish","type":"post","link":"https:\/\/www.ull.es\/portal\/noticias\/2024\/crue-analiza-internacionalizacion-universidades-propone-proyectos-mas-escalables-largo-plazo-africa\/","title":{"rendered":"La CRUE analiza la internacionalizaci\u00f3n de las universidades y propone proyectos m\u00e1s escalables y a largo plazo con \u00c1frica"},"content":{"rendered":"<p>La Conferencia de Rectores y Rectoras de las Universidades Espa\u00f1olas (CRUE) ha organizado esta semana junto con la Universidad Jaume I de Castell\u00f3n unas jornadas sobre la internacionalizaci\u00f3n de los centros de educaci\u00f3n superior del pa\u00eds, a la que ha acudido la gran mayor\u00eda de los m\u00e1ximos responsables de estas instituciones. Francisco Garc\u00eda, rector de la Universidad de La Laguna, fue el moderador de la primera mesa de debate de hoy 7 de junio, dedicada a analizar el eje Europa-\u00c1frica y el papel de Espa\u00f1a. Los participantes en esta cita concluyeron que es necesario llevar a cabo proyectos escalables y sostenibles, en el sentido de que, si no existe una adecuada planificaci\u00f3n y ante la falta a veces de recursos humanos cualificados, muchos de ellos caen en el olvido. Tambi\u00e9n sostuvieron la idoneidad de la no dispersi\u00f3n de programas y la importancia de la bilteralidad.<\/p>\n<div id=\"attachment_76102\" style=\"width: 310px\" class=\"wp-caption alignleft\"><a href=\"https:\/\/www.ull.es\/portal\/noticias\/wp-content\/uploads\/sites\/13\/2024\/06\/Rector-CRUE-Jaume-I.jpg\" target=\"_blank\" rel=\"noopener\"><img aria-describedby=\"caption-attachment-76102\" decoding=\"async\" loading=\"lazy\" class=\"wp-image-76102 size-medium\" src=\"https:\/\/www.ull.es\/portal\/noticias\/wp-content\/uploads\/sites\/13\/2024\/06\/Rector-CRUE-Jaume-I-300x195.jpg\" alt=\"\" width=\"300\" height=\"195\" srcset=\"https:\/\/www.ull.es\/portal\/noticias\/wp-content\/uploads\/sites\/13\/2024\/06\/Rector-CRUE-Jaume-I-300x195.jpg 300w, https:\/\/www.ull.es\/portal\/noticias\/wp-content\/uploads\/sites\/13\/2024\/06\/Rector-CRUE-Jaume-I-1024x667.jpg 1024w, https:\/\/www.ull.es\/portal\/noticias\/wp-content\/uploads\/sites\/13\/2024\/06\/Rector-CRUE-Jaume-I-768x500.jpg 768w, https:\/\/www.ull.es\/portal\/noticias\/wp-content\/uploads\/sites\/13\/2024\/06\/Rector-CRUE-Jaume-I-375x244.jpg 375w, https:\/\/www.ull.es\/portal\/noticias\/wp-content\/uploads\/sites\/13\/2024\/06\/Rector-CRUE-Jaume-I-750x488.jpg 750w, https:\/\/www.ull.es\/portal\/noticias\/wp-content\/uploads\/sites\/13\/2024\/06\/Rector-CRUE-Jaume-I.jpg 1100w\" sizes=\"(max-width: 300px) 100vw, 300px\" \/><\/a><p id=\"caption-attachment-76102\" class=\"wp-caption-text\">La sesi\u00f3n tambi\u00e9n pudo seguirse de forma virtual.<\/p><\/div>\n<p>Francisco Garc\u00eda afirm\u00f3 que \u00c1frica es una realidad de m\u00e1s de una cincuentena de pa\u00edses con una elevada dotaci\u00f3n de recursos naturales, lo que hace que emerjan situaciones de conflicto, desigualdad y corrupci\u00f3n. Mientras que las perspectivas de crecimiento mundial son favorables para pa\u00edses como N\u00edger, Senegal o Ruanda, casi el 50% del empleo est\u00e1 centrado en el sector primario, algo inconcebible en una econom\u00eda desarrollada como la europea, se\u00f1al\u00f3. El rector de la Universidad de La Laguna afirm\u00f3 que este territorio olvidado por Europa no lo est\u00e1 por otros actores globales como China o Rusia, cuyas geo-estrategias pasan por ese continente. Tambi\u00e9n indic\u00f3 que las universidades y los gobiernos deber\u00edan operar en las bases subyacentes del subdesarrollo, para tratar de revertir las estructuras injustas de esas sociedades. M\u00e1s de 700 convenios mantienen las universidades espa\u00f1olas con sus hom\u00f3logas africanas.<\/p>\n<p>En la mesa de debate participaron Juan Jos\u00e9 Ruiz, rector de la Universidad Miguel Hern\u00e1ndez; Teresa Langle, directora general de la Asociaci\u00f3n Mujeres por \u00c1frica; y Pilar Aranda, ex rectora de la Universidad de Granada. Ruiz apunt\u00f3 que la movilidad acad\u00e9mica con el continente africano ha mejorado a trav\u00e9s del programa Erasmus+, aunque sigue siendo completamente insuficiente. \u201cHace falta m\u00e1s fondos financiados por Espa\u00f1a para este tipo de colaboraciones\u201d, sostuvo el rector, quien desglos\u00f3 que los principales \u00e1mbitos de colaboraci\u00f3n son proyectos relacionados con agricultura sostenible, seguridad alimentaria, medio ambiente y desarrollo de infraestructuras.<\/p>\n<p>El rector de la Universidad Miguel Hern\u00e1ndez tambi\u00e9n apunt\u00f3 la necesidad de una convocatoria conjunta entre socios africanos y europeos y la oportunidad de crear centros de excelencia en universidades africanas, con el reto de darles continuidad con los propios medios tecnol\u00f3gicos y humanos. \u201cHay muchos proyectos exitosos que no se escalan adecuadamente, y por eso su sostenibilidad es complicada\u201d.<\/p>\n<p>Ruiz a\u00f1adi\u00f3 hay que aumentar la capacidad de estudiantado y profesorado en el terreno, sobre todo en escuelas de secundaria y muy especialmente de las mujeres, con un alto \u00edndice de abandono. Tambi\u00e9n indic\u00f3 que es preciso estar vigilantes con la fuga de talentos, para que los que se formen en Europa vuelva a sus pa\u00edses de origen y aporten conocimiento all\u00ed, al tiempo que \u00a0hay que seguir trabajando en el reconocimiento mutuo de titulaciones.<\/p>\n<p><a href=\"https:\/\/www.ull.es\/portal\/noticias\/wp-content\/uploads\/sites\/13\/2024\/06\/WhatsApp-Image-2024-06-07-at-11.59.14-3.jpeg\" target=\"_blank\" rel=\"noopener\"><img decoding=\"async\" loading=\"lazy\" class=\"alignright wp-image-76105 size-medium\" src=\"https:\/\/www.ull.es\/portal\/noticias\/wp-content\/uploads\/sites\/13\/2024\/06\/WhatsApp-Image-2024-06-07-at-11.59.14-3-300x195.jpeg\" alt=\"\" width=\"300\" height=\"195\" srcset=\"https:\/\/www.ull.es\/portal\/noticias\/wp-content\/uploads\/sites\/13\/2024\/06\/WhatsApp-Image-2024-06-07-at-11.59.14-3-300x195.jpeg 300w, https:\/\/www.ull.es\/portal\/noticias\/wp-content\/uploads\/sites\/13\/2024\/06\/WhatsApp-Image-2024-06-07-at-11.59.14-3-1024x667.jpeg 1024w, https:\/\/www.ull.es\/portal\/noticias\/wp-content\/uploads\/sites\/13\/2024\/06\/WhatsApp-Image-2024-06-07-at-11.59.14-3-768x500.jpeg 768w, https:\/\/www.ull.es\/portal\/noticias\/wp-content\/uploads\/sites\/13\/2024\/06\/WhatsApp-Image-2024-06-07-at-11.59.14-3-1536x1000.jpeg 1536w, https:\/\/www.ull.es\/portal\/noticias\/wp-content\/uploads\/sites\/13\/2024\/06\/WhatsApp-Image-2024-06-07-at-11.59.14-3-375x244.jpeg 375w, https:\/\/www.ull.es\/portal\/noticias\/wp-content\/uploads\/sites\/13\/2024\/06\/WhatsApp-Image-2024-06-07-at-11.59.14-3-750x488.jpeg 750w, https:\/\/www.ull.es\/portal\/noticias\/wp-content\/uploads\/sites\/13\/2024\/06\/WhatsApp-Image-2024-06-07-at-11.59.14-3-1140x742.jpeg 1140w, https:\/\/www.ull.es\/portal\/noticias\/wp-content\/uploads\/sites\/13\/2024\/06\/WhatsApp-Image-2024-06-07-at-11.59.14-3.jpeg 1600w\" sizes=\"(max-width: 300px) 100vw, 300px\" \/><\/a><\/p>\n<p>Por su parte, la directora general de la Asociaci\u00f3n Mujeres por \u00c1frica Teresa reconoci\u00f3 que sabemos muy poco de ese continente. La entidad que dirige pone el foco en la formaci\u00f3n de las f\u00e9minas y en este punto afirm\u00f3 que la docencia online es fundamental, especialmente a trav\u00e9s de cursos cortos de capacitaci\u00f3n que permitan superar la enorme brecha entre el mundo rural y el urbano. \u201cLas mujeres son las que llevan el continente a sus espaldas, y son las que tienen m\u00e1s dificultades para desplazarse porque desde muy j\u00f3venes tienen cargas familiares\u201d, por lo que este tipo de cursos es crucial, dijo.<\/p>\n<p>Langle afirm\u00f3 que tiene que darse m\u00e1s colaboraci\u00f3n entre universidades, empresas y gobiernos, buscando formas de triangulaci\u00f3n que contribuyan a expandir su labor. En su intervenci\u00f3n mencion\u00f3 algunos retos, como la difusi\u00f3n de la producci\u00f3n cient\u00edfica africana, que se desconoce totalmente debido a las jerarqu\u00edas del conocimiento, situaci\u00f3n que se agrava m\u00e1s en el caso de las mujeres., y la necesidad de crear canales para que el crecimiento fluya de forma horizontal.<\/p>\n<p>Un total de 32 mujeres africanas han conseguido ayudas para realizar estancias en centros de investigaci\u00f3n de excelencia espa\u00f1oles, mientras que la asociaci\u00f3n est\u00e1 intentando diversificar m\u00e1s la procedencia de las candidatas. \u201cLas mujeres siempre vuelven, convirti\u00e9ndose en mentoras para otras mujeres, as\u00ed que el impacto es muy profundo y la inversi\u00f3n es muy gratificante\u201d.<\/p>\n<p>Por su parte, la ex rectora de la Universidad de Granada se\u00f1al\u00f3 que la internacionalizaci\u00f3n es una herramienta para igualar oportunidades entre la ciudadan\u00eda. \u201cCon Marruecos se ha trabajado desde la idea de la bilateralidad, pero lo cierto es que nuestra mirada sobre \u00c1frica ha sido reciente, y viene del hecho migratorio. Es ah\u00ed cuando nos hemos dado cuenta de esa realidad\u201d. Aranda explic\u00f3 que otros pa\u00edses europeos tienen una posici\u00f3n m\u00e1s avanzada en las relaciones de sus universidades con el continente africano, centr\u00e1ndose en aspectos muy concretos.<\/p>\n<p>Tambi\u00e9n afirm\u00f3 que los proyectos de investigaci\u00f3n deben ser a largo plazo, desde un punto de vista colaborativo. \u201cHay que comprobar su nivel de transferencia y han de ser adem\u00e1s evaluados\u201d, lo que requiere tiempo, dijo. Aranda consider\u00f3 que el Ministerio de Asuntos Exteriores deber\u00eda ser m\u00e1s consciente del papel de las universidades en esta materia, y reforzar la visibilidad de las universidades espa\u00f1olas en el exterior.<\/p>\n<p>Por su parte, el rector de la Universidad de La Laguna cerr\u00f3 la mesa de debate apuntando que este centro acad\u00e9mico acoger\u00e1 en el mes de julio una nueva edici\u00f3n de Campus \u00c1frica, un evento acad\u00e9mico y cient\u00edfico que cada a\u00f1o congrega a unos 75 estudiantes africanos becados, muchos de ellos doctorandos, para formarlos en distintas materias relacionadas con salud y enfermedades emergentes.<\/p>\n","protected":false},"excerpt":{"rendered":"<p>La Conferencia de Rectores y Rectoras de las Universidades Espa\u00f1olas (CRUE) ha organizado esta semana junto con la Universidad Jaume&#8230;<\/p>\n","protected":false},"author":65,"featured_media":76103,"comment_status":"closed","ping_status":"closed","sticky":false,"template":"","format":"standard","meta":{"inline_featured_image":false,"footnotes":""},"categories":[345,348,349,2765],"tags":[403,10956,939,1537],"acf":[],"yoast_head":"<!-- This site is optimized with the Yoast SEO plugin v21.3 - https:\/\/yoast.com\/wordpress\/plugins\/seo\/ -->\n<title>La CRUE analiza la internacionalizaci\u00f3n de las universidades<\/title>\n<meta name=\"description\" content=\"La Conferencia de Rectores y Rectoras de las Universidades Espa\u00f1olas (CRUE) ha organizado esta semana junto con la Universidad Jaume I de Castell\u00f3n unas jornadas sobre la internacionalizaci\u00f3n de los centros de educaci\u00f3n superior del pa\u00eds, a la que ha acudido la gran mayor\u00eda de los m\u00e1ximos responsables de estas instituciones.\" \/>\n<meta name=\"robots\" content=\"index, follow, max-snippet:-1, max-image-preview:large, max-video-preview:-1\" \/>\n<link rel=\"canonical\" href=\"https:\/\/www.ull.es\/portal\/noticias\/2024\/crue-analiza-internacionalizacion-universidades-propone-proyectos-mas-escalables-largo-plazo-africa\/\" \/>\n<meta property=\"og:locale\" content=\"es_ES\" \/>\n<meta property=\"og:type\" content=\"article\" \/>\n<meta property=\"og:title\" content=\"La CRUE analiza la internacionalizaci\u00f3n de las universidades\" \/>\n<meta property=\"og:description\" content=\"La Conferencia de Rectores y Rectoras de las Universidades Espa\u00f1olas (CRUE) ha organizado esta semana junto con la Universidad Jaume I de Castell\u00f3n unas jornadas sobre la internacionalizaci\u00f3n de los centros de educaci\u00f3n superior del pa\u00eds, a la que ha acudido la gran mayor\u00eda de los m\u00e1ximos responsables de estas instituciones.\" \/>\n<meta property=\"og:url\" content=\"https:\/\/www.ull.es\/portal\/noticias\/2024\/crue-analiza-internacionalizacion-universidades-propone-proyectos-mas-escalables-largo-plazo-africa\/\" \/>\n<meta property=\"og:site_name\" content=\"ULL - Noticias\" \/>\n<meta property=\"article:publisher\" content=\"https:\/\/www.facebook.com\/universidaddelalaguna\/\" \/>\n<meta property=\"article:published_time\" content=\"2024-06-07T11:22:15+00:00\" \/>\n<meta property=\"og:image\" content=\"https:\/\/www.ull.es\/portal\/noticias\/wp-content\/uploads\/sites\/13\/2024\/06\/WhatsApp-Image-2024-06-07-at-11.59.14-1.jpeg\" \/>\n\t<meta property=\"og:image:width\" content=\"1600\" \/>\n\t<meta property=\"og:image:height\" content=\"1090\" \/>\n\t<meta property=\"og:image:type\" content=\"image\/jpeg\" \/>\n<meta name=\"author\" content=\"gcom4\" \/>\n<meta name=\"twitter:card\" content=\"summary_large_image\" \/>\n<meta name=\"twitter:creator\" content=\"@CanalULL\" \/>\n<meta name=\"twitter:site\" content=\"@CanalULL\" \/>\n<meta name=\"twitter:label1\" content=\"Escrito por\" \/>\n\t<meta name=\"twitter:data1\" content=\"gcom4\" \/>\n\t<meta name=\"twitter:label2\" content=\"Tiempo de lectura\" \/>\n\t<meta name=\"twitter:data2\" content=\"5 minutos\" \/>\n<script type=\"application\/ld+json\" class=\"yoast-schema-graph\">{\"@context\":\"https:\/\/schema.org\",\"@graph\":[{\"@type\":\"WebPage\",\"@id\":\"https:\/\/www.ull.es\/portal\/noticias\/2024\/crue-analiza-internacionalizacion-universidades-propone-proyectos-mas-escalables-largo-plazo-africa\/\",\"url\":\"https:\/\/www.ull.es\/portal\/noticias\/2024\/crue-analiza-internacionalizacion-universidades-propone-proyectos-mas-escalables-largo-plazo-africa\/\",\"name\":\"La CRUE analiza la internacionalizaci\u00f3n de las universidades\",\"isPartOf\":{\"@id\":\"https:\/\/www.ull.es\/portal\/noticias\/#website\"},\"datePublished\":\"2024-06-07T11:22:15+00:00\",\"dateModified\":\"2024-06-07T11:22:15+00:00\",\"author\":{\"@id\":\"https:\/\/www.ull.es\/portal\/noticias\/#\/schema\/person\/9924518fb1ad37d4428e7b5d6f311773\"},\"description\":\"La Conferencia de Rectores y Rectoras de las Universidades Espa\u00f1olas (CRUE) ha organizado esta semana junto con la Universidad Jaume I de Castell\u00f3n unas jornadas sobre la internacionalizaci\u00f3n de los centros de educaci\u00f3n superior del pa\u00eds, a la que ha acudido la gran mayor\u00eda de los m\u00e1ximos responsables de estas instituciones.\",\"breadcrumb\":{\"@id\":\"https:\/\/www.ull.es\/portal\/noticias\/2024\/crue-analiza-internacionalizacion-universidades-propone-proyectos-mas-escalables-largo-plazo-africa\/#breadcrumb\"},\"inLanguage\":\"es\",\"potentialAction\":[{\"@type\":\"ReadAction\",\"target\":[\"https:\/\/www.ull.es\/portal\/noticias\/2024\/crue-analiza-internacionalizacion-universidades-propone-proyectos-mas-escalables-largo-plazo-africa\/\"]}]},{\"@type\":\"BreadcrumbList\",\"@id\":\"https:\/\/www.ull.es\/portal\/noticias\/2024\/crue-analiza-internacionalizacion-universidades-propone-proyectos-mas-escalables-largo-plazo-africa\/#breadcrumb\",\"itemListElement\":[{\"@type\":\"ListItem\",\"position\":1,\"name\":\"Portada\",\"item\":\"https:\/\/www.ull.es\/portal\/noticias\/\"},{\"@type\":\"ListItem\",\"position\":2,\"name\":\"La CRUE analiza la internacionalizaci\u00f3n de las universidades y propone proyectos m\u00e1s escalables y a largo plazo con \u00c1frica\"}]},{\"@type\":\"WebSite\",\"@id\":\"https:\/\/www.ull.es\/portal\/noticias\/#website\",\"url\":\"https:\/\/www.ull.es\/portal\/noticias\/\",\"name\":\"ULL - Noticias\",\"description\":\"\",\"potentialAction\":[{\"@type\":\"SearchAction\",\"target\":{\"@type\":\"EntryPoint\",\"urlTemplate\":\"https:\/\/www.ull.es\/portal\/noticias\/?s={search_term_string}\"},\"query-input\":\"required name=search_term_string\"}],\"inLanguage\":\"es\"},{\"@type\":\"Person\",\"@id\":\"https:\/\/www.ull.es\/portal\/noticias\/#\/schema\/person\/9924518fb1ad37d4428e7b5d6f311773\",\"name\":\"gcom4\",\"image\":{\"@type\":\"ImageObject\",\"inLanguage\":\"es\",\"@id\":\"https:\/\/www.ull.es\/portal\/noticias\/#\/schema\/person\/image\/\",\"url\":\"https:\/\/secure.gravatar.com\/avatar\/a5d1f5573f10617ccfcc209aaf6aa7fb?s=96&d=mm&r=g\",\"contentUrl\":\"https:\/\/secure.gravatar.com\/avatar\/a5d1f5573f10617ccfcc209aaf6aa7fb?s=96&d=mm&r=g\",\"caption\":\"gcom4\"},\"url\":\"https:\/\/www.ull.es\/portal\/noticias\/author\/gcom4\/\"}]}<\/script>\n<!-- \/ Yoast SEO plugin. -->","yoast_head_json":{"title":"La CRUE analiza la internacionalizaci\u00f3n de las universidades","description":"La Conferencia de Rectores y Rectoras de las Universidades Espa\u00f1olas (CRUE) ha organizado esta semana junto con la Universidad Jaume I de Castell\u00f3n unas jornadas sobre la internacionalizaci\u00f3n de los centros de educaci\u00f3n superior del pa\u00eds, a la que ha acudido la gran mayor\u00eda de los m\u00e1ximos responsables de estas instituciones.","robots":{"index":"index","follow":"follow","max-snippet":"max-snippet:-1","max-image-preview":"max-image-preview:large","max-video-preview":"max-video-preview:-1"},"canonical":"https:\/\/www.ull.es\/portal\/noticias\/2024\/crue-analiza-internacionalizacion-universidades-propone-proyectos-mas-escalables-largo-plazo-africa\/","og_locale":"es_ES","og_type":"article","og_title":"La CRUE analiza la internacionalizaci\u00f3n de las universidades","og_description":"La Conferencia de Rectores y Rectoras de las Universidades Espa\u00f1olas (CRUE) ha organizado esta semana junto con la Universidad Jaume I de Castell\u00f3n unas jornadas sobre la internacionalizaci\u00f3n de los centros de educaci\u00f3n superior del pa\u00eds, a la que ha acudido la gran mayor\u00eda de los m\u00e1ximos responsables de estas instituciones.","og_url":"https:\/\/www.ull.es\/portal\/noticias\/2024\/crue-analiza-internacionalizacion-universidades-propone-proyectos-mas-escalables-largo-plazo-africa\/","og_site_name":"ULL - Noticias","article_publisher":"https:\/\/www.facebook.com\/universidaddelalaguna\/","article_published_time":"2024-06-07T11:22:15+00:00","og_image":[{"width":1600,"height":1090,"url":"https:\/\/www.ull.es\/portal\/noticias\/wp-content\/uploads\/sites\/13\/2024\/06\/WhatsApp-Image-2024-06-07-at-11.59.14-1.jpeg","type":"image\/jpeg"}],"author":"gcom4","twitter_card":"summary_large_image","twitter_creator":"@CanalULL","twitter_site":"@CanalULL","twitter_misc":{"Escrito por":"gcom4","Tiempo de lectura":"5 minutos"},"schema":{"@context":"https:\/\/schema.org","@graph":[{"@type":"WebPage","@id":"https:\/\/www.ull.es\/portal\/noticias\/2024\/crue-analiza-internacionalizacion-universidades-propone-proyectos-mas-escalables-largo-plazo-africa\/","url":"https:\/\/www.ull.es\/portal\/noticias\/2024\/crue-analiza-internacionalizacion-universidades-propone-proyectos-mas-escalables-largo-plazo-africa\/","name":"La CRUE analiza la internacionalizaci\u00f3n de las universidades","isPartOf":{"@id":"https:\/\/www.ull.es\/portal\/noticias\/#website"},"datePublished":"2024-06-07T11:22:15+00:00","dateModified":"2024-06-07T11:22:15+00:00","author":{"@id":"https:\/\/www.ull.es\/portal\/noticias\/#\/schema\/person\/9924518fb1ad37d4428e7b5d6f311773"},"description":"La Conferencia de Rectores y Rectoras de las Universidades Espa\u00f1olas (CRUE) ha organizado esta semana junto con la Universidad Jaume I de Castell\u00f3n unas jornadas sobre la internacionalizaci\u00f3n de los centros de educaci\u00f3n superior del pa\u00eds, a la que ha acudido la gran mayor\u00eda de los m\u00e1ximos responsables de estas instituciones.","breadcrumb":{"@id":"https:\/\/www.ull.es\/portal\/noticias\/2024\/crue-analiza-internacionalizacion-universidades-propone-proyectos-mas-escalables-largo-plazo-africa\/#breadcrumb"},"inLanguage":"es","potentialAction":[{"@type":"ReadAction","target":["https:\/\/www.ull.es\/portal\/noticias\/2024\/crue-analiza-internacionalizacion-universidades-propone-proyectos-mas-escalables-largo-plazo-africa\/"]}]},{"@type":"BreadcrumbList","@id":"https:\/\/www.ull.es\/portal\/noticias\/2024\/crue-analiza-internacionalizacion-universidades-propone-proyectos-mas-escalables-largo-plazo-africa\/#breadcrumb","itemListElement":[{"@type":"ListItem","position":1,"name":"Portada","item":"https:\/\/www.ull.es\/portal\/noticias\/"},{"@type":"ListItem","position":2,"name":"La CRUE analiza la internacionalizaci\u00f3n de las universidades y propone proyectos m\u00e1s escalables y a largo plazo con \u00c1frica"}]},{"@type":"WebSite","@id":"https:\/\/www.ull.es\/portal\/noticias\/#website","url":"https:\/\/www.ull.es\/portal\/noticias\/","name":"ULL - Noticias","description":"","potentialAction":[{"@type":"SearchAction","target":{"@type":"EntryPoint","urlTemplate":"https:\/\/www.ull.es\/portal\/noticias\/?s={search_term_string}"},"query-input":"required name=search_term_string"}],"inLanguage":"es"},{"@type":"Person","@id":"https:\/\/www.ull.es\/portal\/noticias\/#\/schema\/person\/9924518fb1ad37d4428e7b5d6f311773","name":"gcom4","image":{"@type":"ImageObject","inLanguage":"es","@id":"https:\/\/www.ull.es\/portal\/noticias\/#\/schema\/person\/image\/","url":"https:\/\/secure.gravatar.com\/avatar\/a5d1f5573f10617ccfcc209aaf6aa7fb?s=96&d=mm&r=g","contentUrl":"https:\/\/secure.gravatar.com\/avatar\/a5d1f5573f10617ccfcc209aaf6aa7fb?s=96&d=mm&r=g","caption":"gcom4"},"url":"https:\/\/www.ull.es\/portal\/noticias\/author\/gcom4\/"}]}},"primary_category":{"id":345,"name":"Destacado","slug":"destacado","link":"https:\/\/www.ull.es\/portal\/noticias\/category\/destacado\/"},"featured_image_thumbnail_url":"https:\/\/www.ull.es\/portal\/noticias\/wp-content\/uploads\/sites\/13\/2024\/06\/WhatsApp-Image-2024-06-07-at-11.59.14-1-300x204.jpeg","_links":{"self":[{"href":"https:\/\/www.ull.es\/portal\/noticias\/wp-json\/wp\/v2\/posts\/76101"}],"collection":[{"href":"https:\/\/www.ull.es\/portal\/noticias\/wp-json\/wp\/v2\/posts"}],"about":[{"href":"https:\/\/www.ull.es\/portal\/noticias\/wp-json\/wp\/v2\/types\/post"}],"author":[{"embeddable":true,"href":"https:\/\/www.ull.es\/portal\/noticias\/wp-json\/wp\/v2\/users\/65"}],"replies":[{"embeddable":true,"href":"https:\/\/www.ull.es\/portal\/noticias\/wp-json\/wp\/v2\/comments?post=76101"}],"version-history":[{"count":1,"href":"https:\/\/www.ull.es\/portal\/noticias\/wp-json\/wp\/v2\/posts\/76101\/revisions"}],"predecessor-version":[{"id":76106,"href":"https:\/\/www.ull.es\/portal\/noticias\/wp-json\/wp\/v2\/posts\/76101\/revisions\/76106"}],"wp:featuredmedia":[{"embeddable":true,"href":"https:\/\/www.ull.es\/portal\/noticias\/wp-json\/wp\/v2\/media\/76103"}],"wp:attachment":[{"href":"https:\/\/www.ull.es\/portal\/noticias\/wp-json\/wp\/v2\/media?parent=76101"}],"wp:term":[{"taxonomy":"category","embeddable":true,"href":"https:\/\/www.ull.es\/portal\/noticias\/wp-json\/wp\/v2\/categories?post=76101"},{"taxonomy":"post_tag","embeddable":true,"href":"https:\/\/www.ull.es\/portal\/noticias\/wp-json\/wp\/v2\/tags?post=76101"}],"curies":[{"name":"wp","href":"https:\/\/api.w.org\/{rel}","templated":true}]}}