{"id":76121,"date":"2024-06-10T09:29:21","date_gmt":"2024-06-10T09:29:21","guid":{"rendered":"https:\/\/www.ull.es\/portal\/noticias\/?p=76121"},"modified":"2024-06-10T09:29:21","modified_gmt":"2024-06-10T09:29:21","slug":"la-universidad-de-la-laguna-acoge-un-curso-de-la-accion-cost-priority-sobre-la-identificacion-de-microplasticos","status":"publish","type":"post","link":"https:\/\/www.ull.es\/portal\/noticias\/2024\/la-universidad-de-la-laguna-acoge-un-curso-de-la-accion-cost-priority-sobre-la-identificacion-de-microplasticos\/","title":{"rendered":"La Universidad de La Laguna acoge un curso de la Acci\u00f3n Cost PRIORITY sobre la identificaci\u00f3n de micropl\u00e1sticos"},"content":{"rendered":"<p>La Secci\u00f3n de Qu\u00edmica de la Facultad de Ciencias ha acogido recientemente un curso sobre la identificaci\u00f3n de la composici\u00f3n de micropl\u00e1sticos mediante microespectroscop\u00eda infrarroja por transformada de Fourier (microFTIR) y pir\u00f3lisis acoplada a cromatograf\u00eda de gases con detecci\u00f3n por espectrometr\u00eda de masas (Pyr-GC-MS) de la <a href=\"Plastics%20monitoRIng%20detectiOn%20RemedIaTion%20recoverY\" target=\"_blank\" rel=\"noopener\">Acci\u00f3n Cost PRIORITY<\/a>, una red formada por m\u00e1s de 500 investigadores europeos creada con el objetivo de coordinar un equipo de cient\u00edficos y expertos para abordar los desaf\u00edos de la contaminaci\u00f3n ambiental por nano y micropl\u00e1sticos.<\/p>\n<p>Este curso de dos d\u00edas de duraci\u00f3n ha sido organizado entre las dos universidades p\u00fablicas canarias, concretamente por Javier Hern\u00e1ndez Borges (Catedr\u00e1tico de Qu\u00edmica Anal\u00edtica y coordinador del <a href=\"https:\/\/jhborges.webs.ull.es\/\" target=\"_blank\" rel=\"noopener\">Grupo de Investigaci\u00f3n en Qu\u00edmica Anal\u00edtica Aplicada, AChem<\/a>, que forma parte del Instituto de Enfermedades Tropicales y Salud P\u00fablica de Canarias de la ULL) y Daura Vega Moreno (Profesora Contratada Doctora de la Universidad de Las Palmas de Gran Canaria), contando adem\u00e1s con la colaboraci\u00f3n como profesor de Javier Gonz\u00e1lez S\u00e1lamo, investigador Viera y Clavijo del Departamento de Qu\u00edmica de la ULL, y como ponente invitado al profesor Alvise Vianello, investigador de la Universidad de Aalborg, en Dinamarca.<\/p>\n<p>Esta actividad de formaci\u00f3n se engloba dentro de toda una serie de cursos de corta duraci\u00f3n y dirigidos a un reducido n\u00famero de personas (fundamentalmente alumnado de doctorado) que PRIORITY est\u00e1 promoviendo entre los diferentes grupos que forman parte de la red, financiando la totalidad de los gastos de los asistentes.<\/p>\n<p>En esta ocasi\u00f3n, adem\u00e1s de alumnado de doctorado de ambas universidades canarias, tambi\u00e9n asistiweron una decena de investigadores predoctorales de ocho pa\u00edses (Portugal, Rep\u00fablica Checa, Turqu\u00eda, Letonia, Serbia, Suiza, Italia y B\u00e9lgica), investigadores de diferentes \u00e1reas (qu\u00edmica, biolog\u00eda, ciencias ambientales, entre otros).<\/p>\n<p>Hern\u00e1ndez Borges se\u00f1ala que para su grupo de investigaci\u00f3n de la ULL es un orgullo que la Acci\u00f3n Cost haya aceptado esta propuesta de formaci\u00f3n, y que a los pocos d\u00edas de su anuncio todas las plazas quedaran cubiertas. \u201cSon muchos los grupos de investigaci\u00f3n europeos que conocen la investigaci\u00f3n sobre micropl\u00e1sticos que se realiza en la Universidad de La Laguna gracias a la actividad investigadora que hemos venido desarrollando en los \u00faltimos a\u00f1os, pero tambi\u00e9n gracias a la visibilidad internacional que nos ha proporcionado PRIORITY, y de hecho ya son varios los investigadores predoctorales e incluso profesores de otros pa\u00edses que han venido a nuestro grupo a ver lo que hacemos\u201d, explica.<\/p>\n","protected":false},"excerpt":{"rendered":"<p>La Secci\u00f3n de Qu\u00edmica de la Facultad de Ciencias ha acogido recientemente un curso sobre la identificaci\u00f3n de la composici\u00f3n&#8230;<\/p>\n","protected":false},"author":23,"featured_media":76122,"comment_status":"closed","ping_status":"closed","sticky":false,"template":"","format":"standard","meta":{"inline_featured_image":false,"footnotes":""},"categories":[345,350,2765],"tags":[],"acf":[],"yoast_head":"<!-- This site is optimized with the Yoast SEO plugin v21.3 - https:\/\/yoast.com\/wordpress\/plugins\/seo\/ -->\n<title>La Universidad de La Laguna acoge un curso de la Acci\u00f3n Cost PRIORITY sobre la identificaci\u00f3n de micropl\u00e1sticos - ULL - Noticias<\/title>\n<meta name=\"robots\" content=\"index, follow, max-snippet:-1, max-image-preview:large, max-video-preview:-1\" \/>\n<link rel=\"canonical\" href=\"https:\/\/www.ull.es\/portal\/noticias\/2024\/la-universidad-de-la-laguna-acoge-un-curso-de-la-accion-cost-priority-sobre-la-identificacion-de-microplasticos\/\" \/>\n<meta property=\"og:locale\" content=\"es_ES\" \/>\n<meta property=\"og:type\" content=\"article\" \/>\n<meta property=\"og:title\" content=\"La Universidad de La Laguna acoge un curso de la Acci\u00f3n Cost PRIORITY sobre la identificaci\u00f3n de micropl\u00e1sticos - ULL - Noticias\" \/>\n<meta property=\"og:description\" content=\"La Secci\u00f3n de Qu\u00edmica de la Facultad de Ciencias ha acogido recientemente un curso sobre la identificaci\u00f3n de la composici\u00f3n...\" \/>\n<meta property=\"og:url\" content=\"https:\/\/www.ull.es\/portal\/noticias\/2024\/la-universidad-de-la-laguna-acoge-un-curso-de-la-accion-cost-priority-sobre-la-identificacion-de-microplasticos\/\" \/>\n<meta property=\"og:site_name\" content=\"ULL - Noticias\" \/>\n<meta property=\"article:publisher\" content=\"https:\/\/www.facebook.com\/universidaddelalaguna\/\" \/>\n<meta property=\"article:published_time\" content=\"2024-06-10T09:29:21+00:00\" \/>\n<meta property=\"og:image\" content=\"https:\/\/www.ull.es\/portal\/noticias\/wp-content\/uploads\/sites\/13\/2024\/06\/accion-cost-scaled.jpg\" \/>\n\t<meta property=\"og:image:width\" content=\"2560\" \/>\n\t<meta property=\"og:image:height\" content=\"1905\" \/>\n\t<meta property=\"og:image:type\" content=\"image\/jpeg\" \/>\n<meta name=\"author\" content=\"gaprsa\" \/>\n<meta name=\"twitter:card\" content=\"summary_large_image\" \/>\n<meta name=\"twitter:creator\" content=\"@CanalULL\" \/>\n<meta name=\"twitter:site\" content=\"@CanalULL\" \/>\n<meta name=\"twitter:label1\" content=\"Escrito por\" \/>\n\t<meta name=\"twitter:data1\" content=\"gaprsa\" \/>\n\t<meta name=\"twitter:label2\" content=\"Tiempo de lectura\" \/>\n\t<meta name=\"twitter:data2\" content=\"2 minutos\" \/>\n<script type=\"application\/ld+json\" class=\"yoast-schema-graph\">{\"@context\":\"https:\/\/schema.org\",\"@graph\":[{\"@type\":\"WebPage\",\"@id\":\"https:\/\/www.ull.es\/portal\/noticias\/2024\/la-universidad-de-la-laguna-acoge-un-curso-de-la-accion-cost-priority-sobre-la-identificacion-de-microplasticos\/\",\"url\":\"https:\/\/www.ull.es\/portal\/noticias\/2024\/la-universidad-de-la-laguna-acoge-un-curso-de-la-accion-cost-priority-sobre-la-identificacion-de-microplasticos\/\",\"name\":\"La Universidad de La Laguna acoge un curso de la Acci\u00f3n Cost PRIORITY sobre la identificaci\u00f3n de micropl\u00e1sticos - ULL - Noticias\",\"isPartOf\":{\"@id\":\"https:\/\/www.ull.es\/portal\/noticias\/#website\"},\"datePublished\":\"2024-06-10T09:29:21+00:00\",\"dateModified\":\"2024-06-10T09:29:21+00:00\",\"author\":{\"@id\":\"https:\/\/www.ull.es\/portal\/noticias\/#\/schema\/person\/b2b1a89d43ffa609e591f7df8ef3e817\"},\"breadcrumb\":{\"@id\":\"https:\/\/www.ull.es\/portal\/noticias\/2024\/la-universidad-de-la-laguna-acoge-un-curso-de-la-accion-cost-priority-sobre-la-identificacion-de-microplasticos\/#breadcrumb\"},\"inLanguage\":\"es\",\"potentialAction\":[{\"@type\":\"ReadAction\",\"target\":[\"https:\/\/www.ull.es\/portal\/noticias\/2024\/la-universidad-de-la-laguna-acoge-un-curso-de-la-accion-cost-priority-sobre-la-identificacion-de-microplasticos\/\"]}]},{\"@type\":\"BreadcrumbList\",\"@id\":\"https:\/\/www.ull.es\/portal\/noticias\/2024\/la-universidad-de-la-laguna-acoge-un-curso-de-la-accion-cost-priority-sobre-la-identificacion-de-microplasticos\/#breadcrumb\",\"itemListElement\":[{\"@type\":\"ListItem\",\"position\":1,\"name\":\"Portada\",\"item\":\"https:\/\/www.ull.es\/portal\/noticias\/\"},{\"@type\":\"ListItem\",\"position\":2,\"name\":\"La Universidad de La Laguna acoge un curso de la Acci\u00f3n Cost PRIORITY sobre la identificaci\u00f3n de micropl\u00e1sticos\"}]},{\"@type\":\"WebSite\",\"@id\":\"https:\/\/www.ull.es\/portal\/noticias\/#website\",\"url\":\"https:\/\/www.ull.es\/portal\/noticias\/\",\"name\":\"ULL - Noticias\",\"description\":\"\",\"potentialAction\":[{\"@type\":\"SearchAction\",\"target\":{\"@type\":\"EntryPoint\",\"urlTemplate\":\"https:\/\/www.ull.es\/portal\/noticias\/?s={search_term_string}\"},\"query-input\":\"required name=search_term_string\"}],\"inLanguage\":\"es\"},{\"@type\":\"Person\",\"@id\":\"https:\/\/www.ull.es\/portal\/noticias\/#\/schema\/person\/b2b1a89d43ffa609e591f7df8ef3e817\",\"name\":\"gaprsa\",\"image\":{\"@type\":\"ImageObject\",\"inLanguage\":\"es\",\"@id\":\"https:\/\/www.ull.es\/portal\/noticias\/#\/schema\/person\/image\/\",\"url\":\"https:\/\/secure.gravatar.com\/avatar\/443820550921091458b4823867723b3d?s=96&d=mm&r=g\",\"contentUrl\":\"https:\/\/secure.gravatar.com\/avatar\/443820550921091458b4823867723b3d?s=96&d=mm&r=g\",\"caption\":\"gaprsa\"},\"url\":\"https:\/\/www.ull.es\/portal\/noticias\/author\/gaprsa\/\"}]}<\/script>\n<!-- \/ Yoast SEO plugin. -->","yoast_head_json":{"title":"La Universidad de La Laguna acoge un curso de la Acci\u00f3n Cost PRIORITY sobre la identificaci\u00f3n de micropl\u00e1sticos - ULL - Noticias","robots":{"index":"index","follow":"follow","max-snippet":"max-snippet:-1","max-image-preview":"max-image-preview:large","max-video-preview":"max-video-preview:-1"},"canonical":"https:\/\/www.ull.es\/portal\/noticias\/2024\/la-universidad-de-la-laguna-acoge-un-curso-de-la-accion-cost-priority-sobre-la-identificacion-de-microplasticos\/","og_locale":"es_ES","og_type":"article","og_title":"La Universidad de La Laguna acoge un curso de la Acci\u00f3n Cost PRIORITY sobre la identificaci\u00f3n de micropl\u00e1sticos - ULL - Noticias","og_description":"La Secci\u00f3n de Qu\u00edmica de la Facultad de Ciencias ha acogido recientemente un curso sobre la identificaci\u00f3n de la composici\u00f3n...","og_url":"https:\/\/www.ull.es\/portal\/noticias\/2024\/la-universidad-de-la-laguna-acoge-un-curso-de-la-accion-cost-priority-sobre-la-identificacion-de-microplasticos\/","og_site_name":"ULL - Noticias","article_publisher":"https:\/\/www.facebook.com\/universidaddelalaguna\/","article_published_time":"2024-06-10T09:29:21+00:00","og_image":[{"width":2560,"height":1905,"url":"https:\/\/www.ull.es\/portal\/noticias\/wp-content\/uploads\/sites\/13\/2024\/06\/accion-cost-scaled.jpg","type":"image\/jpeg"}],"author":"gaprsa","twitter_card":"summary_large_image","twitter_creator":"@CanalULL","twitter_site":"@CanalULL","twitter_misc":{"Escrito por":"gaprsa","Tiempo de lectura":"2 minutos"},"schema":{"@context":"https:\/\/schema.org","@graph":[{"@type":"WebPage","@id":"https:\/\/www.ull.es\/portal\/noticias\/2024\/la-universidad-de-la-laguna-acoge-un-curso-de-la-accion-cost-priority-sobre-la-identificacion-de-microplasticos\/","url":"https:\/\/www.ull.es\/portal\/noticias\/2024\/la-universidad-de-la-laguna-acoge-un-curso-de-la-accion-cost-priority-sobre-la-identificacion-de-microplasticos\/","name":"La Universidad de La Laguna acoge un curso de la Acci\u00f3n Cost PRIORITY sobre la identificaci\u00f3n de micropl\u00e1sticos - ULL - Noticias","isPartOf":{"@id":"https:\/\/www.ull.es\/portal\/noticias\/#website"},"datePublished":"2024-06-10T09:29:21+00:00","dateModified":"2024-06-10T09:29:21+00:00","author":{"@id":"https:\/\/www.ull.es\/portal\/noticias\/#\/schema\/person\/b2b1a89d43ffa609e591f7df8ef3e817"},"breadcrumb":{"@id":"https:\/\/www.ull.es\/portal\/noticias\/2024\/la-universidad-de-la-laguna-acoge-un-curso-de-la-accion-cost-priority-sobre-la-identificacion-de-microplasticos\/#breadcrumb"},"inLanguage":"es","potentialAction":[{"@type":"ReadAction","target":["https:\/\/www.ull.es\/portal\/noticias\/2024\/la-universidad-de-la-laguna-acoge-un-curso-de-la-accion-cost-priority-sobre-la-identificacion-de-microplasticos\/"]}]},{"@type":"BreadcrumbList","@id":"https:\/\/www.ull.es\/portal\/noticias\/2024\/la-universidad-de-la-laguna-acoge-un-curso-de-la-accion-cost-priority-sobre-la-identificacion-de-microplasticos\/#breadcrumb","itemListElement":[{"@type":"ListItem","position":1,"name":"Portada","item":"https:\/\/www.ull.es\/portal\/noticias\/"},{"@type":"ListItem","position":2,"name":"La Universidad de La Laguna acoge un curso de la Acci\u00f3n Cost PRIORITY sobre la identificaci\u00f3n de micropl\u00e1sticos"}]},{"@type":"WebSite","@id":"https:\/\/www.ull.es\/portal\/noticias\/#website","url":"https:\/\/www.ull.es\/portal\/noticias\/","name":"ULL - Noticias","description":"","potentialAction":[{"@type":"SearchAction","target":{"@type":"EntryPoint","urlTemplate":"https:\/\/www.ull.es\/portal\/noticias\/?s={search_term_string}"},"query-input":"required name=search_term_string"}],"inLanguage":"es"},{"@type":"Person","@id":"https:\/\/www.ull.es\/portal\/noticias\/#\/schema\/person\/b2b1a89d43ffa609e591f7df8ef3e817","name":"gaprsa","image":{"@type":"ImageObject","inLanguage":"es","@id":"https:\/\/www.ull.es\/portal\/noticias\/#\/schema\/person\/image\/","url":"https:\/\/secure.gravatar.com\/avatar\/443820550921091458b4823867723b3d?s=96&d=mm&r=g","contentUrl":"https:\/\/secure.gravatar.com\/avatar\/443820550921091458b4823867723b3d?s=96&d=mm&r=g","caption":"gaprsa"},"url":"https:\/\/www.ull.es\/portal\/noticias\/author\/gaprsa\/"}]}},"primary_category":{"id":345,"name":"Destacado","slug":"destacado","link":"https:\/\/www.ull.es\/portal\/noticias\/category\/destacado\/"},"featured_image_thumbnail_url":"https:\/\/www.ull.es\/portal\/noticias\/wp-content\/uploads\/sites\/13\/2024\/06\/accion-cost-300x223.jpg","_links":{"self":[{"href":"https:\/\/www.ull.es\/portal\/noticias\/wp-json\/wp\/v2\/posts\/76121"}],"collection":[{"href":"https:\/\/www.ull.es\/portal\/noticias\/wp-json\/wp\/v2\/posts"}],"about":[{"href":"https:\/\/www.ull.es\/portal\/noticias\/wp-json\/wp\/v2\/types\/post"}],"author":[{"embeddable":true,"href":"https:\/\/www.ull.es\/portal\/noticias\/wp-json\/wp\/v2\/users\/23"}],"replies":[{"embeddable":true,"href":"https:\/\/www.ull.es\/portal\/noticias\/wp-json\/wp\/v2\/comments?post=76121"}],"version-history":[{"count":1,"href":"https:\/\/www.ull.es\/portal\/noticias\/wp-json\/wp\/v2\/posts\/76121\/revisions"}],"predecessor-version":[{"id":76123,"href":"https:\/\/www.ull.es\/portal\/noticias\/wp-json\/wp\/v2\/posts\/76121\/revisions\/76123"}],"wp:featuredmedia":[{"embeddable":true,"href":"https:\/\/www.ull.es\/portal\/noticias\/wp-json\/wp\/v2\/media\/76122"}],"wp:attachment":[{"href":"https:\/\/www.ull.es\/portal\/noticias\/wp-json\/wp\/v2\/media?parent=76121"}],"wp:term":[{"taxonomy":"category","embeddable":true,"href":"https:\/\/www.ull.es\/portal\/noticias\/wp-json\/wp\/v2\/categories?post=76121"},{"taxonomy":"post_tag","embeddable":true,"href":"https:\/\/www.ull.es\/portal\/noticias\/wp-json\/wp\/v2\/tags?post=76121"}],"curies":[{"name":"wp","href":"https:\/\/api.w.org\/{rel}","templated":true}]}}