{"id":76124,"date":"2024-06-10T13:32:11","date_gmt":"2024-06-10T13:32:11","guid":{"rendered":"https:\/\/www.ull.es\/portal\/noticias\/?p=76124"},"modified":"2024-06-10T14:25:13","modified_gmt":"2024-06-10T14:25:13","slug":"la-cultura-del-esfuerzo-y-la-inclusion-lemas-de-la-trigesimo-primera-edicion-de-la-universidad-de-verano-de-adeje","status":"publish","type":"post","link":"https:\/\/www.ull.es\/portal\/noticias\/2024\/la-cultura-del-esfuerzo-y-la-inclusion-lemas-de-la-trigesimo-primera-edicion-de-la-universidad-de-verano-de-adeje\/","title":{"rendered":"La cultura del esfuerzo y la inclusi\u00f3n, lemas de la trig\u00e9simo primera edici\u00f3n de la Universidad de Verano de Adeje"},"content":{"rendered":"<p>La Universidad de La Laguna y el Ayuntamiento de Adeje han vuelto a suscribir su s\u00f3lida alianza para poner en marcha la trig\u00e9simo primera edici\u00f3n de la <a href=\"https:\/\/www.ull.es\/cultura\/cursos-extension-universitaria\/universidad-de-verano-de-adeje\/\" target=\"_blank\" rel=\"noopener\">Universidad de Verano de Adeje<\/a>, la propuesta cultural que se desarrollar\u00e1 del 22 al 26 de julio mediante la celebraci\u00f3n de una docena de cursos y seis talleres. El eje vertebrador de esta acci\u00f3n ser\u00e1 la cultura del esfuerzo y la inclusi\u00f3n, dos elementos de suma importancia que impregnar\u00e1n tanto el programa acad\u00e9mico como las actividades paralelas.<\/p>\n<p>El alcalde del municipio, Jos\u00e9 Miguel Rodr\u00edguez Fraga, sostuvo en la rueda de prensa de hoy 10 de junio que esta iniciativa surgi\u00f3 para cubrir una demanda formativa en una localidad compleja desde el punto de vista sociodemogr\u00e1fico y en la que la gran profusi\u00f3n de la actividad tur\u00edstica desmotivaba a la poblaci\u00f3n joven para continuar con sus estudios. Estos cursos cumpl\u00edan as\u00ed una demanda social de nuevos contenidos y actualizaciones que a\u00fan hoy sigue presente, a trav\u00e9s de otros formatos m\u00e1s cortos, ense\u00f1anzas en l\u00ednea y multiplicidad de talleres pr\u00e1cticos.<\/p>\n<p>En la misma l\u00ednea, el rector de la Universidad de La Laguna, Francisco Garc\u00eda, sostuvo que la Universidad de Verano de Adeje ha sabido reinventarse y adaptarse a nuevos tiempos, en un momento, adem\u00e1s, dominado por el \u201csimplismo\u201d, se\u00f1al\u00f3, \u201cy frente al cual solo cabe como ant\u00eddoto el rigor acad\u00e9mico, el debate y el recurso de la ciencia y el conocimiento\u201d.<\/p>\n<div id=\"attachment_76125\" style=\"width: 310px\" class=\"wp-caption alignleft\"><a href=\"https:\/\/www.ull.es\/portal\/noticias\/wp-content\/uploads\/sites\/13\/2024\/06\/Present-UVA-Adeje-18.jpg\" target=\"_blank\" rel=\"noopener\"><img aria-describedby=\"caption-attachment-76125\" decoding=\"async\" loading=\"lazy\" class=\"size-medium wp-image-76125\" src=\"https:\/\/www.ull.es\/portal\/noticias\/wp-content\/uploads\/sites\/13\/2024\/06\/Present-UVA-Adeje-18-300x200.jpg\" alt=\"\" width=\"300\" height=\"200\" srcset=\"https:\/\/www.ull.es\/portal\/noticias\/wp-content\/uploads\/sites\/13\/2024\/06\/Present-UVA-Adeje-18-300x200.jpg 300w, https:\/\/www.ull.es\/portal\/noticias\/wp-content\/uploads\/sites\/13\/2024\/06\/Present-UVA-Adeje-18-1024x682.jpg 1024w, https:\/\/www.ull.es\/portal\/noticias\/wp-content\/uploads\/sites\/13\/2024\/06\/Present-UVA-Adeje-18-768x512.jpg 768w, https:\/\/www.ull.es\/portal\/noticias\/wp-content\/uploads\/sites\/13\/2024\/06\/Present-UVA-Adeje-18-375x250.jpg 375w, https:\/\/www.ull.es\/portal\/noticias\/wp-content\/uploads\/sites\/13\/2024\/06\/Present-UVA-Adeje-18-750x500.jpg 750w, https:\/\/www.ull.es\/portal\/noticias\/wp-content\/uploads\/sites\/13\/2024\/06\/Present-UVA-Adeje-18.jpg 1100w\" sizes=\"(max-width: 300px) 100vw, 300px\" \/><\/a><p id=\"caption-attachment-76125\" class=\"wp-caption-text\">Un momento de la presentaci\u00f3n<\/p><\/div>\n<p>Fruto de esta colaboraci\u00f3n tan intensa y de tantos a\u00f1os ha sido la creaci\u00f3n de un campus universitario en el sur, donde se imparte el Grado en Turismo, y la celebraci\u00f3n en el mismo municipio de las pruebas de acceso a la universidad, para todos los estudiantes del sur de la isla.<\/p>\n<p>Los cursos mantendr\u00e1n un \u00fanico precio de 25 euros y de 10 euros para los talleres, habr\u00e1 servicio de transporte gratuito, como todos los a\u00f1os, y a la propuesta acad\u00e9mica se a\u00f1ade un conjunto de actividades complementarias que tendr\u00e1n lugar en el auditorio del municipio, con charlas, conciertos, recitales y debates.<\/p>\n<p>La presencia de varios deportistas con diversidad funcional cobrar\u00e1 mucho peso en esta edici\u00f3n, para demostrar a los m\u00e1s j\u00f3venes que con esfuerzo y trabajo muchas metas son m\u00e1s que plausibles. Jes\u00fas Vidal, de la pel\u00edcula \u2018Campeones\u2019, participar\u00e1 en esta edici\u00f3n, en la que adem\u00e1s como ya se ha se\u00f1alado tiene una especial mirada hacia la inclusi\u00f3n. Finalmente, participar\u00e1 el periodista Jes\u00fas Cintora, con firma de libros y coloquio. La conferencia inaugural, el 19 de julio, correr\u00e1 a cargo de Faustino Alonso, de Atletas Sin Fronteras, con la participaci\u00f3n tambi\u00e9n de la cantante Fabiola Socas. La artista local responsable del cartel anunciador es la joven A\u00edda D\u00edaz.<\/p>\n<p><strong>Cursos y talleres<\/strong><\/p>\n<p>La propuesta de este a\u00f1o est\u00e1 basada en una consulta previa a los matriculados en ediciones anteriores, para conocer tem\u00e1ticas de preferencia. Los cursos, que abarcan todo tipo de tem\u00e1ticas, cuentan con diez horas presenciales y otras quince de trabajo aut\u00f3nomo de la persona inscrita, mientras que los talleres, de formato m\u00e1s corto, disponen de cuatro horas presenciales.<\/p>\n<p>As\u00ed, en jornada matutina se celebrar\u00e1n \u2018Nutriciencia: conoce los fundamentos de una dieta saludable\u2019, por V\u00edctor Garc\u00eda Tagua; \u2018Gesti\u00f3n de impactos socioculturales del turismo\u2019, a cargo de Alberto Jonay Rodr\u00edguez Darias; \u2018Explorando con la m\u00fasica desde la innovaci\u00f3n y la creatividad\u2019, por Paula Hern\u00e1ndez Dionis, \u2018Canarias en acci\u00f3n: participaci\u00f3n y sostenibilidad\u2019, dirigido por Itah\u00edsa P\u00e9rez P\u00e9rez; \u2018Neuropsicolog\u00eda de las mujeres con TEA\u2019, de Javier Jos\u00e9 P\u00e9rez Flores; y \u2018Curso pr\u00e1ctico de lengua de signos, nivel II\u2019, a cargo de M\u00aa del Carmen Rodr\u00edguez Jim\u00e9nez.<\/p>\n<p>En horario de tarde se celebrar\u00e1 \u2018Artes esc\u00e9nicas para el desarrollo de las competencias comunicativas\u2019, por Andr\u00e9s Gonz\u00e1lez Novoa; \u2018Anatom\u00eda del crimen: curso de escritura de relato criminal\u2019, de Javier Rivero Grandoso; \u2018Empoderamiento femenino: retos y desaf\u00edos\u2019, de Teresa Gonz\u00e1lez P\u00e9rez; \u2018Salud mental positiva: inclusi\u00f3n y bienestar\u2019, de Josefa Marrero Quevedo; y \u2018Talento, esfuerzo e innovaci\u00f3n: factores determinantes del \u00e9xito de tu negocio\u2019, por Alicia Correa Rodr\u00edguez; mientras que en horario de ma\u00f1ana y tarde figura \u2018Silbo gomero: identidad y consumo cultural\u2019.<\/p>\n<p>Los talleres estar\u00e1n dedicados a la reproducci\u00f3n de \u00e1rboles frutales, las buenas pr\u00e1cticas para la educaci\u00f3n f\u00edsico-deportiva, la comunicaci\u00f3n, una ruta guiada por el Barranco del Infierno y otro taller sobre los modos de alimentaci\u00f3n en la Antigua Roma.<\/p>\n","protected":false},"excerpt":{"rendered":"<p>La Universidad de La Laguna y el Ayuntamiento de Adeje han vuelto a suscribir su s\u00f3lida alianza para poner en&#8230;<\/p>\n","protected":false},"author":23,"featured_media":76126,"comment_status":"closed","ping_status":"closed","sticky":false,"template":"","format":"standard","meta":{"inline_featured_image":false,"footnotes":""},"categories":[344,345,348,2765],"tags":[],"acf":[],"yoast_head":"<!-- This site is optimized with the Yoast SEO plugin v21.3 - https:\/\/yoast.com\/wordpress\/plugins\/seo\/ -->\n<title>La cultura del esfuerzo y la inclusi\u00f3n, lemas de la trig\u00e9simo primera edici\u00f3n de la Universidad de Verano de Adeje - ULL - Noticias<\/title>\n<meta name=\"robots\" content=\"index, follow, max-snippet:-1, max-image-preview:large, max-video-preview:-1\" \/>\n<link rel=\"canonical\" href=\"https:\/\/www.ull.es\/portal\/noticias\/2024\/la-cultura-del-esfuerzo-y-la-inclusion-lemas-de-la-trigesimo-primera-edicion-de-la-universidad-de-verano-de-adeje\/\" \/>\n<meta property=\"og:locale\" content=\"es_ES\" \/>\n<meta property=\"og:type\" content=\"article\" \/>\n<meta property=\"og:title\" content=\"La cultura del esfuerzo y la inclusi\u00f3n, lemas de la trig\u00e9simo primera edici\u00f3n de la Universidad de Verano de Adeje - ULL - Noticias\" \/>\n<meta property=\"og:description\" content=\"La Universidad de La Laguna y el Ayuntamiento de Adeje han vuelto a suscribir su s\u00f3lida alianza para poner en...\" \/>\n<meta property=\"og:url\" content=\"https:\/\/www.ull.es\/portal\/noticias\/2024\/la-cultura-del-esfuerzo-y-la-inclusion-lemas-de-la-trigesimo-primera-edicion-de-la-universidad-de-verano-de-adeje\/\" \/>\n<meta property=\"og:site_name\" content=\"ULL - Noticias\" \/>\n<meta property=\"article:publisher\" content=\"https:\/\/www.facebook.com\/universidaddelalaguna\/\" \/>\n<meta property=\"article:published_time\" content=\"2024-06-10T13:32:11+00:00\" \/>\n<meta property=\"article:modified_time\" content=\"2024-06-10T14:25:13+00:00\" \/>\n<meta property=\"og:image\" content=\"https:\/\/www.ull.es\/portal\/noticias\/wp-content\/uploads\/sites\/13\/2024\/06\/Present-UVA-Adeje-27.jpg\" \/>\n\t<meta property=\"og:image:width\" content=\"1100\" \/>\n\t<meta property=\"og:image:height\" content=\"733\" \/>\n\t<meta property=\"og:image:type\" content=\"image\/jpeg\" \/>\n<meta name=\"author\" content=\"gaprsa\" \/>\n<meta name=\"twitter:card\" content=\"summary_large_image\" \/>\n<meta name=\"twitter:creator\" content=\"@CanalULL\" \/>\n<meta name=\"twitter:site\" content=\"@CanalULL\" \/>\n<meta name=\"twitter:label1\" content=\"Escrito por\" \/>\n\t<meta name=\"twitter:data1\" content=\"gaprsa\" \/>\n\t<meta name=\"twitter:label2\" content=\"Tiempo de lectura\" \/>\n\t<meta name=\"twitter:data2\" content=\"4 minutos\" \/>\n<script type=\"application\/ld+json\" class=\"yoast-schema-graph\">{\"@context\":\"https:\/\/schema.org\",\"@graph\":[{\"@type\":\"WebPage\",\"@id\":\"https:\/\/www.ull.es\/portal\/noticias\/2024\/la-cultura-del-esfuerzo-y-la-inclusion-lemas-de-la-trigesimo-primera-edicion-de-la-universidad-de-verano-de-adeje\/\",\"url\":\"https:\/\/www.ull.es\/portal\/noticias\/2024\/la-cultura-del-esfuerzo-y-la-inclusion-lemas-de-la-trigesimo-primera-edicion-de-la-universidad-de-verano-de-adeje\/\",\"name\":\"La cultura del esfuerzo y la inclusi\u00f3n, lemas de la trig\u00e9simo primera edici\u00f3n de la Universidad de Verano de Adeje - ULL - Noticias\",\"isPartOf\":{\"@id\":\"https:\/\/www.ull.es\/portal\/noticias\/#website\"},\"datePublished\":\"2024-06-10T13:32:11+00:00\",\"dateModified\":\"2024-06-10T14:25:13+00:00\",\"author\":{\"@id\":\"https:\/\/www.ull.es\/portal\/noticias\/#\/schema\/person\/b2b1a89d43ffa609e591f7df8ef3e817\"},\"breadcrumb\":{\"@id\":\"https:\/\/www.ull.es\/portal\/noticias\/2024\/la-cultura-del-esfuerzo-y-la-inclusion-lemas-de-la-trigesimo-primera-edicion-de-la-universidad-de-verano-de-adeje\/#breadcrumb\"},\"inLanguage\":\"es\",\"potentialAction\":[{\"@type\":\"ReadAction\",\"target\":[\"https:\/\/www.ull.es\/portal\/noticias\/2024\/la-cultura-del-esfuerzo-y-la-inclusion-lemas-de-la-trigesimo-primera-edicion-de-la-universidad-de-verano-de-adeje\/\"]}]},{\"@type\":\"BreadcrumbList\",\"@id\":\"https:\/\/www.ull.es\/portal\/noticias\/2024\/la-cultura-del-esfuerzo-y-la-inclusion-lemas-de-la-trigesimo-primera-edicion-de-la-universidad-de-verano-de-adeje\/#breadcrumb\",\"itemListElement\":[{\"@type\":\"ListItem\",\"position\":1,\"name\":\"Portada\",\"item\":\"https:\/\/www.ull.es\/portal\/noticias\/\"},{\"@type\":\"ListItem\",\"position\":2,\"name\":\"La cultura del esfuerzo y la inclusi\u00f3n, lemas de la trig\u00e9simo primera edici\u00f3n de la Universidad de Verano de Adeje\"}]},{\"@type\":\"WebSite\",\"@id\":\"https:\/\/www.ull.es\/portal\/noticias\/#website\",\"url\":\"https:\/\/www.ull.es\/portal\/noticias\/\",\"name\":\"ULL - Noticias\",\"description\":\"\",\"potentialAction\":[{\"@type\":\"SearchAction\",\"target\":{\"@type\":\"EntryPoint\",\"urlTemplate\":\"https:\/\/www.ull.es\/portal\/noticias\/?s={search_term_string}\"},\"query-input\":\"required name=search_term_string\"}],\"inLanguage\":\"es\"},{\"@type\":\"Person\",\"@id\":\"https:\/\/www.ull.es\/portal\/noticias\/#\/schema\/person\/b2b1a89d43ffa609e591f7df8ef3e817\",\"name\":\"gaprsa\",\"image\":{\"@type\":\"ImageObject\",\"inLanguage\":\"es\",\"@id\":\"https:\/\/www.ull.es\/portal\/noticias\/#\/schema\/person\/image\/\",\"url\":\"https:\/\/secure.gravatar.com\/avatar\/443820550921091458b4823867723b3d?s=96&d=mm&r=g\",\"contentUrl\":\"https:\/\/secure.gravatar.com\/avatar\/443820550921091458b4823867723b3d?s=96&d=mm&r=g\",\"caption\":\"gaprsa\"},\"url\":\"https:\/\/www.ull.es\/portal\/noticias\/author\/gaprsa\/\"}]}<\/script>\n<!-- \/ Yoast SEO plugin. -->","yoast_head_json":{"title":"La cultura del esfuerzo y la inclusi\u00f3n, lemas de la trig\u00e9simo primera edici\u00f3n de la Universidad de Verano de Adeje - ULL - Noticias","robots":{"index":"index","follow":"follow","max-snippet":"max-snippet:-1","max-image-preview":"max-image-preview:large","max-video-preview":"max-video-preview:-1"},"canonical":"https:\/\/www.ull.es\/portal\/noticias\/2024\/la-cultura-del-esfuerzo-y-la-inclusion-lemas-de-la-trigesimo-primera-edicion-de-la-universidad-de-verano-de-adeje\/","og_locale":"es_ES","og_type":"article","og_title":"La cultura del esfuerzo y la inclusi\u00f3n, lemas de la trig\u00e9simo primera edici\u00f3n de la Universidad de Verano de Adeje - ULL - Noticias","og_description":"La Universidad de La Laguna y el Ayuntamiento de Adeje han vuelto a suscribir su s\u00f3lida alianza para poner en...","og_url":"https:\/\/www.ull.es\/portal\/noticias\/2024\/la-cultura-del-esfuerzo-y-la-inclusion-lemas-de-la-trigesimo-primera-edicion-de-la-universidad-de-verano-de-adeje\/","og_site_name":"ULL - Noticias","article_publisher":"https:\/\/www.facebook.com\/universidaddelalaguna\/","article_published_time":"2024-06-10T13:32:11+00:00","article_modified_time":"2024-06-10T14:25:13+00:00","og_image":[{"width":1100,"height":733,"url":"https:\/\/www.ull.es\/portal\/noticias\/wp-content\/uploads\/sites\/13\/2024\/06\/Present-UVA-Adeje-27.jpg","type":"image\/jpeg"}],"author":"gaprsa","twitter_card":"summary_large_image","twitter_creator":"@CanalULL","twitter_site":"@CanalULL","twitter_misc":{"Escrito por":"gaprsa","Tiempo de lectura":"4 minutos"},"schema":{"@context":"https:\/\/schema.org","@graph":[{"@type":"WebPage","@id":"https:\/\/www.ull.es\/portal\/noticias\/2024\/la-cultura-del-esfuerzo-y-la-inclusion-lemas-de-la-trigesimo-primera-edicion-de-la-universidad-de-verano-de-adeje\/","url":"https:\/\/www.ull.es\/portal\/noticias\/2024\/la-cultura-del-esfuerzo-y-la-inclusion-lemas-de-la-trigesimo-primera-edicion-de-la-universidad-de-verano-de-adeje\/","name":"La cultura del esfuerzo y la inclusi\u00f3n, lemas de la trig\u00e9simo primera edici\u00f3n de la Universidad de Verano de Adeje - ULL - Noticias","isPartOf":{"@id":"https:\/\/www.ull.es\/portal\/noticias\/#website"},"datePublished":"2024-06-10T13:32:11+00:00","dateModified":"2024-06-10T14:25:13+00:00","author":{"@id":"https:\/\/www.ull.es\/portal\/noticias\/#\/schema\/person\/b2b1a89d43ffa609e591f7df8ef3e817"},"breadcrumb":{"@id":"https:\/\/www.ull.es\/portal\/noticias\/2024\/la-cultura-del-esfuerzo-y-la-inclusion-lemas-de-la-trigesimo-primera-edicion-de-la-universidad-de-verano-de-adeje\/#breadcrumb"},"inLanguage":"es","potentialAction":[{"@type":"ReadAction","target":["https:\/\/www.ull.es\/portal\/noticias\/2024\/la-cultura-del-esfuerzo-y-la-inclusion-lemas-de-la-trigesimo-primera-edicion-de-la-universidad-de-verano-de-adeje\/"]}]},{"@type":"BreadcrumbList","@id":"https:\/\/www.ull.es\/portal\/noticias\/2024\/la-cultura-del-esfuerzo-y-la-inclusion-lemas-de-la-trigesimo-primera-edicion-de-la-universidad-de-verano-de-adeje\/#breadcrumb","itemListElement":[{"@type":"ListItem","position":1,"name":"Portada","item":"https:\/\/www.ull.es\/portal\/noticias\/"},{"@type":"ListItem","position":2,"name":"La cultura del esfuerzo y la inclusi\u00f3n, lemas de la trig\u00e9simo primera edici\u00f3n de la Universidad de Verano de Adeje"}]},{"@type":"WebSite","@id":"https:\/\/www.ull.es\/portal\/noticias\/#website","url":"https:\/\/www.ull.es\/portal\/noticias\/","name":"ULL - Noticias","description":"","potentialAction":[{"@type":"SearchAction","target":{"@type":"EntryPoint","urlTemplate":"https:\/\/www.ull.es\/portal\/noticias\/?s={search_term_string}"},"query-input":"required name=search_term_string"}],"inLanguage":"es"},{"@type":"Person","@id":"https:\/\/www.ull.es\/portal\/noticias\/#\/schema\/person\/b2b1a89d43ffa609e591f7df8ef3e817","name":"gaprsa","image":{"@type":"ImageObject","inLanguage":"es","@id":"https:\/\/www.ull.es\/portal\/noticias\/#\/schema\/person\/image\/","url":"https:\/\/secure.gravatar.com\/avatar\/443820550921091458b4823867723b3d?s=96&d=mm&r=g","contentUrl":"https:\/\/secure.gravatar.com\/avatar\/443820550921091458b4823867723b3d?s=96&d=mm&r=g","caption":"gaprsa"},"url":"https:\/\/www.ull.es\/portal\/noticias\/author\/gaprsa\/"}]}},"primary_category":{"id":345,"name":"Destacado","slug":"destacado","link":"https:\/\/www.ull.es\/portal\/noticias\/category\/destacado\/"},"featured_image_thumbnail_url":"https:\/\/www.ull.es\/portal\/noticias\/wp-content\/uploads\/sites\/13\/2024\/06\/Present-UVA-Adeje-27-300x200.jpg","_links":{"self":[{"href":"https:\/\/www.ull.es\/portal\/noticias\/wp-json\/wp\/v2\/posts\/76124"}],"collection":[{"href":"https:\/\/www.ull.es\/portal\/noticias\/wp-json\/wp\/v2\/posts"}],"about":[{"href":"https:\/\/www.ull.es\/portal\/noticias\/wp-json\/wp\/v2\/types\/post"}],"author":[{"embeddable":true,"href":"https:\/\/www.ull.es\/portal\/noticias\/wp-json\/wp\/v2\/users\/23"}],"replies":[{"embeddable":true,"href":"https:\/\/www.ull.es\/portal\/noticias\/wp-json\/wp\/v2\/comments?post=76124"}],"version-history":[{"count":2,"href":"https:\/\/www.ull.es\/portal\/noticias\/wp-json\/wp\/v2\/posts\/76124\/revisions"}],"predecessor-version":[{"id":76128,"href":"https:\/\/www.ull.es\/portal\/noticias\/wp-json\/wp\/v2\/posts\/76124\/revisions\/76128"}],"wp:featuredmedia":[{"embeddable":true,"href":"https:\/\/www.ull.es\/portal\/noticias\/wp-json\/wp\/v2\/media\/76126"}],"wp:attachment":[{"href":"https:\/\/www.ull.es\/portal\/noticias\/wp-json\/wp\/v2\/media?parent=76124"}],"wp:term":[{"taxonomy":"category","embeddable":true,"href":"https:\/\/www.ull.es\/portal\/noticias\/wp-json\/wp\/v2\/categories?post=76124"},{"taxonomy":"post_tag","embeddable":true,"href":"https:\/\/www.ull.es\/portal\/noticias\/wp-json\/wp\/v2\/tags?post=76124"}],"curies":[{"name":"wp","href":"https:\/\/api.w.org\/{rel}","templated":true}]}}