{"id":76129,"date":"2024-06-11T08:11:39","date_gmt":"2024-06-11T08:11:39","guid":{"rendered":"https:\/\/www.ull.es\/portal\/noticias\/?p=76129"},"modified":"2024-06-11T09:45:51","modified_gmt":"2024-06-11T09:45:51","slug":"carmen-pastor-ponencia-didactica-catedra-tecnoedu-mapfre-ull","status":"publish","type":"post","link":"https:\/\/www.ull.es\/portal\/noticias\/2024\/carmen-pastor-ponencia-didactica-catedra-tecnoedu-mapfre-ull\/","title":{"rendered":"La catedr\u00e1tica de Did\u00e1ctica Carmen Pastor imparte una ponencia invitada por la c\u00e1tedra TECNOEDU Mapfre de la ULL"},"content":{"rendered":"<p><strong>\u00a0<\/strong>La catedr\u00e1tica de Did\u00e1ctica y Organizaci\u00f3n Escolar de la Universidad Complutense de Madrid Carmen Alba Pastor impartir\u00e1 el pr\u00f3ximo jueves, 13 de junio a las 18:00 horas, <a href=\"https:\/\/tecnoedu.webs.ull.es\/seminario-dua-tic-carmen-alba-pastor\/\" target=\"_blank\" rel=\"noopener\" target=\"_blank\" rel=\"noopener\">una conferencia<\/a> para presentar el modelo del Dise\u00f1o Universal para el Aprendizaje. La experta ha sido invitada por la C\u00e1tedra Fundaci\u00f3n Mapfre Canarias de Tecnolog\u00eda y Educaci\u00f3n de la Universidad de La Laguna (TECNOEDU) y se celebrar\u00e1 en la Sede de Fundaci\u00f3n MAPFRE Canarias, ubicada en la Plaza de San Crist\u00f3bal, 20 de San Crist\u00f3bal de La Laguna.<\/p>\n<p>Con esta conferencia, la c\u00e1tedra TECNOEDU busca analizar la posible aplicaci\u00f3n a la ense\u00f1anza del modelo del Dise\u00f1o Universal para el Aprendizaje, vincul\u00e1ndolo con el curr\u00edculum y la organizaci\u00f3n escolar. Asimismo, esta conferencia pondr\u00e1 en valor la relevancia de este modelo en combinaci\u00f3n con diferentes recursos, especialmente con los recursos digitales.<\/p>\n<p>La ponente, Carmen Alba Pastor, desvelar\u00e1 los aspectos m\u00e1s relevantes de este modelo de aprendizaje que comenz\u00f3 a desarrollar tras una estancia en Massachusetts (EE UU). Su trabajo sobre el Dise\u00f1o Universal para el Aprendizaje, desarrollado en colaboraci\u00f3n con el Centro de Tecnolog\u00eda Especial Aplicada (CAST) de la ciudad estadounidense, ha sido publicado en numerosos art\u00edculos y libros. Una labor que ha compaginado con la direcci\u00f3n de proyectos financiados a nivel estatal y su participaci\u00f3n en la Red Universitaria de Investigaci\u00f3n e Innovaci\u00f3n Educativa (REUNI+D).<\/p>\n","protected":false},"excerpt":{"rendered":"<p>\u00a0La catedr\u00e1tica de Did\u00e1ctica y Organizaci\u00f3n Escolar de la Universidad Complutense de Madrid Carmen Alba Pastor impartir\u00e1 el pr\u00f3ximo jueves,&#8230;<\/p>\n","protected":false},"author":21,"featured_media":76130,"comment_status":"closed","ping_status":"closed","sticky":false,"template":"","format":"standard","meta":{"inline_featured_image":false,"footnotes":""},"categories":[345,346,2765],"tags":[10965,10837,7868,886,10966],"acf":[],"yoast_head":"<!-- This site is optimized with the Yoast SEO plugin v21.3 - https:\/\/yoast.com\/wordpress\/plugins\/seo\/ -->\n<title>La c\u00e1tedra TECNOEDU organiza una ponencia de Carmen Pastor<\/title>\n<meta name=\"description\" content=\"La experta de la Universidad Complutense de Madrid Carmen hablar\u00e1 sobre el modelo del Dise\u00f1o Universal para el Aprendizaje.\" \/>\n<meta name=\"robots\" content=\"index, follow, max-snippet:-1, max-image-preview:large, max-video-preview:-1\" \/>\n<link rel=\"canonical\" href=\"https:\/\/www.ull.es\/portal\/noticias\/2024\/carmen-pastor-ponencia-didactica-catedra-tecnoedu-mapfre-ull\/\" \/>\n<meta property=\"og:locale\" content=\"es_ES\" \/>\n<meta property=\"og:type\" content=\"article\" \/>\n<meta property=\"og:title\" content=\"La c\u00e1tedra TECNOEDU organiza una ponencia de Carmen Pastor\" \/>\n<meta property=\"og:description\" content=\"La experta de la Universidad Complutense de Madrid Carmen hablar\u00e1 sobre el modelo del Dise\u00f1o Universal para el Aprendizaje.\" \/>\n<meta property=\"og:url\" content=\"https:\/\/www.ull.es\/portal\/noticias\/2024\/carmen-pastor-ponencia-didactica-catedra-tecnoedu-mapfre-ull\/\" \/>\n<meta property=\"og:site_name\" content=\"ULL - Noticias\" \/>\n<meta property=\"article:publisher\" content=\"https:\/\/www.facebook.com\/universidaddelalaguna\/\" \/>\n<meta property=\"article:published_time\" content=\"2024-06-11T08:11:39+00:00\" \/>\n<meta property=\"article:modified_time\" content=\"2024-06-11T09:45:51+00:00\" \/>\n<meta property=\"og:image\" content=\"https:\/\/www.ull.es\/portal\/noticias\/wp-content\/uploads\/sites\/13\/2024\/06\/conferencia-carmen-pastor-tecnoedu.png\" \/>\n\t<meta property=\"og:image:width\" content=\"1200\" \/>\n\t<meta property=\"og:image:height\" content=\"675\" \/>\n\t<meta property=\"og:image:type\" content=\"image\/png\" \/>\n<meta name=\"author\" content=\"prensa2\" \/>\n<meta name=\"twitter:card\" content=\"summary_large_image\" \/>\n<meta name=\"twitter:creator\" content=\"@CanalULL\" \/>\n<meta name=\"twitter:site\" content=\"@CanalULL\" \/>\n<meta name=\"twitter:label1\" content=\"Escrito por\" \/>\n\t<meta name=\"twitter:data1\" content=\"prensa2\" \/>\n\t<meta name=\"twitter:label2\" content=\"Tiempo de lectura\" \/>\n\t<meta name=\"twitter:data2\" content=\"2 minutos\" \/>\n<script type=\"application\/ld+json\" class=\"yoast-schema-graph\">{\"@context\":\"https:\/\/schema.org\",\"@graph\":[{\"@type\":\"WebPage\",\"@id\":\"https:\/\/www.ull.es\/portal\/noticias\/2024\/carmen-pastor-ponencia-didactica-catedra-tecnoedu-mapfre-ull\/\",\"url\":\"https:\/\/www.ull.es\/portal\/noticias\/2024\/carmen-pastor-ponencia-didactica-catedra-tecnoedu-mapfre-ull\/\",\"name\":\"La c\u00e1tedra TECNOEDU organiza una ponencia de Carmen Pastor\",\"isPartOf\":{\"@id\":\"https:\/\/www.ull.es\/portal\/noticias\/#website\"},\"datePublished\":\"2024-06-11T08:11:39+00:00\",\"dateModified\":\"2024-06-11T09:45:51+00:00\",\"author\":{\"@id\":\"https:\/\/www.ull.es\/portal\/noticias\/#\/schema\/person\/c3b2aa857797592927a03740d6664376\"},\"description\":\"La experta de la Universidad Complutense de Madrid Carmen hablar\u00e1 sobre el modelo del Dise\u00f1o Universal para el Aprendizaje.\",\"breadcrumb\":{\"@id\":\"https:\/\/www.ull.es\/portal\/noticias\/2024\/carmen-pastor-ponencia-didactica-catedra-tecnoedu-mapfre-ull\/#breadcrumb\"},\"inLanguage\":\"es\",\"potentialAction\":[{\"@type\":\"ReadAction\",\"target\":[\"https:\/\/www.ull.es\/portal\/noticias\/2024\/carmen-pastor-ponencia-didactica-catedra-tecnoedu-mapfre-ull\/\"]}]},{\"@type\":\"BreadcrumbList\",\"@id\":\"https:\/\/www.ull.es\/portal\/noticias\/2024\/carmen-pastor-ponencia-didactica-catedra-tecnoedu-mapfre-ull\/#breadcrumb\",\"itemListElement\":[{\"@type\":\"ListItem\",\"position\":1,\"name\":\"Portada\",\"item\":\"https:\/\/www.ull.es\/portal\/noticias\/\"},{\"@type\":\"ListItem\",\"position\":2,\"name\":\"La catedr\u00e1tica de Did\u00e1ctica Carmen Pastor imparte una ponencia invitada por la c\u00e1tedra TECNOEDU Mapfre de la ULL\"}]},{\"@type\":\"WebSite\",\"@id\":\"https:\/\/www.ull.es\/portal\/noticias\/#website\",\"url\":\"https:\/\/www.ull.es\/portal\/noticias\/\",\"name\":\"ULL - Noticias\",\"description\":\"\",\"potentialAction\":[{\"@type\":\"SearchAction\",\"target\":{\"@type\":\"EntryPoint\",\"urlTemplate\":\"https:\/\/www.ull.es\/portal\/noticias\/?s={search_term_string}\"},\"query-input\":\"required name=search_term_string\"}],\"inLanguage\":\"es\"},{\"@type\":\"Person\",\"@id\":\"https:\/\/www.ull.es\/portal\/noticias\/#\/schema\/person\/c3b2aa857797592927a03740d6664376\",\"name\":\"prensa2\",\"image\":{\"@type\":\"ImageObject\",\"inLanguage\":\"es\",\"@id\":\"https:\/\/www.ull.es\/portal\/noticias\/#\/schema\/person\/image\/\",\"url\":\"https:\/\/secure.gravatar.com\/avatar\/b58f310a5de5feb33d1e026d2493f23c?s=96&d=mm&r=g\",\"contentUrl\":\"https:\/\/secure.gravatar.com\/avatar\/b58f310a5de5feb33d1e026d2493f23c?s=96&d=mm&r=g\",\"caption\":\"prensa2\"},\"url\":\"https:\/\/www.ull.es\/portal\/noticias\/author\/prensa2\/\"}]}<\/script>\n<!-- \/ Yoast SEO plugin. -->","yoast_head_json":{"title":"La c\u00e1tedra TECNOEDU organiza una ponencia de Carmen Pastor","description":"La experta de la Universidad Complutense de Madrid Carmen hablar\u00e1 sobre el modelo del Dise\u00f1o Universal para el Aprendizaje.","robots":{"index":"index","follow":"follow","max-snippet":"max-snippet:-1","max-image-preview":"max-image-preview:large","max-video-preview":"max-video-preview:-1"},"canonical":"https:\/\/www.ull.es\/portal\/noticias\/2024\/carmen-pastor-ponencia-didactica-catedra-tecnoedu-mapfre-ull\/","og_locale":"es_ES","og_type":"article","og_title":"La c\u00e1tedra TECNOEDU organiza una ponencia de Carmen Pastor","og_description":"La experta de la Universidad Complutense de Madrid Carmen hablar\u00e1 sobre el modelo del Dise\u00f1o Universal para el Aprendizaje.","og_url":"https:\/\/www.ull.es\/portal\/noticias\/2024\/carmen-pastor-ponencia-didactica-catedra-tecnoedu-mapfre-ull\/","og_site_name":"ULL - Noticias","article_publisher":"https:\/\/www.facebook.com\/universidaddelalaguna\/","article_published_time":"2024-06-11T08:11:39+00:00","article_modified_time":"2024-06-11T09:45:51+00:00","og_image":[{"width":1200,"height":675,"url":"https:\/\/www.ull.es\/portal\/noticias\/wp-content\/uploads\/sites\/13\/2024\/06\/conferencia-carmen-pastor-tecnoedu.png","type":"image\/png"}],"author":"prensa2","twitter_card":"summary_large_image","twitter_creator":"@CanalULL","twitter_site":"@CanalULL","twitter_misc":{"Escrito por":"prensa2","Tiempo de lectura":"2 minutos"},"schema":{"@context":"https:\/\/schema.org","@graph":[{"@type":"WebPage","@id":"https:\/\/www.ull.es\/portal\/noticias\/2024\/carmen-pastor-ponencia-didactica-catedra-tecnoedu-mapfre-ull\/","url":"https:\/\/www.ull.es\/portal\/noticias\/2024\/carmen-pastor-ponencia-didactica-catedra-tecnoedu-mapfre-ull\/","name":"La c\u00e1tedra TECNOEDU organiza una ponencia de Carmen Pastor","isPartOf":{"@id":"https:\/\/www.ull.es\/portal\/noticias\/#website"},"datePublished":"2024-06-11T08:11:39+00:00","dateModified":"2024-06-11T09:45:51+00:00","author":{"@id":"https:\/\/www.ull.es\/portal\/noticias\/#\/schema\/person\/c3b2aa857797592927a03740d6664376"},"description":"La experta de la Universidad Complutense de Madrid Carmen hablar\u00e1 sobre el modelo del Dise\u00f1o Universal para el Aprendizaje.","breadcrumb":{"@id":"https:\/\/www.ull.es\/portal\/noticias\/2024\/carmen-pastor-ponencia-didactica-catedra-tecnoedu-mapfre-ull\/#breadcrumb"},"inLanguage":"es","potentialAction":[{"@type":"ReadAction","target":["https:\/\/www.ull.es\/portal\/noticias\/2024\/carmen-pastor-ponencia-didactica-catedra-tecnoedu-mapfre-ull\/"]}]},{"@type":"BreadcrumbList","@id":"https:\/\/www.ull.es\/portal\/noticias\/2024\/carmen-pastor-ponencia-didactica-catedra-tecnoedu-mapfre-ull\/#breadcrumb","itemListElement":[{"@type":"ListItem","position":1,"name":"Portada","item":"https:\/\/www.ull.es\/portal\/noticias\/"},{"@type":"ListItem","position":2,"name":"La catedr\u00e1tica de Did\u00e1ctica Carmen Pastor imparte una ponencia invitada por la c\u00e1tedra TECNOEDU Mapfre de la ULL"}]},{"@type":"WebSite","@id":"https:\/\/www.ull.es\/portal\/noticias\/#website","url":"https:\/\/www.ull.es\/portal\/noticias\/","name":"ULL - Noticias","description":"","potentialAction":[{"@type":"SearchAction","target":{"@type":"EntryPoint","urlTemplate":"https:\/\/www.ull.es\/portal\/noticias\/?s={search_term_string}"},"query-input":"required name=search_term_string"}],"inLanguage":"es"},{"@type":"Person","@id":"https:\/\/www.ull.es\/portal\/noticias\/#\/schema\/person\/c3b2aa857797592927a03740d6664376","name":"prensa2","image":{"@type":"ImageObject","inLanguage":"es","@id":"https:\/\/www.ull.es\/portal\/noticias\/#\/schema\/person\/image\/","url":"https:\/\/secure.gravatar.com\/avatar\/b58f310a5de5feb33d1e026d2493f23c?s=96&d=mm&r=g","contentUrl":"https:\/\/secure.gravatar.com\/avatar\/b58f310a5de5feb33d1e026d2493f23c?s=96&d=mm&r=g","caption":"prensa2"},"url":"https:\/\/www.ull.es\/portal\/noticias\/author\/prensa2\/"}]}},"primary_category":{"id":345,"name":"Destacado","slug":"destacado","link":"https:\/\/www.ull.es\/portal\/noticias\/category\/destacado\/"},"featured_image_thumbnail_url":"https:\/\/www.ull.es\/portal\/noticias\/wp-content\/uploads\/sites\/13\/2024\/06\/conferencia-carmen-pastor-tecnoedu-300x169.png","_links":{"self":[{"href":"https:\/\/www.ull.es\/portal\/noticias\/wp-json\/wp\/v2\/posts\/76129"}],"collection":[{"href":"https:\/\/www.ull.es\/portal\/noticias\/wp-json\/wp\/v2\/posts"}],"about":[{"href":"https:\/\/www.ull.es\/portal\/noticias\/wp-json\/wp\/v2\/types\/post"}],"author":[{"embeddable":true,"href":"https:\/\/www.ull.es\/portal\/noticias\/wp-json\/wp\/v2\/users\/21"}],"replies":[{"embeddable":true,"href":"https:\/\/www.ull.es\/portal\/noticias\/wp-json\/wp\/v2\/comments?post=76129"}],"version-history":[{"count":2,"href":"https:\/\/www.ull.es\/portal\/noticias\/wp-json\/wp\/v2\/posts\/76129\/revisions"}],"predecessor-version":[{"id":76132,"href":"https:\/\/www.ull.es\/portal\/noticias\/wp-json\/wp\/v2\/posts\/76129\/revisions\/76132"}],"wp:featuredmedia":[{"embeddable":true,"href":"https:\/\/www.ull.es\/portal\/noticias\/wp-json\/wp\/v2\/media\/76130"}],"wp:attachment":[{"href":"https:\/\/www.ull.es\/portal\/noticias\/wp-json\/wp\/v2\/media?parent=76129"}],"wp:term":[{"taxonomy":"category","embeddable":true,"href":"https:\/\/www.ull.es\/portal\/noticias\/wp-json\/wp\/v2\/categories?post=76129"},{"taxonomy":"post_tag","embeddable":true,"href":"https:\/\/www.ull.es\/portal\/noticias\/wp-json\/wp\/v2\/tags?post=76129"}],"curies":[{"name":"wp","href":"https:\/\/api.w.org\/{rel}","templated":true}]}}