{"id":76197,"date":"2024-06-14T13:37:06","date_gmt":"2024-06-14T13:37:06","guid":{"rendered":"https:\/\/www.ull.es\/portal\/noticias\/?p=76197"},"modified":"2024-06-14T13:59:36","modified_gmt":"2024-06-14T13:59:36","slug":"las-iii-jornadas-de-aprendizaje-servicio-de-la-ull-apuestan-por-el-compromiso-social-para-una-educacion-con-valores","status":"publish","type":"post","link":"https:\/\/www.ull.es\/portal\/noticias\/2024\/las-iii-jornadas-de-aprendizaje-servicio-de-la-ull-apuestan-por-el-compromiso-social-para-una-educacion-con-valores\/","title":{"rendered":"Las III Jornadas de Aprendizaje-Servicio de la ULL apuestan por el compromiso social para una educaci\u00f3n con valores"},"content":{"rendered":"<p><span style=\"font-weight: 400;\">El impacto positivo de la metodolog\u00eda de Aprendizaje-Servicio por medio del servicio a la comunidad ha sido el eje central de las terceras jornadas de este programa celebradas hoy, viernes 14 de junio, en el Edificio La Pir\u00e1mide de la Facultad de Ciencias Sociales y de la Comunicaci\u00f3n de la Universidad de La Laguna.<\/span><\/p>\n<p><span style=\"font-weight: 400;\">El lema de estas jornadas \u201cCultivar un futuro comprometido con Aprendizaje-Servicio\u201d, refleja la idea de sembrar compromiso social que contribuya a lograr una sociedad m\u00e1s justa y una educaci\u00f3n con valores. El acto ha sido inaugurado por Francisco Garc\u00eda, rector de la Universidad de La Laguna, y ha estado acompa\u00f1ado por Efra\u00edn Medina, consejero de Empleo, Educaci\u00f3n y Juventud del Cabildo de Tenerife; Jos\u00e9 Manuel Garc\u00eda Fraga, vicerrector de Docencia; Cintia Hern\u00e1ndez, directora de Secretariado de Sostenibilidad y Mar\u00eda Gabino Campos, directora acad\u00e9mica del programa.<\/span><\/p>\n<p><span style=\"font-weight: 400;\">En el evento se realz\u00f3 la colaboraci\u00f3n interinstitucional entre la Universidad de La Laguna y el Cabildo de Tenerife, que permite que este tipo de iniciativas puedan llevarse a cabo y sean \u00fatiles a la sociedad, impactando donde est\u00e1n las necesidades. \u201cEs importante que las metodolog\u00edas docentes sean cada vez m\u00e1s pr\u00e1cticas, y este es el objetivo del aprendizaje-servicio. En este mundo de tanto populismo y simplismo, desde la universidad tenemos que evidenciar que no hay respuestas simplistas, sino pr\u00e1cticas\u201d, comenta Francisco Garc\u00eda.<\/span><\/p>\n<p><span style=\"font-weight: 400;\">Por su parte, Efra\u00edn Medina destac\u00f3 que el aprendizaje-servicio es una metodolog\u00eda de vanguardia y es esencial que el Cabildo invierta en ella. \u201cEs clave potenciar el desarrollo comunitario y gracias a esta metodolog\u00eda se promueven proyectos que llevan a una verdadera inclusi\u00f3n social. Hay que practicar m\u00e1s que pregonar, para poder tener una isla m\u00e1s cohesionada, por lo que necesitamos que el desarrollo comunitario se potencie\u201d.<\/span><\/p>\n<p><span style=\"font-weight: 400;\">Mar\u00eda Gabino, directora acad\u00e9mica de este programa, se\u00f1al\u00f3 que se ha pasado de nueve a quince proyectos presentados este a\u00f1o, tanto por alumnado de centros de educaci\u00f3n secundaria como de la universidad. \u201cHemos plantado la semilla del compromiso social y esperamos que siga creciendo. Es muy importante la institucionalizaci\u00f3n de esta metodolog\u00eda\u201d, subray\u00f3.\u00a0<\/span><\/p>\n<p><span style=\"font-weight: 400;\">Entre los proyectos universitarios destacan \u2018Depurando las aguas residuales en el Parque rural de Anaga\u2019, coordinado por la profesora de Qu\u00edmica Luisa Vera, en el que una alumna ha realizado su Trabajo de Fin de Grado con la ayuda de los vecinos y las vecinas de la zona; \u2018En mi barrio, lo p\u00fablico mola\u2019 coordinado por el profesor de Geograf\u00eda Vicente Zapata, donde se ha trabajado con los ODS en el barrio de San Mat\u00edas; o \u2018Pensamiento computacional\u2019, a cargo de Coromoto Le\u00f3n, profesora de la Escuela Superior de Ingenier\u00eda y Tecnolog\u00eda, en el que se ense\u00f1a al alumnado de secundaria a pensar de otra manera, haciendo uso de la l\u00f3gica y las matem\u00e1ticas.<\/span><\/p>\n<p><b>Empresas con prop\u00f3sito<\/b><\/p>\n<p><span style=\"font-weight: 400;\">Antes de la presentaci\u00f3n de la quincena de proyectos de aprendizaje-servicio realizados dentro de este programa durante el curso 2023-204, Bel\u00e9n Barroso, emprendedora y doctora en comunicaci\u00f3n para las organizaciones sostenibles por la Universidad de M\u00e1laga, expuso la importancia de impulsar empresas con prop\u00f3sito.\u00a0<\/span><\/p>\n<p><span style=\"font-weight: 400;\">El mundo globalizado ha llevado a una crisis que afecta a lo ambiental y a lo social. Para poner remedio a esta situaci\u00f3n, se requieren soluciones colaborativas y las empresas son agentes fundamentales para conseguir este cambio, se\u00f1al\u00f3 Barroso. Desde hace varios a\u00f1os han empezado a establecerse en Espa\u00f1a empresas con \u00e1nimo de lucro pero con prop\u00f3sitos de sostenibilidad, certificadas con <\/span><a href=\"https:\/\/www.bcorpspain.es\/\" target=\"_blank\" rel=\"noopener\"><span style=\"font-weight: 400;\">B Corp<\/span><\/a><span style=\"font-weight: 400;\">, a\u00f1adi\u00f3 la ponente. En el mundo hay 8.200 empresas con prop\u00f3sito y en Espa\u00f1a existen actualmente 270 con esta certificaci\u00f3n, entre las que destacan Natura o La casa de Carlota, agencia de publicidad que ha incorporado a personas con autismo y s\u00edndrome de Down, por ejemplo.\u00a0<\/span><\/p>\n","protected":false},"excerpt":{"rendered":"<p>El impacto positivo de la metodolog\u00eda de Aprendizaje-Servicio por medio del servicio a la comunidad ha sido el eje central&#8230;<\/p>\n","protected":false},"author":65,"featured_media":76207,"comment_status":"closed","ping_status":"closed","sticky":false,"template":"","format":"standard","meta":{"inline_featured_image":false,"footnotes":""},"categories":[8225,345,346,2765],"tags":[8702],"acf":[],"yoast_head":"<!-- This site is optimized with the Yoast SEO plugin v21.3 - https:\/\/yoast.com\/wordpress\/plugins\/seo\/ -->\n<title>Las III Jornadas de Aprendizaje-Servicio apuestan por el compromiso social<\/title>\n<meta name=\"description\" content=\"El impacto positivo de la metodolog\u00eda de Aprendizaje-Servicio por medio del servicio a la comunidad ha sido el eje central de las terceras jornadas de este programa celebradas hoy, viernes 14 de junio, en el Edificio La Pir\u00e1mide de la Facultad de Ciencias Sociales y de la Comunicaci\u00f3n de la Universidad de La Laguna.\" \/>\n<meta name=\"robots\" content=\"index, follow, max-snippet:-1, max-image-preview:large, max-video-preview:-1\" \/>\n<link rel=\"canonical\" href=\"https:\/\/www.ull.es\/portal\/noticias\/2024\/las-iii-jornadas-de-aprendizaje-servicio-de-la-ull-apuestan-por-el-compromiso-social-para-una-educacion-con-valores\/\" \/>\n<meta property=\"og:locale\" content=\"es_ES\" \/>\n<meta property=\"og:type\" content=\"article\" \/>\n<meta property=\"og:title\" content=\"Las III Jornadas de Aprendizaje-Servicio apuestan por el compromiso social\" \/>\n<meta property=\"og:description\" content=\"El impacto positivo de la metodolog\u00eda de Aprendizaje-Servicio por medio del servicio a la comunidad ha sido el eje central de las terceras jornadas de este programa celebradas hoy, viernes 14 de junio, en el Edificio La Pir\u00e1mide de la Facultad de Ciencias Sociales y de la Comunicaci\u00f3n de la Universidad de La Laguna.\" \/>\n<meta property=\"og:url\" content=\"https:\/\/www.ull.es\/portal\/noticias\/2024\/las-iii-jornadas-de-aprendizaje-servicio-de-la-ull-apuestan-por-el-compromiso-social-para-una-educacion-con-valores\/\" \/>\n<meta property=\"og:site_name\" content=\"ULL - Noticias\" \/>\n<meta property=\"article:publisher\" content=\"https:\/\/www.facebook.com\/universidaddelalaguna\/\" \/>\n<meta property=\"article:published_time\" content=\"2024-06-14T13:37:06+00:00\" \/>\n<meta property=\"article:modified_time\" content=\"2024-06-14T13:59:36+00:00\" \/>\n<meta property=\"og:image\" content=\"https:\/\/www.ull.es\/portal\/noticias\/wp-content\/uploads\/sites\/13\/2024\/06\/Jorn-Aprendiz-Servicio-06.jpg\" \/>\n\t<meta property=\"og:image:width\" content=\"1100\" \/>\n\t<meta property=\"og:image:height\" content=\"734\" \/>\n\t<meta property=\"og:image:type\" content=\"image\/jpeg\" \/>\n<meta name=\"author\" content=\"gcom4\" \/>\n<meta name=\"twitter:card\" content=\"summary_large_image\" \/>\n<meta name=\"twitter:creator\" content=\"@CanalULL\" \/>\n<meta name=\"twitter:site\" content=\"@CanalULL\" \/>\n<meta name=\"twitter:label1\" content=\"Escrito por\" \/>\n\t<meta name=\"twitter:data1\" content=\"gcom4\" \/>\n\t<meta name=\"twitter:label2\" content=\"Tiempo de lectura\" \/>\n\t<meta name=\"twitter:data2\" content=\"3 minutos\" \/>\n<script type=\"application\/ld+json\" class=\"yoast-schema-graph\">{\"@context\":\"https:\/\/schema.org\",\"@graph\":[{\"@type\":\"WebPage\",\"@id\":\"https:\/\/www.ull.es\/portal\/noticias\/2024\/las-iii-jornadas-de-aprendizaje-servicio-de-la-ull-apuestan-por-el-compromiso-social-para-una-educacion-con-valores\/\",\"url\":\"https:\/\/www.ull.es\/portal\/noticias\/2024\/las-iii-jornadas-de-aprendizaje-servicio-de-la-ull-apuestan-por-el-compromiso-social-para-una-educacion-con-valores\/\",\"name\":\"Las III Jornadas de Aprendizaje-Servicio apuestan por el compromiso social\",\"isPartOf\":{\"@id\":\"https:\/\/www.ull.es\/portal\/noticias\/#website\"},\"datePublished\":\"2024-06-14T13:37:06+00:00\",\"dateModified\":\"2024-06-14T13:59:36+00:00\",\"author\":{\"@id\":\"https:\/\/www.ull.es\/portal\/noticias\/#\/schema\/person\/9924518fb1ad37d4428e7b5d6f311773\"},\"description\":\"El impacto positivo de la metodolog\u00eda de Aprendizaje-Servicio por medio del servicio a la comunidad ha sido el eje central de las terceras jornadas de este programa celebradas hoy, viernes 14 de junio, en el Edificio La Pir\u00e1mide de la Facultad de Ciencias Sociales y de la Comunicaci\u00f3n de la Universidad de La Laguna.\",\"breadcrumb\":{\"@id\":\"https:\/\/www.ull.es\/portal\/noticias\/2024\/las-iii-jornadas-de-aprendizaje-servicio-de-la-ull-apuestan-por-el-compromiso-social-para-una-educacion-con-valores\/#breadcrumb\"},\"inLanguage\":\"es\",\"potentialAction\":[{\"@type\":\"ReadAction\",\"target\":[\"https:\/\/www.ull.es\/portal\/noticias\/2024\/las-iii-jornadas-de-aprendizaje-servicio-de-la-ull-apuestan-por-el-compromiso-social-para-una-educacion-con-valores\/\"]}]},{\"@type\":\"BreadcrumbList\",\"@id\":\"https:\/\/www.ull.es\/portal\/noticias\/2024\/las-iii-jornadas-de-aprendizaje-servicio-de-la-ull-apuestan-por-el-compromiso-social-para-una-educacion-con-valores\/#breadcrumb\",\"itemListElement\":[{\"@type\":\"ListItem\",\"position\":1,\"name\":\"Portada\",\"item\":\"https:\/\/www.ull.es\/portal\/noticias\/\"},{\"@type\":\"ListItem\",\"position\":2,\"name\":\"Las III Jornadas de Aprendizaje-Servicio de la ULL apuestan por el compromiso social para una educaci\u00f3n con valores\"}]},{\"@type\":\"WebSite\",\"@id\":\"https:\/\/www.ull.es\/portal\/noticias\/#website\",\"url\":\"https:\/\/www.ull.es\/portal\/noticias\/\",\"name\":\"ULL - Noticias\",\"description\":\"\",\"potentialAction\":[{\"@type\":\"SearchAction\",\"target\":{\"@type\":\"EntryPoint\",\"urlTemplate\":\"https:\/\/www.ull.es\/portal\/noticias\/?s={search_term_string}\"},\"query-input\":\"required name=search_term_string\"}],\"inLanguage\":\"es\"},{\"@type\":\"Person\",\"@id\":\"https:\/\/www.ull.es\/portal\/noticias\/#\/schema\/person\/9924518fb1ad37d4428e7b5d6f311773\",\"name\":\"gcom4\",\"image\":{\"@type\":\"ImageObject\",\"inLanguage\":\"es\",\"@id\":\"https:\/\/www.ull.es\/portal\/noticias\/#\/schema\/person\/image\/\",\"url\":\"https:\/\/secure.gravatar.com\/avatar\/a5d1f5573f10617ccfcc209aaf6aa7fb?s=96&d=mm&r=g\",\"contentUrl\":\"https:\/\/secure.gravatar.com\/avatar\/a5d1f5573f10617ccfcc209aaf6aa7fb?s=96&d=mm&r=g\",\"caption\":\"gcom4\"},\"url\":\"https:\/\/www.ull.es\/portal\/noticias\/author\/gcom4\/\"}]}<\/script>\n<!-- \/ Yoast SEO plugin. -->","yoast_head_json":{"title":"Las III Jornadas de Aprendizaje-Servicio apuestan por el compromiso social","description":"El impacto positivo de la metodolog\u00eda de Aprendizaje-Servicio por medio del servicio a la comunidad ha sido el eje central de las terceras jornadas de este programa celebradas hoy, viernes 14 de junio, en el Edificio La Pir\u00e1mide de la Facultad de Ciencias Sociales y de la Comunicaci\u00f3n de la Universidad de La Laguna.","robots":{"index":"index","follow":"follow","max-snippet":"max-snippet:-1","max-image-preview":"max-image-preview:large","max-video-preview":"max-video-preview:-1"},"canonical":"https:\/\/www.ull.es\/portal\/noticias\/2024\/las-iii-jornadas-de-aprendizaje-servicio-de-la-ull-apuestan-por-el-compromiso-social-para-una-educacion-con-valores\/","og_locale":"es_ES","og_type":"article","og_title":"Las III Jornadas de Aprendizaje-Servicio apuestan por el compromiso social","og_description":"El impacto positivo de la metodolog\u00eda de Aprendizaje-Servicio por medio del servicio a la comunidad ha sido el eje central de las terceras jornadas de este programa celebradas hoy, viernes 14 de junio, en el Edificio La Pir\u00e1mide de la Facultad de Ciencias Sociales y de la Comunicaci\u00f3n de la Universidad de La Laguna.","og_url":"https:\/\/www.ull.es\/portal\/noticias\/2024\/las-iii-jornadas-de-aprendizaje-servicio-de-la-ull-apuestan-por-el-compromiso-social-para-una-educacion-con-valores\/","og_site_name":"ULL - Noticias","article_publisher":"https:\/\/www.facebook.com\/universidaddelalaguna\/","article_published_time":"2024-06-14T13:37:06+00:00","article_modified_time":"2024-06-14T13:59:36+00:00","og_image":[{"width":1100,"height":734,"url":"https:\/\/www.ull.es\/portal\/noticias\/wp-content\/uploads\/sites\/13\/2024\/06\/Jorn-Aprendiz-Servicio-06.jpg","type":"image\/jpeg"}],"author":"gcom4","twitter_card":"summary_large_image","twitter_creator":"@CanalULL","twitter_site":"@CanalULL","twitter_misc":{"Escrito por":"gcom4","Tiempo de lectura":"3 minutos"},"schema":{"@context":"https:\/\/schema.org","@graph":[{"@type":"WebPage","@id":"https:\/\/www.ull.es\/portal\/noticias\/2024\/las-iii-jornadas-de-aprendizaje-servicio-de-la-ull-apuestan-por-el-compromiso-social-para-una-educacion-con-valores\/","url":"https:\/\/www.ull.es\/portal\/noticias\/2024\/las-iii-jornadas-de-aprendizaje-servicio-de-la-ull-apuestan-por-el-compromiso-social-para-una-educacion-con-valores\/","name":"Las III Jornadas de Aprendizaje-Servicio apuestan por el compromiso social","isPartOf":{"@id":"https:\/\/www.ull.es\/portal\/noticias\/#website"},"datePublished":"2024-06-14T13:37:06+00:00","dateModified":"2024-06-14T13:59:36+00:00","author":{"@id":"https:\/\/www.ull.es\/portal\/noticias\/#\/schema\/person\/9924518fb1ad37d4428e7b5d6f311773"},"description":"El impacto positivo de la metodolog\u00eda de Aprendizaje-Servicio por medio del servicio a la comunidad ha sido el eje central de las terceras jornadas de este programa celebradas hoy, viernes 14 de junio, en el Edificio La Pir\u00e1mide de la Facultad de Ciencias Sociales y de la Comunicaci\u00f3n de la Universidad de La Laguna.","breadcrumb":{"@id":"https:\/\/www.ull.es\/portal\/noticias\/2024\/las-iii-jornadas-de-aprendizaje-servicio-de-la-ull-apuestan-por-el-compromiso-social-para-una-educacion-con-valores\/#breadcrumb"},"inLanguage":"es","potentialAction":[{"@type":"ReadAction","target":["https:\/\/www.ull.es\/portal\/noticias\/2024\/las-iii-jornadas-de-aprendizaje-servicio-de-la-ull-apuestan-por-el-compromiso-social-para-una-educacion-con-valores\/"]}]},{"@type":"BreadcrumbList","@id":"https:\/\/www.ull.es\/portal\/noticias\/2024\/las-iii-jornadas-de-aprendizaje-servicio-de-la-ull-apuestan-por-el-compromiso-social-para-una-educacion-con-valores\/#breadcrumb","itemListElement":[{"@type":"ListItem","position":1,"name":"Portada","item":"https:\/\/www.ull.es\/portal\/noticias\/"},{"@type":"ListItem","position":2,"name":"Las III Jornadas de Aprendizaje-Servicio de la ULL apuestan por el compromiso social para una educaci\u00f3n con valores"}]},{"@type":"WebSite","@id":"https:\/\/www.ull.es\/portal\/noticias\/#website","url":"https:\/\/www.ull.es\/portal\/noticias\/","name":"ULL - Noticias","description":"","potentialAction":[{"@type":"SearchAction","target":{"@type":"EntryPoint","urlTemplate":"https:\/\/www.ull.es\/portal\/noticias\/?s={search_term_string}"},"query-input":"required name=search_term_string"}],"inLanguage":"es"},{"@type":"Person","@id":"https:\/\/www.ull.es\/portal\/noticias\/#\/schema\/person\/9924518fb1ad37d4428e7b5d6f311773","name":"gcom4","image":{"@type":"ImageObject","inLanguage":"es","@id":"https:\/\/www.ull.es\/portal\/noticias\/#\/schema\/person\/image\/","url":"https:\/\/secure.gravatar.com\/avatar\/a5d1f5573f10617ccfcc209aaf6aa7fb?s=96&d=mm&r=g","contentUrl":"https:\/\/secure.gravatar.com\/avatar\/a5d1f5573f10617ccfcc209aaf6aa7fb?s=96&d=mm&r=g","caption":"gcom4"},"url":"https:\/\/www.ull.es\/portal\/noticias\/author\/gcom4\/"}]}},"primary_category":{"id":8225,"name":"Aprendizaje-Servicio","slug":"aprendizaje-servicio","link":"https:\/\/www.ull.es\/portal\/noticias\/category\/aprendizaje-servicio\/"},"featured_image_thumbnail_url":"https:\/\/www.ull.es\/portal\/noticias\/wp-content\/uploads\/sites\/13\/2024\/06\/Jorn-Aprendiz-Servicio-06-300x200.jpg","_links":{"self":[{"href":"https:\/\/www.ull.es\/portal\/noticias\/wp-json\/wp\/v2\/posts\/76197"}],"collection":[{"href":"https:\/\/www.ull.es\/portal\/noticias\/wp-json\/wp\/v2\/posts"}],"about":[{"href":"https:\/\/www.ull.es\/portal\/noticias\/wp-json\/wp\/v2\/types\/post"}],"author":[{"embeddable":true,"href":"https:\/\/www.ull.es\/portal\/noticias\/wp-json\/wp\/v2\/users\/65"}],"replies":[{"embeddable":true,"href":"https:\/\/www.ull.es\/portal\/noticias\/wp-json\/wp\/v2\/comments?post=76197"}],"version-history":[{"count":1,"href":"https:\/\/www.ull.es\/portal\/noticias\/wp-json\/wp\/v2\/posts\/76197\/revisions"}],"predecessor-version":[{"id":76199,"href":"https:\/\/www.ull.es\/portal\/noticias\/wp-json\/wp\/v2\/posts\/76197\/revisions\/76199"}],"wp:featuredmedia":[{"embeddable":true,"href":"https:\/\/www.ull.es\/portal\/noticias\/wp-json\/wp\/v2\/media\/76207"}],"wp:attachment":[{"href":"https:\/\/www.ull.es\/portal\/noticias\/wp-json\/wp\/v2\/media?parent=76197"}],"wp:term":[{"taxonomy":"category","embeddable":true,"href":"https:\/\/www.ull.es\/portal\/noticias\/wp-json\/wp\/v2\/categories?post=76197"},{"taxonomy":"post_tag","embeddable":true,"href":"https:\/\/www.ull.es\/portal\/noticias\/wp-json\/wp\/v2\/tags?post=76197"}],"curies":[{"name":"wp","href":"https:\/\/api.w.org\/{rel}","templated":true}]}}