{"id":76208,"date":"2024-06-14T13:04:39","date_gmt":"2024-06-14T13:04:39","guid":{"rendered":"https:\/\/www.ull.es\/portal\/noticias\/?p=76208"},"modified":"2024-06-14T14:16:19","modified_gmt":"2024-06-14T14:16:19","slug":"las-universidades-de-la-laguna-y-la-ecuatoriana-de-loja-estrechan-lazos-en-investigacion-y-cooperacion-academica","status":"publish","type":"post","link":"https:\/\/www.ull.es\/portal\/noticias\/2024\/las-universidades-de-la-laguna-y-la-ecuatoriana-de-loja-estrechan-lazos-en-investigacion-y-cooperacion-academica\/","title":{"rendered":"Las universidades de La Laguna y la ecuatoriana de Loja estrechan lazos en investigaci\u00f3n y cooperaci\u00f3n acad\u00e9mica"},"content":{"rendered":"<p>El rector de la <a href=\"https:\/\/www.utpl.edu.ec\/\" target=\"_blank\" rel=\"noopener\">Universidad Cat\u00f3lica de Loja<\/a> (UTPL), en Ecuador, Santiago Acosta, ha visitado esta semana la Universidad de La Laguna para concretar futuras colaboraciones y conocer de cerca algunas l\u00edneas de investigaci\u00f3n de su inter\u00e9s. Acompa\u00f1ado de su vicerrectora de Internacionalizaci\u00f3n, Silvia Gonz\u00e1lez, ha mantenido una reuni\u00f3n en el Rectorado con su hom\u00f3logo Francisco Garc\u00eda, junto a varios vicerrectores, para concretar acuerdos en diversas materias.<\/p>\n<p>Este centro acad\u00e9mico, que cuenta con unos 35.000 estudiantes, ya dispone de un convenio marco de colaboraci\u00f3n con La Laguna, que pretende ahora extender en diferentes l\u00edneas. La investigaci\u00f3n en qu\u00edmica, nanomateriales, biolog\u00eda, econom\u00eda, sostenibilidad y derecho son los \u00e1mbitos prioritarios para cerrar acuerdos con la instituci\u00f3n ecuatoriana.<\/p>\n<p>Son varios los estudiantes de doctorado que han realizado parte de su tesis doctoral en la Universidad de La Laguna, una cuesti\u00f3n que quiere ahora reforzarse con acuerdos de movilidad espec\u00edficos. Por otra parte, el centro ecuatoriano participar\u00e1 activamente en la pr\u00f3xima edici\u00f3n de Campus Am\u00e9rica, que tendr\u00e1 lugar en octubre y que precisamente estar\u00e1 dedicado a este pa\u00eds.<\/p>\n<p>La delegaci\u00f3n conoci\u00f3 tambi\u00e9n las instalaciones del Servicio General de Apoyo a la Investigaci\u00f3n (SEGAI) y del Servicio de Deportes.<\/p>\n","protected":false},"excerpt":{"rendered":"<p>El rector de la Universidad Cat\u00f3lica de Loja (UTPL), en Ecuador, Santiago Acosta, ha visitado esta semana la Universidad de&#8230;<\/p>\n","protected":false},"author":23,"featured_media":76210,"comment_status":"closed","ping_status":"closed","sticky":false,"template":"","format":"standard","meta":{"inline_featured_image":false,"footnotes":""},"categories":[345,348,349,2765],"tags":[],"acf":[],"yoast_head":"<!-- This site is optimized with the Yoast SEO plugin v21.3 - https:\/\/yoast.com\/wordpress\/plugins\/seo\/ -->\n<title>Las universidades de La Laguna y la ecuatoriana de Loja estrechan lazos en investigaci\u00f3n y cooperaci\u00f3n acad\u00e9mica - ULL - Noticias<\/title>\n<meta name=\"robots\" content=\"index, follow, max-snippet:-1, max-image-preview:large, max-video-preview:-1\" \/>\n<link rel=\"canonical\" href=\"https:\/\/www.ull.es\/portal\/noticias\/2024\/las-universidades-de-la-laguna-y-la-ecuatoriana-de-loja-estrechan-lazos-en-investigacion-y-cooperacion-academica\/\" \/>\n<meta property=\"og:locale\" content=\"es_ES\" \/>\n<meta property=\"og:type\" content=\"article\" \/>\n<meta property=\"og:title\" content=\"Las universidades de La Laguna y la ecuatoriana de Loja estrechan lazos en investigaci\u00f3n y cooperaci\u00f3n acad\u00e9mica - ULL - Noticias\" \/>\n<meta property=\"og:description\" content=\"El rector de la Universidad Cat\u00f3lica de Loja (UTPL), en Ecuador, Santiago Acosta, ha visitado esta semana la Universidad de...\" \/>\n<meta property=\"og:url\" content=\"https:\/\/www.ull.es\/portal\/noticias\/2024\/las-universidades-de-la-laguna-y-la-ecuatoriana-de-loja-estrechan-lazos-en-investigacion-y-cooperacion-academica\/\" \/>\n<meta property=\"og:site_name\" content=\"ULL - Noticias\" \/>\n<meta property=\"article:publisher\" content=\"https:\/\/www.facebook.com\/universidaddelalaguna\/\" \/>\n<meta property=\"article:published_time\" content=\"2024-06-14T13:04:39+00:00\" \/>\n<meta property=\"article:modified_time\" content=\"2024-06-14T14:16:19+00:00\" \/>\n<meta property=\"og:image\" content=\"https:\/\/www.ull.es\/portal\/noticias\/wp-content\/uploads\/sites\/13\/2024\/06\/universidad-loja-001.jpg\" \/>\n\t<meta property=\"og:image:width\" content=\"1200\" \/>\n\t<meta property=\"og:image:height\" content=\"800\" \/>\n\t<meta property=\"og:image:type\" content=\"image\/jpeg\" \/>\n<meta name=\"author\" content=\"gaprsa\" \/>\n<meta name=\"twitter:card\" content=\"summary_large_image\" \/>\n<meta name=\"twitter:creator\" content=\"@CanalULL\" \/>\n<meta name=\"twitter:site\" content=\"@CanalULL\" \/>\n<meta name=\"twitter:label1\" content=\"Escrito por\" \/>\n\t<meta name=\"twitter:data1\" content=\"gaprsa\" \/>\n\t<meta name=\"twitter:label2\" content=\"Tiempo de lectura\" \/>\n\t<meta name=\"twitter:data2\" content=\"1 minuto\" \/>\n<script type=\"application\/ld+json\" class=\"yoast-schema-graph\">{\"@context\":\"https:\/\/schema.org\",\"@graph\":[{\"@type\":\"WebPage\",\"@id\":\"https:\/\/www.ull.es\/portal\/noticias\/2024\/las-universidades-de-la-laguna-y-la-ecuatoriana-de-loja-estrechan-lazos-en-investigacion-y-cooperacion-academica\/\",\"url\":\"https:\/\/www.ull.es\/portal\/noticias\/2024\/las-universidades-de-la-laguna-y-la-ecuatoriana-de-loja-estrechan-lazos-en-investigacion-y-cooperacion-academica\/\",\"name\":\"Las universidades de La Laguna y la ecuatoriana de Loja estrechan lazos en investigaci\u00f3n y cooperaci\u00f3n acad\u00e9mica - ULL - Noticias\",\"isPartOf\":{\"@id\":\"https:\/\/www.ull.es\/portal\/noticias\/#website\"},\"datePublished\":\"2024-06-14T13:04:39+00:00\",\"dateModified\":\"2024-06-14T14:16:19+00:00\",\"author\":{\"@id\":\"https:\/\/www.ull.es\/portal\/noticias\/#\/schema\/person\/b2b1a89d43ffa609e591f7df8ef3e817\"},\"breadcrumb\":{\"@id\":\"https:\/\/www.ull.es\/portal\/noticias\/2024\/las-universidades-de-la-laguna-y-la-ecuatoriana-de-loja-estrechan-lazos-en-investigacion-y-cooperacion-academica\/#breadcrumb\"},\"inLanguage\":\"es\",\"potentialAction\":[{\"@type\":\"ReadAction\",\"target\":[\"https:\/\/www.ull.es\/portal\/noticias\/2024\/las-universidades-de-la-laguna-y-la-ecuatoriana-de-loja-estrechan-lazos-en-investigacion-y-cooperacion-academica\/\"]}]},{\"@type\":\"BreadcrumbList\",\"@id\":\"https:\/\/www.ull.es\/portal\/noticias\/2024\/las-universidades-de-la-laguna-y-la-ecuatoriana-de-loja-estrechan-lazos-en-investigacion-y-cooperacion-academica\/#breadcrumb\",\"itemListElement\":[{\"@type\":\"ListItem\",\"position\":1,\"name\":\"Portada\",\"item\":\"https:\/\/www.ull.es\/portal\/noticias\/\"},{\"@type\":\"ListItem\",\"position\":2,\"name\":\"Las universidades de La Laguna y la ecuatoriana de Loja estrechan lazos en investigaci\u00f3n y cooperaci\u00f3n acad\u00e9mica\"}]},{\"@type\":\"WebSite\",\"@id\":\"https:\/\/www.ull.es\/portal\/noticias\/#website\",\"url\":\"https:\/\/www.ull.es\/portal\/noticias\/\",\"name\":\"ULL - Noticias\",\"description\":\"\",\"potentialAction\":[{\"@type\":\"SearchAction\",\"target\":{\"@type\":\"EntryPoint\",\"urlTemplate\":\"https:\/\/www.ull.es\/portal\/noticias\/?s={search_term_string}\"},\"query-input\":\"required name=search_term_string\"}],\"inLanguage\":\"es\"},{\"@type\":\"Person\",\"@id\":\"https:\/\/www.ull.es\/portal\/noticias\/#\/schema\/person\/b2b1a89d43ffa609e591f7df8ef3e817\",\"name\":\"gaprsa\",\"image\":{\"@type\":\"ImageObject\",\"inLanguage\":\"es\",\"@id\":\"https:\/\/www.ull.es\/portal\/noticias\/#\/schema\/person\/image\/\",\"url\":\"https:\/\/secure.gravatar.com\/avatar\/443820550921091458b4823867723b3d?s=96&d=mm&r=g\",\"contentUrl\":\"https:\/\/secure.gravatar.com\/avatar\/443820550921091458b4823867723b3d?s=96&d=mm&r=g\",\"caption\":\"gaprsa\"},\"url\":\"https:\/\/www.ull.es\/portal\/noticias\/author\/gaprsa\/\"}]}<\/script>\n<!-- \/ Yoast SEO plugin. -->","yoast_head_json":{"title":"Las universidades de La Laguna y la ecuatoriana de Loja estrechan lazos en investigaci\u00f3n y cooperaci\u00f3n acad\u00e9mica - ULL - Noticias","robots":{"index":"index","follow":"follow","max-snippet":"max-snippet:-1","max-image-preview":"max-image-preview:large","max-video-preview":"max-video-preview:-1"},"canonical":"https:\/\/www.ull.es\/portal\/noticias\/2024\/las-universidades-de-la-laguna-y-la-ecuatoriana-de-loja-estrechan-lazos-en-investigacion-y-cooperacion-academica\/","og_locale":"es_ES","og_type":"article","og_title":"Las universidades de La Laguna y la ecuatoriana de Loja estrechan lazos en investigaci\u00f3n y cooperaci\u00f3n acad\u00e9mica - ULL - Noticias","og_description":"El rector de la Universidad Cat\u00f3lica de Loja (UTPL), en Ecuador, Santiago Acosta, ha visitado esta semana la Universidad de...","og_url":"https:\/\/www.ull.es\/portal\/noticias\/2024\/las-universidades-de-la-laguna-y-la-ecuatoriana-de-loja-estrechan-lazos-en-investigacion-y-cooperacion-academica\/","og_site_name":"ULL - Noticias","article_publisher":"https:\/\/www.facebook.com\/universidaddelalaguna\/","article_published_time":"2024-06-14T13:04:39+00:00","article_modified_time":"2024-06-14T14:16:19+00:00","og_image":[{"width":1200,"height":800,"url":"https:\/\/www.ull.es\/portal\/noticias\/wp-content\/uploads\/sites\/13\/2024\/06\/universidad-loja-001.jpg","type":"image\/jpeg"}],"author":"gaprsa","twitter_card":"summary_large_image","twitter_creator":"@CanalULL","twitter_site":"@CanalULL","twitter_misc":{"Escrito por":"gaprsa","Tiempo de lectura":"1 minuto"},"schema":{"@context":"https:\/\/schema.org","@graph":[{"@type":"WebPage","@id":"https:\/\/www.ull.es\/portal\/noticias\/2024\/las-universidades-de-la-laguna-y-la-ecuatoriana-de-loja-estrechan-lazos-en-investigacion-y-cooperacion-academica\/","url":"https:\/\/www.ull.es\/portal\/noticias\/2024\/las-universidades-de-la-laguna-y-la-ecuatoriana-de-loja-estrechan-lazos-en-investigacion-y-cooperacion-academica\/","name":"Las universidades de La Laguna y la ecuatoriana de Loja estrechan lazos en investigaci\u00f3n y cooperaci\u00f3n acad\u00e9mica - ULL - Noticias","isPartOf":{"@id":"https:\/\/www.ull.es\/portal\/noticias\/#website"},"datePublished":"2024-06-14T13:04:39+00:00","dateModified":"2024-06-14T14:16:19+00:00","author":{"@id":"https:\/\/www.ull.es\/portal\/noticias\/#\/schema\/person\/b2b1a89d43ffa609e591f7df8ef3e817"},"breadcrumb":{"@id":"https:\/\/www.ull.es\/portal\/noticias\/2024\/las-universidades-de-la-laguna-y-la-ecuatoriana-de-loja-estrechan-lazos-en-investigacion-y-cooperacion-academica\/#breadcrumb"},"inLanguage":"es","potentialAction":[{"@type":"ReadAction","target":["https:\/\/www.ull.es\/portal\/noticias\/2024\/las-universidades-de-la-laguna-y-la-ecuatoriana-de-loja-estrechan-lazos-en-investigacion-y-cooperacion-academica\/"]}]},{"@type":"BreadcrumbList","@id":"https:\/\/www.ull.es\/portal\/noticias\/2024\/las-universidades-de-la-laguna-y-la-ecuatoriana-de-loja-estrechan-lazos-en-investigacion-y-cooperacion-academica\/#breadcrumb","itemListElement":[{"@type":"ListItem","position":1,"name":"Portada","item":"https:\/\/www.ull.es\/portal\/noticias\/"},{"@type":"ListItem","position":2,"name":"Las universidades de La Laguna y la ecuatoriana de Loja estrechan lazos en investigaci\u00f3n y cooperaci\u00f3n acad\u00e9mica"}]},{"@type":"WebSite","@id":"https:\/\/www.ull.es\/portal\/noticias\/#website","url":"https:\/\/www.ull.es\/portal\/noticias\/","name":"ULL - Noticias","description":"","potentialAction":[{"@type":"SearchAction","target":{"@type":"EntryPoint","urlTemplate":"https:\/\/www.ull.es\/portal\/noticias\/?s={search_term_string}"},"query-input":"required name=search_term_string"}],"inLanguage":"es"},{"@type":"Person","@id":"https:\/\/www.ull.es\/portal\/noticias\/#\/schema\/person\/b2b1a89d43ffa609e591f7df8ef3e817","name":"gaprsa","image":{"@type":"ImageObject","inLanguage":"es","@id":"https:\/\/www.ull.es\/portal\/noticias\/#\/schema\/person\/image\/","url":"https:\/\/secure.gravatar.com\/avatar\/443820550921091458b4823867723b3d?s=96&d=mm&r=g","contentUrl":"https:\/\/secure.gravatar.com\/avatar\/443820550921091458b4823867723b3d?s=96&d=mm&r=g","caption":"gaprsa"},"url":"https:\/\/www.ull.es\/portal\/noticias\/author\/gaprsa\/"}]}},"primary_category":{"id":345,"name":"Destacado","slug":"destacado","link":"https:\/\/www.ull.es\/portal\/noticias\/category\/destacado\/"},"featured_image_thumbnail_url":"https:\/\/www.ull.es\/portal\/noticias\/wp-content\/uploads\/sites\/13\/2024\/06\/universidad-loja-001-300x200.jpg","_links":{"self":[{"href":"https:\/\/www.ull.es\/portal\/noticias\/wp-json\/wp\/v2\/posts\/76208"}],"collection":[{"href":"https:\/\/www.ull.es\/portal\/noticias\/wp-json\/wp\/v2\/posts"}],"about":[{"href":"https:\/\/www.ull.es\/portal\/noticias\/wp-json\/wp\/v2\/types\/post"}],"author":[{"embeddable":true,"href":"https:\/\/www.ull.es\/portal\/noticias\/wp-json\/wp\/v2\/users\/23"}],"replies":[{"embeddable":true,"href":"https:\/\/www.ull.es\/portal\/noticias\/wp-json\/wp\/v2\/comments?post=76208"}],"version-history":[{"count":1,"href":"https:\/\/www.ull.es\/portal\/noticias\/wp-json\/wp\/v2\/posts\/76208\/revisions"}],"predecessor-version":[{"id":76209,"href":"https:\/\/www.ull.es\/portal\/noticias\/wp-json\/wp\/v2\/posts\/76208\/revisions\/76209"}],"wp:featuredmedia":[{"embeddable":true,"href":"https:\/\/www.ull.es\/portal\/noticias\/wp-json\/wp\/v2\/media\/76210"}],"wp:attachment":[{"href":"https:\/\/www.ull.es\/portal\/noticias\/wp-json\/wp\/v2\/media?parent=76208"}],"wp:term":[{"taxonomy":"category","embeddable":true,"href":"https:\/\/www.ull.es\/portal\/noticias\/wp-json\/wp\/v2\/categories?post=76208"},{"taxonomy":"post_tag","embeddable":true,"href":"https:\/\/www.ull.es\/portal\/noticias\/wp-json\/wp\/v2\/tags?post=76208"}],"curies":[{"name":"wp","href":"https:\/\/api.w.org\/{rel}","templated":true}]}}