{"id":76246,"date":"2024-06-20T09:13:10","date_gmt":"2024-06-20T09:13:10","guid":{"rendered":"https:\/\/www.ull.es\/portal\/noticias\/?p=76246"},"modified":"2024-06-21T08:51:14","modified_gmt":"2024-06-21T08:51:14","slug":"universidades-espanolas-debaten-ull-servicios-insercion-laboral","status":"publish","type":"post","link":"https:\/\/www.ull.es\/portal\/noticias\/2024\/universidades-espanolas-debaten-ull-servicios-insercion-laboral\/","title":{"rendered":"Las universidades espa\u00f1olas debaten en la ULL los desaf\u00edos de sus servicios de inserci\u00f3n laboral"},"content":{"rendered":"<p>M\u00e1s de 120 personas de unas 50 instituciones acad\u00e9micas espa\u00f1olas p\u00fablicas y privadas est\u00e1n reunidas en la Universidad de Laguna desde la tarde de ayer, mi\u00e9rcoles 19, hasta el viernes 21, para abordar los principales desaf\u00edos a los que se enfrentan los servicios de empleo vinculados a los centros de educaci\u00f3n superior. As\u00ed, se abordar\u00e1n cuestiones como las demandas del mundo de la empresa, los cambios en el empelo vinculados a la tecnolog\u00eda y la conectividad, las competencias profesionales, el emprendimiento e, incluso, la irrupci\u00f3n de la inteligencia artificial en el \u00e1mbito laboral, que fue el asunto de la conferencia inaugural impartida por el catedr\u00e1tico de Organizaci\u00f3n de Empresas de la Universidad de Las Palmas de Gran Canaria Jacques Bulchand.<\/p>\n<p>La inauguraci\u00f3n de estas <a href=\"https:\/\/www.ull.es\/portal\/agenda\/evento\/xxii-jornada-de-servicios-universitarios-de-empleo\/\" target=\"_blank\" rel=\"noopener\" target=\"_blank\" rel=\"noopener\">XXII Jornadas de Servicios Universitarios de Empleo<\/a>, organizada por el Vicerrectorado de Estudiantes y auspiciada por Crue Universidades Espa\u00f1olas, se desarroll\u00f3 en el Aula Magna Blas Cabrera Felipe de la Facultad de Ciencias. Durante el acto, el rector de la Universidad de La Laguna, Francisco Garc\u00eda Rodr\u00edguez, reivindic\u00f3 que \u201cno hay mejor plan de empelo que una titulaci\u00f3n universitaria en los tiempos que corren\u201d. Por ello, anim\u00f3 a ser \u201cradicales\u201d a la hora de combatir ciertas falsedades que desde algunos sectores se vierten para poner en duda la inserci\u00f3n laboral de la educaci\u00f3n superior.<\/p>\n<div id=\"attachment_76248\" style=\"width: 310px\" class=\"wp-caption alignleft\"><a href=\"https:\/\/www.ull.es\/portal\/noticias\/wp-content\/uploads\/sites\/13\/2024\/06\/Serv-Empleo-Univ-11.jpg\" target=\"_blank\" rel=\"noopener\" target=\"_blank\" rel=\"noopener\"><img aria-describedby=\"caption-attachment-76248\" decoding=\"async\" loading=\"lazy\" class=\"wp-image-76248 size-medium\" src=\"https:\/\/www.ull.es\/portal\/noticias\/wp-content\/uploads\/sites\/13\/2024\/06\/Serv-Empleo-Univ-11-300x200.jpg\" alt=\"\" width=\"300\" height=\"200\" srcset=\"https:\/\/www.ull.es\/portal\/noticias\/wp-content\/uploads\/sites\/13\/2024\/06\/Serv-Empleo-Univ-11-300x200.jpg 300w, https:\/\/www.ull.es\/portal\/noticias\/wp-content\/uploads\/sites\/13\/2024\/06\/Serv-Empleo-Univ-11-1024x682.jpg 1024w, https:\/\/www.ull.es\/portal\/noticias\/wp-content\/uploads\/sites\/13\/2024\/06\/Serv-Empleo-Univ-11-768x512.jpg 768w, https:\/\/www.ull.es\/portal\/noticias\/wp-content\/uploads\/sites\/13\/2024\/06\/Serv-Empleo-Univ-11-375x250.jpg 375w, https:\/\/www.ull.es\/portal\/noticias\/wp-content\/uploads\/sites\/13\/2024\/06\/Serv-Empleo-Univ-11-750x500.jpg 750w, https:\/\/www.ull.es\/portal\/noticias\/wp-content\/uploads\/sites\/13\/2024\/06\/Serv-Empleo-Univ-11.jpg 1100w\" sizes=\"(max-width: 300px) 100vw, 300px\" \/><\/a><p id=\"caption-attachment-76248\" class=\"wp-caption-text\">Mesa inaugural.<\/p><\/div>\n<p>Al contrario, Garc\u00eda record\u00f3 que, seg\u00fan la Encuesta de Poblaci\u00f3n Activa del \u00faltimo trimestre de 2023, la tasa de desempleo en Canarias, que es del 16,2%, baja hasta cinco puntos (11,2%) en el caso de personas con titulaci\u00f3n universitaria. Adem\u00e1s, el 48% de las ofertas de empleo est\u00e1 dirigidas a quienes poseen educaci\u00f3n superior. \u201cLas universidades son grandes f\u00e1bricas de empleabilidad. No hay nada mejor para una sociedad que apostar por las universidades, especialmente p\u00fablicas, por su capacidad para movilizar grandes cantidades de talento\u201d.<\/p>\n<p>Por su parte, la viceconsejera de Empleo del Gobierno de Canarias, Isabel Le\u00f3n Villalobos, destac\u00f3 la importancia de la universidad no solo por ser un lugar de aprendizaje acad\u00e9mico, sino porque transmite valores y esp\u00edritu cr\u00edtico a su alumnado y, por ello, consider\u00f3 que es fundamental que las administraciones p\u00fablicas colaboren con las instituciones acad\u00e9micas.<\/p>\n<p>Le\u00f3n se\u00f1al\u00f3 que el gran reto en el empleo en Canarias es sortear la brecha entre la demanda y la oferta ya que, por un lado, las empresas buscan perfiles que no logran cubrir y, por otro, los demandantes de empleo de la comunidad carecen de esa formaci\u00f3n espec\u00edfica. Por ello, se\u00f1al\u00f3 que desde la administraci\u00f3n se est\u00e1 trabajando para lograr ese necesario encaje entre oferta y demanda, firmando para ello convenios sectoriales que incluye formaci\u00f3n espec\u00edfica, y yendo de la mano de las universidades en proyectos de inserci\u00f3n laboral como el Cataliza.<\/p>\n<p>En el acto de apertura tambi\u00e9n estuvieron presentes Carmen Gallardo, secretaria ejecutiva de CRUE Asuntos Estudiantiles, y Rosario Hern\u00e1ndez Borges, vicerrectora de Estudiantes de la Universidad de La Laguna, quienes alabaron lo detallado del programa de las jornadas e invitaron a sus asistentes a aprovechar al m\u00e1ximo las oportunidades que ofrece este foro que congrega a personal t\u00e9cnico, acad\u00e9mico y de gesti\u00f3n, para intercambiar experiencias entre profesionales.<\/p>\n<div id=\"attachment_76249\" style=\"width: 310px\" class=\"wp-caption alignright\"><a href=\"https:\/\/www.ull.es\/portal\/noticias\/wp-content\/uploads\/sites\/13\/2024\/06\/Serv-Empleo-Univ-18.jpg\" target=\"_blank\" rel=\"noopener\" target=\"_blank\" rel=\"noopener\"><img aria-describedby=\"caption-attachment-76249\" decoding=\"async\" loading=\"lazy\" class=\"wp-image-76249 size-medium\" src=\"https:\/\/www.ull.es\/portal\/noticias\/wp-content\/uploads\/sites\/13\/2024\/06\/Serv-Empleo-Univ-18-300x200.jpg\" alt=\"Jacques Bulchand\" width=\"300\" height=\"200\" srcset=\"https:\/\/www.ull.es\/portal\/noticias\/wp-content\/uploads\/sites\/13\/2024\/06\/Serv-Empleo-Univ-18-300x200.jpg 300w, https:\/\/www.ull.es\/portal\/noticias\/wp-content\/uploads\/sites\/13\/2024\/06\/Serv-Empleo-Univ-18-1024x682.jpg 1024w, https:\/\/www.ull.es\/portal\/noticias\/wp-content\/uploads\/sites\/13\/2024\/06\/Serv-Empleo-Univ-18-768x512.jpg 768w, https:\/\/www.ull.es\/portal\/noticias\/wp-content\/uploads\/sites\/13\/2024\/06\/Serv-Empleo-Univ-18-375x250.jpg 375w, https:\/\/www.ull.es\/portal\/noticias\/wp-content\/uploads\/sites\/13\/2024\/06\/Serv-Empleo-Univ-18-750x500.jpg 750w, https:\/\/www.ull.es\/portal\/noticias\/wp-content\/uploads\/sites\/13\/2024\/06\/Serv-Empleo-Univ-18.jpg 1100w\" sizes=\"(max-width: 300px) 100vw, 300px\" \/><\/a><p id=\"caption-attachment-76249\" class=\"wp-caption-text\">Jacques Bulchand<\/p><\/div>\n<p><strong>IA y empleo<\/strong><\/p>\n<p>Seguidamente, Jacques Bulchand dict\u00f3 la conferencia inaugural \u201cEl empleo en la era de la IA\u201d, durante la cual enfatiz\u00f3 la idea de que la disrupci\u00f3n que va a provocar la inteligencia artificial en la civilizaci\u00f3n va a ser enorme: \u201cCreo que el cambio que nos viene es de una magnitud como pocas hemos visto. No es una tecnolog\u00eda avanzada, es algo m\u00e1s\u201d. A\u00fan as\u00ed, no quiso ser alarmista ante la posibilidad de que su asentamiento destruya muchos empleos: \u201cLa IA no reemplazar\u00e1 a ninguna persona por ahora, lo que s\u00ed ocurrir\u00e1 es que los profesionales que utilicen IA reemplazar\u00e1n a aquellos que no la utilicen\u201d.<\/p>\n<p>Por ello, en su opini\u00f3n, las universidades deber\u00edan permitir que el alumnado utilizara la IA generativa para ayudarse en la realizaci\u00f3n de sus trabajos, ya que cuando salgan al mercado laboral va a ser una tecnolog\u00eda que deben saber utilizar, as\u00ed que el centro docente deber\u00eda prepararle para ello.<\/p>\n<p>Esta irrupci\u00f3n tecnol\u00f3gica coincide con una polarizaci\u00f3n del mercado del trabajo, en la cual desparecen las profesiones de cualificaci\u00f3n media y se estructura entre trabajos de alta cualificaci\u00f3n muy bien remunerados y otros de baja cualificaci\u00f3n infradotados. Por ello, coincidi\u00f3 con el diagn\u00f3stico del rector sobre la pertinencia de poseer titulaci\u00f3n universitaria ya que, m\u00e1s all\u00e1 de ofrecer unos conocimientos concretos, provee al alumnado de una serie de habilidades que le facilitan el cambio y el necesario aprendizaje a lo largo de la vida.<\/p>\n<p>Lo que parece claro es que la IA eliminar\u00e1 puestos que tengan que ver con tareas rutinarias y repetitivas. Sin embargo, el ponente consider\u00f3 que es pronto para evaluar qu\u00e9 implicar\u00e1 para el mercado laboral la adopci\u00f3n masiva de esta tecnolog\u00eda. En ese sentido, record\u00f3 la teor\u00eda de la \u201cdestrucci\u00f3n creativa del empleo\u201d, la cual observa que, a lo largo de la historia, cada vez que surge una nueva tecnolog\u00eda que destruye un sector productivo, surge otro sector nuevo. Aun as\u00ed, dada la magnitud del cambio que supone la IA, no es posible saber si esa tendencia se mantendr\u00e1.<\/p>\n","protected":false},"excerpt":{"rendered":"<p>M\u00e1s de 120 personas de unas 50 instituciones acad\u00e9micas espa\u00f1olas p\u00fablicas y privadas est\u00e1n reunidas en la Universidad de Laguna&#8230;<\/p>\n","protected":false},"author":21,"featured_media":76247,"comment_status":"closed","ping_status":"closed","sticky":false,"template":"","format":"standard","meta":{"inline_featured_image":false,"footnotes":""},"categories":[345,348,2765],"tags":[10872,7046,1509,3822,10573,1563,10985],"acf":[],"yoast_head":"<!-- This site is optimized with the Yoast SEO plugin v21.3 - https:\/\/yoast.com\/wordpress\/plugins\/seo\/ -->\n<title>Los servicios universitarios de empleo abordan sus desaf\u00edos<\/title>\n<meta name=\"description\" content=\"La ULL acoge unas jornadas t\u00e9cnicas con participaci\u00f3n de 120 personas vinculadas a servicios de inserci\u00f3n de 50 universidades espa\u00f1olas.\" \/>\n<meta name=\"robots\" content=\"index, follow, max-snippet:-1, max-image-preview:large, max-video-preview:-1\" \/>\n<link rel=\"canonical\" href=\"https:\/\/www.ull.es\/portal\/noticias\/2024\/universidades-espanolas-debaten-ull-servicios-insercion-laboral\/\" \/>\n<meta property=\"og:locale\" content=\"es_ES\" \/>\n<meta property=\"og:type\" content=\"article\" \/>\n<meta property=\"og:title\" content=\"Los servicios universitarios de empleo abordan sus desaf\u00edos\" \/>\n<meta property=\"og:description\" content=\"La ULL acoge unas jornadas t\u00e9cnicas con participaci\u00f3n de 120 personas vinculadas a servicios de inserci\u00f3n de 50 universidades espa\u00f1olas.\" \/>\n<meta property=\"og:url\" content=\"https:\/\/www.ull.es\/portal\/noticias\/2024\/universidades-espanolas-debaten-ull-servicios-insercion-laboral\/\" \/>\n<meta property=\"og:site_name\" content=\"ULL - Noticias\" \/>\n<meta property=\"article:publisher\" content=\"https:\/\/www.facebook.com\/universidaddelalaguna\/\" \/>\n<meta property=\"article:published_time\" content=\"2024-06-20T09:13:10+00:00\" \/>\n<meta property=\"article:modified_time\" content=\"2024-06-21T08:51:14+00:00\" \/>\n<meta property=\"og:image\" content=\"https:\/\/www.ull.es\/portal\/noticias\/wp-content\/uploads\/sites\/13\/2024\/06\/Serv-Empleo-Univ-01.jpg\" \/>\n\t<meta property=\"og:image:width\" content=\"1100\" \/>\n\t<meta property=\"og:image:height\" content=\"733\" \/>\n\t<meta property=\"og:image:type\" content=\"image\/jpeg\" \/>\n<meta name=\"author\" content=\"prensa2\" \/>\n<meta name=\"twitter:card\" content=\"summary_large_image\" \/>\n<meta name=\"twitter:creator\" content=\"@CanalULL\" \/>\n<meta name=\"twitter:site\" content=\"@CanalULL\" \/>\n<meta name=\"twitter:label1\" content=\"Escrito por\" \/>\n\t<meta name=\"twitter:data1\" content=\"prensa2\" \/>\n\t<meta name=\"twitter:label2\" content=\"Tiempo de lectura\" \/>\n\t<meta name=\"twitter:data2\" content=\"5 minutos\" \/>\n<script type=\"application\/ld+json\" class=\"yoast-schema-graph\">{\"@context\":\"https:\/\/schema.org\",\"@graph\":[{\"@type\":\"WebPage\",\"@id\":\"https:\/\/www.ull.es\/portal\/noticias\/2024\/universidades-espanolas-debaten-ull-servicios-insercion-laboral\/\",\"url\":\"https:\/\/www.ull.es\/portal\/noticias\/2024\/universidades-espanolas-debaten-ull-servicios-insercion-laboral\/\",\"name\":\"Los servicios universitarios de empleo abordan sus desaf\u00edos\",\"isPartOf\":{\"@id\":\"https:\/\/www.ull.es\/portal\/noticias\/#website\"},\"datePublished\":\"2024-06-20T09:13:10+00:00\",\"dateModified\":\"2024-06-21T08:51:14+00:00\",\"author\":{\"@id\":\"https:\/\/www.ull.es\/portal\/noticias\/#\/schema\/person\/c3b2aa857797592927a03740d6664376\"},\"description\":\"La ULL acoge unas jornadas t\u00e9cnicas con participaci\u00f3n de 120 personas vinculadas a servicios de inserci\u00f3n de 50 universidades espa\u00f1olas.\",\"breadcrumb\":{\"@id\":\"https:\/\/www.ull.es\/portal\/noticias\/2024\/universidades-espanolas-debaten-ull-servicios-insercion-laboral\/#breadcrumb\"},\"inLanguage\":\"es\",\"potentialAction\":[{\"@type\":\"ReadAction\",\"target\":[\"https:\/\/www.ull.es\/portal\/noticias\/2024\/universidades-espanolas-debaten-ull-servicios-insercion-laboral\/\"]}]},{\"@type\":\"BreadcrumbList\",\"@id\":\"https:\/\/www.ull.es\/portal\/noticias\/2024\/universidades-espanolas-debaten-ull-servicios-insercion-laboral\/#breadcrumb\",\"itemListElement\":[{\"@type\":\"ListItem\",\"position\":1,\"name\":\"Portada\",\"item\":\"https:\/\/www.ull.es\/portal\/noticias\/\"},{\"@type\":\"ListItem\",\"position\":2,\"name\":\"Las universidades espa\u00f1olas debaten en la ULL los desaf\u00edos de sus servicios de inserci\u00f3n laboral\"}]},{\"@type\":\"WebSite\",\"@id\":\"https:\/\/www.ull.es\/portal\/noticias\/#website\",\"url\":\"https:\/\/www.ull.es\/portal\/noticias\/\",\"name\":\"ULL - Noticias\",\"description\":\"\",\"potentialAction\":[{\"@type\":\"SearchAction\",\"target\":{\"@type\":\"EntryPoint\",\"urlTemplate\":\"https:\/\/www.ull.es\/portal\/noticias\/?s={search_term_string}\"},\"query-input\":\"required name=search_term_string\"}],\"inLanguage\":\"es\"},{\"@type\":\"Person\",\"@id\":\"https:\/\/www.ull.es\/portal\/noticias\/#\/schema\/person\/c3b2aa857797592927a03740d6664376\",\"name\":\"prensa2\",\"image\":{\"@type\":\"ImageObject\",\"inLanguage\":\"es\",\"@id\":\"https:\/\/www.ull.es\/portal\/noticias\/#\/schema\/person\/image\/\",\"url\":\"https:\/\/secure.gravatar.com\/avatar\/b58f310a5de5feb33d1e026d2493f23c?s=96&d=mm&r=g\",\"contentUrl\":\"https:\/\/secure.gravatar.com\/avatar\/b58f310a5de5feb33d1e026d2493f23c?s=96&d=mm&r=g\",\"caption\":\"prensa2\"},\"url\":\"https:\/\/www.ull.es\/portal\/noticias\/author\/prensa2\/\"}]}<\/script>\n<!-- \/ Yoast SEO plugin. -->","yoast_head_json":{"title":"Los servicios universitarios de empleo abordan sus desaf\u00edos","description":"La ULL acoge unas jornadas t\u00e9cnicas con participaci\u00f3n de 120 personas vinculadas a servicios de inserci\u00f3n de 50 universidades espa\u00f1olas.","robots":{"index":"index","follow":"follow","max-snippet":"max-snippet:-1","max-image-preview":"max-image-preview:large","max-video-preview":"max-video-preview:-1"},"canonical":"https:\/\/www.ull.es\/portal\/noticias\/2024\/universidades-espanolas-debaten-ull-servicios-insercion-laboral\/","og_locale":"es_ES","og_type":"article","og_title":"Los servicios universitarios de empleo abordan sus desaf\u00edos","og_description":"La ULL acoge unas jornadas t\u00e9cnicas con participaci\u00f3n de 120 personas vinculadas a servicios de inserci\u00f3n de 50 universidades espa\u00f1olas.","og_url":"https:\/\/www.ull.es\/portal\/noticias\/2024\/universidades-espanolas-debaten-ull-servicios-insercion-laboral\/","og_site_name":"ULL - Noticias","article_publisher":"https:\/\/www.facebook.com\/universidaddelalaguna\/","article_published_time":"2024-06-20T09:13:10+00:00","article_modified_time":"2024-06-21T08:51:14+00:00","og_image":[{"width":1100,"height":733,"url":"https:\/\/www.ull.es\/portal\/noticias\/wp-content\/uploads\/sites\/13\/2024\/06\/Serv-Empleo-Univ-01.jpg","type":"image\/jpeg"}],"author":"prensa2","twitter_card":"summary_large_image","twitter_creator":"@CanalULL","twitter_site":"@CanalULL","twitter_misc":{"Escrito por":"prensa2","Tiempo de lectura":"5 minutos"},"schema":{"@context":"https:\/\/schema.org","@graph":[{"@type":"WebPage","@id":"https:\/\/www.ull.es\/portal\/noticias\/2024\/universidades-espanolas-debaten-ull-servicios-insercion-laboral\/","url":"https:\/\/www.ull.es\/portal\/noticias\/2024\/universidades-espanolas-debaten-ull-servicios-insercion-laboral\/","name":"Los servicios universitarios de empleo abordan sus desaf\u00edos","isPartOf":{"@id":"https:\/\/www.ull.es\/portal\/noticias\/#website"},"datePublished":"2024-06-20T09:13:10+00:00","dateModified":"2024-06-21T08:51:14+00:00","author":{"@id":"https:\/\/www.ull.es\/portal\/noticias\/#\/schema\/person\/c3b2aa857797592927a03740d6664376"},"description":"La ULL acoge unas jornadas t\u00e9cnicas con participaci\u00f3n de 120 personas vinculadas a servicios de inserci\u00f3n de 50 universidades espa\u00f1olas.","breadcrumb":{"@id":"https:\/\/www.ull.es\/portal\/noticias\/2024\/universidades-espanolas-debaten-ull-servicios-insercion-laboral\/#breadcrumb"},"inLanguage":"es","potentialAction":[{"@type":"ReadAction","target":["https:\/\/www.ull.es\/portal\/noticias\/2024\/universidades-espanolas-debaten-ull-servicios-insercion-laboral\/"]}]},{"@type":"BreadcrumbList","@id":"https:\/\/www.ull.es\/portal\/noticias\/2024\/universidades-espanolas-debaten-ull-servicios-insercion-laboral\/#breadcrumb","itemListElement":[{"@type":"ListItem","position":1,"name":"Portada","item":"https:\/\/www.ull.es\/portal\/noticias\/"},{"@type":"ListItem","position":2,"name":"Las universidades espa\u00f1olas debaten en la ULL los desaf\u00edos de sus servicios de inserci\u00f3n laboral"}]},{"@type":"WebSite","@id":"https:\/\/www.ull.es\/portal\/noticias\/#website","url":"https:\/\/www.ull.es\/portal\/noticias\/","name":"ULL - Noticias","description":"","potentialAction":[{"@type":"SearchAction","target":{"@type":"EntryPoint","urlTemplate":"https:\/\/www.ull.es\/portal\/noticias\/?s={search_term_string}"},"query-input":"required name=search_term_string"}],"inLanguage":"es"},{"@type":"Person","@id":"https:\/\/www.ull.es\/portal\/noticias\/#\/schema\/person\/c3b2aa857797592927a03740d6664376","name":"prensa2","image":{"@type":"ImageObject","inLanguage":"es","@id":"https:\/\/www.ull.es\/portal\/noticias\/#\/schema\/person\/image\/","url":"https:\/\/secure.gravatar.com\/avatar\/b58f310a5de5feb33d1e026d2493f23c?s=96&d=mm&r=g","contentUrl":"https:\/\/secure.gravatar.com\/avatar\/b58f310a5de5feb33d1e026d2493f23c?s=96&d=mm&r=g","caption":"prensa2"},"url":"https:\/\/www.ull.es\/portal\/noticias\/author\/prensa2\/"}]}},"primary_category":{"id":345,"name":"Destacado","slug":"destacado","link":"https:\/\/www.ull.es\/portal\/noticias\/category\/destacado\/"},"featured_image_thumbnail_url":"https:\/\/www.ull.es\/portal\/noticias\/wp-content\/uploads\/sites\/13\/2024\/06\/Serv-Empleo-Univ-01-300x200.jpg","_links":{"self":[{"href":"https:\/\/www.ull.es\/portal\/noticias\/wp-json\/wp\/v2\/posts\/76246"}],"collection":[{"href":"https:\/\/www.ull.es\/portal\/noticias\/wp-json\/wp\/v2\/posts"}],"about":[{"href":"https:\/\/www.ull.es\/portal\/noticias\/wp-json\/wp\/v2\/types\/post"}],"author":[{"embeddable":true,"href":"https:\/\/www.ull.es\/portal\/noticias\/wp-json\/wp\/v2\/users\/21"}],"replies":[{"embeddable":true,"href":"https:\/\/www.ull.es\/portal\/noticias\/wp-json\/wp\/v2\/comments?post=76246"}],"version-history":[{"count":2,"href":"https:\/\/www.ull.es\/portal\/noticias\/wp-json\/wp\/v2\/posts\/76246\/revisions"}],"predecessor-version":[{"id":76279,"href":"https:\/\/www.ull.es\/portal\/noticias\/wp-json\/wp\/v2\/posts\/76246\/revisions\/76279"}],"wp:featuredmedia":[{"embeddable":true,"href":"https:\/\/www.ull.es\/portal\/noticias\/wp-json\/wp\/v2\/media\/76247"}],"wp:attachment":[{"href":"https:\/\/www.ull.es\/portal\/noticias\/wp-json\/wp\/v2\/media?parent=76246"}],"wp:term":[{"taxonomy":"category","embeddable":true,"href":"https:\/\/www.ull.es\/portal\/noticias\/wp-json\/wp\/v2\/categories?post=76246"},{"taxonomy":"post_tag","embeddable":true,"href":"https:\/\/www.ull.es\/portal\/noticias\/wp-json\/wp\/v2\/tags?post=76246"}],"curies":[{"name":"wp","href":"https:\/\/api.w.org\/{rel}","templated":true}]}}