{"id":76292,"date":"2024-06-21T11:56:21","date_gmt":"2024-06-21T11:56:21","guid":{"rendered":"https:\/\/www.ull.es\/portal\/noticias\/?p=76292"},"modified":"2024-06-21T11:56:55","modified_gmt":"2024-06-21T11:56:55","slug":"labplan-proteccion-infancia-adolescencia-deporte-base","status":"publish","type":"post","link":"https:\/\/www.ull.es\/portal\/noticias\/2024\/labplan-proteccion-infancia-adolescencia-deporte-base\/","title":{"rendered":"El Laboratorio de Innovaci\u00f3n Social presenta un plan de protecci\u00f3n de la infancia y adolescencia en deporte base"},"content":{"rendered":"<p>El Marco de Actuaci\u00f3n para la Protecci\u00f3n de la Infancia y la Adolescencia en el Deporte Base de Tenerife fue presentado ayer, jueves 20 de junio, en el Centro Insular de Atletismo de Tenerife (CIAT), en un acto que cont\u00f3 con la participaci\u00f3n de las entidades deportivas de la isla. Este documento se enmarca dentro de la iniciativa Educar Entrenando, incluida en el convenio de colaboraci\u00f3n entre el Cabildo Insular de Tenerife y la Fundaci\u00f3n General de la Universidad de La Laguna a trav\u00e9s del <a href=\"https:\/\/fg.ull.es\/innovacion\/labins_ull\/\" target=\"_blank\" rel=\"noopener\" target=\"_blank\" rel=\"noopener\">Laboratorio de Innovaci\u00f3n Social<\/a> de la instituci\u00f3n acad\u00e9mica.<\/p>\n<p>Este Marco de Actuaci\u00f3n es el primer paso para el desarrollo de un Protocolo de Actuaci\u00f3n para la Protecci\u00f3n de la Infancia y la Adolescencia en el Deporte Base de Tenerife, y busca asegurar que las personas menores de la isla disfruten de la actividad f\u00edsica de manera sana y segura, contando con medidas de protecci\u00f3n y prevenci\u00f3n ante situaciones de riesgo o vulnerabilidad durante la pr\u00e1ctica deportiva.<\/p>\n<p>El objetivo principal es facilitar a las entidades deportivas de Tenerife el cumplimiento de la Ley Org\u00e1nica 8\/2021 de Protecci\u00f3n Integral a la Infancia y la Adolescencia frente a la Violencia (LOPIVI). Se trata de un marco normativo crucial para garantizar los derechos de ni\u00f1os, ni\u00f1as y adolescentes, y es necesaria por varios aspectos fundamentales: los derechos humanos, la obligaci\u00f3n prioritaria por parte de los poderes p\u00fablicos para la protecci\u00f3n de menores, y el propio enfoque integral de la LOPIVI, que aborda la violencia considerando m\u00faltiples factores de riesgo y consecuencias, entre otros.<\/p>\n<p>En el contexto insular, aplicar esta ley es esencial para proteger a los y las menores de cualquier forma de violencia, asegurando su desarrollo pleno y libre. Adem\u00e1s, la sensibilizaci\u00f3n y prevenci\u00f3n son componentes esenciales para erradicar definitivamente la violencia contra la infancia en los entornos deportivos.<\/p>\n<p>El acto fue inaugurado por la consejera Delegada en Deportes del Cabildo Insular de Tenerife, Yolanda Molin\u00e9 Rodr\u00edguez; y el gerente de la Fundaci\u00f3n General de la Universidad de La Laguna, Julio Brito Santana. A continuaci\u00f3n, Jos\u00e9 Ignacio Alonso Romero, autor del documento y experto en proyectos de derechos de la infancia y especialista en violencia contra la infancia, present\u00f3 a la comunidad deportiva el Marco de Actuaci\u00f3n, cuyo texto, junto con su infograf\u00eda explicativa, <a href=\"https:\/\/linktr.ee\/labins.ull?utm_source=linktree_admin_share\" target=\"_blank\" rel=\"noopener\" target=\"_blank\" rel=\"noopener\">est\u00e1n disponibles<\/a> en la web del Laboratorio de Innovaci\u00f3n Social de la Universidad de La Laguna.<\/p>\n","protected":false},"excerpt":{"rendered":"<p>El Marco de Actuaci\u00f3n para la Protecci\u00f3n de la Infancia y la Adolescencia en el Deporte Base de Tenerife fue&#8230;<\/p>\n","protected":false},"author":21,"featured_media":76293,"comment_status":"closed","ping_status":"closed","sticky":false,"template":"","format":"standard","meta":{"inline_featured_image":false,"footnotes":""},"categories":[345,348,2765],"tags":[6708,10273,9510,11000],"acf":[],"yoast_head":"<!-- This site is optimized with the Yoast SEO plugin v21.3 - https:\/\/yoast.com\/wordpress\/plugins\/seo\/ -->\n<title>Presentado un plan de protecci\u00f3n de menores en el deporte base<\/title>\n<meta name=\"description\" content=\"Este marco de actuaci\u00f3n es parte del plan Educar Entrenando, promovido por el Cabildo de Tenerife y el Laboratorio de Innovaci\u00f3n Social ULL.\" \/>\n<meta name=\"robots\" content=\"index, follow, max-snippet:-1, max-image-preview:large, max-video-preview:-1\" \/>\n<link rel=\"canonical\" href=\"https:\/\/www.ull.es\/portal\/noticias\/2024\/labplan-proteccion-infancia-adolescencia-deporte-base\/\" \/>\n<meta property=\"og:locale\" content=\"es_ES\" \/>\n<meta property=\"og:type\" content=\"article\" \/>\n<meta property=\"og:title\" content=\"Presentado un plan de protecci\u00f3n de menores en el deporte base\" \/>\n<meta property=\"og:description\" content=\"Este marco de actuaci\u00f3n es parte del plan Educar Entrenando, promovido por el Cabildo de Tenerife y el Laboratorio de Innovaci\u00f3n Social ULL.\" \/>\n<meta property=\"og:url\" content=\"https:\/\/www.ull.es\/portal\/noticias\/2024\/labplan-proteccion-infancia-adolescencia-deporte-base\/\" \/>\n<meta property=\"og:site_name\" content=\"ULL - Noticias\" \/>\n<meta property=\"article:publisher\" content=\"https:\/\/www.facebook.com\/universidaddelalaguna\/\" \/>\n<meta property=\"article:published_time\" content=\"2024-06-21T11:56:21+00:00\" \/>\n<meta property=\"article:modified_time\" content=\"2024-06-21T11:56:55+00:00\" \/>\n<meta property=\"og:image\" content=\"https:\/\/www.ull.es\/portal\/noticias\/wp-content\/uploads\/sites\/13\/2024\/06\/presentacion_proteccion_infancia_adolescencia_deporte.jpg\" \/>\n\t<meta property=\"og:image:width\" content=\"1200\" \/>\n\t<meta property=\"og:image:height\" content=\"800\" \/>\n\t<meta property=\"og:image:type\" content=\"image\/jpeg\" \/>\n<meta name=\"author\" content=\"prensa2\" \/>\n<meta name=\"twitter:card\" content=\"summary_large_image\" \/>\n<meta name=\"twitter:creator\" content=\"@CanalULL\" \/>\n<meta name=\"twitter:site\" content=\"@CanalULL\" \/>\n<meta name=\"twitter:label1\" content=\"Escrito por\" \/>\n\t<meta name=\"twitter:data1\" content=\"prensa2\" \/>\n\t<meta name=\"twitter:label2\" content=\"Tiempo de lectura\" \/>\n\t<meta name=\"twitter:data2\" content=\"2 minutos\" \/>\n<script type=\"application\/ld+json\" class=\"yoast-schema-graph\">{\"@context\":\"https:\/\/schema.org\",\"@graph\":[{\"@type\":\"WebPage\",\"@id\":\"https:\/\/www.ull.es\/portal\/noticias\/2024\/labplan-proteccion-infancia-adolescencia-deporte-base\/\",\"url\":\"https:\/\/www.ull.es\/portal\/noticias\/2024\/labplan-proteccion-infancia-adolescencia-deporte-base\/\",\"name\":\"Presentado un plan de protecci\u00f3n de menores en el deporte base\",\"isPartOf\":{\"@id\":\"https:\/\/www.ull.es\/portal\/noticias\/#website\"},\"datePublished\":\"2024-06-21T11:56:21+00:00\",\"dateModified\":\"2024-06-21T11:56:55+00:00\",\"author\":{\"@id\":\"https:\/\/www.ull.es\/portal\/noticias\/#\/schema\/person\/c3b2aa857797592927a03740d6664376\"},\"description\":\"Este marco de actuaci\u00f3n es parte del plan Educar Entrenando, promovido por el Cabildo de Tenerife y el Laboratorio de Innovaci\u00f3n Social ULL.\",\"breadcrumb\":{\"@id\":\"https:\/\/www.ull.es\/portal\/noticias\/2024\/labplan-proteccion-infancia-adolescencia-deporte-base\/#breadcrumb\"},\"inLanguage\":\"es\",\"potentialAction\":[{\"@type\":\"ReadAction\",\"target\":[\"https:\/\/www.ull.es\/portal\/noticias\/2024\/labplan-proteccion-infancia-adolescencia-deporte-base\/\"]}]},{\"@type\":\"BreadcrumbList\",\"@id\":\"https:\/\/www.ull.es\/portal\/noticias\/2024\/labplan-proteccion-infancia-adolescencia-deporte-base\/#breadcrumb\",\"itemListElement\":[{\"@type\":\"ListItem\",\"position\":1,\"name\":\"Portada\",\"item\":\"https:\/\/www.ull.es\/portal\/noticias\/\"},{\"@type\":\"ListItem\",\"position\":2,\"name\":\"El Laboratorio de Innovaci\u00f3n Social presenta un plan de protecci\u00f3n de la infancia y adolescencia en deporte base\"}]},{\"@type\":\"WebSite\",\"@id\":\"https:\/\/www.ull.es\/portal\/noticias\/#website\",\"url\":\"https:\/\/www.ull.es\/portal\/noticias\/\",\"name\":\"ULL - Noticias\",\"description\":\"\",\"potentialAction\":[{\"@type\":\"SearchAction\",\"target\":{\"@type\":\"EntryPoint\",\"urlTemplate\":\"https:\/\/www.ull.es\/portal\/noticias\/?s={search_term_string}\"},\"query-input\":\"required name=search_term_string\"}],\"inLanguage\":\"es\"},{\"@type\":\"Person\",\"@id\":\"https:\/\/www.ull.es\/portal\/noticias\/#\/schema\/person\/c3b2aa857797592927a03740d6664376\",\"name\":\"prensa2\",\"image\":{\"@type\":\"ImageObject\",\"inLanguage\":\"es\",\"@id\":\"https:\/\/www.ull.es\/portal\/noticias\/#\/schema\/person\/image\/\",\"url\":\"https:\/\/secure.gravatar.com\/avatar\/b58f310a5de5feb33d1e026d2493f23c?s=96&d=mm&r=g\",\"contentUrl\":\"https:\/\/secure.gravatar.com\/avatar\/b58f310a5de5feb33d1e026d2493f23c?s=96&d=mm&r=g\",\"caption\":\"prensa2\"},\"url\":\"https:\/\/www.ull.es\/portal\/noticias\/author\/prensa2\/\"}]}<\/script>\n<!-- \/ Yoast SEO plugin. -->","yoast_head_json":{"title":"Presentado un plan de protecci\u00f3n de menores en el deporte base","description":"Este marco de actuaci\u00f3n es parte del plan Educar Entrenando, promovido por el Cabildo de Tenerife y el Laboratorio de Innovaci\u00f3n Social ULL.","robots":{"index":"index","follow":"follow","max-snippet":"max-snippet:-1","max-image-preview":"max-image-preview:large","max-video-preview":"max-video-preview:-1"},"canonical":"https:\/\/www.ull.es\/portal\/noticias\/2024\/labplan-proteccion-infancia-adolescencia-deporte-base\/","og_locale":"es_ES","og_type":"article","og_title":"Presentado un plan de protecci\u00f3n de menores en el deporte base","og_description":"Este marco de actuaci\u00f3n es parte del plan Educar Entrenando, promovido por el Cabildo de Tenerife y el Laboratorio de Innovaci\u00f3n Social ULL.","og_url":"https:\/\/www.ull.es\/portal\/noticias\/2024\/labplan-proteccion-infancia-adolescencia-deporte-base\/","og_site_name":"ULL - Noticias","article_publisher":"https:\/\/www.facebook.com\/universidaddelalaguna\/","article_published_time":"2024-06-21T11:56:21+00:00","article_modified_time":"2024-06-21T11:56:55+00:00","og_image":[{"width":1200,"height":800,"url":"https:\/\/www.ull.es\/portal\/noticias\/wp-content\/uploads\/sites\/13\/2024\/06\/presentacion_proteccion_infancia_adolescencia_deporte.jpg","type":"image\/jpeg"}],"author":"prensa2","twitter_card":"summary_large_image","twitter_creator":"@CanalULL","twitter_site":"@CanalULL","twitter_misc":{"Escrito por":"prensa2","Tiempo de lectura":"2 minutos"},"schema":{"@context":"https:\/\/schema.org","@graph":[{"@type":"WebPage","@id":"https:\/\/www.ull.es\/portal\/noticias\/2024\/labplan-proteccion-infancia-adolescencia-deporte-base\/","url":"https:\/\/www.ull.es\/portal\/noticias\/2024\/labplan-proteccion-infancia-adolescencia-deporte-base\/","name":"Presentado un plan de protecci\u00f3n de menores en el deporte base","isPartOf":{"@id":"https:\/\/www.ull.es\/portal\/noticias\/#website"},"datePublished":"2024-06-21T11:56:21+00:00","dateModified":"2024-06-21T11:56:55+00:00","author":{"@id":"https:\/\/www.ull.es\/portal\/noticias\/#\/schema\/person\/c3b2aa857797592927a03740d6664376"},"description":"Este marco de actuaci\u00f3n es parte del plan Educar Entrenando, promovido por el Cabildo de Tenerife y el Laboratorio de Innovaci\u00f3n Social ULL.","breadcrumb":{"@id":"https:\/\/www.ull.es\/portal\/noticias\/2024\/labplan-proteccion-infancia-adolescencia-deporte-base\/#breadcrumb"},"inLanguage":"es","potentialAction":[{"@type":"ReadAction","target":["https:\/\/www.ull.es\/portal\/noticias\/2024\/labplan-proteccion-infancia-adolescencia-deporte-base\/"]}]},{"@type":"BreadcrumbList","@id":"https:\/\/www.ull.es\/portal\/noticias\/2024\/labplan-proteccion-infancia-adolescencia-deporte-base\/#breadcrumb","itemListElement":[{"@type":"ListItem","position":1,"name":"Portada","item":"https:\/\/www.ull.es\/portal\/noticias\/"},{"@type":"ListItem","position":2,"name":"El Laboratorio de Innovaci\u00f3n Social presenta un plan de protecci\u00f3n de la infancia y adolescencia en deporte base"}]},{"@type":"WebSite","@id":"https:\/\/www.ull.es\/portal\/noticias\/#website","url":"https:\/\/www.ull.es\/portal\/noticias\/","name":"ULL - Noticias","description":"","potentialAction":[{"@type":"SearchAction","target":{"@type":"EntryPoint","urlTemplate":"https:\/\/www.ull.es\/portal\/noticias\/?s={search_term_string}"},"query-input":"required name=search_term_string"}],"inLanguage":"es"},{"@type":"Person","@id":"https:\/\/www.ull.es\/portal\/noticias\/#\/schema\/person\/c3b2aa857797592927a03740d6664376","name":"prensa2","image":{"@type":"ImageObject","inLanguage":"es","@id":"https:\/\/www.ull.es\/portal\/noticias\/#\/schema\/person\/image\/","url":"https:\/\/secure.gravatar.com\/avatar\/b58f310a5de5feb33d1e026d2493f23c?s=96&d=mm&r=g","contentUrl":"https:\/\/secure.gravatar.com\/avatar\/b58f310a5de5feb33d1e026d2493f23c?s=96&d=mm&r=g","caption":"prensa2"},"url":"https:\/\/www.ull.es\/portal\/noticias\/author\/prensa2\/"}]}},"primary_category":{"id":345,"name":"Destacado","slug":"destacado","link":"https:\/\/www.ull.es\/portal\/noticias\/category\/destacado\/"},"featured_image_thumbnail_url":"https:\/\/www.ull.es\/portal\/noticias\/wp-content\/uploads\/sites\/13\/2024\/06\/presentacion_proteccion_infancia_adolescencia_deporte-300x200.jpg","_links":{"self":[{"href":"https:\/\/www.ull.es\/portal\/noticias\/wp-json\/wp\/v2\/posts\/76292"}],"collection":[{"href":"https:\/\/www.ull.es\/portal\/noticias\/wp-json\/wp\/v2\/posts"}],"about":[{"href":"https:\/\/www.ull.es\/portal\/noticias\/wp-json\/wp\/v2\/types\/post"}],"author":[{"embeddable":true,"href":"https:\/\/www.ull.es\/portal\/noticias\/wp-json\/wp\/v2\/users\/21"}],"replies":[{"embeddable":true,"href":"https:\/\/www.ull.es\/portal\/noticias\/wp-json\/wp\/v2\/comments?post=76292"}],"version-history":[{"count":1,"href":"https:\/\/www.ull.es\/portal\/noticias\/wp-json\/wp\/v2\/posts\/76292\/revisions"}],"predecessor-version":[{"id":76294,"href":"https:\/\/www.ull.es\/portal\/noticias\/wp-json\/wp\/v2\/posts\/76292\/revisions\/76294"}],"wp:featuredmedia":[{"embeddable":true,"href":"https:\/\/www.ull.es\/portal\/noticias\/wp-json\/wp\/v2\/media\/76293"}],"wp:attachment":[{"href":"https:\/\/www.ull.es\/portal\/noticias\/wp-json\/wp\/v2\/media?parent=76292"}],"wp:term":[{"taxonomy":"category","embeddable":true,"href":"https:\/\/www.ull.es\/portal\/noticias\/wp-json\/wp\/v2\/categories?post=76292"},{"taxonomy":"post_tag","embeddable":true,"href":"https:\/\/www.ull.es\/portal\/noticias\/wp-json\/wp\/v2\/tags?post=76292"}],"curies":[{"name":"wp","href":"https:\/\/api.w.org\/{rel}","templated":true}]}}