{"id":76295,"date":"2024-06-21T12:38:45","date_gmt":"2024-06-21T12:38:45","guid":{"rendered":"https:\/\/www.ull.es\/portal\/noticias\/?p=76295"},"modified":"2024-06-21T12:38:45","modified_gmt":"2024-06-21T12:38:45","slug":"la-universidad-de-la-laguna-y-hospital-parque-renuevan-su-colaboracion-en-medicina-deportiva","status":"publish","type":"post","link":"https:\/\/www.ull.es\/portal\/noticias\/2024\/la-universidad-de-la-laguna-y-hospital-parque-renuevan-su-colaboracion-en-medicina-deportiva\/","title":{"rendered":"La Universidad de La Laguna y Hospital Parque renuevan su colaboraci\u00f3n en medicina deportiva"},"content":{"rendered":"<p>El rector de la Universidad de La Laguna, Francisco Garc\u00eda, y el director territorial de Hospitales Parque Canarias, Jos\u00e9 David Garc\u00eda, han renovado hoy 28 de junio el convenio de colaboraci\u00f3n entre ambas entidades, lo que facilita contar con asesoramiento m\u00e9dico en muchas de las actividades que realiza el <a href=\"https:\/\/www.ull.es\/servicios\/deportes\/\" target=\"_blank\" rel=\"noopener\">Servicio de Deportes<\/a> de la instituci\u00f3n acad\u00e9mica.<\/p>\n<p>Se trata de una colaboraci\u00f3n que se ha sostenido en el tiempo y que permite disponer especialistas de la entidad hospitalaria como ponentes en actividades de la universidad, al tiempo que contar con ambulancias medicalizadas en los eventos de mayor asistencia.<\/p>\n<div id=\"attachment_76297\" style=\"width: 310px\" class=\"wp-caption alignleft\"><a href=\"https:\/\/www.ull.es\/portal\/noticias\/wp-content\/uploads\/sites\/13\/2024\/06\/convenio-clinica-parque-001.jpg\" target=\"_blank\" rel=\"noopener\"><img aria-describedby=\"caption-attachment-76297\" decoding=\"async\" loading=\"lazy\" class=\"wp-image-76297 size-medium\" src=\"https:\/\/www.ull.es\/portal\/noticias\/wp-content\/uploads\/sites\/13\/2024\/06\/convenio-clinica-parque-001-300x200.jpg\" alt=\"\" width=\"300\" height=\"200\" srcset=\"https:\/\/www.ull.es\/portal\/noticias\/wp-content\/uploads\/sites\/13\/2024\/06\/convenio-clinica-parque-001-300x200.jpg 300w, https:\/\/www.ull.es\/portal\/noticias\/wp-content\/uploads\/sites\/13\/2024\/06\/convenio-clinica-parque-001-1024x683.jpg 1024w, https:\/\/www.ull.es\/portal\/noticias\/wp-content\/uploads\/sites\/13\/2024\/06\/convenio-clinica-parque-001-768x512.jpg 768w, https:\/\/www.ull.es\/portal\/noticias\/wp-content\/uploads\/sites\/13\/2024\/06\/convenio-clinica-parque-001-375x250.jpg 375w, https:\/\/www.ull.es\/portal\/noticias\/wp-content\/uploads\/sites\/13\/2024\/06\/convenio-clinica-parque-001-750x500.jpg 750w, https:\/\/www.ull.es\/portal\/noticias\/wp-content\/uploads\/sites\/13\/2024\/06\/convenio-clinica-parque-001-1140x760.jpg 1140w, https:\/\/www.ull.es\/portal\/noticias\/wp-content\/uploads\/sites\/13\/2024\/06\/convenio-clinica-parque-001.jpg 1200w\" sizes=\"(max-width: 300px) 100vw, 300px\" \/><\/a><p id=\"caption-attachment-76297\" class=\"wp-caption-text\">La directora del Servicio de Deportes, Bego\u00f1a L\u00f3pez, tambi\u00e9n estuvo presente en la firma.<\/p><\/div>\n<p>El Servicio de Deportes del centro universitario lleva a cabo talleres de control del estr\u00e9s, otros relacionados con la alimentaci\u00f3n y tambi\u00e9n de temas que tienen que ver con la salud mental, una cuesti\u00f3n que, en opini\u00f3n del rector, resulta cada vez m\u00e1s necesaria para lograr un bienestar integral.<\/p>\n<p>Por eso se mostr\u00f3 muy partidario de este acuerdo, no solo para reforzar la presencia de especialistas de medicina deportiva sino para tambi\u00e9n iniciar una l\u00ednea de colaboraci\u00f3n espec\u00edficamente centrada en la salud mental y en h\u00e1bitos de vida saludables.<\/p>\n<p>El convenio estipula una serie de descuentos espec\u00edficos para miembros de la comunidad universitaria en forma de bonos de readaptaci\u00f3n deportiva en la unidad de salud y deporte del <a href=\"https:\/\/www.hospitalesparque.es\/tenerife\" target=\"_blank\" rel=\"noopener\">Hospital Parque Tenerife<\/a>, adem\u00e1s de otros descuentos referidos a precios privados en reconocimientos m\u00e9dico deportivos, consultas y otras pruebas complementarias. Como contrapartida, la universidad se compromete a la cesi\u00f3n de instalaciones para eventos de medicina deportiva.<\/p>\n<p>Tambi\u00e9n se acuerda la celebraci\u00f3n de charlas o talleres presenciales y el soporte sanitario para determinados eventos, como se ha se\u00f1alado.<\/p>\n","protected":false},"excerpt":{"rendered":"<p>El rector de la Universidad de La Laguna, Francisco Garc\u00eda, y el director territorial de Hospitales Parque Canarias, Jos\u00e9 David&#8230;<\/p>\n","protected":false},"author":23,"featured_media":76298,"comment_status":"closed","ping_status":"closed","sticky":false,"template":"","format":"standard","meta":{"inline_featured_image":false,"footnotes":""},"categories":[345,348,2765,4452],"tags":[],"acf":[],"yoast_head":"<!-- This site is optimized with the Yoast SEO plugin v21.3 - https:\/\/yoast.com\/wordpress\/plugins\/seo\/ -->\n<title>La Universidad de La Laguna y Hospital Parque renuevan su colaboraci\u00f3n en medicina deportiva - ULL - Noticias<\/title>\n<meta name=\"robots\" content=\"index, follow, max-snippet:-1, max-image-preview:large, max-video-preview:-1\" \/>\n<link rel=\"canonical\" href=\"https:\/\/www.ull.es\/portal\/noticias\/2024\/la-universidad-de-la-laguna-y-hospital-parque-renuevan-su-colaboracion-en-medicina-deportiva\/\" \/>\n<meta property=\"og:locale\" content=\"es_ES\" \/>\n<meta property=\"og:type\" content=\"article\" \/>\n<meta property=\"og:title\" content=\"La Universidad de La Laguna y Hospital Parque renuevan su colaboraci\u00f3n en medicina deportiva - ULL - Noticias\" \/>\n<meta property=\"og:description\" content=\"El rector de la Universidad de La Laguna, Francisco Garc\u00eda, y el director territorial de Hospitales Parque Canarias, Jos\u00e9 David...\" \/>\n<meta property=\"og:url\" content=\"https:\/\/www.ull.es\/portal\/noticias\/2024\/la-universidad-de-la-laguna-y-hospital-parque-renuevan-su-colaboracion-en-medicina-deportiva\/\" \/>\n<meta property=\"og:site_name\" content=\"ULL - Noticias\" \/>\n<meta property=\"article:publisher\" content=\"https:\/\/www.facebook.com\/universidaddelalaguna\/\" \/>\n<meta property=\"article:published_time\" content=\"2024-06-21T12:38:45+00:00\" \/>\n<meta property=\"og:image\" content=\"https:\/\/www.ull.es\/portal\/noticias\/wp-content\/uploads\/sites\/13\/2024\/06\/convenio-clinica-parque-002.jpg\" \/>\n\t<meta property=\"og:image:width\" content=\"1200\" \/>\n\t<meta property=\"og:image:height\" content=\"800\" \/>\n\t<meta property=\"og:image:type\" content=\"image\/jpeg\" \/>\n<meta name=\"author\" content=\"gaprsa\" \/>\n<meta name=\"twitter:card\" content=\"summary_large_image\" \/>\n<meta name=\"twitter:creator\" content=\"@CanalULL\" \/>\n<meta name=\"twitter:site\" content=\"@CanalULL\" \/>\n<meta name=\"twitter:label1\" content=\"Escrito por\" \/>\n\t<meta name=\"twitter:data1\" content=\"gaprsa\" \/>\n\t<meta name=\"twitter:label2\" content=\"Tiempo de lectura\" \/>\n\t<meta name=\"twitter:data2\" content=\"2 minutos\" \/>\n<script type=\"application\/ld+json\" class=\"yoast-schema-graph\">{\"@context\":\"https:\/\/schema.org\",\"@graph\":[{\"@type\":\"WebPage\",\"@id\":\"https:\/\/www.ull.es\/portal\/noticias\/2024\/la-universidad-de-la-laguna-y-hospital-parque-renuevan-su-colaboracion-en-medicina-deportiva\/\",\"url\":\"https:\/\/www.ull.es\/portal\/noticias\/2024\/la-universidad-de-la-laguna-y-hospital-parque-renuevan-su-colaboracion-en-medicina-deportiva\/\",\"name\":\"La Universidad de La Laguna y Hospital Parque renuevan su colaboraci\u00f3n en medicina deportiva - ULL - Noticias\",\"isPartOf\":{\"@id\":\"https:\/\/www.ull.es\/portal\/noticias\/#website\"},\"datePublished\":\"2024-06-21T12:38:45+00:00\",\"dateModified\":\"2024-06-21T12:38:45+00:00\",\"author\":{\"@id\":\"https:\/\/www.ull.es\/portal\/noticias\/#\/schema\/person\/b2b1a89d43ffa609e591f7df8ef3e817\"},\"breadcrumb\":{\"@id\":\"https:\/\/www.ull.es\/portal\/noticias\/2024\/la-universidad-de-la-laguna-y-hospital-parque-renuevan-su-colaboracion-en-medicina-deportiva\/#breadcrumb\"},\"inLanguage\":\"es\",\"potentialAction\":[{\"@type\":\"ReadAction\",\"target\":[\"https:\/\/www.ull.es\/portal\/noticias\/2024\/la-universidad-de-la-laguna-y-hospital-parque-renuevan-su-colaboracion-en-medicina-deportiva\/\"]}]},{\"@type\":\"BreadcrumbList\",\"@id\":\"https:\/\/www.ull.es\/portal\/noticias\/2024\/la-universidad-de-la-laguna-y-hospital-parque-renuevan-su-colaboracion-en-medicina-deportiva\/#breadcrumb\",\"itemListElement\":[{\"@type\":\"ListItem\",\"position\":1,\"name\":\"Portada\",\"item\":\"https:\/\/www.ull.es\/portal\/noticias\/\"},{\"@type\":\"ListItem\",\"position\":2,\"name\":\"La Universidad de La Laguna y Hospital Parque renuevan su colaboraci\u00f3n en medicina deportiva\"}]},{\"@type\":\"WebSite\",\"@id\":\"https:\/\/www.ull.es\/portal\/noticias\/#website\",\"url\":\"https:\/\/www.ull.es\/portal\/noticias\/\",\"name\":\"ULL - Noticias\",\"description\":\"\",\"potentialAction\":[{\"@type\":\"SearchAction\",\"target\":{\"@type\":\"EntryPoint\",\"urlTemplate\":\"https:\/\/www.ull.es\/portal\/noticias\/?s={search_term_string}\"},\"query-input\":\"required name=search_term_string\"}],\"inLanguage\":\"es\"},{\"@type\":\"Person\",\"@id\":\"https:\/\/www.ull.es\/portal\/noticias\/#\/schema\/person\/b2b1a89d43ffa609e591f7df8ef3e817\",\"name\":\"gaprsa\",\"image\":{\"@type\":\"ImageObject\",\"inLanguage\":\"es\",\"@id\":\"https:\/\/www.ull.es\/portal\/noticias\/#\/schema\/person\/image\/\",\"url\":\"https:\/\/secure.gravatar.com\/avatar\/443820550921091458b4823867723b3d?s=96&d=mm&r=g\",\"contentUrl\":\"https:\/\/secure.gravatar.com\/avatar\/443820550921091458b4823867723b3d?s=96&d=mm&r=g\",\"caption\":\"gaprsa\"},\"url\":\"https:\/\/www.ull.es\/portal\/noticias\/author\/gaprsa\/\"}]}<\/script>\n<!-- \/ Yoast SEO plugin. -->","yoast_head_json":{"title":"La Universidad de La Laguna y Hospital Parque renuevan su colaboraci\u00f3n en medicina deportiva - ULL - Noticias","robots":{"index":"index","follow":"follow","max-snippet":"max-snippet:-1","max-image-preview":"max-image-preview:large","max-video-preview":"max-video-preview:-1"},"canonical":"https:\/\/www.ull.es\/portal\/noticias\/2024\/la-universidad-de-la-laguna-y-hospital-parque-renuevan-su-colaboracion-en-medicina-deportiva\/","og_locale":"es_ES","og_type":"article","og_title":"La Universidad de La Laguna y Hospital Parque renuevan su colaboraci\u00f3n en medicina deportiva - ULL - Noticias","og_description":"El rector de la Universidad de La Laguna, Francisco Garc\u00eda, y el director territorial de Hospitales Parque Canarias, Jos\u00e9 David...","og_url":"https:\/\/www.ull.es\/portal\/noticias\/2024\/la-universidad-de-la-laguna-y-hospital-parque-renuevan-su-colaboracion-en-medicina-deportiva\/","og_site_name":"ULL - Noticias","article_publisher":"https:\/\/www.facebook.com\/universidaddelalaguna\/","article_published_time":"2024-06-21T12:38:45+00:00","og_image":[{"width":1200,"height":800,"url":"https:\/\/www.ull.es\/portal\/noticias\/wp-content\/uploads\/sites\/13\/2024\/06\/convenio-clinica-parque-002.jpg","type":"image\/jpeg"}],"author":"gaprsa","twitter_card":"summary_large_image","twitter_creator":"@CanalULL","twitter_site":"@CanalULL","twitter_misc":{"Escrito por":"gaprsa","Tiempo de lectura":"2 minutos"},"schema":{"@context":"https:\/\/schema.org","@graph":[{"@type":"WebPage","@id":"https:\/\/www.ull.es\/portal\/noticias\/2024\/la-universidad-de-la-laguna-y-hospital-parque-renuevan-su-colaboracion-en-medicina-deportiva\/","url":"https:\/\/www.ull.es\/portal\/noticias\/2024\/la-universidad-de-la-laguna-y-hospital-parque-renuevan-su-colaboracion-en-medicina-deportiva\/","name":"La Universidad de La Laguna y Hospital Parque renuevan su colaboraci\u00f3n en medicina deportiva - ULL - Noticias","isPartOf":{"@id":"https:\/\/www.ull.es\/portal\/noticias\/#website"},"datePublished":"2024-06-21T12:38:45+00:00","dateModified":"2024-06-21T12:38:45+00:00","author":{"@id":"https:\/\/www.ull.es\/portal\/noticias\/#\/schema\/person\/b2b1a89d43ffa609e591f7df8ef3e817"},"breadcrumb":{"@id":"https:\/\/www.ull.es\/portal\/noticias\/2024\/la-universidad-de-la-laguna-y-hospital-parque-renuevan-su-colaboracion-en-medicina-deportiva\/#breadcrumb"},"inLanguage":"es","potentialAction":[{"@type":"ReadAction","target":["https:\/\/www.ull.es\/portal\/noticias\/2024\/la-universidad-de-la-laguna-y-hospital-parque-renuevan-su-colaboracion-en-medicina-deportiva\/"]}]},{"@type":"BreadcrumbList","@id":"https:\/\/www.ull.es\/portal\/noticias\/2024\/la-universidad-de-la-laguna-y-hospital-parque-renuevan-su-colaboracion-en-medicina-deportiva\/#breadcrumb","itemListElement":[{"@type":"ListItem","position":1,"name":"Portada","item":"https:\/\/www.ull.es\/portal\/noticias\/"},{"@type":"ListItem","position":2,"name":"La Universidad de La Laguna y Hospital Parque renuevan su colaboraci\u00f3n en medicina deportiva"}]},{"@type":"WebSite","@id":"https:\/\/www.ull.es\/portal\/noticias\/#website","url":"https:\/\/www.ull.es\/portal\/noticias\/","name":"ULL - Noticias","description":"","potentialAction":[{"@type":"SearchAction","target":{"@type":"EntryPoint","urlTemplate":"https:\/\/www.ull.es\/portal\/noticias\/?s={search_term_string}"},"query-input":"required name=search_term_string"}],"inLanguage":"es"},{"@type":"Person","@id":"https:\/\/www.ull.es\/portal\/noticias\/#\/schema\/person\/b2b1a89d43ffa609e591f7df8ef3e817","name":"gaprsa","image":{"@type":"ImageObject","inLanguage":"es","@id":"https:\/\/www.ull.es\/portal\/noticias\/#\/schema\/person\/image\/","url":"https:\/\/secure.gravatar.com\/avatar\/443820550921091458b4823867723b3d?s=96&d=mm&r=g","contentUrl":"https:\/\/secure.gravatar.com\/avatar\/443820550921091458b4823867723b3d?s=96&d=mm&r=g","caption":"gaprsa"},"url":"https:\/\/www.ull.es\/portal\/noticias\/author\/gaprsa\/"}]}},"primary_category":null,"featured_image_thumbnail_url":"https:\/\/www.ull.es\/portal\/noticias\/wp-content\/uploads\/sites\/13\/2024\/06\/convenio-clinica-parque-002-300x200.jpg","_links":{"self":[{"href":"https:\/\/www.ull.es\/portal\/noticias\/wp-json\/wp\/v2\/posts\/76295"}],"collection":[{"href":"https:\/\/www.ull.es\/portal\/noticias\/wp-json\/wp\/v2\/posts"}],"about":[{"href":"https:\/\/www.ull.es\/portal\/noticias\/wp-json\/wp\/v2\/types\/post"}],"author":[{"embeddable":true,"href":"https:\/\/www.ull.es\/portal\/noticias\/wp-json\/wp\/v2\/users\/23"}],"replies":[{"embeddable":true,"href":"https:\/\/www.ull.es\/portal\/noticias\/wp-json\/wp\/v2\/comments?post=76295"}],"version-history":[{"count":2,"href":"https:\/\/www.ull.es\/portal\/noticias\/wp-json\/wp\/v2\/posts\/76295\/revisions"}],"predecessor-version":[{"id":76299,"href":"https:\/\/www.ull.es\/portal\/noticias\/wp-json\/wp\/v2\/posts\/76295\/revisions\/76299"}],"wp:featuredmedia":[{"embeddable":true,"href":"https:\/\/www.ull.es\/portal\/noticias\/wp-json\/wp\/v2\/media\/76298"}],"wp:attachment":[{"href":"https:\/\/www.ull.es\/portal\/noticias\/wp-json\/wp\/v2\/media?parent=76295"}],"wp:term":[{"taxonomy":"category","embeddable":true,"href":"https:\/\/www.ull.es\/portal\/noticias\/wp-json\/wp\/v2\/categories?post=76295"},{"taxonomy":"post_tag","embeddable":true,"href":"https:\/\/www.ull.es\/portal\/noticias\/wp-json\/wp\/v2\/tags?post=76295"}],"curies":[{"name":"wp","href":"https:\/\/api.w.org\/{rel}","templated":true}]}}