{"id":76345,"date":"2024-06-26T13:54:04","date_gmt":"2024-06-26T13:54:04","guid":{"rendered":"https:\/\/www.ull.es\/portal\/noticias\/?p=76345"},"modified":"2024-06-26T13:54:04","modified_gmt":"2024-06-26T13:54:04","slug":"xliii-jornadas-economia-salud-abordan-sostenibilidad-equidad-sistemas-sanitarios","status":"publish","type":"post","link":"https:\/\/www.ull.es\/portal\/noticias\/2024\/xliii-jornadas-economia-salud-abordan-sostenibilidad-equidad-sistemas-sanitarios\/","title":{"rendered":"Las XLIII Jornadas de Econom\u00eda de la Salud abordan en la ULL la sostenibilidad y equidad de los sistemas sanitarios"},"content":{"rendered":"<p>La gesti\u00f3n econ\u00f3mica de los sistemas sanitarios es un reto que la las instituciones contempor\u00e1neas afrontan tratando de equilibrar, por un lado, la propia sostenibilidad de un sistema con recursos finitos y, por otra, garantizar la equidad en el acceso a los servicios para toda la poblaci\u00f3n, independiente de su perfil socioecon\u00f3mico. Estos son las premisas de las que parten las <a href=\"https:\/\/www.ull.es\/portal\/agenda\/evento\/xliii-jornadas-de-economia-de-la-salud\/\" target=\"_blank\" rel=\"noopener\" target=\"_blank\" rel=\"noopener\">Jornadas de Econom\u00eda de la Salud<\/a> que han sido inauguradas hoy, mi\u00e9rcoles 26 de junio y han sido organizadas por primera vez en sus cuarenta y tres ediciones por la Universidad de La Laguna.<\/p>\n<p>En el acto inaugural celebrado en la Facultad de Econom\u00eda, Empresa y Turismo estuvieron presentes el rector de la Universidad de La Laguna, Francisco Garc\u00eda; la consejera de Sanidad del Gobierno de Canarias, Esther Monz\u00f3n; el consejero delegado de Educaci\u00f3n para la Prevenci\u00f3n del Cabildo Insular de Tenerife, Juan Manuel Acosta; la presidenta de la Asociaci\u00f3n de Econom\u00eda de la Salud, Anna Garc\u00eda-Alt\u00e9s; el presidente del comit\u00e9 cient\u00edfico de la jornada, el profesor de la Universidad de Las Palmas de Gran Canaria Miguel \u00c1ngel Negr\u00edn; y el presidente del comit\u00e9 organizador, el profesor de la Universidad de La Laguna Ignacio Ab\u00e1solo.<\/p>\n<div id=\"attachment_76347\" style=\"width: 310px\" class=\"wp-caption alignleft\"><a href=\"https:\/\/www.ull.es\/portal\/noticias\/wp-content\/uploads\/sites\/13\/2024\/06\/Cong-Economia-Salud-18.jpg\" target=\"_blank\" rel=\"noopener\" target=\"_blank\" rel=\"noopener\"><img aria-describedby=\"caption-attachment-76347\" decoding=\"async\" loading=\"lazy\" class=\"wp-image-76347 size-medium\" src=\"https:\/\/www.ull.es\/portal\/noticias\/wp-content\/uploads\/sites\/13\/2024\/06\/Cong-Economia-Salud-18-300x200.jpg\" alt=\"El rector de la ULL, Francisco Garc\u00eda.\" width=\"300\" height=\"200\" srcset=\"https:\/\/www.ull.es\/portal\/noticias\/wp-content\/uploads\/sites\/13\/2024\/06\/Cong-Economia-Salud-18-300x200.jpg 300w, https:\/\/www.ull.es\/portal\/noticias\/wp-content\/uploads\/sites\/13\/2024\/06\/Cong-Economia-Salud-18-1024x682.jpg 1024w, https:\/\/www.ull.es\/portal\/noticias\/wp-content\/uploads\/sites\/13\/2024\/06\/Cong-Economia-Salud-18-768x512.jpg 768w, https:\/\/www.ull.es\/portal\/noticias\/wp-content\/uploads\/sites\/13\/2024\/06\/Cong-Economia-Salud-18-375x250.jpg 375w, https:\/\/www.ull.es\/portal\/noticias\/wp-content\/uploads\/sites\/13\/2024\/06\/Cong-Economia-Salud-18-750x500.jpg 750w, https:\/\/www.ull.es\/portal\/noticias\/wp-content\/uploads\/sites\/13\/2024\/06\/Cong-Economia-Salud-18.jpg 1100w\" sizes=\"(max-width: 300px) 100vw, 300px\" \/><\/a><p id=\"caption-attachment-76347\" class=\"wp-caption-text\">El rector de la ULL, Francisco Garc\u00eda.<\/p><\/div>\n<p>Tras dar la bienvenida a las personas asistentes a las jornadas, el rector reivindic\u00f3 la aportaci\u00f3n que para la sociedad supone que la instituci\u00f3n organice y acoja este tipo de reuniones cient\u00edficas. Para ello se refiri\u00f3 <a href=\"https:\/\/www.ull.es\/portal\/noticias\/2023\/ull-genera-385-euros-por-cada-uno-invierte\/\" target=\"_blank\" rel=\"noopener\" target=\"_blank\" rel=\"noopener\">al informe<\/a> sobre el impacto socioecon\u00f3mico de la instituci\u00f3n elaborado por el profesor Juan Jos\u00e9 D\u00edaz seg\u00fan el cual, por cada euro invertido en \u00e9l, el centro tinerfe\u00f1o devuelve cuatro al PIB regional entre efectos directos e indirectos, y eso incluye el retorno generado por reuniones como las inauguradas hoy.<\/p>\n<p>Centrado en el \u00e1mbito sanitario, Garc\u00eda record\u00f3 que, al igual que lo sucedido en el \u00e1mbito educativo, es necesario administrar con eficiencia los recursos siempre con cuidado para garantizar el acceso a los servicios a toda la poblaci\u00f3n de manera equitativa. \u201cTambi\u00e9n se da esa dicotom\u00eda entre lo p\u00fablico y lo privado, que son compatibles, pero hay que poner el debate sobre la mesa, enmarcarlo y definir las reglas de juego\u201d. Enfatiz\u00f3 la importancia de los recursos humanos y, en ese sentido, explic\u00f3 que la universidad y Sanidad trabajan conjuntamente en una comisi\u00f3n mixta sobre la formaci\u00f3n de los profesionales de la salud.<\/p>\n<div id=\"attachment_76348\" style=\"width: 310px\" class=\"wp-caption alignright\"><a href=\"https:\/\/www.ull.es\/portal\/noticias\/wp-content\/uploads\/sites\/13\/2024\/06\/Cong-Economia-Salud-12.jpg\" target=\"_blank\" rel=\"noopener\" target=\"_blank\" rel=\"noopener\"><img aria-describedby=\"caption-attachment-76348\" decoding=\"async\" loading=\"lazy\" class=\"wp-image-76348 size-medium\" src=\"https:\/\/www.ull.es\/portal\/noticias\/wp-content\/uploads\/sites\/13\/2024\/06\/Cong-Economia-Salud-12-300x200.jpg\" alt=\"la consejera de Sanidad del Gobierno de Canarias, Esther Monz\u00f3n.\" width=\"300\" height=\"200\" srcset=\"https:\/\/www.ull.es\/portal\/noticias\/wp-content\/uploads\/sites\/13\/2024\/06\/Cong-Economia-Salud-12-300x200.jpg 300w, https:\/\/www.ull.es\/portal\/noticias\/wp-content\/uploads\/sites\/13\/2024\/06\/Cong-Economia-Salud-12-1024x682.jpg 1024w, https:\/\/www.ull.es\/portal\/noticias\/wp-content\/uploads\/sites\/13\/2024\/06\/Cong-Economia-Salud-12-768x512.jpg 768w, https:\/\/www.ull.es\/portal\/noticias\/wp-content\/uploads\/sites\/13\/2024\/06\/Cong-Economia-Salud-12-375x250.jpg 375w, https:\/\/www.ull.es\/portal\/noticias\/wp-content\/uploads\/sites\/13\/2024\/06\/Cong-Economia-Salud-12-750x500.jpg 750w, https:\/\/www.ull.es\/portal\/noticias\/wp-content\/uploads\/sites\/13\/2024\/06\/Cong-Economia-Salud-12.jpg 1100w\" sizes=\"(max-width: 300px) 100vw, 300px\" \/><\/a><p id=\"caption-attachment-76348\" class=\"wp-caption-text\">la consejera de Sanidad del Gobierno de Canarias, Esther Monz\u00f3n.<\/p><\/div>\n<p>La consejera de Sanidad del Gobierno de Canarias explic\u00f3 que el sistema de salud se enfrenta a los retos asociados al envejecimiento y aumento de la longevidad de la poblaci\u00f3n, como la cronificaci\u00f3n de dolencias y la dependencia. En ese contexto, la econom\u00eda de la salud es una herramienta esencial para analizar el uso de los recursos con la vista puesta en su equidad y sostenibilidad. Por ello, se ha puesto en marcha la <a href=\"https:\/\/www3.gobiernodecanarias.org\/noticias\/tag\/estrategia-de-humanizacion\/\" target=\"_blank\" rel=\"noopener\" target=\"_blank\" rel=\"noopener\">Estrategia de Humanizaci\u00f3n<\/a>, en colaboraci\u00f3n con la Consejer\u00eda de Bienestar Social, mediante la cual se pretende cambiar el modelo de atenci\u00f3n al paciente promoviendo la desinstitucionalizaci\u00f3n y la atenci\u00f3n domiciliaria, para lo cual es necesario contar con una oferta formativa de profesionales adaptada a esos fines y una mejora en la tecnolog\u00eda. \u201cDebemos asumir el desaf\u00edo de buscar soluciones innovadoras y costoefectivas para que las personas reciban la atenci\u00f3n que necesitan\u201d.<\/p>\n<div id=\"attachment_76349\" style=\"width: 310px\" class=\"wp-caption alignleft\"><a href=\"https:\/\/www.ull.es\/portal\/noticias\/wp-content\/uploads\/sites\/13\/2024\/06\/Cong-Economia-Salud-10.jpg\" target=\"_blank\" rel=\"noopener\" target=\"_blank\" rel=\"noopener\"><img aria-describedby=\"caption-attachment-76349\" decoding=\"async\" loading=\"lazy\" class=\"wp-image-76349 size-medium\" src=\"https:\/\/www.ull.es\/portal\/noticias\/wp-content\/uploads\/sites\/13\/2024\/06\/Cong-Economia-Salud-10-300x200.jpg\" alt=\"El consejero delegado de Educaci\u00f3n para la Prevenci\u00f3n del Cabildo, Juan Manuel Acosta.\" width=\"300\" height=\"200\" srcset=\"https:\/\/www.ull.es\/portal\/noticias\/wp-content\/uploads\/sites\/13\/2024\/06\/Cong-Economia-Salud-10-300x200.jpg 300w, https:\/\/www.ull.es\/portal\/noticias\/wp-content\/uploads\/sites\/13\/2024\/06\/Cong-Economia-Salud-10-1024x682.jpg 1024w, https:\/\/www.ull.es\/portal\/noticias\/wp-content\/uploads\/sites\/13\/2024\/06\/Cong-Economia-Salud-10-768x512.jpg 768w, https:\/\/www.ull.es\/portal\/noticias\/wp-content\/uploads\/sites\/13\/2024\/06\/Cong-Economia-Salud-10-375x250.jpg 375w, https:\/\/www.ull.es\/portal\/noticias\/wp-content\/uploads\/sites\/13\/2024\/06\/Cong-Economia-Salud-10-750x500.jpg 750w, https:\/\/www.ull.es\/portal\/noticias\/wp-content\/uploads\/sites\/13\/2024\/06\/Cong-Economia-Salud-10.jpg 1100w\" sizes=\"(max-width: 300px) 100vw, 300px\" \/><\/a><p id=\"caption-attachment-76349\" class=\"wp-caption-text\">El consejero delegado de Educaci\u00f3n para la Prevenci\u00f3n del Cabildo, Juan Manuel Acosta.<\/p><\/div>\n<p>El consejero delegado de Educaci\u00f3n para la Prevenci\u00f3n del Cabildo Insular de Tenerife, tambi\u00e9n incidi\u00f3 en la importancia de la econom\u00eda de la salud para una gesti\u00f3n adecuada de los recursos disponibles, y resalt\u00f3 la importancia que han tenido las pol\u00edticas p\u00fablicas de salud en crisis como la pandemia de Covid-19. Explic\u00f3 que su consejer\u00eda es novedosa al centrarse en la prevenci\u00f3n, la cual puede considerarse una medida de ahorro sanitario al fomentar h\u00e1bitos que reducen la enfermedad y, por tanto, el costo de su tratamiento. Tambi\u00e9n se centran en problem\u00e1ticas como la salud mental, las adicciones y las enfermedades de transmisi\u00f3n sexual, siempre con ese enfoque pr\u00e1ctico de la salud.<\/p>\n<p>Por su parte, las intervenciones de la presidenta de la Asociaci\u00f3n de Econom\u00eda de la Salud y de los presidentes de los comit\u00e9s cient\u00edfico y organizador se centraron en aspectos m\u00e1s relacionados con la intendencia del encuentro, el contenido del programa y el agradecimiento a las empresas e instituciones patrocinadoras que han hecho posible las jornadas.<\/p>\n<p>La primera ponencia de las jornadas fue la de Cristina Herrero, presidenta de la Autoridad Independiente de Responsabilidad Fiscal (<a href=\"https:\/\/www.airef.es\/es\/\" target=\"_blank\" rel=\"noopener\" target=\"_blank\" rel=\"noopener\">AIReF<\/a>), centrada en la relevancia de la evaluaci\u00f3n en el gasto financiero y las finanzas p\u00fablicas. Gran parte de la intervenci\u00f3n se centro en presentar este \u00f3rgano que existe en Espa\u00f1a desde 2013, promovido por la Uni\u00f3n Europea en todos los estados miembros como consecuencia de la crisis financiera de 2008, cuyo objetivo es velar por el cumplimento de los l\u00edmites previstos de deuda y d\u00e9ficit de todos los estados que comparten una moneda com\u00fan.<\/p>\n<div id=\"attachment_76350\" style=\"width: 310px\" class=\"wp-caption alignright\"><a href=\"https:\/\/www.ull.es\/portal\/noticias\/wp-content\/uploads\/sites\/13\/2024\/06\/Cong-Economia-Salud-29.jpg\" target=\"_blank\" rel=\"noopener\" target=\"_blank\" rel=\"noopener\"><img aria-describedby=\"caption-attachment-76350\" decoding=\"async\" loading=\"lazy\" class=\"wp-image-76350 size-medium\" src=\"https:\/\/www.ull.es\/portal\/noticias\/wp-content\/uploads\/sites\/13\/2024\/06\/Cong-Economia-Salud-29-300x200.jpg\" alt=\"Cristina Herrero, presidenta de la AIReF.\" width=\"300\" height=\"200\" srcset=\"https:\/\/www.ull.es\/portal\/noticias\/wp-content\/uploads\/sites\/13\/2024\/06\/Cong-Economia-Salud-29-300x200.jpg 300w, https:\/\/www.ull.es\/portal\/noticias\/wp-content\/uploads\/sites\/13\/2024\/06\/Cong-Economia-Salud-29-1024x682.jpg 1024w, https:\/\/www.ull.es\/portal\/noticias\/wp-content\/uploads\/sites\/13\/2024\/06\/Cong-Economia-Salud-29-768x512.jpg 768w, https:\/\/www.ull.es\/portal\/noticias\/wp-content\/uploads\/sites\/13\/2024\/06\/Cong-Economia-Salud-29-375x250.jpg 375w, https:\/\/www.ull.es\/portal\/noticias\/wp-content\/uploads\/sites\/13\/2024\/06\/Cong-Economia-Salud-29-750x500.jpg 750w, https:\/\/www.ull.es\/portal\/noticias\/wp-content\/uploads\/sites\/13\/2024\/06\/Cong-Economia-Salud-29.jpg 1100w\" sizes=\"(max-width: 300px) 100vw, 300px\" \/><\/a><p id=\"caption-attachment-76350\" class=\"wp-caption-text\">Cristina Herrero, presidenta de la AIReF.<\/p><\/div>\n<p>Para garantizar su independencia, est\u00e1 financiado al margen de los Presupuestos Generales del Estado mediante una tasa que abona todas las administraciones p\u00fablicas espa\u00f1olas, con la excepci\u00f3n de ayuntamientos muy peque\u00f1os. Adem\u00e1s, est\u00e1 regido por una ley org\u00e1nica, lo cual le otorga potestad para actuar sobre todas las administraciones y, de ese modo, disipa cualquier duda que a veces surge sobre su legitimidad.<\/p>\n<p>Se trata, pues, de una entidad nacida con vocaci\u00f3n de supervisi\u00f3n fiscal que supervisa las pol\u00edticas macroecon\u00f3micas para controlar que no existan riesgos para las finanzas p\u00fablicas y que, obviamente, tambi\u00e9n ha realizado evaluaciones sobre cuestiones relacionadas con el \u00e1mbito sanitario a petici\u00f3n de organismos estatales y tambi\u00e9n auton\u00f3micos, en materias como recursos humanos, contrataci\u00f3n p\u00fablica, farmacia hospitalaria y medicamentos con receta.<\/p>\n","protected":false},"excerpt":{"rendered":"<p>La gesti\u00f3n econ\u00f3mica de los sistemas sanitarios es un reto que la las instituciones contempor\u00e1neas afrontan tratando de equilibrar, por&#8230;<\/p>\n","protected":false},"author":21,"featured_media":76346,"comment_status":"closed","ping_status":"closed","sticky":false,"template":"","format":"standard","meta":{"inline_featured_image":false,"footnotes":""},"categories":[345,348,2765],"tags":[11006,10659,1468,2721,11007],"acf":[],"yoast_head":"<!-- This site is optimized with the Yoast SEO plugin v21.3 - https:\/\/yoast.com\/wordpress\/plugins\/seo\/ -->\n<title>Un foro aborda la sostenibilidad y equidad del sistema sanitario<\/title>\n<meta name=\"description\" content=\"La ULL acoge del 26 al 28 de junio las jornadas anuales de la Asociaci\u00f3n de Econom\u00eda de la Salud, con m\u00e1s de 300 personas inscritas.\" \/>\n<meta name=\"robots\" content=\"index, follow, max-snippet:-1, max-image-preview:large, max-video-preview:-1\" \/>\n<link rel=\"canonical\" href=\"https:\/\/www.ull.es\/portal\/noticias\/2024\/xliii-jornadas-economia-salud-abordan-sostenibilidad-equidad-sistemas-sanitarios\/\" \/>\n<meta property=\"og:locale\" content=\"es_ES\" \/>\n<meta property=\"og:type\" content=\"article\" \/>\n<meta property=\"og:title\" content=\"Un foro aborda la sostenibilidad y equidad del sistema sanitario\" \/>\n<meta property=\"og:description\" content=\"La ULL acoge del 26 al 28 de junio las jornadas anuales de la Asociaci\u00f3n de Econom\u00eda de la Salud, con m\u00e1s de 300 personas inscritas.\" \/>\n<meta property=\"og:url\" content=\"https:\/\/www.ull.es\/portal\/noticias\/2024\/xliii-jornadas-economia-salud-abordan-sostenibilidad-equidad-sistemas-sanitarios\/\" \/>\n<meta property=\"og:site_name\" content=\"ULL - Noticias\" \/>\n<meta property=\"article:publisher\" content=\"https:\/\/www.facebook.com\/universidaddelalaguna\/\" \/>\n<meta property=\"article:published_time\" content=\"2024-06-26T13:54:04+00:00\" \/>\n<meta property=\"og:image\" content=\"https:\/\/www.ull.es\/portal\/noticias\/wp-content\/uploads\/sites\/13\/2024\/06\/Cong-Economia-Salud-24.jpg\" \/>\n\t<meta property=\"og:image:width\" content=\"1100\" \/>\n\t<meta property=\"og:image:height\" content=\"735\" \/>\n\t<meta property=\"og:image:type\" content=\"image\/jpeg\" \/>\n<meta name=\"author\" content=\"prensa2\" \/>\n<meta name=\"twitter:card\" content=\"summary_large_image\" \/>\n<meta name=\"twitter:creator\" content=\"@CanalULL\" \/>\n<meta name=\"twitter:site\" content=\"@CanalULL\" \/>\n<meta name=\"twitter:label1\" content=\"Escrito por\" \/>\n\t<meta name=\"twitter:data1\" content=\"prensa2\" \/>\n\t<meta name=\"twitter:label2\" content=\"Tiempo de lectura\" \/>\n\t<meta name=\"twitter:data2\" content=\"6 minutos\" \/>\n<script type=\"application\/ld+json\" class=\"yoast-schema-graph\">{\"@context\":\"https:\/\/schema.org\",\"@graph\":[{\"@type\":\"WebPage\",\"@id\":\"https:\/\/www.ull.es\/portal\/noticias\/2024\/xliii-jornadas-economia-salud-abordan-sostenibilidad-equidad-sistemas-sanitarios\/\",\"url\":\"https:\/\/www.ull.es\/portal\/noticias\/2024\/xliii-jornadas-economia-salud-abordan-sostenibilidad-equidad-sistemas-sanitarios\/\",\"name\":\"Un foro aborda la sostenibilidad y equidad del sistema sanitario\",\"isPartOf\":{\"@id\":\"https:\/\/www.ull.es\/portal\/noticias\/#website\"},\"datePublished\":\"2024-06-26T13:54:04+00:00\",\"dateModified\":\"2024-06-26T13:54:04+00:00\",\"author\":{\"@id\":\"https:\/\/www.ull.es\/portal\/noticias\/#\/schema\/person\/c3b2aa857797592927a03740d6664376\"},\"description\":\"La ULL acoge del 26 al 28 de junio las jornadas anuales de la Asociaci\u00f3n de Econom\u00eda de la Salud, con m\u00e1s de 300 personas inscritas.\",\"breadcrumb\":{\"@id\":\"https:\/\/www.ull.es\/portal\/noticias\/2024\/xliii-jornadas-economia-salud-abordan-sostenibilidad-equidad-sistemas-sanitarios\/#breadcrumb\"},\"inLanguage\":\"es\",\"potentialAction\":[{\"@type\":\"ReadAction\",\"target\":[\"https:\/\/www.ull.es\/portal\/noticias\/2024\/xliii-jornadas-economia-salud-abordan-sostenibilidad-equidad-sistemas-sanitarios\/\"]}]},{\"@type\":\"BreadcrumbList\",\"@id\":\"https:\/\/www.ull.es\/portal\/noticias\/2024\/xliii-jornadas-economia-salud-abordan-sostenibilidad-equidad-sistemas-sanitarios\/#breadcrumb\",\"itemListElement\":[{\"@type\":\"ListItem\",\"position\":1,\"name\":\"Portada\",\"item\":\"https:\/\/www.ull.es\/portal\/noticias\/\"},{\"@type\":\"ListItem\",\"position\":2,\"name\":\"Las XLIII Jornadas de Econom\u00eda de la Salud abordan en la ULL la sostenibilidad y equidad de los sistemas sanitarios\"}]},{\"@type\":\"WebSite\",\"@id\":\"https:\/\/www.ull.es\/portal\/noticias\/#website\",\"url\":\"https:\/\/www.ull.es\/portal\/noticias\/\",\"name\":\"ULL - Noticias\",\"description\":\"\",\"potentialAction\":[{\"@type\":\"SearchAction\",\"target\":{\"@type\":\"EntryPoint\",\"urlTemplate\":\"https:\/\/www.ull.es\/portal\/noticias\/?s={search_term_string}\"},\"query-input\":\"required name=search_term_string\"}],\"inLanguage\":\"es\"},{\"@type\":\"Person\",\"@id\":\"https:\/\/www.ull.es\/portal\/noticias\/#\/schema\/person\/c3b2aa857797592927a03740d6664376\",\"name\":\"prensa2\",\"image\":{\"@type\":\"ImageObject\",\"inLanguage\":\"es\",\"@id\":\"https:\/\/www.ull.es\/portal\/noticias\/#\/schema\/person\/image\/\",\"url\":\"https:\/\/secure.gravatar.com\/avatar\/b58f310a5de5feb33d1e026d2493f23c?s=96&d=mm&r=g\",\"contentUrl\":\"https:\/\/secure.gravatar.com\/avatar\/b58f310a5de5feb33d1e026d2493f23c?s=96&d=mm&r=g\",\"caption\":\"prensa2\"},\"url\":\"https:\/\/www.ull.es\/portal\/noticias\/author\/prensa2\/\"}]}<\/script>\n<!-- \/ Yoast SEO plugin. -->","yoast_head_json":{"title":"Un foro aborda la sostenibilidad y equidad del sistema sanitario","description":"La ULL acoge del 26 al 28 de junio las jornadas anuales de la Asociaci\u00f3n de Econom\u00eda de la Salud, con m\u00e1s de 300 personas inscritas.","robots":{"index":"index","follow":"follow","max-snippet":"max-snippet:-1","max-image-preview":"max-image-preview:large","max-video-preview":"max-video-preview:-1"},"canonical":"https:\/\/www.ull.es\/portal\/noticias\/2024\/xliii-jornadas-economia-salud-abordan-sostenibilidad-equidad-sistemas-sanitarios\/","og_locale":"es_ES","og_type":"article","og_title":"Un foro aborda la sostenibilidad y equidad del sistema sanitario","og_description":"La ULL acoge del 26 al 28 de junio las jornadas anuales de la Asociaci\u00f3n de Econom\u00eda de la Salud, con m\u00e1s de 300 personas inscritas.","og_url":"https:\/\/www.ull.es\/portal\/noticias\/2024\/xliii-jornadas-economia-salud-abordan-sostenibilidad-equidad-sistemas-sanitarios\/","og_site_name":"ULL - Noticias","article_publisher":"https:\/\/www.facebook.com\/universidaddelalaguna\/","article_published_time":"2024-06-26T13:54:04+00:00","og_image":[{"width":1100,"height":735,"url":"https:\/\/www.ull.es\/portal\/noticias\/wp-content\/uploads\/sites\/13\/2024\/06\/Cong-Economia-Salud-24.jpg","type":"image\/jpeg"}],"author":"prensa2","twitter_card":"summary_large_image","twitter_creator":"@CanalULL","twitter_site":"@CanalULL","twitter_misc":{"Escrito por":"prensa2","Tiempo de lectura":"6 minutos"},"schema":{"@context":"https:\/\/schema.org","@graph":[{"@type":"WebPage","@id":"https:\/\/www.ull.es\/portal\/noticias\/2024\/xliii-jornadas-economia-salud-abordan-sostenibilidad-equidad-sistemas-sanitarios\/","url":"https:\/\/www.ull.es\/portal\/noticias\/2024\/xliii-jornadas-economia-salud-abordan-sostenibilidad-equidad-sistemas-sanitarios\/","name":"Un foro aborda la sostenibilidad y equidad del sistema sanitario","isPartOf":{"@id":"https:\/\/www.ull.es\/portal\/noticias\/#website"},"datePublished":"2024-06-26T13:54:04+00:00","dateModified":"2024-06-26T13:54:04+00:00","author":{"@id":"https:\/\/www.ull.es\/portal\/noticias\/#\/schema\/person\/c3b2aa857797592927a03740d6664376"},"description":"La ULL acoge del 26 al 28 de junio las jornadas anuales de la Asociaci\u00f3n de Econom\u00eda de la Salud, con m\u00e1s de 300 personas inscritas.","breadcrumb":{"@id":"https:\/\/www.ull.es\/portal\/noticias\/2024\/xliii-jornadas-economia-salud-abordan-sostenibilidad-equidad-sistemas-sanitarios\/#breadcrumb"},"inLanguage":"es","potentialAction":[{"@type":"ReadAction","target":["https:\/\/www.ull.es\/portal\/noticias\/2024\/xliii-jornadas-economia-salud-abordan-sostenibilidad-equidad-sistemas-sanitarios\/"]}]},{"@type":"BreadcrumbList","@id":"https:\/\/www.ull.es\/portal\/noticias\/2024\/xliii-jornadas-economia-salud-abordan-sostenibilidad-equidad-sistemas-sanitarios\/#breadcrumb","itemListElement":[{"@type":"ListItem","position":1,"name":"Portada","item":"https:\/\/www.ull.es\/portal\/noticias\/"},{"@type":"ListItem","position":2,"name":"Las XLIII Jornadas de Econom\u00eda de la Salud abordan en la ULL la sostenibilidad y equidad de los sistemas sanitarios"}]},{"@type":"WebSite","@id":"https:\/\/www.ull.es\/portal\/noticias\/#website","url":"https:\/\/www.ull.es\/portal\/noticias\/","name":"ULL - Noticias","description":"","potentialAction":[{"@type":"SearchAction","target":{"@type":"EntryPoint","urlTemplate":"https:\/\/www.ull.es\/portal\/noticias\/?s={search_term_string}"},"query-input":"required name=search_term_string"}],"inLanguage":"es"},{"@type":"Person","@id":"https:\/\/www.ull.es\/portal\/noticias\/#\/schema\/person\/c3b2aa857797592927a03740d6664376","name":"prensa2","image":{"@type":"ImageObject","inLanguage":"es","@id":"https:\/\/www.ull.es\/portal\/noticias\/#\/schema\/person\/image\/","url":"https:\/\/secure.gravatar.com\/avatar\/b58f310a5de5feb33d1e026d2493f23c?s=96&d=mm&r=g","contentUrl":"https:\/\/secure.gravatar.com\/avatar\/b58f310a5de5feb33d1e026d2493f23c?s=96&d=mm&r=g","caption":"prensa2"},"url":"https:\/\/www.ull.es\/portal\/noticias\/author\/prensa2\/"}]}},"primary_category":{"id":345,"name":"Destacado","slug":"destacado","link":"https:\/\/www.ull.es\/portal\/noticias\/category\/destacado\/"},"featured_image_thumbnail_url":"https:\/\/www.ull.es\/portal\/noticias\/wp-content\/uploads\/sites\/13\/2024\/06\/Cong-Economia-Salud-24-300x200.jpg","_links":{"self":[{"href":"https:\/\/www.ull.es\/portal\/noticias\/wp-json\/wp\/v2\/posts\/76345"}],"collection":[{"href":"https:\/\/www.ull.es\/portal\/noticias\/wp-json\/wp\/v2\/posts"}],"about":[{"href":"https:\/\/www.ull.es\/portal\/noticias\/wp-json\/wp\/v2\/types\/post"}],"author":[{"embeddable":true,"href":"https:\/\/www.ull.es\/portal\/noticias\/wp-json\/wp\/v2\/users\/21"}],"replies":[{"embeddable":true,"href":"https:\/\/www.ull.es\/portal\/noticias\/wp-json\/wp\/v2\/comments?post=76345"}],"version-history":[{"count":1,"href":"https:\/\/www.ull.es\/portal\/noticias\/wp-json\/wp\/v2\/posts\/76345\/revisions"}],"predecessor-version":[{"id":76351,"href":"https:\/\/www.ull.es\/portal\/noticias\/wp-json\/wp\/v2\/posts\/76345\/revisions\/76351"}],"wp:featuredmedia":[{"embeddable":true,"href":"https:\/\/www.ull.es\/portal\/noticias\/wp-json\/wp\/v2\/media\/76346"}],"wp:attachment":[{"href":"https:\/\/www.ull.es\/portal\/noticias\/wp-json\/wp\/v2\/media?parent=76345"}],"wp:term":[{"taxonomy":"category","embeddable":true,"href":"https:\/\/www.ull.es\/portal\/noticias\/wp-json\/wp\/v2\/categories?post=76345"},{"taxonomy":"post_tag","embeddable":true,"href":"https:\/\/www.ull.es\/portal\/noticias\/wp-json\/wp\/v2\/tags?post=76345"}],"curies":[{"name":"wp","href":"https:\/\/api.w.org\/{rel}","templated":true}]}}