{"id":76355,"date":"2024-06-27T09:26:24","date_gmt":"2024-06-27T09:26:24","guid":{"rendered":"https:\/\/www.ull.es\/portal\/noticias\/?p=76355"},"modified":"2024-06-27T09:26:24","modified_gmt":"2024-06-27T09:26:24","slug":"ull-avanza-creacion-comunidad-energetica-proyecto-satcomm","status":"publish","type":"post","link":"https:\/\/www.ull.es\/portal\/noticias\/2024\/ull-avanza-creacion-comunidad-energetica-proyecto-satcomm\/","title":{"rendered":"La ULL avanza hacia la creaci\u00f3n de su comunidad energ\u00e9tica dentro del proyecto europeo SAtComm"},"content":{"rendered":"<p>La Universidad de La Laguna ha participado en la segunda reuni\u00f3n presencial del proyecto europeo Comunidades Atl\u00e1nticas Sostenibles (<em>Suistainable Atlantic Communities<\/em>, SAtComm), celebrada a principios de junio en Portugal, m\u00e1s concretamente en el Instituto de Ciencias Sociales (ICS) de Lisboa. Este encuentro reuni\u00f3 a todos los socios del proyecto para revisar los avances alcanzados en los primeros seis meses y planificar las pr\u00f3ximas fases de trabajo.<\/p>\n<p>El proyecto SAtComm, financiado por el programa Interreg de la zona atl\u00e1ntica, tiene como objetivo el desarrollo de comunidades energ\u00e9ticas sostenibles en Europa. En esta segunda reuni\u00f3n se destac\u00f3 el progreso significativo en los paquetes de trabajo iniciales, especialmente en el 01 sobre Regulaci\u00f3n y Aspectos Sociales de las Comunidades Energ\u00e9ticas. El equipo est\u00e1 completando una revisi\u00f3n bibliogr\u00e1fica de los aspectos t\u00e9cnicos, regulatorios y sociales en las cuatro jurisdicciones participantes: Espa\u00f1a, Irlanda, Portugal y Francia. Adem\u00e1s, se avanz\u00f3 considerablemente en el dise\u00f1o de los cinco sitios piloto que formar\u00e1n parte de la implementaci\u00f3n del proyecto.<\/p>\n<p>La representaci\u00f3n de la Universidad de La Laguna estuvo encabezada por el profesor Jos\u00e9 Manuel Gonz\u00e1lez Cava, miembro del equipo de investigaci\u00f3n liderado por el catedr\u00e1tico Juan Albino M\u00e9ndez P\u00e9rez, coordinador del grupo de Ingenier\u00eda de Control y Sistemas Inteligentes. Este equipo tambi\u00e9n incluye a los investigadores Santiago Torres, Benjam\u00edn Gonz\u00e1lez, Alberto Hamilton e Iv\u00e1n Castilla.<\/p>\n<p><a href=\"https:\/\/www.ull.es\/portal\/noticias\/wp-content\/uploads\/sites\/13\/2024\/06\/reunion-satcomm-portugal-002.jpg\" target=\"_blank\" rel=\"noopener\" target=\"_blank\" rel=\"noopener\"><img decoding=\"async\" loading=\"lazy\" class=\"alignleft wp-image-76357 size-medium\" src=\"https:\/\/www.ull.es\/portal\/noticias\/wp-content\/uploads\/sites\/13\/2024\/06\/reunion-satcomm-portugal-002-300x225.jpg\" alt=\"\" width=\"300\" height=\"225\" srcset=\"https:\/\/www.ull.es\/portal\/noticias\/wp-content\/uploads\/sites\/13\/2024\/06\/reunion-satcomm-portugal-002-300x225.jpg 300w, https:\/\/www.ull.es\/portal\/noticias\/wp-content\/uploads\/sites\/13\/2024\/06\/reunion-satcomm-portugal-002-1024x768.jpg 1024w, https:\/\/www.ull.es\/portal\/noticias\/wp-content\/uploads\/sites\/13\/2024\/06\/reunion-satcomm-portugal-002-768x576.jpg 768w, https:\/\/www.ull.es\/portal\/noticias\/wp-content\/uploads\/sites\/13\/2024\/06\/reunion-satcomm-portugal-002-375x281.jpg 375w, https:\/\/www.ull.es\/portal\/noticias\/wp-content\/uploads\/sites\/13\/2024\/06\/reunion-satcomm-portugal-002-750x563.jpg 750w, https:\/\/www.ull.es\/portal\/noticias\/wp-content\/uploads\/sites\/13\/2024\/06\/reunion-satcomm-portugal-002-1140x855.jpg 1140w, https:\/\/www.ull.es\/portal\/noticias\/wp-content\/uploads\/sites\/13\/2024\/06\/reunion-satcomm-portugal-002-108x81.jpg 108w, https:\/\/www.ull.es\/portal\/noticias\/wp-content\/uploads\/sites\/13\/2024\/06\/reunion-satcomm-portugal-002.jpg 1200w\" sizes=\"(max-width: 300px) 100vw, 300px\" \/><\/a>La Universidad de La Laguna cuenta con una dotaci\u00f3n presupuestaria de 270.000 euros dentro del proyecto, y su contribuci\u00f3n se centra en la puesta en marcha de una prueba piloto de comunidad energ\u00e9tica en el propio campus universitario, que contar\u00e1 con un potencial de energ\u00eda fotovoltaica de alrededor de 1.5 megavatios. Adem\u00e1s, el equipo del centro tinerfe\u00f1o trabajar\u00e1 en el desarrollo e implementaci\u00f3n de diferentes algoritmos para el modelado y gesti\u00f3n de la comunidad energ\u00e9tica.<\/p>\n<p>El proyecto incluye la participaci\u00f3n de la empresa spin-off de la Universidad de La Laguna <a href=\"https:\/\/energyris.com\/\" target=\"_blank\" rel=\"noopener\" target=\"_blank\" rel=\"noopener\">EnergyRIS<\/a>, especializada en el sector energ\u00e9tico. Est\u00e1 liderada por el profesor Ricardo Guerrero y aportar\u00e1 su experiencia en la regulaci\u00f3n y la predicci\u00f3n a corto plazo de energ\u00eda, as\u00ed como en la implementaci\u00f3n pr\u00e1ctica de la comunidad energ\u00e9tica. Asimismo, el Vicerrectorado de Sostenibilidad e Infraestructuras colabora activamente en aspectos relacionados con la implementaci\u00f3n del piloto en la instituci\u00f3n acad\u00e9mica.<\/p>\n<p>Durante la reuni\u00f3n en Lisboa, sus participantes tuvieron la oportunidad de visitar la Comunidad de Energ\u00eda Renovable de Telheiras, un ejemplo pr\u00e1ctico de c\u00f3mo este tipo de organizaciones asociativas pueden gestionar y compartir energ\u00eda renovable de manera efectiva. Esta visita proporcion\u00f3 una visi\u00f3n valiosa de los desaf\u00edos y oportunidades asociados con la implementaci\u00f3n de comunidades energ\u00e9ticas.<\/p>\n<p>Sean Lyons, coordinador del proyecto del Instituto Walton (Irlanda), expres\u00f3 su satisfacci\u00f3n con los avances realizados: \u201cFue gratificante revisar el progreso de los paquetes de trabajo con el equipo en Lisboa y ver el entusiasmo de todos los socios por avanzar en los objetivos del proyecto. Los cimientos est\u00e1n en su lugar para las fases de desarrollo e implementaci\u00f3n exitosas que vendr\u00e1n\u201d.<\/p>\n<p>SAtComm continuar\u00e1 desarroll\u00e1ndose a lo largo de los pr\u00f3ximos tres a\u00f1os, con el objetivo de crear un modelo eficiente y sostenible de comunidades energ\u00e9ticas que contribuya a la transici\u00f3n hacia la energ\u00eda limpia en Europa.<\/p>\n","protected":false},"excerpt":{"rendered":"<p>La Universidad de La Laguna ha participado en la segunda reuni\u00f3n presencial del proyecto europeo Comunidades Atl\u00e1nticas Sostenibles (Suistainable Atlantic&#8230;<\/p>\n","protected":false},"author":21,"featured_media":76356,"comment_status":"closed","ping_status":"closed","sticky":false,"template":"","format":"standard","meta":{"inline_featured_image":false,"footnotes":""},"categories":[345,350,2765],"tags":[6591,9672,7681,3093,11010,4842,6549,7301,11009,11008],"acf":[],"yoast_head":"<!-- This site is optimized with the Yoast SEO plugin v21.3 - https:\/\/yoast.com\/wordpress\/plugins\/seo\/ -->\n<title>La ULL avanza hacia la creaci\u00f3n de su comunidad energ\u00e9tica<\/title>\n<meta name=\"description\" content=\"En el marco de un proyecto europeo sobre comunidades sostenibles en el cual colaboran entidades de Espa\u00f1a, Irlanda, Portugal y Francia.\" \/>\n<meta name=\"robots\" content=\"index, follow, max-snippet:-1, max-image-preview:large, max-video-preview:-1\" \/>\n<link rel=\"canonical\" href=\"https:\/\/www.ull.es\/portal\/noticias\/2024\/ull-avanza-creacion-comunidad-energetica-proyecto-satcomm\/\" \/>\n<meta property=\"og:locale\" content=\"es_ES\" \/>\n<meta property=\"og:type\" content=\"article\" \/>\n<meta property=\"og:title\" content=\"La ULL avanza hacia la creaci\u00f3n de su comunidad energ\u00e9tica\" \/>\n<meta property=\"og:description\" content=\"En el marco de un proyecto europeo sobre comunidades sostenibles en el cual colaboran entidades de Espa\u00f1a, Irlanda, Portugal y Francia.\" \/>\n<meta property=\"og:url\" content=\"https:\/\/www.ull.es\/portal\/noticias\/2024\/ull-avanza-creacion-comunidad-energetica-proyecto-satcomm\/\" \/>\n<meta property=\"og:site_name\" content=\"ULL - Noticias\" \/>\n<meta property=\"article:publisher\" content=\"https:\/\/www.facebook.com\/universidaddelalaguna\/\" \/>\n<meta property=\"article:published_time\" content=\"2024-06-27T09:26:24+00:00\" \/>\n<meta property=\"og:image\" content=\"https:\/\/www.ull.es\/portal\/noticias\/wp-content\/uploads\/sites\/13\/2024\/06\/reunion-satcomm-portugal-001.jpg\" \/>\n\t<meta property=\"og:image:width\" content=\"1200\" \/>\n\t<meta property=\"og:image:height\" content=\"796\" \/>\n\t<meta property=\"og:image:type\" content=\"image\/jpeg\" \/>\n<meta name=\"author\" content=\"prensa2\" \/>\n<meta name=\"twitter:card\" content=\"summary_large_image\" \/>\n<meta name=\"twitter:creator\" content=\"@CanalULL\" \/>\n<meta name=\"twitter:site\" content=\"@CanalULL\" \/>\n<meta name=\"twitter:label1\" content=\"Escrito por\" \/>\n\t<meta name=\"twitter:data1\" content=\"prensa2\" \/>\n\t<meta name=\"twitter:label2\" content=\"Tiempo de lectura\" \/>\n\t<meta name=\"twitter:data2\" content=\"3 minutos\" \/>\n<script type=\"application\/ld+json\" class=\"yoast-schema-graph\">{\"@context\":\"https:\/\/schema.org\",\"@graph\":[{\"@type\":\"WebPage\",\"@id\":\"https:\/\/www.ull.es\/portal\/noticias\/2024\/ull-avanza-creacion-comunidad-energetica-proyecto-satcomm\/\",\"url\":\"https:\/\/www.ull.es\/portal\/noticias\/2024\/ull-avanza-creacion-comunidad-energetica-proyecto-satcomm\/\",\"name\":\"La ULL avanza hacia la creaci\u00f3n de su comunidad energ\u00e9tica\",\"isPartOf\":{\"@id\":\"https:\/\/www.ull.es\/portal\/noticias\/#website\"},\"datePublished\":\"2024-06-27T09:26:24+00:00\",\"dateModified\":\"2024-06-27T09:26:24+00:00\",\"author\":{\"@id\":\"https:\/\/www.ull.es\/portal\/noticias\/#\/schema\/person\/c3b2aa857797592927a03740d6664376\"},\"description\":\"En el marco de un proyecto europeo sobre comunidades sostenibles en el cual colaboran entidades de Espa\u00f1a, Irlanda, Portugal y Francia.\",\"breadcrumb\":{\"@id\":\"https:\/\/www.ull.es\/portal\/noticias\/2024\/ull-avanza-creacion-comunidad-energetica-proyecto-satcomm\/#breadcrumb\"},\"inLanguage\":\"es\",\"potentialAction\":[{\"@type\":\"ReadAction\",\"target\":[\"https:\/\/www.ull.es\/portal\/noticias\/2024\/ull-avanza-creacion-comunidad-energetica-proyecto-satcomm\/\"]}]},{\"@type\":\"BreadcrumbList\",\"@id\":\"https:\/\/www.ull.es\/portal\/noticias\/2024\/ull-avanza-creacion-comunidad-energetica-proyecto-satcomm\/#breadcrumb\",\"itemListElement\":[{\"@type\":\"ListItem\",\"position\":1,\"name\":\"Portada\",\"item\":\"https:\/\/www.ull.es\/portal\/noticias\/\"},{\"@type\":\"ListItem\",\"position\":2,\"name\":\"La ULL avanza hacia la creaci\u00f3n de su comunidad energ\u00e9tica dentro del proyecto europeo SAtComm\"}]},{\"@type\":\"WebSite\",\"@id\":\"https:\/\/www.ull.es\/portal\/noticias\/#website\",\"url\":\"https:\/\/www.ull.es\/portal\/noticias\/\",\"name\":\"ULL - Noticias\",\"description\":\"\",\"potentialAction\":[{\"@type\":\"SearchAction\",\"target\":{\"@type\":\"EntryPoint\",\"urlTemplate\":\"https:\/\/www.ull.es\/portal\/noticias\/?s={search_term_string}\"},\"query-input\":\"required name=search_term_string\"}],\"inLanguage\":\"es\"},{\"@type\":\"Person\",\"@id\":\"https:\/\/www.ull.es\/portal\/noticias\/#\/schema\/person\/c3b2aa857797592927a03740d6664376\",\"name\":\"prensa2\",\"image\":{\"@type\":\"ImageObject\",\"inLanguage\":\"es\",\"@id\":\"https:\/\/www.ull.es\/portal\/noticias\/#\/schema\/person\/image\/\",\"url\":\"https:\/\/secure.gravatar.com\/avatar\/b58f310a5de5feb33d1e026d2493f23c?s=96&d=mm&r=g\",\"contentUrl\":\"https:\/\/secure.gravatar.com\/avatar\/b58f310a5de5feb33d1e026d2493f23c?s=96&d=mm&r=g\",\"caption\":\"prensa2\"},\"url\":\"https:\/\/www.ull.es\/portal\/noticias\/author\/prensa2\/\"}]}<\/script>\n<!-- \/ Yoast SEO plugin. -->","yoast_head_json":{"title":"La ULL avanza hacia la creaci\u00f3n de su comunidad energ\u00e9tica","description":"En el marco de un proyecto europeo sobre comunidades sostenibles en el cual colaboran entidades de Espa\u00f1a, Irlanda, Portugal y Francia.","robots":{"index":"index","follow":"follow","max-snippet":"max-snippet:-1","max-image-preview":"max-image-preview:large","max-video-preview":"max-video-preview:-1"},"canonical":"https:\/\/www.ull.es\/portal\/noticias\/2024\/ull-avanza-creacion-comunidad-energetica-proyecto-satcomm\/","og_locale":"es_ES","og_type":"article","og_title":"La ULL avanza hacia la creaci\u00f3n de su comunidad energ\u00e9tica","og_description":"En el marco de un proyecto europeo sobre comunidades sostenibles en el cual colaboran entidades de Espa\u00f1a, Irlanda, Portugal y Francia.","og_url":"https:\/\/www.ull.es\/portal\/noticias\/2024\/ull-avanza-creacion-comunidad-energetica-proyecto-satcomm\/","og_site_name":"ULL - Noticias","article_publisher":"https:\/\/www.facebook.com\/universidaddelalaguna\/","article_published_time":"2024-06-27T09:26:24+00:00","og_image":[{"width":1200,"height":796,"url":"https:\/\/www.ull.es\/portal\/noticias\/wp-content\/uploads\/sites\/13\/2024\/06\/reunion-satcomm-portugal-001.jpg","type":"image\/jpeg"}],"author":"prensa2","twitter_card":"summary_large_image","twitter_creator":"@CanalULL","twitter_site":"@CanalULL","twitter_misc":{"Escrito por":"prensa2","Tiempo de lectura":"3 minutos"},"schema":{"@context":"https:\/\/schema.org","@graph":[{"@type":"WebPage","@id":"https:\/\/www.ull.es\/portal\/noticias\/2024\/ull-avanza-creacion-comunidad-energetica-proyecto-satcomm\/","url":"https:\/\/www.ull.es\/portal\/noticias\/2024\/ull-avanza-creacion-comunidad-energetica-proyecto-satcomm\/","name":"La ULL avanza hacia la creaci\u00f3n de su comunidad energ\u00e9tica","isPartOf":{"@id":"https:\/\/www.ull.es\/portal\/noticias\/#website"},"datePublished":"2024-06-27T09:26:24+00:00","dateModified":"2024-06-27T09:26:24+00:00","author":{"@id":"https:\/\/www.ull.es\/portal\/noticias\/#\/schema\/person\/c3b2aa857797592927a03740d6664376"},"description":"En el marco de un proyecto europeo sobre comunidades sostenibles en el cual colaboran entidades de Espa\u00f1a, Irlanda, Portugal y Francia.","breadcrumb":{"@id":"https:\/\/www.ull.es\/portal\/noticias\/2024\/ull-avanza-creacion-comunidad-energetica-proyecto-satcomm\/#breadcrumb"},"inLanguage":"es","potentialAction":[{"@type":"ReadAction","target":["https:\/\/www.ull.es\/portal\/noticias\/2024\/ull-avanza-creacion-comunidad-energetica-proyecto-satcomm\/"]}]},{"@type":"BreadcrumbList","@id":"https:\/\/www.ull.es\/portal\/noticias\/2024\/ull-avanza-creacion-comunidad-energetica-proyecto-satcomm\/#breadcrumb","itemListElement":[{"@type":"ListItem","position":1,"name":"Portada","item":"https:\/\/www.ull.es\/portal\/noticias\/"},{"@type":"ListItem","position":2,"name":"La ULL avanza hacia la creaci\u00f3n de su comunidad energ\u00e9tica dentro del proyecto europeo SAtComm"}]},{"@type":"WebSite","@id":"https:\/\/www.ull.es\/portal\/noticias\/#website","url":"https:\/\/www.ull.es\/portal\/noticias\/","name":"ULL - Noticias","description":"","potentialAction":[{"@type":"SearchAction","target":{"@type":"EntryPoint","urlTemplate":"https:\/\/www.ull.es\/portal\/noticias\/?s={search_term_string}"},"query-input":"required name=search_term_string"}],"inLanguage":"es"},{"@type":"Person","@id":"https:\/\/www.ull.es\/portal\/noticias\/#\/schema\/person\/c3b2aa857797592927a03740d6664376","name":"prensa2","image":{"@type":"ImageObject","inLanguage":"es","@id":"https:\/\/www.ull.es\/portal\/noticias\/#\/schema\/person\/image\/","url":"https:\/\/secure.gravatar.com\/avatar\/b58f310a5de5feb33d1e026d2493f23c?s=96&d=mm&r=g","contentUrl":"https:\/\/secure.gravatar.com\/avatar\/b58f310a5de5feb33d1e026d2493f23c?s=96&d=mm&r=g","caption":"prensa2"},"url":"https:\/\/www.ull.es\/portal\/noticias\/author\/prensa2\/"}]}},"primary_category":{"id":345,"name":"Destacado","slug":"destacado","link":"https:\/\/www.ull.es\/portal\/noticias\/category\/destacado\/"},"featured_image_thumbnail_url":"https:\/\/www.ull.es\/portal\/noticias\/wp-content\/uploads\/sites\/13\/2024\/06\/reunion-satcomm-portugal-001-300x199.jpg","_links":{"self":[{"href":"https:\/\/www.ull.es\/portal\/noticias\/wp-json\/wp\/v2\/posts\/76355"}],"collection":[{"href":"https:\/\/www.ull.es\/portal\/noticias\/wp-json\/wp\/v2\/posts"}],"about":[{"href":"https:\/\/www.ull.es\/portal\/noticias\/wp-json\/wp\/v2\/types\/post"}],"author":[{"embeddable":true,"href":"https:\/\/www.ull.es\/portal\/noticias\/wp-json\/wp\/v2\/users\/21"}],"replies":[{"embeddable":true,"href":"https:\/\/www.ull.es\/portal\/noticias\/wp-json\/wp\/v2\/comments?post=76355"}],"version-history":[{"count":1,"href":"https:\/\/www.ull.es\/portal\/noticias\/wp-json\/wp\/v2\/posts\/76355\/revisions"}],"predecessor-version":[{"id":76358,"href":"https:\/\/www.ull.es\/portal\/noticias\/wp-json\/wp\/v2\/posts\/76355\/revisions\/76358"}],"wp:featuredmedia":[{"embeddable":true,"href":"https:\/\/www.ull.es\/portal\/noticias\/wp-json\/wp\/v2\/media\/76356"}],"wp:attachment":[{"href":"https:\/\/www.ull.es\/portal\/noticias\/wp-json\/wp\/v2\/media?parent=76355"}],"wp:term":[{"taxonomy":"category","embeddable":true,"href":"https:\/\/www.ull.es\/portal\/noticias\/wp-json\/wp\/v2\/categories?post=76355"},{"taxonomy":"post_tag","embeddable":true,"href":"https:\/\/www.ull.es\/portal\/noticias\/wp-json\/wp\/v2\/tags?post=76355"}],"curies":[{"name":"wp","href":"https:\/\/api.w.org\/{rel}","templated":true}]}}