{"id":76365,"date":"2024-06-27T13:11:11","date_gmt":"2024-06-27T13:11:11","guid":{"rendered":"https:\/\/www.ull.es\/portal\/noticias\/?p=76365"},"modified":"2024-06-27T13:11:11","modified_gmt":"2024-06-27T13:11:11","slug":"la-ull-muestra-en-el-dia-del-orgullo-su-compromiso-con-la-lucha-por-la-diversidad-y-la-inclusion","status":"publish","type":"post","link":"https:\/\/www.ull.es\/portal\/noticias\/2024\/la-ull-muestra-en-el-dia-del-orgullo-su-compromiso-con-la-lucha-por-la-diversidad-y-la-inclusion\/","title":{"rendered":"La ULL muestra en el D\u00eda del Orgullo su compromiso con la lucha por la diversidad y la inclusi\u00f3n"},"content":{"rendered":"<p>La Universidad de La Laguna ha mostrado su apoyo decidido a las reivindicaciones de los colectivos LGTBIQA+ uni\u00e9ndose hoy, jueves 27 de junio, a la celebraci\u00f3n del D\u00eda del Orgullo \u2013que formalmente acontece ma\u00f1ana viernes 28- con un acto durante el cual fue le\u00eddo un <a href=\"https:\/\/drive.google.com\/file\/d\/1bW0NwM6g_JEuecvY4asf-18lEkFY_Qc-\/view?usp=sharing\" target=\"_blank\" rel=\"noopener\">manifiesto<\/a> en apoyo a la diversidad y la inclusi\u00f3n. Adem\u00e1s, a lo largo de esta semana fue incorporada la bandera del orgullo interseccional en la cabecera de la p\u00e1gina web y los perfiles institucionales en redes sociales.<\/p>\n<p>La vicerrectora de Estudiantes, Rosario Hern\u00e1ndez, fue la encargada de leer el manifiesto, una versi\u00f3n adaptada a la Universidad de La Laguna del texto consensuado por la Red de Universidades por la Diversidad, a la cual pertenece el centro acad\u00e9mico. En \u00e9l se se\u00f1al\u00f3 el compromiso institucional con la inclusi\u00f3n y el orgullo, caracteriz\u00e1ndose como un espacio seguro en el que todas las opciones vitales pueden coexistir en un clima de respeto, sin discriminaci\u00f3n ni violencia.<\/p>\n<p><a href=\"https:\/\/www.ull.es\/portal\/noticias\/wp-content\/uploads\/sites\/13\/2024\/06\/Dia-orgullo-LGTBI-16.jpg\" target=\"_blank\" rel=\"noopener\"><img decoding=\"async\" loading=\"lazy\" class=\"alignleft size-medium wp-image-76368\" src=\"https:\/\/www.ull.es\/portal\/noticias\/wp-content\/uploads\/sites\/13\/2024\/06\/Dia-orgullo-LGTBI-16-200x300.jpg\" alt=\"\" width=\"200\" height=\"300\" srcset=\"https:\/\/www.ull.es\/portal\/noticias\/wp-content\/uploads\/sites\/13\/2024\/06\/Dia-orgullo-LGTBI-16-200x300.jpg 200w, https:\/\/www.ull.es\/portal\/noticias\/wp-content\/uploads\/sites\/13\/2024\/06\/Dia-orgullo-LGTBI-16-682x1024.jpg 682w, https:\/\/www.ull.es\/portal\/noticias\/wp-content\/uploads\/sites\/13\/2024\/06\/Dia-orgullo-LGTBI-16-375x563.jpg 375w, https:\/\/www.ull.es\/portal\/noticias\/wp-content\/uploads\/sites\/13\/2024\/06\/Dia-orgullo-LGTBI-16.jpg 733w\" sizes=\"(max-width: 200px) 100vw, 200px\" \/><\/a>El texto reivindic\u00f3 la educaci\u00f3n come herramienta para lograr la transformaci\u00f3n social y en \u00e9l se especific\u00f3 que la universidad no es ajena a la sociedad en la que se mueve, por lo que se considera a s\u00ed misma aliada de aquellas causas que defiendan los derechos humanos y persigan una sociedad libre de discriminaciones: \u201cLa Universidad de La Laguna es feminista, LGTBIQA+, transincluyente, despatologizante, mestiza, inclusiva, progresista, ecologista, pol\u00edglota, antirracista, anticapacitista, antipatriarcal, sigue los principios de equidad y justicia social y, por encima de todo, abraza la diversidad familiar, es visible y est\u00e1 orgullosa de su comunidad\u201d.<\/p>\n<p>El rector Francisco Garc\u00eda cerr\u00f3 el acto recordando que el D\u00eda del Orgullo no es solo una celebraci\u00f3n, sino una reivindicaci\u00f3n social. Explic\u00f3 que en la actualidad se est\u00e1n viviendo momentos de retroceso que est\u00e1n cuestionando e, incluso, invalidando algunos derechos que ya hab\u00edan sido conquistados. Por ello, enfatiz\u00f3 la necesidad de seguir luchado por recuperar el camino perdido y por incorporar nuevos derechos para que la igualdad real sea plena y las personas puedan manifestarse libremente tal y como deseen y sientan. \u201cHay que seguir luchado para seguir siendo un espacio integrador y seguro\u201d.<\/p>\n<p>Durante el acto, varios componentes del equipo de gobierno y del Consejo de Estudiantes leyeron algunos poemas relacionados con la autoafirmaci\u00f3n de la propia identidad, el amor por encima de toda etiqueta y la lucha por el reconocimiento de las libertades individuales, de autores como Ana Rossetti, Cristina Peri Rossi, Luis Cernuda y \u00c1ngelo N\u00e9store.<\/p>\n","protected":false},"excerpt":{"rendered":"<p>La Universidad de La Laguna ha mostrado su apoyo decidido a las reivindicaciones de los colectivos LGTBIQA+ uni\u00e9ndose hoy, jueves&#8230;<\/p>\n","protected":false},"author":23,"featured_media":76367,"comment_status":"closed","ping_status":"closed","sticky":false,"template":"","format":"standard","meta":{"inline_featured_image":false,"footnotes":""},"categories":[345,348,2765],"tags":[],"acf":[],"yoast_head":"<!-- This site is optimized with the Yoast SEO plugin v21.3 - https:\/\/yoast.com\/wordpress\/plugins\/seo\/ -->\n<title>La ULL muestra en el D\u00eda del Orgullo su compromiso con la lucha por la diversidad y la inclusi\u00f3n - ULL - Noticias<\/title>\n<meta name=\"robots\" content=\"index, follow, max-snippet:-1, max-image-preview:large, max-video-preview:-1\" \/>\n<link rel=\"canonical\" href=\"https:\/\/www.ull.es\/portal\/noticias\/2024\/la-ull-muestra-en-el-dia-del-orgullo-su-compromiso-con-la-lucha-por-la-diversidad-y-la-inclusion\/\" \/>\n<meta property=\"og:locale\" content=\"es_ES\" \/>\n<meta property=\"og:type\" content=\"article\" \/>\n<meta property=\"og:title\" content=\"La ULL muestra en el D\u00eda del Orgullo su compromiso con la lucha por la diversidad y la inclusi\u00f3n - ULL - Noticias\" \/>\n<meta property=\"og:description\" content=\"La Universidad de La Laguna ha mostrado su apoyo decidido a las reivindicaciones de los colectivos LGTBIQA+ uni\u00e9ndose hoy, jueves...\" \/>\n<meta property=\"og:url\" content=\"https:\/\/www.ull.es\/portal\/noticias\/2024\/la-ull-muestra-en-el-dia-del-orgullo-su-compromiso-con-la-lucha-por-la-diversidad-y-la-inclusion\/\" \/>\n<meta property=\"og:site_name\" content=\"ULL - Noticias\" \/>\n<meta property=\"article:publisher\" content=\"https:\/\/www.facebook.com\/universidaddelalaguna\/\" \/>\n<meta property=\"article:published_time\" content=\"2024-06-27T13:11:11+00:00\" \/>\n<meta property=\"og:image\" content=\"https:\/\/www.ull.es\/portal\/noticias\/wp-content\/uploads\/sites\/13\/2024\/06\/Dia-orgullo-LGTBI-15.jpg\" \/>\n\t<meta property=\"og:image:width\" content=\"1100\" \/>\n\t<meta property=\"og:image:height\" content=\"739\" \/>\n\t<meta property=\"og:image:type\" content=\"image\/jpeg\" \/>\n<meta name=\"author\" content=\"gaprsa\" \/>\n<meta name=\"twitter:card\" content=\"summary_large_image\" \/>\n<meta name=\"twitter:creator\" content=\"@CanalULL\" \/>\n<meta name=\"twitter:site\" content=\"@CanalULL\" \/>\n<meta name=\"twitter:label1\" content=\"Escrito por\" \/>\n\t<meta name=\"twitter:data1\" content=\"gaprsa\" \/>\n\t<meta name=\"twitter:label2\" content=\"Tiempo de lectura\" \/>\n\t<meta name=\"twitter:data2\" content=\"3 minutos\" \/>\n<script type=\"application\/ld+json\" class=\"yoast-schema-graph\">{\"@context\":\"https:\/\/schema.org\",\"@graph\":[{\"@type\":\"WebPage\",\"@id\":\"https:\/\/www.ull.es\/portal\/noticias\/2024\/la-ull-muestra-en-el-dia-del-orgullo-su-compromiso-con-la-lucha-por-la-diversidad-y-la-inclusion\/\",\"url\":\"https:\/\/www.ull.es\/portal\/noticias\/2024\/la-ull-muestra-en-el-dia-del-orgullo-su-compromiso-con-la-lucha-por-la-diversidad-y-la-inclusion\/\",\"name\":\"La ULL muestra en el D\u00eda del Orgullo su compromiso con la lucha por la diversidad y la inclusi\u00f3n - ULL - Noticias\",\"isPartOf\":{\"@id\":\"https:\/\/www.ull.es\/portal\/noticias\/#website\"},\"datePublished\":\"2024-06-27T13:11:11+00:00\",\"dateModified\":\"2024-06-27T13:11:11+00:00\",\"author\":{\"@id\":\"https:\/\/www.ull.es\/portal\/noticias\/#\/schema\/person\/b2b1a89d43ffa609e591f7df8ef3e817\"},\"breadcrumb\":{\"@id\":\"https:\/\/www.ull.es\/portal\/noticias\/2024\/la-ull-muestra-en-el-dia-del-orgullo-su-compromiso-con-la-lucha-por-la-diversidad-y-la-inclusion\/#breadcrumb\"},\"inLanguage\":\"es\",\"potentialAction\":[{\"@type\":\"ReadAction\",\"target\":[\"https:\/\/www.ull.es\/portal\/noticias\/2024\/la-ull-muestra-en-el-dia-del-orgullo-su-compromiso-con-la-lucha-por-la-diversidad-y-la-inclusion\/\"]}]},{\"@type\":\"BreadcrumbList\",\"@id\":\"https:\/\/www.ull.es\/portal\/noticias\/2024\/la-ull-muestra-en-el-dia-del-orgullo-su-compromiso-con-la-lucha-por-la-diversidad-y-la-inclusion\/#breadcrumb\",\"itemListElement\":[{\"@type\":\"ListItem\",\"position\":1,\"name\":\"Portada\",\"item\":\"https:\/\/www.ull.es\/portal\/noticias\/\"},{\"@type\":\"ListItem\",\"position\":2,\"name\":\"La ULL muestra en el D\u00eda del Orgullo su compromiso con la lucha por la diversidad y la inclusi\u00f3n\"}]},{\"@type\":\"WebSite\",\"@id\":\"https:\/\/www.ull.es\/portal\/noticias\/#website\",\"url\":\"https:\/\/www.ull.es\/portal\/noticias\/\",\"name\":\"ULL - Noticias\",\"description\":\"\",\"potentialAction\":[{\"@type\":\"SearchAction\",\"target\":{\"@type\":\"EntryPoint\",\"urlTemplate\":\"https:\/\/www.ull.es\/portal\/noticias\/?s={search_term_string}\"},\"query-input\":\"required name=search_term_string\"}],\"inLanguage\":\"es\"},{\"@type\":\"Person\",\"@id\":\"https:\/\/www.ull.es\/portal\/noticias\/#\/schema\/person\/b2b1a89d43ffa609e591f7df8ef3e817\",\"name\":\"gaprsa\",\"image\":{\"@type\":\"ImageObject\",\"inLanguage\":\"es\",\"@id\":\"https:\/\/www.ull.es\/portal\/noticias\/#\/schema\/person\/image\/\",\"url\":\"https:\/\/secure.gravatar.com\/avatar\/443820550921091458b4823867723b3d?s=96&d=mm&r=g\",\"contentUrl\":\"https:\/\/secure.gravatar.com\/avatar\/443820550921091458b4823867723b3d?s=96&d=mm&r=g\",\"caption\":\"gaprsa\"},\"url\":\"https:\/\/www.ull.es\/portal\/noticias\/author\/gaprsa\/\"}]}<\/script>\n<!-- \/ Yoast SEO plugin. -->","yoast_head_json":{"title":"La ULL muestra en el D\u00eda del Orgullo su compromiso con la lucha por la diversidad y la inclusi\u00f3n - ULL - Noticias","robots":{"index":"index","follow":"follow","max-snippet":"max-snippet:-1","max-image-preview":"max-image-preview:large","max-video-preview":"max-video-preview:-1"},"canonical":"https:\/\/www.ull.es\/portal\/noticias\/2024\/la-ull-muestra-en-el-dia-del-orgullo-su-compromiso-con-la-lucha-por-la-diversidad-y-la-inclusion\/","og_locale":"es_ES","og_type":"article","og_title":"La ULL muestra en el D\u00eda del Orgullo su compromiso con la lucha por la diversidad y la inclusi\u00f3n - ULL - Noticias","og_description":"La Universidad de La Laguna ha mostrado su apoyo decidido a las reivindicaciones de los colectivos LGTBIQA+ uni\u00e9ndose hoy, jueves...","og_url":"https:\/\/www.ull.es\/portal\/noticias\/2024\/la-ull-muestra-en-el-dia-del-orgullo-su-compromiso-con-la-lucha-por-la-diversidad-y-la-inclusion\/","og_site_name":"ULL - Noticias","article_publisher":"https:\/\/www.facebook.com\/universidaddelalaguna\/","article_published_time":"2024-06-27T13:11:11+00:00","og_image":[{"width":1100,"height":739,"url":"https:\/\/www.ull.es\/portal\/noticias\/wp-content\/uploads\/sites\/13\/2024\/06\/Dia-orgullo-LGTBI-15.jpg","type":"image\/jpeg"}],"author":"gaprsa","twitter_card":"summary_large_image","twitter_creator":"@CanalULL","twitter_site":"@CanalULL","twitter_misc":{"Escrito por":"gaprsa","Tiempo de lectura":"3 minutos"},"schema":{"@context":"https:\/\/schema.org","@graph":[{"@type":"WebPage","@id":"https:\/\/www.ull.es\/portal\/noticias\/2024\/la-ull-muestra-en-el-dia-del-orgullo-su-compromiso-con-la-lucha-por-la-diversidad-y-la-inclusion\/","url":"https:\/\/www.ull.es\/portal\/noticias\/2024\/la-ull-muestra-en-el-dia-del-orgullo-su-compromiso-con-la-lucha-por-la-diversidad-y-la-inclusion\/","name":"La ULL muestra en el D\u00eda del Orgullo su compromiso con la lucha por la diversidad y la inclusi\u00f3n - ULL - Noticias","isPartOf":{"@id":"https:\/\/www.ull.es\/portal\/noticias\/#website"},"datePublished":"2024-06-27T13:11:11+00:00","dateModified":"2024-06-27T13:11:11+00:00","author":{"@id":"https:\/\/www.ull.es\/portal\/noticias\/#\/schema\/person\/b2b1a89d43ffa609e591f7df8ef3e817"},"breadcrumb":{"@id":"https:\/\/www.ull.es\/portal\/noticias\/2024\/la-ull-muestra-en-el-dia-del-orgullo-su-compromiso-con-la-lucha-por-la-diversidad-y-la-inclusion\/#breadcrumb"},"inLanguage":"es","potentialAction":[{"@type":"ReadAction","target":["https:\/\/www.ull.es\/portal\/noticias\/2024\/la-ull-muestra-en-el-dia-del-orgullo-su-compromiso-con-la-lucha-por-la-diversidad-y-la-inclusion\/"]}]},{"@type":"BreadcrumbList","@id":"https:\/\/www.ull.es\/portal\/noticias\/2024\/la-ull-muestra-en-el-dia-del-orgullo-su-compromiso-con-la-lucha-por-la-diversidad-y-la-inclusion\/#breadcrumb","itemListElement":[{"@type":"ListItem","position":1,"name":"Portada","item":"https:\/\/www.ull.es\/portal\/noticias\/"},{"@type":"ListItem","position":2,"name":"La ULL muestra en el D\u00eda del Orgullo su compromiso con la lucha por la diversidad y la inclusi\u00f3n"}]},{"@type":"WebSite","@id":"https:\/\/www.ull.es\/portal\/noticias\/#website","url":"https:\/\/www.ull.es\/portal\/noticias\/","name":"ULL - Noticias","description":"","potentialAction":[{"@type":"SearchAction","target":{"@type":"EntryPoint","urlTemplate":"https:\/\/www.ull.es\/portal\/noticias\/?s={search_term_string}"},"query-input":"required name=search_term_string"}],"inLanguage":"es"},{"@type":"Person","@id":"https:\/\/www.ull.es\/portal\/noticias\/#\/schema\/person\/b2b1a89d43ffa609e591f7df8ef3e817","name":"gaprsa","image":{"@type":"ImageObject","inLanguage":"es","@id":"https:\/\/www.ull.es\/portal\/noticias\/#\/schema\/person\/image\/","url":"https:\/\/secure.gravatar.com\/avatar\/443820550921091458b4823867723b3d?s=96&d=mm&r=g","contentUrl":"https:\/\/secure.gravatar.com\/avatar\/443820550921091458b4823867723b3d?s=96&d=mm&r=g","caption":"gaprsa"},"url":"https:\/\/www.ull.es\/portal\/noticias\/author\/gaprsa\/"}]}},"primary_category":{"id":345,"name":"Destacado","slug":"destacado","link":"https:\/\/www.ull.es\/portal\/noticias\/category\/destacado\/"},"featured_image_thumbnail_url":"https:\/\/www.ull.es\/portal\/noticias\/wp-content\/uploads\/sites\/13\/2024\/06\/Dia-orgullo-LGTBI-15-300x202.jpg","_links":{"self":[{"href":"https:\/\/www.ull.es\/portal\/noticias\/wp-json\/wp\/v2\/posts\/76365"}],"collection":[{"href":"https:\/\/www.ull.es\/portal\/noticias\/wp-json\/wp\/v2\/posts"}],"about":[{"href":"https:\/\/www.ull.es\/portal\/noticias\/wp-json\/wp\/v2\/types\/post"}],"author":[{"embeddable":true,"href":"https:\/\/www.ull.es\/portal\/noticias\/wp-json\/wp\/v2\/users\/23"}],"replies":[{"embeddable":true,"href":"https:\/\/www.ull.es\/portal\/noticias\/wp-json\/wp\/v2\/comments?post=76365"}],"version-history":[{"count":2,"href":"https:\/\/www.ull.es\/portal\/noticias\/wp-json\/wp\/v2\/posts\/76365\/revisions"}],"predecessor-version":[{"id":76369,"href":"https:\/\/www.ull.es\/portal\/noticias\/wp-json\/wp\/v2\/posts\/76365\/revisions\/76369"}],"wp:featuredmedia":[{"embeddable":true,"href":"https:\/\/www.ull.es\/portal\/noticias\/wp-json\/wp\/v2\/media\/76367"}],"wp:attachment":[{"href":"https:\/\/www.ull.es\/portal\/noticias\/wp-json\/wp\/v2\/media?parent=76365"}],"wp:term":[{"taxonomy":"category","embeddable":true,"href":"https:\/\/www.ull.es\/portal\/noticias\/wp-json\/wp\/v2\/categories?post=76365"},{"taxonomy":"post_tag","embeddable":true,"href":"https:\/\/www.ull.es\/portal\/noticias\/wp-json\/wp\/v2\/tags?post=76365"}],"curies":[{"name":"wp","href":"https:\/\/api.w.org\/{rel}","templated":true}]}}