{"id":76449,"date":"2024-07-02T12:00:28","date_gmt":"2024-07-02T12:00:28","guid":{"rendered":"https:\/\/www.ull.es\/portal\/noticias\/?p=76449"},"modified":"2024-07-02T12:00:28","modified_gmt":"2024-07-02T12:00:28","slug":"la-universidad-de-verano-de-adeje-afronta-su-31-edicion-con-una-veintena-de-cursos-y-talleres-de-actualidad","status":"publish","type":"post","link":"https:\/\/www.ull.es\/portal\/noticias\/2024\/la-universidad-de-verano-de-adeje-afronta-su-31-edicion-con-una-veintena-de-cursos-y-talleres-de-actualidad\/","title":{"rendered":"La Universidad de Verano de Adeje afronta su 31 edici\u00f3n con una veintena de cursos y talleres de actualidad"},"content":{"rendered":"<p>La <a href=\"https:\/\/www.adeje.es\/uva\/cursos-y-talleres\/23618-cursos\" target=\"_blank\" rel=\"noopener\">Universidad de Verano de Adeje<\/a> enfrenta su trig\u00e9simo primera edici\u00f3n con una programaci\u00f3n compuesta por 13 cursos y 9 talleres centrados en la inclusi\u00f3n, el empoderamiento femenino y la cultura del esfuerzo, as\u00ed como los impactos generados por el turismo en la sociedad o la agenda sostenible canaria. Se profundizar\u00e1 tambi\u00e9n en la importancia de la salud mental positiva y el deporte en el desarrollo personal, y se impartir\u00e1n talleres sobre el cultivo del aloe vera en Canarias o la reproducci\u00f3n de \u00e1rboles frutales.<\/p>\n<p>Todos estos asuntos, junto a otros a la orden del d\u00eda, como la \u2018nutriciencia\u2019, la donaci\u00f3n de \u00f3rganos o recursos para educar en h\u00e1bitos deportivos, completan el variado e intenso programa estival de cursos y talleres formativos que han sido organizados, como en anteriores ediciones, por el Vicerrectorado de Cultura y Extensi\u00f3n Universitaria de la Universidad de La Laguna y el <a href=\"https:\/\/www.adeje.es\/\" target=\"_blank\" rel=\"noopener\">Ayuntamiento de Adeje<\/a>. Tanto los cursos como los talleres se impartir\u00e1n del 22 al 26 de julio en horarios de ma\u00f1ana y tarde.<\/p>\n<p>La presente edici\u00f3n oferta 13 cursos de 10 horas presenciales y otras 15 de trabajo aut\u00f3nomo, que tendr\u00e1n un precio unitario de 25 euros. Los seminarios de 2024 dirigen la mirada hacia la inclusi\u00f3n y el empoderamiento femenino. <a href=\"https:\/\/www.adeje.es\/uva\/cursos-y-talleres\/23635-salud-mental-positiva-inclusin-y-bienestar\" target=\"_blank\" rel=\"noopener\">\u00abSalud mental positiva: Inclusi\u00f3n y bienestar\u00bb<\/a>, dirigido por Rosario Marrero, profesora del Departamento de Psicolog\u00eda Cl\u00ednica, Psicobiolog\u00eda y Metodolog\u00eda de la ULL <em>aborda, del 23 al 25 de julio, en horario de tarde, la importancia del fomento de un ambiente de inclusi\u00f3n para las personas con problemas de salud mental<\/em>. <a href=\"https:\/\/www.adeje.es\/uva\/cursos-y-talleres\/23630-empoderamiento-femenino-retos-y-desafos\" target=\"_blank\" rel=\"noopener\">\u00abEmpoderamiento femenino: Retos y desaf\u00edos\u00bb<\/a>, que se imparte bajo la direcci\u00f3n de la catedr\u00e1tica Teresa Gonz\u00e1lez, analiza del 23 al 25 de julio, tambi\u00e9n en horario vespertino, los sesgos de g\u00e9nero y las leyes de igualdad.<\/p>\n<p><a href=\"https:\/\/www.adeje.es\/uva\/cursos-y-talleres\/23634-talento-esfuerzo-e-innovacin-factores-determinantes-del-xito-de-tu-negocio\" target=\"_blank\" rel=\"noopener\">\u00abTalento, esfuerzo e innovaci\u00f3n: factores determinantes del \u00e9xito de tu negocio\u00bb<\/a>, dirigido por la profesora\u00a0Alicia Correa, experta en emprendimiento, est\u00e1 enfocado al an\u00e1lisis del esfuerzo y la capacidad de innovaci\u00f3n de las personas emprendedoras, aspectos determinantes para conseguir el \u00e9xito empresarial. Destinado a alumnado espec\u00edfico, aut\u00f3nomos y emprendedores potenciales, el curso se desarrollar\u00e1 del 24 al 26 de julio en horario de tarde.<\/p>\n<p>Los efectos secundarios de la actividad tur\u00edstica centran <a href=\"https:\/\/www.adeje.es\/uva\/cursos-y-talleres\/23631-gestin-de-impactos-socioculturales-del-turismo\" target=\"_blank\" rel=\"noopener\">\u00abGesti\u00f3n de impactos socioculturales del turismo\u00bb<\/a>, capitaneado por Alberto J. Rodr\u00edguez, profesor del \u00e1rea de Antropolog\u00eda Social, cuyo curso va dirigido a estudiantes y trabajadores del sector que quieran comprender mejor el sistema tur\u00edstico. El seminario se desarrollar\u00e1 del 22 al 24 de julio en horario de ma\u00f1ana, igual que <a href=\"https:\/\/www.adeje.es\/uva\/cursos-y-talleres\/23626-canarias-en-accin-participacin-y-sostenibilidad\" target=\"_blank\" rel=\"noopener\">\u00abCanarias en acci\u00f3n: participaci\u00f3n y sostenibilidad\u00bb<\/a>, a cargo de Itahisa P\u00e9rez, quien examinar\u00e1 en Adeje los objetivos de la Agenda Canaria de Desarrollo Sostenible (ACDS).<\/p>\n<p>La salud y el bienestar son otros de los asuntos presentes en esta edici\u00f3n. <a href=\"https:\/\/www.adeje.es\/uva\/cursos-y-talleres\/23629-nutriciencia-conoce-los-fundamentos-de-una-dieta-saludable\" target=\"_blank\" rel=\"noopener\">\u00abNutriciencia: conoce los fundamentos de una dieta saludable\u00bb<\/a>, a cargo de V\u00edctor Garc\u00eda y <a href=\"https:\/\/www.adeje.es\/uva\/cursos-y-talleres\/23653-deporte-como-herramienta-para-el-desarrollo-integral-de-las-personas\" target=\"_blank\" rel=\"noopener\">\u00abDeporte como herramienta para el desarrollo integral de las personas\u00bb<\/a>, dirigido por Hugo Bustillo, abordan, del 22 al 24 de julio, y de 9 a 13.00 horas, la relaci\u00f3n entre la alimentaci\u00f3n y salud, as\u00ed como el beneficio f\u00edsico y emocional que produce la pr\u00e1ctica deportiva.<\/p>\n<p>La m\u00fasica, la literatura y las artes esc\u00e9nicas vuelven a ser primordiales en esta cita, esta vez de la mano de los profesores de la ULL Paula \u00a0Hern\u00e1ndez, Javier Rivero y Andr\u00e9s Gonz\u00e1lez, que dirigen <a href=\"https:\/\/www.adeje.es\/uva\/cursos-y-talleres\/23627-explorando-con-la-msica-desde-la-innovacin-y-la-creatividad\" target=\"_blank\" rel=\"noopener\">\u00abExplorando con la m\u00fasica desde la innovaci\u00f3n y la creatividad\u00bb<\/a>, <a href=\"https:\/\/www.adeje.es\/uva\/cursos-y-talleres\/23632-anatoma-del-crimen-curso-de-escritura-de-relato-criminal\" target=\"_blank\" rel=\"noopener\">\u00abAnatom\u00eda del crimen: curso de escritura de relato criminal\u00bb<\/a> y <a href=\"https:\/\/www.adeje.es\/uva\/cursos-y-talleres\/23624-artes-escnicas-para-el-desarrollo-de-las-competencias-comunicativas\" target=\"_blank\" rel=\"noopener\">\u00abArtes esc\u00e9nicas para el desarrollo de las competencias comunicativas\u00bb<\/a>, seminarios que se impartir\u00e1n del 22 al 24 de julio, en horarios de ma\u00f1ana y tarde.<\/p>\n<p>Completan el abanico de cursos de este a\u00f1o <a href=\"https:\/\/www.adeje.es\/uva\/cursos-y-talleres\/23625-neuropsicologa-de-las-mujeres-con-tea\" target=\"_blank\" rel=\"noopener\">\u00abNeuropsicolog\u00eda de las mujeres con TEA\u00bb<\/a>, a cargo de Javier P\u00e9rez, del 24 al 26 de julio en horario de ma\u00f1ana, \u00ab<a href=\"https:\/\/www.adeje.es\/uva\/cursos-y-talleres\/23628-curso-prctico-de-lengua-de-signos-espaola-lse-nivel-ii\" target=\"_blank\" rel=\"noopener\">Curso pr\u00e1ctico de Lengua de Signos Espa\u00f1ola (LSE) (nivel II)\u00bb<\/a>, dirigido por Mar\u00eda del Carmen Rodr\u00edguez, del 24 al 26 de julio en horario matutino, y \u00ab<a href=\"https:\/\/www.adeje.es\/uva\/cursos-y-talleres\/23633-silbo-gomero-identidad-y-consumo-cultural\" target=\"_blank\" rel=\"noopener\">Silbo gomero: identidad y consumo cultural\u00bb<\/a>, de la mano de Grecy P\u00e9rez, que se impartir\u00e1 del 25 al 26 de julio, tambi\u00e9n de ma\u00f1ana.<\/p>\n<p><strong>Programa de talleres 2024<\/strong><\/p>\n<p>La Universidad de Verano de Adeje ofrece la posibilidad de asistir \u2012en horario de ma\u00f1ana y tarde y por el precio de 10 euros\u2012 a 9 talleres que profundizar\u00e1n, entre otros aspectos, en el cultivo del aloe y la reproducci\u00f3n frut\u00edcola. <a href=\"https:\/\/www.adeje.es\/uva\/cursos-y-talleres\/23638-cmo-reproducir-frutales\" target=\"_blank\" rel=\"noopener\">\u00ab\u00bfC\u00f3mo reproducir frutales?\u00bb<\/a>, a cargo de Antonio Perdomo y <a href=\"https:\/\/www.adeje.es\/uva\/cursos-y-talleres\/23655-visita-a-la-finca-canaria-aloe-vera-una-pequena-empresa-familiar-100-canaria-con-dimension-mundial\" target=\"_blank\" rel=\"noopener\">\u00abVisita a la Finca canaria Aloe Vera, una peque\u00f1a empresa familiar 100% canaria con dimensi\u00f3n mundial\u00bb<\/a>, con Rafael Lesmes, se realizar\u00e1n los d\u00edas 22 y 23 de julio.<\/p>\n<p>La oferta formativa se completa con <a href=\"https:\/\/www.adeje.es\/uva\/cursos-y-talleres\/23644-creacion-de-podcast-de-radio-y-video-podcast\" target=\"_blank\" rel=\"noopener\">\u00abCreaci\u00f3n de Podcast de Radio y V\u00eddeo Podcast\u00bb<\/a>, a cargo del periodista Enrique Hern\u00e1ndez; <a href=\"https:\/\/www.adeje.es\/uva\/cursos-y-talleres\/23636-pintar-un-cuadro-de-sabores-comer-y-beber-en-la-antigua-roma\" target=\"_blank\" rel=\"noopener\">\u00abPintar un cuadro de sabores: comer y beber en la antigua Roma\u00bb<\/a>, por Jos\u00e9 Antonio Gonz\u00e1lez, <a href=\"https:\/\/www.adeje.es\/uva\/cursos-y-talleres\/23640-comunicacion-para-la-vida-diaria\" target=\"_blank\" rel=\"noopener\">\u00abComunicaci\u00f3n para la vida diaria\u00bb<\/a>, a cargo de\u00a0 Luis Capote; <a href=\"https:\/\/www.adeje.es\/uva\/cursos-y-talleres\/23652-los-hombres-tambien-tejen-rescate-de-la-roseta-en-el-sur-de-tenerife\" target=\"_blank\" rel=\"noopener\">\u00abLos hombres tambi\u00e9n tejen: Rescate de la roseta en el sur de Tenerife\u00bb<\/a>, dirigido por Antonio Ruiz; <a href=\"https:\/\/www.adeje.es\/uva\/cursos-y-talleres\/23639-recursos-y-buenas-prcticas-para-la-educacin-fsico-deportiva\" target=\"_blank\" rel=\"noopener\">\u00abRecursos y buenas pr\u00e1cticas para la educaci\u00f3n f\u00edsico-deportiva\u00bb<\/a>, de la mano de Daniel Arriscado; <a href=\"https:\/\/www.adeje.es\/uva\/cursos-y-talleres\/23637-de-ruta-por-el-barranco-del-infierno-un-autntico-tesoro-botnico-que-debemos-conservar\" target=\"_blank\" rel=\"noopener\">\u00abDe ruta por el Barranco del Infierno, un aut\u00e9ntico tesoro bot\u00e1nico que debemos conservar\u00bb<\/a>, con Jonay J. Cubas y <a href=\"https:\/\/www.adeje.es\/uva\/cursos-y-talleres\/24695-el-proceso-de-donacion-y-trasplante-de-organos-desde-la-sociedad-hasta-la-clinica-compartiendo-conocimiento-y-experiencia\" target=\"_blank\" rel=\"noopener\">\u00abEl proceso de donaci\u00f3n y trasplante de \u00f3rganos\u00bb<\/a>, capitaneado por Pedro. R. Guti\u00e9rrez.<\/p>\n<p>La Universidad de Verano de Adeje mantiene la matricula abierta. Las personas interesadas en inscribirse en la presente edici\u00f3n pueden hacerlo en los siguientes enlaces de <a href=\"https:\/\/www.adeje.es\/uva\" target=\"_blank\" rel=\"noopener\">Adeje<\/a> o de la <a href=\"https:\/\/www.ull.es\/cultura\/cursos-extension-universitaria\/universidad-de-verano-de-adeje\/\" target=\"_blank\" rel=\"noopener\">Universidad de La Laguna<\/a>.<\/p>\n<p>&nbsp;<\/p>\n","protected":false},"excerpt":{"rendered":"<p>La Universidad de Verano de Adeje enfrenta su trig\u00e9simo primera edici\u00f3n con una programaci\u00f3n compuesta por 13 cursos y 9&#8230;<\/p>\n","protected":false},"author":23,"featured_media":76450,"comment_status":"closed","ping_status":"closed","sticky":false,"template":"","format":"standard","meta":{"inline_featured_image":false,"footnotes":""},"categories":[344,345,2765],"tags":[],"acf":[],"yoast_head":"<!-- This site is optimized with the Yoast SEO plugin v21.3 - https:\/\/yoast.com\/wordpress\/plugins\/seo\/ -->\n<title>La Universidad de Verano de Adeje afronta su 31 edici\u00f3n con una veintena de cursos y talleres de actualidad - ULL - Noticias<\/title>\n<meta name=\"robots\" content=\"index, follow, max-snippet:-1, max-image-preview:large, max-video-preview:-1\" \/>\n<link rel=\"canonical\" href=\"https:\/\/www.ull.es\/portal\/noticias\/2024\/la-universidad-de-verano-de-adeje-afronta-su-31-edicion-con-una-veintena-de-cursos-y-talleres-de-actualidad\/\" \/>\n<meta property=\"og:locale\" content=\"es_ES\" \/>\n<meta property=\"og:type\" content=\"article\" \/>\n<meta property=\"og:title\" content=\"La Universidad de Verano de Adeje afronta su 31 edici\u00f3n con una veintena de cursos y talleres de actualidad - ULL - Noticias\" \/>\n<meta property=\"og:description\" content=\"La Universidad de Verano de Adeje enfrenta su trig\u00e9simo primera edici\u00f3n con una programaci\u00f3n compuesta por 13 cursos y 9...\" \/>\n<meta property=\"og:url\" content=\"https:\/\/www.ull.es\/portal\/noticias\/2024\/la-universidad-de-verano-de-adeje-afronta-su-31-edicion-con-una-veintena-de-cursos-y-talleres-de-actualidad\/\" \/>\n<meta property=\"og:site_name\" content=\"ULL - Noticias\" \/>\n<meta property=\"article:publisher\" content=\"https:\/\/www.facebook.com\/universidaddelalaguna\/\" \/>\n<meta property=\"article:published_time\" content=\"2024-07-02T12:00:28+00:00\" \/>\n<meta property=\"og:image\" content=\"https:\/\/www.ull.es\/portal\/noticias\/wp-content\/uploads\/sites\/13\/2024\/07\/universidad-verano-adeje-2024-.png\" \/>\n\t<meta property=\"og:image:width\" content=\"1920\" \/>\n\t<meta property=\"og:image:height\" content=\"1080\" \/>\n\t<meta property=\"og:image:type\" content=\"image\/png\" \/>\n<meta name=\"author\" content=\"gaprsa\" \/>\n<meta name=\"twitter:card\" content=\"summary_large_image\" \/>\n<meta name=\"twitter:creator\" content=\"@CanalULL\" \/>\n<meta name=\"twitter:site\" content=\"@CanalULL\" \/>\n<meta name=\"twitter:label1\" content=\"Escrito por\" \/>\n\t<meta name=\"twitter:data1\" content=\"gaprsa\" \/>\n\t<meta name=\"twitter:label2\" content=\"Tiempo de lectura\" \/>\n\t<meta name=\"twitter:data2\" content=\"5 minutos\" \/>\n<script type=\"application\/ld+json\" class=\"yoast-schema-graph\">{\"@context\":\"https:\/\/schema.org\",\"@graph\":[{\"@type\":\"WebPage\",\"@id\":\"https:\/\/www.ull.es\/portal\/noticias\/2024\/la-universidad-de-verano-de-adeje-afronta-su-31-edicion-con-una-veintena-de-cursos-y-talleres-de-actualidad\/\",\"url\":\"https:\/\/www.ull.es\/portal\/noticias\/2024\/la-universidad-de-verano-de-adeje-afronta-su-31-edicion-con-una-veintena-de-cursos-y-talleres-de-actualidad\/\",\"name\":\"La Universidad de Verano de Adeje afronta su 31 edici\u00f3n con una veintena de cursos y talleres de actualidad - ULL - Noticias\",\"isPartOf\":{\"@id\":\"https:\/\/www.ull.es\/portal\/noticias\/#website\"},\"datePublished\":\"2024-07-02T12:00:28+00:00\",\"dateModified\":\"2024-07-02T12:00:28+00:00\",\"author\":{\"@id\":\"https:\/\/www.ull.es\/portal\/noticias\/#\/schema\/person\/b2b1a89d43ffa609e591f7df8ef3e817\"},\"breadcrumb\":{\"@id\":\"https:\/\/www.ull.es\/portal\/noticias\/2024\/la-universidad-de-verano-de-adeje-afronta-su-31-edicion-con-una-veintena-de-cursos-y-talleres-de-actualidad\/#breadcrumb\"},\"inLanguage\":\"es\",\"potentialAction\":[{\"@type\":\"ReadAction\",\"target\":[\"https:\/\/www.ull.es\/portal\/noticias\/2024\/la-universidad-de-verano-de-adeje-afronta-su-31-edicion-con-una-veintena-de-cursos-y-talleres-de-actualidad\/\"]}]},{\"@type\":\"BreadcrumbList\",\"@id\":\"https:\/\/www.ull.es\/portal\/noticias\/2024\/la-universidad-de-verano-de-adeje-afronta-su-31-edicion-con-una-veintena-de-cursos-y-talleres-de-actualidad\/#breadcrumb\",\"itemListElement\":[{\"@type\":\"ListItem\",\"position\":1,\"name\":\"Portada\",\"item\":\"https:\/\/www.ull.es\/portal\/noticias\/\"},{\"@type\":\"ListItem\",\"position\":2,\"name\":\"La Universidad de Verano de Adeje afronta su 31 edici\u00f3n con una veintena de cursos y talleres de actualidad\"}]},{\"@type\":\"WebSite\",\"@id\":\"https:\/\/www.ull.es\/portal\/noticias\/#website\",\"url\":\"https:\/\/www.ull.es\/portal\/noticias\/\",\"name\":\"ULL - Noticias\",\"description\":\"\",\"potentialAction\":[{\"@type\":\"SearchAction\",\"target\":{\"@type\":\"EntryPoint\",\"urlTemplate\":\"https:\/\/www.ull.es\/portal\/noticias\/?s={search_term_string}\"},\"query-input\":\"required name=search_term_string\"}],\"inLanguage\":\"es\"},{\"@type\":\"Person\",\"@id\":\"https:\/\/www.ull.es\/portal\/noticias\/#\/schema\/person\/b2b1a89d43ffa609e591f7df8ef3e817\",\"name\":\"gaprsa\",\"image\":{\"@type\":\"ImageObject\",\"inLanguage\":\"es\",\"@id\":\"https:\/\/www.ull.es\/portal\/noticias\/#\/schema\/person\/image\/\",\"url\":\"https:\/\/secure.gravatar.com\/avatar\/443820550921091458b4823867723b3d?s=96&d=mm&r=g\",\"contentUrl\":\"https:\/\/secure.gravatar.com\/avatar\/443820550921091458b4823867723b3d?s=96&d=mm&r=g\",\"caption\":\"gaprsa\"},\"url\":\"https:\/\/www.ull.es\/portal\/noticias\/author\/gaprsa\/\"}]}<\/script>\n<!-- \/ Yoast SEO plugin. -->","yoast_head_json":{"title":"La Universidad de Verano de Adeje afronta su 31 edici\u00f3n con una veintena de cursos y talleres de actualidad - ULL - Noticias","robots":{"index":"index","follow":"follow","max-snippet":"max-snippet:-1","max-image-preview":"max-image-preview:large","max-video-preview":"max-video-preview:-1"},"canonical":"https:\/\/www.ull.es\/portal\/noticias\/2024\/la-universidad-de-verano-de-adeje-afronta-su-31-edicion-con-una-veintena-de-cursos-y-talleres-de-actualidad\/","og_locale":"es_ES","og_type":"article","og_title":"La Universidad de Verano de Adeje afronta su 31 edici\u00f3n con una veintena de cursos y talleres de actualidad - ULL - Noticias","og_description":"La Universidad de Verano de Adeje enfrenta su trig\u00e9simo primera edici\u00f3n con una programaci\u00f3n compuesta por 13 cursos y 9...","og_url":"https:\/\/www.ull.es\/portal\/noticias\/2024\/la-universidad-de-verano-de-adeje-afronta-su-31-edicion-con-una-veintena-de-cursos-y-talleres-de-actualidad\/","og_site_name":"ULL - Noticias","article_publisher":"https:\/\/www.facebook.com\/universidaddelalaguna\/","article_published_time":"2024-07-02T12:00:28+00:00","og_image":[{"width":1920,"height":1080,"url":"https:\/\/www.ull.es\/portal\/noticias\/wp-content\/uploads\/sites\/13\/2024\/07\/universidad-verano-adeje-2024-.png","type":"image\/png"}],"author":"gaprsa","twitter_card":"summary_large_image","twitter_creator":"@CanalULL","twitter_site":"@CanalULL","twitter_misc":{"Escrito por":"gaprsa","Tiempo de lectura":"5 minutos"},"schema":{"@context":"https:\/\/schema.org","@graph":[{"@type":"WebPage","@id":"https:\/\/www.ull.es\/portal\/noticias\/2024\/la-universidad-de-verano-de-adeje-afronta-su-31-edicion-con-una-veintena-de-cursos-y-talleres-de-actualidad\/","url":"https:\/\/www.ull.es\/portal\/noticias\/2024\/la-universidad-de-verano-de-adeje-afronta-su-31-edicion-con-una-veintena-de-cursos-y-talleres-de-actualidad\/","name":"La Universidad de Verano de Adeje afronta su 31 edici\u00f3n con una veintena de cursos y talleres de actualidad - ULL - Noticias","isPartOf":{"@id":"https:\/\/www.ull.es\/portal\/noticias\/#website"},"datePublished":"2024-07-02T12:00:28+00:00","dateModified":"2024-07-02T12:00:28+00:00","author":{"@id":"https:\/\/www.ull.es\/portal\/noticias\/#\/schema\/person\/b2b1a89d43ffa609e591f7df8ef3e817"},"breadcrumb":{"@id":"https:\/\/www.ull.es\/portal\/noticias\/2024\/la-universidad-de-verano-de-adeje-afronta-su-31-edicion-con-una-veintena-de-cursos-y-talleres-de-actualidad\/#breadcrumb"},"inLanguage":"es","potentialAction":[{"@type":"ReadAction","target":["https:\/\/www.ull.es\/portal\/noticias\/2024\/la-universidad-de-verano-de-adeje-afronta-su-31-edicion-con-una-veintena-de-cursos-y-talleres-de-actualidad\/"]}]},{"@type":"BreadcrumbList","@id":"https:\/\/www.ull.es\/portal\/noticias\/2024\/la-universidad-de-verano-de-adeje-afronta-su-31-edicion-con-una-veintena-de-cursos-y-talleres-de-actualidad\/#breadcrumb","itemListElement":[{"@type":"ListItem","position":1,"name":"Portada","item":"https:\/\/www.ull.es\/portal\/noticias\/"},{"@type":"ListItem","position":2,"name":"La Universidad de Verano de Adeje afronta su 31 edici\u00f3n con una veintena de cursos y talleres de actualidad"}]},{"@type":"WebSite","@id":"https:\/\/www.ull.es\/portal\/noticias\/#website","url":"https:\/\/www.ull.es\/portal\/noticias\/","name":"ULL - Noticias","description":"","potentialAction":[{"@type":"SearchAction","target":{"@type":"EntryPoint","urlTemplate":"https:\/\/www.ull.es\/portal\/noticias\/?s={search_term_string}"},"query-input":"required name=search_term_string"}],"inLanguage":"es"},{"@type":"Person","@id":"https:\/\/www.ull.es\/portal\/noticias\/#\/schema\/person\/b2b1a89d43ffa609e591f7df8ef3e817","name":"gaprsa","image":{"@type":"ImageObject","inLanguage":"es","@id":"https:\/\/www.ull.es\/portal\/noticias\/#\/schema\/person\/image\/","url":"https:\/\/secure.gravatar.com\/avatar\/443820550921091458b4823867723b3d?s=96&d=mm&r=g","contentUrl":"https:\/\/secure.gravatar.com\/avatar\/443820550921091458b4823867723b3d?s=96&d=mm&r=g","caption":"gaprsa"},"url":"https:\/\/www.ull.es\/portal\/noticias\/author\/gaprsa\/"}]}},"primary_category":{"id":345,"name":"Destacado","slug":"destacado","link":"https:\/\/www.ull.es\/portal\/noticias\/category\/destacado\/"},"featured_image_thumbnail_url":"https:\/\/www.ull.es\/portal\/noticias\/wp-content\/uploads\/sites\/13\/2024\/07\/universidad-verano-adeje-2024--300x169.png","_links":{"self":[{"href":"https:\/\/www.ull.es\/portal\/noticias\/wp-json\/wp\/v2\/posts\/76449"}],"collection":[{"href":"https:\/\/www.ull.es\/portal\/noticias\/wp-json\/wp\/v2\/posts"}],"about":[{"href":"https:\/\/www.ull.es\/portal\/noticias\/wp-json\/wp\/v2\/types\/post"}],"author":[{"embeddable":true,"href":"https:\/\/www.ull.es\/portal\/noticias\/wp-json\/wp\/v2\/users\/23"}],"replies":[{"embeddable":true,"href":"https:\/\/www.ull.es\/portal\/noticias\/wp-json\/wp\/v2\/comments?post=76449"}],"version-history":[{"count":1,"href":"https:\/\/www.ull.es\/portal\/noticias\/wp-json\/wp\/v2\/posts\/76449\/revisions"}],"predecessor-version":[{"id":76453,"href":"https:\/\/www.ull.es\/portal\/noticias\/wp-json\/wp\/v2\/posts\/76449\/revisions\/76453"}],"wp:featuredmedia":[{"embeddable":true,"href":"https:\/\/www.ull.es\/portal\/noticias\/wp-json\/wp\/v2\/media\/76450"}],"wp:attachment":[{"href":"https:\/\/www.ull.es\/portal\/noticias\/wp-json\/wp\/v2\/media?parent=76449"}],"wp:term":[{"taxonomy":"category","embeddable":true,"href":"https:\/\/www.ull.es\/portal\/noticias\/wp-json\/wp\/v2\/categories?post=76449"},{"taxonomy":"post_tag","embeddable":true,"href":"https:\/\/www.ull.es\/portal\/noticias\/wp-json\/wp\/v2\/tags?post=76449"}],"curies":[{"name":"wp","href":"https:\/\/api.w.org\/{rel}","templated":true}]}}