{"id":76459,"date":"2024-07-03T10:20:51","date_gmt":"2024-07-03T10:20:51","guid":{"rendered":"https:\/\/www.ull.es\/portal\/noticias\/?p=76459"},"modified":"2024-07-03T10:20:51","modified_gmt":"2024-07-03T10:20:51","slug":"dos-festivales-internacionales-de-musica-protagonizan-la-programacion-del-paraninfo-de-la-ull-este-fin-de-semana","status":"publish","type":"post","link":"https:\/\/www.ull.es\/portal\/noticias\/2024\/dos-festivales-internacionales-de-musica-protagonizan-la-programacion-del-paraninfo-de-la-ull-este-fin-de-semana\/","title":{"rendered":"Dos festivales internacionales de m\u00fasica protagonizan la programaci\u00f3n del Paraninfo de la ULL este fin de semana"},"content":{"rendered":"<p>El <a href=\"https:\/\/www.ull.es\/cultura\/paraninfo\/\" target=\"_blank\" rel=\"noopener\">Paraninfo<\/a> de la Universidad de La Laguna ofrece ma\u00f1ana y pasado una variada programaci\u00f3n musical. As\u00ed, ma\u00f1ana jueves 4 de julio a las 20 horas tendr\u00e1 lugar el concierto inaugural del II Festival Internacional de M\u00fasica de Aguere, mientras que el viernes 5 se celebrar\u00e1 el I Festival Internacional de Cuerda Pulsada Ciudad de La Laguna. Las entradas pueden adquirirse en el portal de <a href=\"https:\/\/www.tomaticket.es\/recintos\/paraninfo-ull\" target=\"_blank\" rel=\"noopener\">Tomaticket<\/a> por un precio de 8 euros para la actuaci\u00f3n del jueves y de 6 euros para la del viernes.<\/p>\n<p>El <a href=\"https:\/\/festivalmusicaaguere.wixsite.com\/agueremusicfest\" target=\"_blank\" rel=\"noopener\">Festival Internacional de M\u00fasica Aguere<\/a> es un referente musical y en un punto de encuentro tanto para profesionales y artistas internacionales como para estudiantes canarios y de todo el territorio nacional. El certamen se inaugurar\u00e1 este jueves con un concierto y a lo largo del mes de julio se ofrecer\u00e1 una variedad de actividades culturales, aprovechando los escenarios que ofrece el casco hist\u00f3rico de La Laguna, como sus conventos, teatros, salas de concierto, museos e iglesias.<\/p>\n<p>As\u00ed, el festival busca destacar y dar visibilidad a estos espacios, adaptando la programaci\u00f3n musical a cada uno de ellos, lo que permite fusionar estas dos expresiones art\u00edsticas para crear una atm\u00f3sfera y una experiencia \u00fanica para el p\u00fablico.<\/p>\n<p><a href=\"https:\/\/www.ull.es\/portal\/noticias\/wp-content\/uploads\/sites\/13\/2024\/07\/festival-cuerda-pulsada.jpg\" target=\"_blank\" rel=\"noopener\"><img decoding=\"async\" loading=\"lazy\" class=\"alignleft size-medium wp-image-76460\" src=\"https:\/\/www.ull.es\/portal\/noticias\/wp-content\/uploads\/sites\/13\/2024\/07\/festival-cuerda-pulsada-300x150.jpg\" alt=\"\" width=\"300\" height=\"150\" srcset=\"https:\/\/www.ull.es\/portal\/noticias\/wp-content\/uploads\/sites\/13\/2024\/07\/festival-cuerda-pulsada-300x150.jpg 300w, https:\/\/www.ull.es\/portal\/noticias\/wp-content\/uploads\/sites\/13\/2024\/07\/festival-cuerda-pulsada-1024x512.jpg 1024w, https:\/\/www.ull.es\/portal\/noticias\/wp-content\/uploads\/sites\/13\/2024\/07\/festival-cuerda-pulsada-768x384.jpg 768w, https:\/\/www.ull.es\/portal\/noticias\/wp-content\/uploads\/sites\/13\/2024\/07\/festival-cuerda-pulsada-1536x768.jpg 1536w, https:\/\/www.ull.es\/portal\/noticias\/wp-content\/uploads\/sites\/13\/2024\/07\/festival-cuerda-pulsada-375x188.jpg 375w, https:\/\/www.ull.es\/portal\/noticias\/wp-content\/uploads\/sites\/13\/2024\/07\/festival-cuerda-pulsada-750x375.jpg 750w, https:\/\/www.ull.es\/portal\/noticias\/wp-content\/uploads\/sites\/13\/2024\/07\/festival-cuerda-pulsada-1140x570.jpg 1140w, https:\/\/www.ull.es\/portal\/noticias\/wp-content\/uploads\/sites\/13\/2024\/07\/festival-cuerda-pulsada.jpg 2048w\" sizes=\"(max-width: 300px) 100vw, 300px\" \/><\/a>Por otra parte, como parte de la programaci\u00f3n del I Festival Internacional de Cuerda Pulsada Ciudad de La Laguna, tendr\u00e1 lugar un concierto el viernes 5 de julio a las 20 horas en el Paraninfo, con el protagonismo de algunas de las m\u00e1s destacadas orquestas de pulso y p\u00faa de Canarias. Uno de los principales prop\u00f3sitos de la celebraci\u00f3n de esta velada es apoyar a estas orquestas que, partiendo de la mera afici\u00f3n, ofrecen un trabajo admirable.<\/p>\n<p>Despu\u00e9s del concierto se realizar\u00e1 la entrega del primer Premio Honor\u00edfico de este festival y cuya identidad ser\u00e1 revelada en el mismo evento. Con dicho premio se reconocer\u00e1 la labor durante toda una vida de una de las figuras m\u00e1s destacadas de la historia musical, vinculada, precisamente, al mundo de la cuerda pulsada.<\/p>\n","protected":false},"excerpt":{"rendered":"<p>El Paraninfo de la Universidad de La Laguna ofrece ma\u00f1ana y pasado una variada programaci\u00f3n musical. As\u00ed, ma\u00f1ana jueves 4&#8230;<\/p>\n","protected":false},"author":23,"featured_media":76461,"comment_status":"closed","ping_status":"closed","sticky":false,"template":"","format":"standard","meta":{"inline_featured_image":false,"footnotes":""},"categories":[344,345,2765],"tags":[],"acf":[],"yoast_head":"<!-- This site is optimized with the Yoast SEO plugin v21.3 - https:\/\/yoast.com\/wordpress\/plugins\/seo\/ -->\n<title>Dos festivales internacionales de m\u00fasica protagonizan la programaci\u00f3n del Paraninfo de la ULL este fin de semana - ULL - Noticias<\/title>\n<meta name=\"robots\" content=\"index, follow, max-snippet:-1, max-image-preview:large, max-video-preview:-1\" \/>\n<link rel=\"canonical\" href=\"https:\/\/www.ull.es\/portal\/noticias\/2024\/dos-festivales-internacionales-de-musica-protagonizan-la-programacion-del-paraninfo-de-la-ull-este-fin-de-semana\/\" \/>\n<meta property=\"og:locale\" content=\"es_ES\" \/>\n<meta property=\"og:type\" content=\"article\" \/>\n<meta property=\"og:title\" content=\"Dos festivales internacionales de m\u00fasica protagonizan la programaci\u00f3n del Paraninfo de la ULL este fin de semana - ULL - Noticias\" \/>\n<meta property=\"og:description\" content=\"El Paraninfo de la Universidad de La Laguna ofrece ma\u00f1ana y pasado una variada programaci\u00f3n musical. As\u00ed, ma\u00f1ana jueves 4...\" \/>\n<meta property=\"og:url\" content=\"https:\/\/www.ull.es\/portal\/noticias\/2024\/dos-festivales-internacionales-de-musica-protagonizan-la-programacion-del-paraninfo-de-la-ull-este-fin-de-semana\/\" \/>\n<meta property=\"og:site_name\" content=\"ULL - Noticias\" \/>\n<meta property=\"article:publisher\" content=\"https:\/\/www.facebook.com\/universidaddelalaguna\/\" \/>\n<meta property=\"article:published_time\" content=\"2024-07-03T10:20:51+00:00\" \/>\n<meta property=\"og:image\" content=\"https:\/\/www.ull.es\/portal\/noticias\/wp-content\/uploads\/sites\/13\/2024\/07\/Festival-internacional-musica-aguere.jpg\" \/>\n\t<meta property=\"og:image:width\" content=\"700\" \/>\n\t<meta property=\"og:image:height\" content=\"350\" \/>\n\t<meta property=\"og:image:type\" content=\"image\/jpeg\" \/>\n<meta name=\"author\" content=\"gaprsa\" \/>\n<meta name=\"twitter:card\" content=\"summary_large_image\" \/>\n<meta name=\"twitter:creator\" content=\"@CanalULL\" \/>\n<meta name=\"twitter:site\" content=\"@CanalULL\" \/>\n<meta name=\"twitter:label1\" content=\"Escrito por\" \/>\n\t<meta name=\"twitter:data1\" content=\"gaprsa\" \/>\n\t<meta name=\"twitter:label2\" content=\"Tiempo de lectura\" \/>\n\t<meta name=\"twitter:data2\" content=\"2 minutos\" \/>\n<script type=\"application\/ld+json\" class=\"yoast-schema-graph\">{\"@context\":\"https:\/\/schema.org\",\"@graph\":[{\"@type\":\"WebPage\",\"@id\":\"https:\/\/www.ull.es\/portal\/noticias\/2024\/dos-festivales-internacionales-de-musica-protagonizan-la-programacion-del-paraninfo-de-la-ull-este-fin-de-semana\/\",\"url\":\"https:\/\/www.ull.es\/portal\/noticias\/2024\/dos-festivales-internacionales-de-musica-protagonizan-la-programacion-del-paraninfo-de-la-ull-este-fin-de-semana\/\",\"name\":\"Dos festivales internacionales de m\u00fasica protagonizan la programaci\u00f3n del Paraninfo de la ULL este fin de semana - ULL - Noticias\",\"isPartOf\":{\"@id\":\"https:\/\/www.ull.es\/portal\/noticias\/#website\"},\"datePublished\":\"2024-07-03T10:20:51+00:00\",\"dateModified\":\"2024-07-03T10:20:51+00:00\",\"author\":{\"@id\":\"https:\/\/www.ull.es\/portal\/noticias\/#\/schema\/person\/b2b1a89d43ffa609e591f7df8ef3e817\"},\"breadcrumb\":{\"@id\":\"https:\/\/www.ull.es\/portal\/noticias\/2024\/dos-festivales-internacionales-de-musica-protagonizan-la-programacion-del-paraninfo-de-la-ull-este-fin-de-semana\/#breadcrumb\"},\"inLanguage\":\"es\",\"potentialAction\":[{\"@type\":\"ReadAction\",\"target\":[\"https:\/\/www.ull.es\/portal\/noticias\/2024\/dos-festivales-internacionales-de-musica-protagonizan-la-programacion-del-paraninfo-de-la-ull-este-fin-de-semana\/\"]}]},{\"@type\":\"BreadcrumbList\",\"@id\":\"https:\/\/www.ull.es\/portal\/noticias\/2024\/dos-festivales-internacionales-de-musica-protagonizan-la-programacion-del-paraninfo-de-la-ull-este-fin-de-semana\/#breadcrumb\",\"itemListElement\":[{\"@type\":\"ListItem\",\"position\":1,\"name\":\"Portada\",\"item\":\"https:\/\/www.ull.es\/portal\/noticias\/\"},{\"@type\":\"ListItem\",\"position\":2,\"name\":\"Dos festivales internacionales de m\u00fasica protagonizan la programaci\u00f3n del Paraninfo de la ULL este fin de semana\"}]},{\"@type\":\"WebSite\",\"@id\":\"https:\/\/www.ull.es\/portal\/noticias\/#website\",\"url\":\"https:\/\/www.ull.es\/portal\/noticias\/\",\"name\":\"ULL - Noticias\",\"description\":\"\",\"potentialAction\":[{\"@type\":\"SearchAction\",\"target\":{\"@type\":\"EntryPoint\",\"urlTemplate\":\"https:\/\/www.ull.es\/portal\/noticias\/?s={search_term_string}\"},\"query-input\":\"required name=search_term_string\"}],\"inLanguage\":\"es\"},{\"@type\":\"Person\",\"@id\":\"https:\/\/www.ull.es\/portal\/noticias\/#\/schema\/person\/b2b1a89d43ffa609e591f7df8ef3e817\",\"name\":\"gaprsa\",\"image\":{\"@type\":\"ImageObject\",\"inLanguage\":\"es\",\"@id\":\"https:\/\/www.ull.es\/portal\/noticias\/#\/schema\/person\/image\/\",\"url\":\"https:\/\/secure.gravatar.com\/avatar\/443820550921091458b4823867723b3d?s=96&d=mm&r=g\",\"contentUrl\":\"https:\/\/secure.gravatar.com\/avatar\/443820550921091458b4823867723b3d?s=96&d=mm&r=g\",\"caption\":\"gaprsa\"},\"url\":\"https:\/\/www.ull.es\/portal\/noticias\/author\/gaprsa\/\"}]}<\/script>\n<!-- \/ Yoast SEO plugin. -->","yoast_head_json":{"title":"Dos festivales internacionales de m\u00fasica protagonizan la programaci\u00f3n del Paraninfo de la ULL este fin de semana - ULL - Noticias","robots":{"index":"index","follow":"follow","max-snippet":"max-snippet:-1","max-image-preview":"max-image-preview:large","max-video-preview":"max-video-preview:-1"},"canonical":"https:\/\/www.ull.es\/portal\/noticias\/2024\/dos-festivales-internacionales-de-musica-protagonizan-la-programacion-del-paraninfo-de-la-ull-este-fin-de-semana\/","og_locale":"es_ES","og_type":"article","og_title":"Dos festivales internacionales de m\u00fasica protagonizan la programaci\u00f3n del Paraninfo de la ULL este fin de semana - ULL - Noticias","og_description":"El Paraninfo de la Universidad de La Laguna ofrece ma\u00f1ana y pasado una variada programaci\u00f3n musical. As\u00ed, ma\u00f1ana jueves 4...","og_url":"https:\/\/www.ull.es\/portal\/noticias\/2024\/dos-festivales-internacionales-de-musica-protagonizan-la-programacion-del-paraninfo-de-la-ull-este-fin-de-semana\/","og_site_name":"ULL - Noticias","article_publisher":"https:\/\/www.facebook.com\/universidaddelalaguna\/","article_published_time":"2024-07-03T10:20:51+00:00","og_image":[{"width":700,"height":350,"url":"https:\/\/www.ull.es\/portal\/noticias\/wp-content\/uploads\/sites\/13\/2024\/07\/Festival-internacional-musica-aguere.jpg","type":"image\/jpeg"}],"author":"gaprsa","twitter_card":"summary_large_image","twitter_creator":"@CanalULL","twitter_site":"@CanalULL","twitter_misc":{"Escrito por":"gaprsa","Tiempo de lectura":"2 minutos"},"schema":{"@context":"https:\/\/schema.org","@graph":[{"@type":"WebPage","@id":"https:\/\/www.ull.es\/portal\/noticias\/2024\/dos-festivales-internacionales-de-musica-protagonizan-la-programacion-del-paraninfo-de-la-ull-este-fin-de-semana\/","url":"https:\/\/www.ull.es\/portal\/noticias\/2024\/dos-festivales-internacionales-de-musica-protagonizan-la-programacion-del-paraninfo-de-la-ull-este-fin-de-semana\/","name":"Dos festivales internacionales de m\u00fasica protagonizan la programaci\u00f3n del Paraninfo de la ULL este fin de semana - ULL - Noticias","isPartOf":{"@id":"https:\/\/www.ull.es\/portal\/noticias\/#website"},"datePublished":"2024-07-03T10:20:51+00:00","dateModified":"2024-07-03T10:20:51+00:00","author":{"@id":"https:\/\/www.ull.es\/portal\/noticias\/#\/schema\/person\/b2b1a89d43ffa609e591f7df8ef3e817"},"breadcrumb":{"@id":"https:\/\/www.ull.es\/portal\/noticias\/2024\/dos-festivales-internacionales-de-musica-protagonizan-la-programacion-del-paraninfo-de-la-ull-este-fin-de-semana\/#breadcrumb"},"inLanguage":"es","potentialAction":[{"@type":"ReadAction","target":["https:\/\/www.ull.es\/portal\/noticias\/2024\/dos-festivales-internacionales-de-musica-protagonizan-la-programacion-del-paraninfo-de-la-ull-este-fin-de-semana\/"]}]},{"@type":"BreadcrumbList","@id":"https:\/\/www.ull.es\/portal\/noticias\/2024\/dos-festivales-internacionales-de-musica-protagonizan-la-programacion-del-paraninfo-de-la-ull-este-fin-de-semana\/#breadcrumb","itemListElement":[{"@type":"ListItem","position":1,"name":"Portada","item":"https:\/\/www.ull.es\/portal\/noticias\/"},{"@type":"ListItem","position":2,"name":"Dos festivales internacionales de m\u00fasica protagonizan la programaci\u00f3n del Paraninfo de la ULL este fin de semana"}]},{"@type":"WebSite","@id":"https:\/\/www.ull.es\/portal\/noticias\/#website","url":"https:\/\/www.ull.es\/portal\/noticias\/","name":"ULL - Noticias","description":"","potentialAction":[{"@type":"SearchAction","target":{"@type":"EntryPoint","urlTemplate":"https:\/\/www.ull.es\/portal\/noticias\/?s={search_term_string}"},"query-input":"required name=search_term_string"}],"inLanguage":"es"},{"@type":"Person","@id":"https:\/\/www.ull.es\/portal\/noticias\/#\/schema\/person\/b2b1a89d43ffa609e591f7df8ef3e817","name":"gaprsa","image":{"@type":"ImageObject","inLanguage":"es","@id":"https:\/\/www.ull.es\/portal\/noticias\/#\/schema\/person\/image\/","url":"https:\/\/secure.gravatar.com\/avatar\/443820550921091458b4823867723b3d?s=96&d=mm&r=g","contentUrl":"https:\/\/secure.gravatar.com\/avatar\/443820550921091458b4823867723b3d?s=96&d=mm&r=g","caption":"gaprsa"},"url":"https:\/\/www.ull.es\/portal\/noticias\/author\/gaprsa\/"}]}},"primary_category":{"id":345,"name":"Destacado","slug":"destacado","link":"https:\/\/www.ull.es\/portal\/noticias\/category\/destacado\/"},"featured_image_thumbnail_url":"https:\/\/www.ull.es\/portal\/noticias\/wp-content\/uploads\/sites\/13\/2024\/07\/Festival-internacional-musica-aguere-300x150.jpg","_links":{"self":[{"href":"https:\/\/www.ull.es\/portal\/noticias\/wp-json\/wp\/v2\/posts\/76459"}],"collection":[{"href":"https:\/\/www.ull.es\/portal\/noticias\/wp-json\/wp\/v2\/posts"}],"about":[{"href":"https:\/\/www.ull.es\/portal\/noticias\/wp-json\/wp\/v2\/types\/post"}],"author":[{"embeddable":true,"href":"https:\/\/www.ull.es\/portal\/noticias\/wp-json\/wp\/v2\/users\/23"}],"replies":[{"embeddable":true,"href":"https:\/\/www.ull.es\/portal\/noticias\/wp-json\/wp\/v2\/comments?post=76459"}],"version-history":[{"count":2,"href":"https:\/\/www.ull.es\/portal\/noticias\/wp-json\/wp\/v2\/posts\/76459\/revisions"}],"predecessor-version":[{"id":76463,"href":"https:\/\/www.ull.es\/portal\/noticias\/wp-json\/wp\/v2\/posts\/76459\/revisions\/76463"}],"wp:featuredmedia":[{"embeddable":true,"href":"https:\/\/www.ull.es\/portal\/noticias\/wp-json\/wp\/v2\/media\/76461"}],"wp:attachment":[{"href":"https:\/\/www.ull.es\/portal\/noticias\/wp-json\/wp\/v2\/media?parent=76459"}],"wp:term":[{"taxonomy":"category","embeddable":true,"href":"https:\/\/www.ull.es\/portal\/noticias\/wp-json\/wp\/v2\/categories?post=76459"},{"taxonomy":"post_tag","embeddable":true,"href":"https:\/\/www.ull.es\/portal\/noticias\/wp-json\/wp\/v2\/tags?post=76459"}],"curies":[{"name":"wp","href":"https:\/\/api.w.org\/{rel}","templated":true}]}}