{"id":76468,"date":"2024-07-03T11:55:35","date_gmt":"2024-07-03T11:55:35","guid":{"rendered":"https:\/\/www.ull.es\/portal\/noticias\/?p=76468"},"modified":"2024-07-03T11:55:35","modified_gmt":"2024-07-03T11:55:35","slug":"la-ull-colabora-en-el-ii-encuentro-internacional-canario-de-las-artes-centrado-en-la-creacion-y-la-pedagogia-musical","status":"publish","type":"post","link":"https:\/\/www.ull.es\/portal\/noticias\/2024\/la-ull-colabora-en-el-ii-encuentro-internacional-canario-de-las-artes-centrado-en-la-creacion-y-la-pedagogia-musical\/","title":{"rendered":"La ULL colabora en el II Encuentro Internacional Canario de las Artes centrado en la creaci\u00f3n y la pedagog\u00eda musical"},"content":{"rendered":"<p>El <a href=\"https:\/\/encuentrocanarts.com\/\" target=\"_blank\" rel=\"noopener\">II Encuentro Internacional Canario de las Artes<\/a> (CanArts), que se celebrar\u00e1 del 5 al 7 de julio en Candelaria, se erige como un punto de encuentro entre compositores, investigadores, pedagogos y gestores de la m\u00fasica, con la misi\u00f3n de promover la investigaci\u00f3n y creaci\u00f3n art\u00edstica musical contempor\u00e1nea y los v\u00ednculos con otras artes y ciencias. La Universidad de La Laguna, a trav\u00e9s de su Vicerrectorado de Cultura y Extensi\u00f3n Universitaria, colabora en esta actividad.<\/p>\n<p>Este marco proporciona un espacio donde compartir los proyectos art\u00edsticos y de investigaci\u00f3n pedag\u00f3gica o gesti\u00f3n que se est\u00e1n desarrollando en un ambiente propicio para el di\u00e1logo, y donde establecer v\u00ednculos entre los agentes implicados. Se trata de un encuentro que propicia la transferencia de conocimiento de alcance internacional, a trav\u00e9s de un programa que comprende siete sesiones plenarias, dos mesas redondas, seis mesas tem\u00e1ticas con un total de 25 ponentes y 21 comunicaciones, as\u00ed como un <a href=\"https:\/\/encuentrocanarts.com\/wp-content\/uploads\/2024\/06\/Concierto-7-de-julio-CANARTS.pdf\" target=\"_blank\" rel=\"noopener\">concierto de clausura<\/a> que pone de relieve el patrimonio musical canario, adem\u00e1s de la <a href=\"https:\/\/encuentrocanarts.com\/multimedia\/\" target=\"_blank\" rel=\"noopener\">presentaci\u00f3n<\/a> del libro <em>Creaci\u00f3n art\u00edstica interdisciplinar. Lenguajes y retos del siglo XXI<\/em>, fruto de la pasada edici\u00f3n de CanArts 2023 y del convenio entre Ayuntamiento de Candelaria y Universidad de La Laguna.<\/p>\n<p>Las comunicaciones en CanArts 2024 acogen <a href=\"https:\/\/encuentrocanarts.com\/participa\/lineas-tematicas-2\/\" target=\"_blank\" rel=\"noopener\">l\u00edneas tem\u00e1ticas<\/a> como son Nuevas pedagog\u00edas asociadas a la formaci\u00f3n musical contempor\u00e1nea; Interdisciplinariedad art\u00edstica como paradigma; Tradici\u00f3n musical canaria en los siglos XX y XXI; Mujeres y m\u00fasica, entre otras.<\/p>\n<p>Entre los <a href=\"https:\/\/encuentrocanarts.com\/programa\/ponentes-2024\/\" target=\"_blank\" rel=\"noopener\">invitados<\/a> confirmados figuran V\u00edctor Pablo P\u00e9rez, Jos\u00e9 Brito \u2013 Barrios Orquestados, Samuel Aguilar, Mari\u00e9n Gonz\u00e1lez, Manuel Bonino, Alejandro Coello y Augusto Brito, Coro de Voces Blancas del Conservatorio Profesional de M\u00fasica de Tenerife y una relevante selecci\u00f3n de ponentes expertos.<\/p>\n<p>CanArts est\u00e1 dise\u00f1ado como un espacio de intercambio cultural interdisciplinario en el mundo de las artes y la educaci\u00f3n, y se dirige a pedagogos de la m\u00fasica, investigadores, artistas y creadores, as\u00ed como a estudiantes de ense\u00f1anzas medias y superiores, grados, posgrados universitarios, y art\u00edsticas. Tambi\u00e9n est\u00e1 abierto a todas las personas con inquietudes intelectuales y art\u00edsticas que deseen asistir al Encuentro como oyentes.<\/p>\n<p>Este evento mantiene un formato online y presencial. La inscripci\u00f3n gratuita puede formalizarse <a href=\"https:\/\/encuentrocanarts.com\/\" target=\"_blank\" rel=\"noopener\">aqu\u00ed.<\/a><\/p>\n<p>&nbsp;<\/p>\n","protected":false},"excerpt":{"rendered":"<p>El II Encuentro Internacional Canario de las Artes (CanArts), que se celebrar\u00e1 del 5 al 7 de julio en Candelaria,&#8230;<\/p>\n","protected":false},"author":23,"featured_media":76469,"comment_status":"closed","ping_status":"closed","sticky":false,"template":"","format":"standard","meta":{"inline_featured_image":false,"footnotes":""},"categories":[344,345,2765],"tags":[],"acf":[],"yoast_head":"<!-- This site is optimized with the Yoast SEO plugin v21.3 - https:\/\/yoast.com\/wordpress\/plugins\/seo\/ -->\n<title>La ULL colabora en el II Encuentro Internacional Canario de las Artes centrado en la creaci\u00f3n y la pedagog\u00eda musical - ULL - Noticias<\/title>\n<meta name=\"robots\" content=\"index, follow, max-snippet:-1, max-image-preview:large, max-video-preview:-1\" \/>\n<link rel=\"canonical\" href=\"https:\/\/www.ull.es\/portal\/noticias\/2024\/la-ull-colabora-en-el-ii-encuentro-internacional-canario-de-las-artes-centrado-en-la-creacion-y-la-pedagogia-musical\/\" \/>\n<meta property=\"og:locale\" content=\"es_ES\" \/>\n<meta property=\"og:type\" content=\"article\" \/>\n<meta property=\"og:title\" content=\"La ULL colabora en el II Encuentro Internacional Canario de las Artes centrado en la creaci\u00f3n y la pedagog\u00eda musical - ULL - Noticias\" \/>\n<meta property=\"og:description\" content=\"El II Encuentro Internacional Canario de las Artes (CanArts), que se celebrar\u00e1 del 5 al 7 de julio en Candelaria,...\" \/>\n<meta property=\"og:url\" content=\"https:\/\/www.ull.es\/portal\/noticias\/2024\/la-ull-colabora-en-el-ii-encuentro-internacional-canario-de-las-artes-centrado-en-la-creacion-y-la-pedagogia-musical\/\" \/>\n<meta property=\"og:site_name\" content=\"ULL - Noticias\" \/>\n<meta property=\"article:publisher\" content=\"https:\/\/www.facebook.com\/universidaddelalaguna\/\" \/>\n<meta property=\"article:published_time\" content=\"2024-07-03T11:55:35+00:00\" \/>\n<meta property=\"og:image\" content=\"https:\/\/www.ull.es\/portal\/noticias\/wp-content\/uploads\/sites\/13\/2024\/07\/Encuentro-CanArts_Banner-eventos.png\" \/>\n\t<meta property=\"og:image:width\" content=\"750\" \/>\n\t<meta property=\"og:image:height\" content=\"370\" \/>\n\t<meta property=\"og:image:type\" content=\"image\/png\" \/>\n<meta name=\"author\" content=\"gaprsa\" \/>\n<meta name=\"twitter:card\" content=\"summary_large_image\" \/>\n<meta name=\"twitter:creator\" content=\"@CanalULL\" \/>\n<meta name=\"twitter:site\" content=\"@CanalULL\" \/>\n<meta name=\"twitter:label1\" content=\"Escrito por\" \/>\n\t<meta name=\"twitter:data1\" content=\"gaprsa\" \/>\n\t<meta name=\"twitter:label2\" content=\"Tiempo de lectura\" \/>\n\t<meta name=\"twitter:data2\" content=\"2 minutos\" \/>\n<script type=\"application\/ld+json\" class=\"yoast-schema-graph\">{\"@context\":\"https:\/\/schema.org\",\"@graph\":[{\"@type\":\"WebPage\",\"@id\":\"https:\/\/www.ull.es\/portal\/noticias\/2024\/la-ull-colabora-en-el-ii-encuentro-internacional-canario-de-las-artes-centrado-en-la-creacion-y-la-pedagogia-musical\/\",\"url\":\"https:\/\/www.ull.es\/portal\/noticias\/2024\/la-ull-colabora-en-el-ii-encuentro-internacional-canario-de-las-artes-centrado-en-la-creacion-y-la-pedagogia-musical\/\",\"name\":\"La ULL colabora en el II Encuentro Internacional Canario de las Artes centrado en la creaci\u00f3n y la pedagog\u00eda musical - ULL - Noticias\",\"isPartOf\":{\"@id\":\"https:\/\/www.ull.es\/portal\/noticias\/#website\"},\"datePublished\":\"2024-07-03T11:55:35+00:00\",\"dateModified\":\"2024-07-03T11:55:35+00:00\",\"author\":{\"@id\":\"https:\/\/www.ull.es\/portal\/noticias\/#\/schema\/person\/b2b1a89d43ffa609e591f7df8ef3e817\"},\"breadcrumb\":{\"@id\":\"https:\/\/www.ull.es\/portal\/noticias\/2024\/la-ull-colabora-en-el-ii-encuentro-internacional-canario-de-las-artes-centrado-en-la-creacion-y-la-pedagogia-musical\/#breadcrumb\"},\"inLanguage\":\"es\",\"potentialAction\":[{\"@type\":\"ReadAction\",\"target\":[\"https:\/\/www.ull.es\/portal\/noticias\/2024\/la-ull-colabora-en-el-ii-encuentro-internacional-canario-de-las-artes-centrado-en-la-creacion-y-la-pedagogia-musical\/\"]}]},{\"@type\":\"BreadcrumbList\",\"@id\":\"https:\/\/www.ull.es\/portal\/noticias\/2024\/la-ull-colabora-en-el-ii-encuentro-internacional-canario-de-las-artes-centrado-en-la-creacion-y-la-pedagogia-musical\/#breadcrumb\",\"itemListElement\":[{\"@type\":\"ListItem\",\"position\":1,\"name\":\"Portada\",\"item\":\"https:\/\/www.ull.es\/portal\/noticias\/\"},{\"@type\":\"ListItem\",\"position\":2,\"name\":\"La ULL colabora en el II Encuentro Internacional Canario de las Artes centrado en la creaci\u00f3n y la pedagog\u00eda musical\"}]},{\"@type\":\"WebSite\",\"@id\":\"https:\/\/www.ull.es\/portal\/noticias\/#website\",\"url\":\"https:\/\/www.ull.es\/portal\/noticias\/\",\"name\":\"ULL - Noticias\",\"description\":\"\",\"potentialAction\":[{\"@type\":\"SearchAction\",\"target\":{\"@type\":\"EntryPoint\",\"urlTemplate\":\"https:\/\/www.ull.es\/portal\/noticias\/?s={search_term_string}\"},\"query-input\":\"required name=search_term_string\"}],\"inLanguage\":\"es\"},{\"@type\":\"Person\",\"@id\":\"https:\/\/www.ull.es\/portal\/noticias\/#\/schema\/person\/b2b1a89d43ffa609e591f7df8ef3e817\",\"name\":\"gaprsa\",\"image\":{\"@type\":\"ImageObject\",\"inLanguage\":\"es\",\"@id\":\"https:\/\/www.ull.es\/portal\/noticias\/#\/schema\/person\/image\/\",\"url\":\"https:\/\/secure.gravatar.com\/avatar\/443820550921091458b4823867723b3d?s=96&d=mm&r=g\",\"contentUrl\":\"https:\/\/secure.gravatar.com\/avatar\/443820550921091458b4823867723b3d?s=96&d=mm&r=g\",\"caption\":\"gaprsa\"},\"url\":\"https:\/\/www.ull.es\/portal\/noticias\/author\/gaprsa\/\"}]}<\/script>\n<!-- \/ Yoast SEO plugin. -->","yoast_head_json":{"title":"La ULL colabora en el II Encuentro Internacional Canario de las Artes centrado en la creaci\u00f3n y la pedagog\u00eda musical - ULL - Noticias","robots":{"index":"index","follow":"follow","max-snippet":"max-snippet:-1","max-image-preview":"max-image-preview:large","max-video-preview":"max-video-preview:-1"},"canonical":"https:\/\/www.ull.es\/portal\/noticias\/2024\/la-ull-colabora-en-el-ii-encuentro-internacional-canario-de-las-artes-centrado-en-la-creacion-y-la-pedagogia-musical\/","og_locale":"es_ES","og_type":"article","og_title":"La ULL colabora en el II Encuentro Internacional Canario de las Artes centrado en la creaci\u00f3n y la pedagog\u00eda musical - ULL - Noticias","og_description":"El II Encuentro Internacional Canario de las Artes (CanArts), que se celebrar\u00e1 del 5 al 7 de julio en Candelaria,...","og_url":"https:\/\/www.ull.es\/portal\/noticias\/2024\/la-ull-colabora-en-el-ii-encuentro-internacional-canario-de-las-artes-centrado-en-la-creacion-y-la-pedagogia-musical\/","og_site_name":"ULL - Noticias","article_publisher":"https:\/\/www.facebook.com\/universidaddelalaguna\/","article_published_time":"2024-07-03T11:55:35+00:00","og_image":[{"width":750,"height":370,"url":"https:\/\/www.ull.es\/portal\/noticias\/wp-content\/uploads\/sites\/13\/2024\/07\/Encuentro-CanArts_Banner-eventos.png","type":"image\/png"}],"author":"gaprsa","twitter_card":"summary_large_image","twitter_creator":"@CanalULL","twitter_site":"@CanalULL","twitter_misc":{"Escrito por":"gaprsa","Tiempo de lectura":"2 minutos"},"schema":{"@context":"https:\/\/schema.org","@graph":[{"@type":"WebPage","@id":"https:\/\/www.ull.es\/portal\/noticias\/2024\/la-ull-colabora-en-el-ii-encuentro-internacional-canario-de-las-artes-centrado-en-la-creacion-y-la-pedagogia-musical\/","url":"https:\/\/www.ull.es\/portal\/noticias\/2024\/la-ull-colabora-en-el-ii-encuentro-internacional-canario-de-las-artes-centrado-en-la-creacion-y-la-pedagogia-musical\/","name":"La ULL colabora en el II Encuentro Internacional Canario de las Artes centrado en la creaci\u00f3n y la pedagog\u00eda musical - ULL - Noticias","isPartOf":{"@id":"https:\/\/www.ull.es\/portal\/noticias\/#website"},"datePublished":"2024-07-03T11:55:35+00:00","dateModified":"2024-07-03T11:55:35+00:00","author":{"@id":"https:\/\/www.ull.es\/portal\/noticias\/#\/schema\/person\/b2b1a89d43ffa609e591f7df8ef3e817"},"breadcrumb":{"@id":"https:\/\/www.ull.es\/portal\/noticias\/2024\/la-ull-colabora-en-el-ii-encuentro-internacional-canario-de-las-artes-centrado-en-la-creacion-y-la-pedagogia-musical\/#breadcrumb"},"inLanguage":"es","potentialAction":[{"@type":"ReadAction","target":["https:\/\/www.ull.es\/portal\/noticias\/2024\/la-ull-colabora-en-el-ii-encuentro-internacional-canario-de-las-artes-centrado-en-la-creacion-y-la-pedagogia-musical\/"]}]},{"@type":"BreadcrumbList","@id":"https:\/\/www.ull.es\/portal\/noticias\/2024\/la-ull-colabora-en-el-ii-encuentro-internacional-canario-de-las-artes-centrado-en-la-creacion-y-la-pedagogia-musical\/#breadcrumb","itemListElement":[{"@type":"ListItem","position":1,"name":"Portada","item":"https:\/\/www.ull.es\/portal\/noticias\/"},{"@type":"ListItem","position":2,"name":"La ULL colabora en el II Encuentro Internacional Canario de las Artes centrado en la creaci\u00f3n y la pedagog\u00eda musical"}]},{"@type":"WebSite","@id":"https:\/\/www.ull.es\/portal\/noticias\/#website","url":"https:\/\/www.ull.es\/portal\/noticias\/","name":"ULL - Noticias","description":"","potentialAction":[{"@type":"SearchAction","target":{"@type":"EntryPoint","urlTemplate":"https:\/\/www.ull.es\/portal\/noticias\/?s={search_term_string}"},"query-input":"required name=search_term_string"}],"inLanguage":"es"},{"@type":"Person","@id":"https:\/\/www.ull.es\/portal\/noticias\/#\/schema\/person\/b2b1a89d43ffa609e591f7df8ef3e817","name":"gaprsa","image":{"@type":"ImageObject","inLanguage":"es","@id":"https:\/\/www.ull.es\/portal\/noticias\/#\/schema\/person\/image\/","url":"https:\/\/secure.gravatar.com\/avatar\/443820550921091458b4823867723b3d?s=96&d=mm&r=g","contentUrl":"https:\/\/secure.gravatar.com\/avatar\/443820550921091458b4823867723b3d?s=96&d=mm&r=g","caption":"gaprsa"},"url":"https:\/\/www.ull.es\/portal\/noticias\/author\/gaprsa\/"}]}},"primary_category":{"id":345,"name":"Destacado","slug":"destacado","link":"https:\/\/www.ull.es\/portal\/noticias\/category\/destacado\/"},"featured_image_thumbnail_url":"https:\/\/www.ull.es\/portal\/noticias\/wp-content\/uploads\/sites\/13\/2024\/07\/Encuentro-CanArts_Banner-eventos-300x148.png","_links":{"self":[{"href":"https:\/\/www.ull.es\/portal\/noticias\/wp-json\/wp\/v2\/posts\/76468"}],"collection":[{"href":"https:\/\/www.ull.es\/portal\/noticias\/wp-json\/wp\/v2\/posts"}],"about":[{"href":"https:\/\/www.ull.es\/portal\/noticias\/wp-json\/wp\/v2\/types\/post"}],"author":[{"embeddable":true,"href":"https:\/\/www.ull.es\/portal\/noticias\/wp-json\/wp\/v2\/users\/23"}],"replies":[{"embeddable":true,"href":"https:\/\/www.ull.es\/portal\/noticias\/wp-json\/wp\/v2\/comments?post=76468"}],"version-history":[{"count":2,"href":"https:\/\/www.ull.es\/portal\/noticias\/wp-json\/wp\/v2\/posts\/76468\/revisions"}],"predecessor-version":[{"id":76471,"href":"https:\/\/www.ull.es\/portal\/noticias\/wp-json\/wp\/v2\/posts\/76468\/revisions\/76471"}],"wp:featuredmedia":[{"embeddable":true,"href":"https:\/\/www.ull.es\/portal\/noticias\/wp-json\/wp\/v2\/media\/76469"}],"wp:attachment":[{"href":"https:\/\/www.ull.es\/portal\/noticias\/wp-json\/wp\/v2\/media?parent=76468"}],"wp:term":[{"taxonomy":"category","embeddable":true,"href":"https:\/\/www.ull.es\/portal\/noticias\/wp-json\/wp\/v2\/categories?post=76468"},{"taxonomy":"post_tag","embeddable":true,"href":"https:\/\/www.ull.es\/portal\/noticias\/wp-json\/wp\/v2\/tags?post=76468"}],"curies":[{"name":"wp","href":"https:\/\/api.w.org\/{rel}","templated":true}]}}