{"id":76489,"date":"2024-07-04T11:39:01","date_gmt":"2024-07-04T11:39:01","guid":{"rendered":"https:\/\/www.ull.es\/portal\/noticias\/?p=76489"},"modified":"2024-07-04T11:39:01","modified_gmt":"2024-07-04T11:39:01","slug":"las-fundaciones-cajacanarias-y-la-caixa-analizan-el-presente-y-el-futuro-de-la-innovacion-en-canarias","status":"publish","type":"post","link":"https:\/\/www.ull.es\/portal\/noticias\/2024\/las-fundaciones-cajacanarias-y-la-caixa-analizan-el-presente-y-el-futuro-de-la-innovacion-en-canarias\/","title":{"rendered":"Las Fundaciones CajaCanarias y \u00abla Caixa\u00bb analizan el presente y el futuro de la innovaci\u00f3n en Canarias"},"content":{"rendered":"<div class=\"wpb_text_column wpb_content_element \">\n<div class=\"wpb_wrapper\">\n<div class=\"wpb_text_column wpb_content_element \">\n<div class=\"wpb_wrapper\">\n<p>La Fundaci\u00f3n CajaCanarias y la Fundaci\u00f3n \u201cla Caixa\u201d celebraron el pasado viernes, 28 de junio, en el Espacio Cultural de Santa Cruz de Tenerife, el panel de especialistas\u00a0<em>Investigaci\u00f3n e innovaci\u00f3n en Canarias: generaci\u00f3n del conocimiento y gesti\u00f3n de recursos<\/em>, una iniciativa que surge con motivo del d\u00e9cimo aniversario de la convocatoria de ayudas a proyectos de investigaci\u00f3n, nacida en 2013 y que, desde 2017, cuenta con la participaci\u00f3n de la Fundaci\u00f3n \u201cla Caixa\u201d. Esta convocatoria cuenta cada a\u00f1o con un presupuesto de 500.000 euros para financiar proyectos de investigaci\u00f3n de calidad que desarrollen y potencien aquellos \u00e1mbitos que sean de inter\u00e9s para Canarias, y cuyos resultados puedan ayudar a la soluci\u00f3n de problemas.<\/p>\n<p>La apertura de esta jornada corri\u00f3 a cargo de Javier Franco, director de la Agencia Canaria de Investigaci\u00f3n, Innovaci\u00f3n y Sociedad de la Informaci\u00f3n; Francisco Garc\u00eda, rector de la Universidad de La Laguna; Sebasti\u00e1n L\u00f3pez, vicerrector de Investigaci\u00f3n y Transferencia de la Universidad de Las Palmas de Gran Canaria; Mauricio Gonz\u00e1lez, delegado de Santa Cruz de Tenerife de la Fundaci\u00f3n \u201cla Caixa\u201d; y Margarita Ramos, presidenta de la Fundaci\u00f3n CajaCanarias.<\/p>\n<p><em>Investigaci\u00f3n e innovaci\u00f3n en Canarias: generaci\u00f3n del conocimiento y gesti\u00f3n de recursos\u00a0<\/em>se inici\u00f3 con un balance de resultados de estos diez a\u00f1os de proyectos a cargo de Gracia Rodr\u00edguez, profesora de la Facultad de Econom\u00eda de la Universidad de La Laguna y patrona de la Fundaci\u00f3n CajaCanarias, mediante un recorrido que puso en valor la necesidad de continuar apostando por esta convocatoria, que se ha convertido en un referente entre los investigadores e investigadoras en la regi\u00f3n.<\/p>\n<p>Durante la jornada, el p\u00fablico reunido en el Espacio Cultural CajaCanarias asisti\u00f3 a la ponencia del director de Econom\u00eda y Finanzas de la Fundaci\u00f3n COTEC, Aleix Pons, presentada por Urbano Medina, catedr\u00e1tico de Econom\u00eda Financiera y Contabilidad de la ULL. Pons ofreci\u00f3 un completo an\u00e1lisis sobre el estado de la innovaci\u00f3n en Espa\u00f1a y, en especial, en Canarias, as\u00ed como su contribuci\u00f3n al desarrollo econ\u00f3mico y social. La mesa de expertos y expertas, en la que expusieron el trabajo que est\u00e1n realizando en la actualidad las distintas instituciones de los participantes, estuvo moderada por M\u00aa del Mar Afonso, decana de la Facultad de Ciencias de la Universidad de La Laguna, y cont\u00f3 con Gloria Lobo, coordinadora de programas y responsable postcosecha y tecnolog\u00eda de los alimentos del Instituto Canario de Investigaciones Agraria; Santiago Hern\u00e1ndez, director del Instituto de Oceanograf\u00eda y Cambio Global de la ULPGC; Gustavo Marrero, catedr\u00e1tico e investigador del Instituto Universitario de Desarrollo Regional y del Centro de Estudios de Desigualdad Social y Gobernanza de la ULL, y Emilia Rom\u00e1n, profesora contratada y doctora de la Universidad Polit\u00e9cnica de Madrid.<\/p>\n<p>La jornada continu\u00f3 con dos paneles de an\u00e1lisis de diferentes campos. El primero de ellos,\u00a0<em>Innovaci\u00f3n t\u00e9cnica y tecnol\u00f3gica en el \u00e1mbito empresarial<\/em>, presentado por Juan Capote, cont\u00f3 con la participaci\u00f3n de Jos\u00e9 Hern\u00e1ndez, director de la PLOCAN; Valent\u00edn Mart\u00ednez, director del Instituto de Astrof\u00edsica de Canarias; y Guillermo Galv\u00e1n, jefe del Departamento de Energ\u00eda E\u00f3lica del ITER. El segundo, bajo el t\u00edtulo <em>Pol\u00edticas p\u00fablicas de investigaci\u00f3n e innovaci\u00f3n en Canarias<\/em>, estuvo dirigido por Margarita Ramos, presidenta de la Fundaci\u00f3n CajaCanarias, y en \u00e9l participaron Javier Hormiga, director de la Agencia Canaria de Investigaci\u00f3n, Innovaci\u00f3n y Sociedad de la Informaci\u00f3n; Antonio Aparicio Juan, vicerrector de Investigaci\u00f3n y Transferencia de la ULL, y Sebasti\u00e1n Miguel L\u00f3pez Su\u00e1rez, su hom\u00f3logo en la ULPGC.<\/p>\n<p>Esta iniciativa de la Fundaci\u00f3n CajaCanarias y la Fundaci\u00f3n \u201cla Caixa\u201d se cerr\u00f3 con un conciso an\u00e1lisis de las conclusiones de la jornada por parte de la arquitecta bioclim\u00e1tica Araceli Reymundo. La clausura de este interesante panel de especialistas corri\u00f3 a cargo de Jos\u00e9 Luis Rivero Ceballos, catedr\u00e1tico en Econom\u00eda Aplicada de la Universidad de La Laguna.<\/p>\n<\/div>\n<\/div>\n<div class=\"vc_empty_space\">(Nota cedida).<\/div>\n<\/div>\n<\/div>\n<div class=\"vc_empty_space\"><\/div>\n","protected":false},"excerpt":{"rendered":"<p>La Fundaci\u00f3n CajaCanarias y la Fundaci\u00f3n \u201cla Caixa\u201d celebraron el pasado viernes, 28 de junio, en el Espacio Cultural de&#8230;<\/p>\n","protected":false},"author":23,"featured_media":76490,"comment_status":"closed","ping_status":"closed","sticky":false,"template":"","format":"standard","meta":{"inline_featured_image":false,"footnotes":""},"categories":[345,350,2765],"tags":[],"acf":[],"yoast_head":"<!-- This site is optimized with the Yoast SEO plugin v21.3 - https:\/\/yoast.com\/wordpress\/plugins\/seo\/ -->\n<title>Las Fundaciones CajaCanarias y &quot;la Caixa&quot; analizan el presente y el futuro de la innovaci\u00f3n en Canarias - ULL - Noticias<\/title>\n<meta name=\"robots\" content=\"index, follow, max-snippet:-1, max-image-preview:large, max-video-preview:-1\" \/>\n<link rel=\"canonical\" href=\"https:\/\/www.ull.es\/portal\/noticias\/2024\/las-fundaciones-cajacanarias-y-la-caixa-analizan-el-presente-y-el-futuro-de-la-innovacion-en-canarias\/\" \/>\n<meta property=\"og:locale\" content=\"es_ES\" \/>\n<meta property=\"og:type\" content=\"article\" \/>\n<meta property=\"og:title\" content=\"Las Fundaciones CajaCanarias y &quot;la Caixa&quot; analizan el presente y el futuro de la innovaci\u00f3n en Canarias - ULL - Noticias\" \/>\n<meta property=\"og:description\" content=\"La Fundaci\u00f3n CajaCanarias y la Fundaci\u00f3n \u201cla Caixa\u201d celebraron el pasado viernes, 28 de junio, en el Espacio Cultural de...\" \/>\n<meta property=\"og:url\" content=\"https:\/\/www.ull.es\/portal\/noticias\/2024\/las-fundaciones-cajacanarias-y-la-caixa-analizan-el-presente-y-el-futuro-de-la-innovacion-en-canarias\/\" \/>\n<meta property=\"og:site_name\" content=\"ULL - Noticias\" \/>\n<meta property=\"article:publisher\" content=\"https:\/\/www.facebook.com\/universidaddelalaguna\/\" \/>\n<meta property=\"article:published_time\" content=\"2024-07-04T11:39:01+00:00\" \/>\n<meta property=\"og:image\" content=\"https:\/\/www.ull.es\/portal\/noticias\/wp-content\/uploads\/sites\/13\/2024\/07\/cajacanarias_presentacion_estudios-22.jpg\" \/>\n\t<meta property=\"og:image:width\" content=\"1275\" \/>\n\t<meta property=\"og:image:height\" content=\"600\" \/>\n\t<meta property=\"og:image:type\" content=\"image\/jpeg\" \/>\n<meta name=\"author\" content=\"gaprsa\" \/>\n<meta name=\"twitter:card\" content=\"summary_large_image\" \/>\n<meta name=\"twitter:creator\" content=\"@CanalULL\" \/>\n<meta name=\"twitter:site\" content=\"@CanalULL\" \/>\n<meta name=\"twitter:label1\" content=\"Escrito por\" \/>\n\t<meta name=\"twitter:data1\" content=\"gaprsa\" \/>\n\t<meta name=\"twitter:label2\" content=\"Tiempo de lectura\" \/>\n\t<meta name=\"twitter:data2\" content=\"3 minutos\" \/>\n<script type=\"application\/ld+json\" class=\"yoast-schema-graph\">{\"@context\":\"https:\/\/schema.org\",\"@graph\":[{\"@type\":\"WebPage\",\"@id\":\"https:\/\/www.ull.es\/portal\/noticias\/2024\/las-fundaciones-cajacanarias-y-la-caixa-analizan-el-presente-y-el-futuro-de-la-innovacion-en-canarias\/\",\"url\":\"https:\/\/www.ull.es\/portal\/noticias\/2024\/las-fundaciones-cajacanarias-y-la-caixa-analizan-el-presente-y-el-futuro-de-la-innovacion-en-canarias\/\",\"name\":\"Las Fundaciones CajaCanarias y \\\"la Caixa\\\" analizan el presente y el futuro de la innovaci\u00f3n en Canarias - ULL - Noticias\",\"isPartOf\":{\"@id\":\"https:\/\/www.ull.es\/portal\/noticias\/#website\"},\"datePublished\":\"2024-07-04T11:39:01+00:00\",\"dateModified\":\"2024-07-04T11:39:01+00:00\",\"author\":{\"@id\":\"https:\/\/www.ull.es\/portal\/noticias\/#\/schema\/person\/b2b1a89d43ffa609e591f7df8ef3e817\"},\"breadcrumb\":{\"@id\":\"https:\/\/www.ull.es\/portal\/noticias\/2024\/las-fundaciones-cajacanarias-y-la-caixa-analizan-el-presente-y-el-futuro-de-la-innovacion-en-canarias\/#breadcrumb\"},\"inLanguage\":\"es\",\"potentialAction\":[{\"@type\":\"ReadAction\",\"target\":[\"https:\/\/www.ull.es\/portal\/noticias\/2024\/las-fundaciones-cajacanarias-y-la-caixa-analizan-el-presente-y-el-futuro-de-la-innovacion-en-canarias\/\"]}]},{\"@type\":\"BreadcrumbList\",\"@id\":\"https:\/\/www.ull.es\/portal\/noticias\/2024\/las-fundaciones-cajacanarias-y-la-caixa-analizan-el-presente-y-el-futuro-de-la-innovacion-en-canarias\/#breadcrumb\",\"itemListElement\":[{\"@type\":\"ListItem\",\"position\":1,\"name\":\"Portada\",\"item\":\"https:\/\/www.ull.es\/portal\/noticias\/\"},{\"@type\":\"ListItem\",\"position\":2,\"name\":\"Las Fundaciones CajaCanarias y \u00abla Caixa\u00bb analizan el presente y el futuro de la innovaci\u00f3n en Canarias\"}]},{\"@type\":\"WebSite\",\"@id\":\"https:\/\/www.ull.es\/portal\/noticias\/#website\",\"url\":\"https:\/\/www.ull.es\/portal\/noticias\/\",\"name\":\"ULL - Noticias\",\"description\":\"\",\"potentialAction\":[{\"@type\":\"SearchAction\",\"target\":{\"@type\":\"EntryPoint\",\"urlTemplate\":\"https:\/\/www.ull.es\/portal\/noticias\/?s={search_term_string}\"},\"query-input\":\"required name=search_term_string\"}],\"inLanguage\":\"es\"},{\"@type\":\"Person\",\"@id\":\"https:\/\/www.ull.es\/portal\/noticias\/#\/schema\/person\/b2b1a89d43ffa609e591f7df8ef3e817\",\"name\":\"gaprsa\",\"image\":{\"@type\":\"ImageObject\",\"inLanguage\":\"es\",\"@id\":\"https:\/\/www.ull.es\/portal\/noticias\/#\/schema\/person\/image\/\",\"url\":\"https:\/\/secure.gravatar.com\/avatar\/443820550921091458b4823867723b3d?s=96&d=mm&r=g\",\"contentUrl\":\"https:\/\/secure.gravatar.com\/avatar\/443820550921091458b4823867723b3d?s=96&d=mm&r=g\",\"caption\":\"gaprsa\"},\"url\":\"https:\/\/www.ull.es\/portal\/noticias\/author\/gaprsa\/\"}]}<\/script>\n<!-- \/ Yoast SEO plugin. -->","yoast_head_json":{"title":"Las Fundaciones CajaCanarias y \"la Caixa\" analizan el presente y el futuro de la innovaci\u00f3n en Canarias - ULL - Noticias","robots":{"index":"index","follow":"follow","max-snippet":"max-snippet:-1","max-image-preview":"max-image-preview:large","max-video-preview":"max-video-preview:-1"},"canonical":"https:\/\/www.ull.es\/portal\/noticias\/2024\/las-fundaciones-cajacanarias-y-la-caixa-analizan-el-presente-y-el-futuro-de-la-innovacion-en-canarias\/","og_locale":"es_ES","og_type":"article","og_title":"Las Fundaciones CajaCanarias y \"la Caixa\" analizan el presente y el futuro de la innovaci\u00f3n en Canarias - ULL - Noticias","og_description":"La Fundaci\u00f3n CajaCanarias y la Fundaci\u00f3n \u201cla Caixa\u201d celebraron el pasado viernes, 28 de junio, en el Espacio Cultural de...","og_url":"https:\/\/www.ull.es\/portal\/noticias\/2024\/las-fundaciones-cajacanarias-y-la-caixa-analizan-el-presente-y-el-futuro-de-la-innovacion-en-canarias\/","og_site_name":"ULL - Noticias","article_publisher":"https:\/\/www.facebook.com\/universidaddelalaguna\/","article_published_time":"2024-07-04T11:39:01+00:00","og_image":[{"width":1275,"height":600,"url":"https:\/\/www.ull.es\/portal\/noticias\/wp-content\/uploads\/sites\/13\/2024\/07\/cajacanarias_presentacion_estudios-22.jpg","type":"image\/jpeg"}],"author":"gaprsa","twitter_card":"summary_large_image","twitter_creator":"@CanalULL","twitter_site":"@CanalULL","twitter_misc":{"Escrito por":"gaprsa","Tiempo de lectura":"3 minutos"},"schema":{"@context":"https:\/\/schema.org","@graph":[{"@type":"WebPage","@id":"https:\/\/www.ull.es\/portal\/noticias\/2024\/las-fundaciones-cajacanarias-y-la-caixa-analizan-el-presente-y-el-futuro-de-la-innovacion-en-canarias\/","url":"https:\/\/www.ull.es\/portal\/noticias\/2024\/las-fundaciones-cajacanarias-y-la-caixa-analizan-el-presente-y-el-futuro-de-la-innovacion-en-canarias\/","name":"Las Fundaciones CajaCanarias y \"la Caixa\" analizan el presente y el futuro de la innovaci\u00f3n en Canarias - ULL - Noticias","isPartOf":{"@id":"https:\/\/www.ull.es\/portal\/noticias\/#website"},"datePublished":"2024-07-04T11:39:01+00:00","dateModified":"2024-07-04T11:39:01+00:00","author":{"@id":"https:\/\/www.ull.es\/portal\/noticias\/#\/schema\/person\/b2b1a89d43ffa609e591f7df8ef3e817"},"breadcrumb":{"@id":"https:\/\/www.ull.es\/portal\/noticias\/2024\/las-fundaciones-cajacanarias-y-la-caixa-analizan-el-presente-y-el-futuro-de-la-innovacion-en-canarias\/#breadcrumb"},"inLanguage":"es","potentialAction":[{"@type":"ReadAction","target":["https:\/\/www.ull.es\/portal\/noticias\/2024\/las-fundaciones-cajacanarias-y-la-caixa-analizan-el-presente-y-el-futuro-de-la-innovacion-en-canarias\/"]}]},{"@type":"BreadcrumbList","@id":"https:\/\/www.ull.es\/portal\/noticias\/2024\/las-fundaciones-cajacanarias-y-la-caixa-analizan-el-presente-y-el-futuro-de-la-innovacion-en-canarias\/#breadcrumb","itemListElement":[{"@type":"ListItem","position":1,"name":"Portada","item":"https:\/\/www.ull.es\/portal\/noticias\/"},{"@type":"ListItem","position":2,"name":"Las Fundaciones CajaCanarias y \u00abla Caixa\u00bb analizan el presente y el futuro de la innovaci\u00f3n en Canarias"}]},{"@type":"WebSite","@id":"https:\/\/www.ull.es\/portal\/noticias\/#website","url":"https:\/\/www.ull.es\/portal\/noticias\/","name":"ULL - Noticias","description":"","potentialAction":[{"@type":"SearchAction","target":{"@type":"EntryPoint","urlTemplate":"https:\/\/www.ull.es\/portal\/noticias\/?s={search_term_string}"},"query-input":"required name=search_term_string"}],"inLanguage":"es"},{"@type":"Person","@id":"https:\/\/www.ull.es\/portal\/noticias\/#\/schema\/person\/b2b1a89d43ffa609e591f7df8ef3e817","name":"gaprsa","image":{"@type":"ImageObject","inLanguage":"es","@id":"https:\/\/www.ull.es\/portal\/noticias\/#\/schema\/person\/image\/","url":"https:\/\/secure.gravatar.com\/avatar\/443820550921091458b4823867723b3d?s=96&d=mm&r=g","contentUrl":"https:\/\/secure.gravatar.com\/avatar\/443820550921091458b4823867723b3d?s=96&d=mm&r=g","caption":"gaprsa"},"url":"https:\/\/www.ull.es\/portal\/noticias\/author\/gaprsa\/"}]}},"primary_category":{"id":345,"name":"Destacado","slug":"destacado","link":"https:\/\/www.ull.es\/portal\/noticias\/category\/destacado\/"},"featured_image_thumbnail_url":"https:\/\/www.ull.es\/portal\/noticias\/wp-content\/uploads\/sites\/13\/2024\/07\/cajacanarias_presentacion_estudios-22-300x141.jpg","_links":{"self":[{"href":"https:\/\/www.ull.es\/portal\/noticias\/wp-json\/wp\/v2\/posts\/76489"}],"collection":[{"href":"https:\/\/www.ull.es\/portal\/noticias\/wp-json\/wp\/v2\/posts"}],"about":[{"href":"https:\/\/www.ull.es\/portal\/noticias\/wp-json\/wp\/v2\/types\/post"}],"author":[{"embeddable":true,"href":"https:\/\/www.ull.es\/portal\/noticias\/wp-json\/wp\/v2\/users\/23"}],"replies":[{"embeddable":true,"href":"https:\/\/www.ull.es\/portal\/noticias\/wp-json\/wp\/v2\/comments?post=76489"}],"version-history":[{"count":1,"href":"https:\/\/www.ull.es\/portal\/noticias\/wp-json\/wp\/v2\/posts\/76489\/revisions"}],"predecessor-version":[{"id":76491,"href":"https:\/\/www.ull.es\/portal\/noticias\/wp-json\/wp\/v2\/posts\/76489\/revisions\/76491"}],"wp:featuredmedia":[{"embeddable":true,"href":"https:\/\/www.ull.es\/portal\/noticias\/wp-json\/wp\/v2\/media\/76490"}],"wp:attachment":[{"href":"https:\/\/www.ull.es\/portal\/noticias\/wp-json\/wp\/v2\/media?parent=76489"}],"wp:term":[{"taxonomy":"category","embeddable":true,"href":"https:\/\/www.ull.es\/portal\/noticias\/wp-json\/wp\/v2\/categories?post=76489"},{"taxonomy":"post_tag","embeddable":true,"href":"https:\/\/www.ull.es\/portal\/noticias\/wp-json\/wp\/v2\/tags?post=76489"}],"curies":[{"name":"wp","href":"https:\/\/api.w.org\/{rel}","templated":true}]}}