{"id":76501,"date":"2024-07-05T07:52:08","date_gmt":"2024-07-05T07:52:08","guid":{"rendered":"https:\/\/www.ull.es\/portal\/noticias\/?p=76501"},"modified":"2024-07-05T09:30:53","modified_gmt":"2024-07-05T09:30:53","slug":"una-investigacion-de-la-ull-revela-diferencias-en-la-biodiversidad-de-islas-volcanicas-y-continentales-en-el-mediterraneo","status":"publish","type":"post","link":"https:\/\/www.ull.es\/portal\/noticias\/2024\/una-investigacion-de-la-ull-revela-diferencias-en-la-biodiversidad-de-islas-volcanicas-y-continentales-en-el-mediterraneo\/","title":{"rendered":"Una investigaci\u00f3n de la ULL revela diferencias en la biodiversidad de islas volc\u00e1nicas y continentales en el Mediterr\u00e1neo"},"content":{"rendered":"<p>Un reciente <a href=\"https:\/\/www.researchgate.net\/publication\/381659821_Climatic_and_biogeographic_factors_show_contrasted_effects_on_continental_and_volcanic_ISARs\" target=\"_blank\" rel=\"noopener\">estudio<\/a> ha analizado las curvas de relaci\u00f3n especies-\u00e1rea de islas en 58 islas del Mediterr\u00e1neo central. Este trabajo ha revelado patrones biogeogr\u00e1ficos significativos y diferencias marcadas entre islas de origen volc\u00e1nico y continental. El art\u00edculo est\u00e1 firmado por Luis C\u00e1ceres-Polgrossi, ex alumno del <a href=\"https:\/\/www.ull.es\/masteres\/biodiversidad-terrestre-conservacion\/\" target=\"_blank\" rel=\"noopener\">M\u00e1ster Universitario de Biodiversidad Terrestre y Conservaci\u00f3n en Islas<\/a> de la Universidad de La Laguna, en colaboraci\u00f3n con el catedr\u00e1tico <a href=\"https:\/\/portalciencia.ull.es\/investigadores\/82311\/detalle\" target=\"_blank\" rel=\"noopener\">Jos\u00e9 Mar\u00eda Fern\u00e1ndez-Palacios<\/a>, adem\u00e1s de otros investigadores de la Universidad de Bolonia.<\/p>\n<p>Utilizando datos de ocurrencia de plantas recolectados en 5.717 parcelas de vegetaci\u00f3n entre 1950 y 2022, el objetivo principal del estudio es explorar c\u00f3mo variables geogr\u00e1ficas y clim\u00e1ticas influyen en la riqueza de especies en estas islas. Este enfoque busca proporcionar una comprensi\u00f3n m\u00e1s profunda de los factores que determinan la diversidad biol\u00f3gica en entornos insulares, destacando la importancia de factores como el origen geol\u00f3gico y el aislamiento geogr\u00e1fico en la configuraci\u00f3n de comunidades biol\u00f3gicas \u00fanicas en el Mediterr\u00e1neo central.<\/p>\n<p>Las islas constituyen laboratorios naturales ideales para estudiar procesos evolutivos a largo plazo y formular teor\u00edas ecol\u00f3gicas, explica el investigador. Estas \u00e1reas restringidas permiten observar c\u00f3mo se desarrollan las comunidades biol\u00f3gicas en l\u00edmites f\u00edsicos claros. Adem\u00e1s, la diversidad en el origen geol\u00f3gico, el aislamiento geogr\u00e1fico y la historia biogeogr\u00e1fica de las islas las hace de gran inter\u00e9s para bi\u00f3logos y ec\u00f3logos en todo el mundo.<\/p>\n<p>Uno de los patrones m\u00e1s conocidos en la ecolog\u00eda de islas es la relaci\u00f3n especies-\u00e1rea (ISAR), que describe el aumento no lineal de la riqueza de especies con el incremento del \u00e1rea de la isla. Este estudio se ha centrado en describir los patrones de ISAR utilizando datos de ocurrencia de plantas en 27 islas volc\u00e1nicas y 31 islas continentales en el Mediterr\u00e1neo central. Espec\u00edficamente, se estudi\u00f3 la variaci\u00f3n de la pendiente ISAR, que describe la tasa a la cual aumenta la diversidad de especies conforme se incrementa el tama\u00f1o del \u00e1rea analizada, y el intercepto ISAR, que representa el n\u00famero estimado de especies que se esperar\u00eda encontrar en un \u00e1rea determinada.<\/p>\n<p>Los resultados mostraron pendientes de ISAR m\u00e1s altas en islas volc\u00e1nicas en comparaci\u00f3n con las continentales, a pesar de que las islas volc\u00e1nicas del Mediterr\u00e1neo son menos aisladas en comparaci\u00f3n con islas verdaderamente oce\u00e1nicas como Juan Fern\u00e1ndez, las Islas Canarias o el Archipi\u00e9lago Hawaiano. Las diferencias en el aislamiento geogr\u00e1fico y el origen geol\u00f3gico son factores clave que influyen en las pendientes m\u00e1s pronunciadas de las ISAR en islas oce\u00e1nicas en comparaci\u00f3n con islas continentales, debido a la ausencia de especies preexistentes en el momento de su formaci\u00f3n. Estas islas experimentan tasas de inmigraci\u00f3n y colonizaci\u00f3n m\u00e1s bajas, ya que pocas especies que llegan logran establecerse y formar poblaciones viables, generando las pendientes de ISAR obtenidas.<\/p>\n<p>El estudio tambi\u00e9n explor\u00f3 c\u00f3mo los interceptos y las pendientes ISAR var\u00edan con diferentes gradientes biogeogr\u00e1ficos y clim\u00e1ticos. Se observ\u00f3 que los interceptos disminuyen con el aislamiento y la temperatura media anual en islas volc\u00e1nicas, mientras que aumentan con la precipitaci\u00f3n anual. En contraste, en islas continentales, los interceptos aumentan con el aislamiento y la temperatura media anual, y disminuyen con la precipitaci\u00f3n anual. Estos resultados indican que la riqueza de especies en islas volc\u00e1nicas y continentales responde de manera diferente a las variables ambientales.<\/p>\n<p>En cuanto a las pendientes de ISAR, se encontr\u00f3 que en las islas volc\u00e1nicas aumentan con el aislamiento, la excentricidad y la temperatura media anual, y disminuyen con la precipitaci\u00f3n anual. En las islas continentales, por el contrario, las pendientes aumentan con la elevaci\u00f3n m\u00e1xima de la isla. Estos patrones sugieren que las islas volc\u00e1nicas son m\u00e1s sensibles a los gradientes biogeogr\u00e1ficos y clim\u00e1ticos que las islas continentales.<\/p>\n<p>Estos hallazgos proporcionan una comprensi\u00f3n m\u00e1s profunda de c\u00f3mo las caracter\u00edsticas biogeogr\u00e1ficas y clim\u00e1ticas influyen en la riqueza de especies en islas de diferentes or\u00edgenes geol\u00f3gicos, se\u00f1ala el investigador. Las conclusiones del estudio pueden tener implicaciones importantes para la conservaci\u00f3n de la biodiversidad en islas, especialmente en el contexto de cambios ambientales y clim\u00e1ticos. La investigaci\u00f3n destaca la necesidad de considerar tanto el origen geol\u00f3gico como las condiciones ambientales al desarrollar estrategias de conservaci\u00f3n para las islas del Mediterr\u00e1neo.<\/p>\n","protected":false},"excerpt":{"rendered":"<p>Un reciente estudio ha analizado las curvas de relaci\u00f3n especies-\u00e1rea de islas en 58 islas del Mediterr\u00e1neo central. Este trabajo&#8230;<\/p>\n","protected":false},"author":23,"featured_media":76504,"comment_status":"closed","ping_status":"closed","sticky":false,"template":"","format":"standard","meta":{"inline_featured_image":false,"footnotes":""},"categories":[345,350,2765],"tags":[],"acf":[],"yoast_head":"<!-- This site is optimized with the Yoast SEO plugin v21.3 - https:\/\/yoast.com\/wordpress\/plugins\/seo\/ -->\n<title>Una investigaci\u00f3n de la ULL revela diferencias en la biodiversidad de islas volc\u00e1nicas y continentales en el Mediterr\u00e1neo - ULL - Noticias<\/title>\n<meta name=\"robots\" content=\"index, follow, max-snippet:-1, max-image-preview:large, max-video-preview:-1\" \/>\n<link rel=\"canonical\" href=\"https:\/\/www.ull.es\/portal\/noticias\/2024\/una-investigacion-de-la-ull-revela-diferencias-en-la-biodiversidad-de-islas-volcanicas-y-continentales-en-el-mediterraneo\/\" \/>\n<meta property=\"og:locale\" content=\"es_ES\" \/>\n<meta property=\"og:type\" content=\"article\" \/>\n<meta property=\"og:title\" content=\"Una investigaci\u00f3n de la ULL revela diferencias en la biodiversidad de islas volc\u00e1nicas y continentales en el Mediterr\u00e1neo - ULL - Noticias\" \/>\n<meta property=\"og:description\" content=\"Un reciente estudio ha analizado las curvas de relaci\u00f3n especies-\u00e1rea de islas en 58 islas del Mediterr\u00e1neo central. Este trabajo...\" \/>\n<meta property=\"og:url\" content=\"https:\/\/www.ull.es\/portal\/noticias\/2024\/una-investigacion-de-la-ull-revela-diferencias-en-la-biodiversidad-de-islas-volcanicas-y-continentales-en-el-mediterraneo\/\" \/>\n<meta property=\"og:site_name\" content=\"ULL - Noticias\" \/>\n<meta property=\"article:publisher\" content=\"https:\/\/www.facebook.com\/universidaddelalaguna\/\" \/>\n<meta property=\"article:published_time\" content=\"2024-07-05T07:52:08+00:00\" \/>\n<meta property=\"article:modified_time\" content=\"2024-07-05T09:30:53+00:00\" \/>\n<meta property=\"og:image\" content=\"https:\/\/www.ull.es\/portal\/noticias\/wp-content\/uploads\/sites\/13\/2024\/07\/isla-de-lipari.jpg\" \/>\n\t<meta property=\"og:image:width\" content=\"1200\" \/>\n\t<meta property=\"og:image:height\" content=\"800\" \/>\n\t<meta property=\"og:image:type\" content=\"image\/jpeg\" \/>\n<meta name=\"author\" content=\"gaprsa\" \/>\n<meta name=\"twitter:card\" content=\"summary_large_image\" \/>\n<meta name=\"twitter:creator\" content=\"@CanalULL\" \/>\n<meta name=\"twitter:site\" content=\"@CanalULL\" \/>\n<meta name=\"twitter:label1\" content=\"Escrito por\" \/>\n\t<meta name=\"twitter:data1\" content=\"gaprsa\" \/>\n\t<meta name=\"twitter:label2\" content=\"Tiempo de lectura\" \/>\n\t<meta name=\"twitter:data2\" content=\"4 minutos\" \/>\n<script type=\"application\/ld+json\" class=\"yoast-schema-graph\">{\"@context\":\"https:\/\/schema.org\",\"@graph\":[{\"@type\":\"WebPage\",\"@id\":\"https:\/\/www.ull.es\/portal\/noticias\/2024\/una-investigacion-de-la-ull-revela-diferencias-en-la-biodiversidad-de-islas-volcanicas-y-continentales-en-el-mediterraneo\/\",\"url\":\"https:\/\/www.ull.es\/portal\/noticias\/2024\/una-investigacion-de-la-ull-revela-diferencias-en-la-biodiversidad-de-islas-volcanicas-y-continentales-en-el-mediterraneo\/\",\"name\":\"Una investigaci\u00f3n de la ULL revela diferencias en la biodiversidad de islas volc\u00e1nicas y continentales en el Mediterr\u00e1neo - ULL - Noticias\",\"isPartOf\":{\"@id\":\"https:\/\/www.ull.es\/portal\/noticias\/#website\"},\"datePublished\":\"2024-07-05T07:52:08+00:00\",\"dateModified\":\"2024-07-05T09:30:53+00:00\",\"author\":{\"@id\":\"https:\/\/www.ull.es\/portal\/noticias\/#\/schema\/person\/b2b1a89d43ffa609e591f7df8ef3e817\"},\"breadcrumb\":{\"@id\":\"https:\/\/www.ull.es\/portal\/noticias\/2024\/una-investigacion-de-la-ull-revela-diferencias-en-la-biodiversidad-de-islas-volcanicas-y-continentales-en-el-mediterraneo\/#breadcrumb\"},\"inLanguage\":\"es\",\"potentialAction\":[{\"@type\":\"ReadAction\",\"target\":[\"https:\/\/www.ull.es\/portal\/noticias\/2024\/una-investigacion-de-la-ull-revela-diferencias-en-la-biodiversidad-de-islas-volcanicas-y-continentales-en-el-mediterraneo\/\"]}]},{\"@type\":\"BreadcrumbList\",\"@id\":\"https:\/\/www.ull.es\/portal\/noticias\/2024\/una-investigacion-de-la-ull-revela-diferencias-en-la-biodiversidad-de-islas-volcanicas-y-continentales-en-el-mediterraneo\/#breadcrumb\",\"itemListElement\":[{\"@type\":\"ListItem\",\"position\":1,\"name\":\"Portada\",\"item\":\"https:\/\/www.ull.es\/portal\/noticias\/\"},{\"@type\":\"ListItem\",\"position\":2,\"name\":\"Una investigaci\u00f3n de la ULL revela diferencias en la biodiversidad de islas volc\u00e1nicas y continentales en el Mediterr\u00e1neo\"}]},{\"@type\":\"WebSite\",\"@id\":\"https:\/\/www.ull.es\/portal\/noticias\/#website\",\"url\":\"https:\/\/www.ull.es\/portal\/noticias\/\",\"name\":\"ULL - Noticias\",\"description\":\"\",\"potentialAction\":[{\"@type\":\"SearchAction\",\"target\":{\"@type\":\"EntryPoint\",\"urlTemplate\":\"https:\/\/www.ull.es\/portal\/noticias\/?s={search_term_string}\"},\"query-input\":\"required name=search_term_string\"}],\"inLanguage\":\"es\"},{\"@type\":\"Person\",\"@id\":\"https:\/\/www.ull.es\/portal\/noticias\/#\/schema\/person\/b2b1a89d43ffa609e591f7df8ef3e817\",\"name\":\"gaprsa\",\"image\":{\"@type\":\"ImageObject\",\"inLanguage\":\"es\",\"@id\":\"https:\/\/www.ull.es\/portal\/noticias\/#\/schema\/person\/image\/\",\"url\":\"https:\/\/secure.gravatar.com\/avatar\/443820550921091458b4823867723b3d?s=96&d=mm&r=g\",\"contentUrl\":\"https:\/\/secure.gravatar.com\/avatar\/443820550921091458b4823867723b3d?s=96&d=mm&r=g\",\"caption\":\"gaprsa\"},\"url\":\"https:\/\/www.ull.es\/portal\/noticias\/author\/gaprsa\/\"}]}<\/script>\n<!-- \/ Yoast SEO plugin. -->","yoast_head_json":{"title":"Una investigaci\u00f3n de la ULL revela diferencias en la biodiversidad de islas volc\u00e1nicas y continentales en el Mediterr\u00e1neo - ULL - Noticias","robots":{"index":"index","follow":"follow","max-snippet":"max-snippet:-1","max-image-preview":"max-image-preview:large","max-video-preview":"max-video-preview:-1"},"canonical":"https:\/\/www.ull.es\/portal\/noticias\/2024\/una-investigacion-de-la-ull-revela-diferencias-en-la-biodiversidad-de-islas-volcanicas-y-continentales-en-el-mediterraneo\/","og_locale":"es_ES","og_type":"article","og_title":"Una investigaci\u00f3n de la ULL revela diferencias en la biodiversidad de islas volc\u00e1nicas y continentales en el Mediterr\u00e1neo - ULL - Noticias","og_description":"Un reciente estudio ha analizado las curvas de relaci\u00f3n especies-\u00e1rea de islas en 58 islas del Mediterr\u00e1neo central. Este trabajo...","og_url":"https:\/\/www.ull.es\/portal\/noticias\/2024\/una-investigacion-de-la-ull-revela-diferencias-en-la-biodiversidad-de-islas-volcanicas-y-continentales-en-el-mediterraneo\/","og_site_name":"ULL - Noticias","article_publisher":"https:\/\/www.facebook.com\/universidaddelalaguna\/","article_published_time":"2024-07-05T07:52:08+00:00","article_modified_time":"2024-07-05T09:30:53+00:00","og_image":[{"width":1200,"height":800,"url":"https:\/\/www.ull.es\/portal\/noticias\/wp-content\/uploads\/sites\/13\/2024\/07\/isla-de-lipari.jpg","type":"image\/jpeg"}],"author":"gaprsa","twitter_card":"summary_large_image","twitter_creator":"@CanalULL","twitter_site":"@CanalULL","twitter_misc":{"Escrito por":"gaprsa","Tiempo de lectura":"4 minutos"},"schema":{"@context":"https:\/\/schema.org","@graph":[{"@type":"WebPage","@id":"https:\/\/www.ull.es\/portal\/noticias\/2024\/una-investigacion-de-la-ull-revela-diferencias-en-la-biodiversidad-de-islas-volcanicas-y-continentales-en-el-mediterraneo\/","url":"https:\/\/www.ull.es\/portal\/noticias\/2024\/una-investigacion-de-la-ull-revela-diferencias-en-la-biodiversidad-de-islas-volcanicas-y-continentales-en-el-mediterraneo\/","name":"Una investigaci\u00f3n de la ULL revela diferencias en la biodiversidad de islas volc\u00e1nicas y continentales en el Mediterr\u00e1neo - ULL - Noticias","isPartOf":{"@id":"https:\/\/www.ull.es\/portal\/noticias\/#website"},"datePublished":"2024-07-05T07:52:08+00:00","dateModified":"2024-07-05T09:30:53+00:00","author":{"@id":"https:\/\/www.ull.es\/portal\/noticias\/#\/schema\/person\/b2b1a89d43ffa609e591f7df8ef3e817"},"breadcrumb":{"@id":"https:\/\/www.ull.es\/portal\/noticias\/2024\/una-investigacion-de-la-ull-revela-diferencias-en-la-biodiversidad-de-islas-volcanicas-y-continentales-en-el-mediterraneo\/#breadcrumb"},"inLanguage":"es","potentialAction":[{"@type":"ReadAction","target":["https:\/\/www.ull.es\/portal\/noticias\/2024\/una-investigacion-de-la-ull-revela-diferencias-en-la-biodiversidad-de-islas-volcanicas-y-continentales-en-el-mediterraneo\/"]}]},{"@type":"BreadcrumbList","@id":"https:\/\/www.ull.es\/portal\/noticias\/2024\/una-investigacion-de-la-ull-revela-diferencias-en-la-biodiversidad-de-islas-volcanicas-y-continentales-en-el-mediterraneo\/#breadcrumb","itemListElement":[{"@type":"ListItem","position":1,"name":"Portada","item":"https:\/\/www.ull.es\/portal\/noticias\/"},{"@type":"ListItem","position":2,"name":"Una investigaci\u00f3n de la ULL revela diferencias en la biodiversidad de islas volc\u00e1nicas y continentales en el Mediterr\u00e1neo"}]},{"@type":"WebSite","@id":"https:\/\/www.ull.es\/portal\/noticias\/#website","url":"https:\/\/www.ull.es\/portal\/noticias\/","name":"ULL - Noticias","description":"","potentialAction":[{"@type":"SearchAction","target":{"@type":"EntryPoint","urlTemplate":"https:\/\/www.ull.es\/portal\/noticias\/?s={search_term_string}"},"query-input":"required name=search_term_string"}],"inLanguage":"es"},{"@type":"Person","@id":"https:\/\/www.ull.es\/portal\/noticias\/#\/schema\/person\/b2b1a89d43ffa609e591f7df8ef3e817","name":"gaprsa","image":{"@type":"ImageObject","inLanguage":"es","@id":"https:\/\/www.ull.es\/portal\/noticias\/#\/schema\/person\/image\/","url":"https:\/\/secure.gravatar.com\/avatar\/443820550921091458b4823867723b3d?s=96&d=mm&r=g","contentUrl":"https:\/\/secure.gravatar.com\/avatar\/443820550921091458b4823867723b3d?s=96&d=mm&r=g","caption":"gaprsa"},"url":"https:\/\/www.ull.es\/portal\/noticias\/author\/gaprsa\/"}]}},"primary_category":{"id":350,"name":"Investigaci\u00f3n","slug":"investigacion","link":"https:\/\/www.ull.es\/portal\/noticias\/category\/investigacion\/"},"featured_image_thumbnail_url":"https:\/\/www.ull.es\/portal\/noticias\/wp-content\/uploads\/sites\/13\/2024\/07\/isla-de-lipari-300x200.jpg","_links":{"self":[{"href":"https:\/\/www.ull.es\/portal\/noticias\/wp-json\/wp\/v2\/posts\/76501"}],"collection":[{"href":"https:\/\/www.ull.es\/portal\/noticias\/wp-json\/wp\/v2\/posts"}],"about":[{"href":"https:\/\/www.ull.es\/portal\/noticias\/wp-json\/wp\/v2\/types\/post"}],"author":[{"embeddable":true,"href":"https:\/\/www.ull.es\/portal\/noticias\/wp-json\/wp\/v2\/users\/23"}],"replies":[{"embeddable":true,"href":"https:\/\/www.ull.es\/portal\/noticias\/wp-json\/wp\/v2\/comments?post=76501"}],"version-history":[{"count":1,"href":"https:\/\/www.ull.es\/portal\/noticias\/wp-json\/wp\/v2\/posts\/76501\/revisions"}],"predecessor-version":[{"id":76502,"href":"https:\/\/www.ull.es\/portal\/noticias\/wp-json\/wp\/v2\/posts\/76501\/revisions\/76502"}],"wp:featuredmedia":[{"embeddable":true,"href":"https:\/\/www.ull.es\/portal\/noticias\/wp-json\/wp\/v2\/media\/76504"}],"wp:attachment":[{"href":"https:\/\/www.ull.es\/portal\/noticias\/wp-json\/wp\/v2\/media?parent=76501"}],"wp:term":[{"taxonomy":"category","embeddable":true,"href":"https:\/\/www.ull.es\/portal\/noticias\/wp-json\/wp\/v2\/categories?post=76501"},{"taxonomy":"post_tag","embeddable":true,"href":"https:\/\/www.ull.es\/portal\/noticias\/wp-json\/wp\/v2\/tags?post=76501"}],"curies":[{"name":"wp","href":"https:\/\/api.w.org\/{rel}","templated":true}]}}