{"id":76516,"date":"2024-07-05T13:09:01","date_gmt":"2024-07-05T13:09:01","guid":{"rendered":"https:\/\/www.ull.es\/portal\/noticias\/?p=76516"},"modified":"2024-07-05T13:09:01","modified_gmt":"2024-07-05T13:09:01","slug":"la-universidad-de-verano-de-adeje-completa-su-oferta-formativa-con-exposiciones-conciertos-y-charlas","status":"publish","type":"post","link":"https:\/\/www.ull.es\/portal\/noticias\/2024\/la-universidad-de-verano-de-adeje-completa-su-oferta-formativa-con-exposiciones-conciertos-y-charlas\/","title":{"rendered":"La Universidad de Verano de Adeje completa su oferta formativa con exposiciones, conciertos y charlas"},"content":{"rendered":"<p>La trig\u00e9simo primera edici\u00f3n de la <a href=\"https:\/\/www.adeje.es\/uva\/cursos-y-talleres\/23618-cursos\" target=\"_blank\" rel=\"noopener\">Universidad de Verano de Adeje<\/a>, que se desarrollar\u00e1 del 22 al 26 de julio, complementa su oferta formativa de cursos y talleres con actividades culturales entre las que se incluyen conciertos de grupos locales, exposiciones de arte, encuentros de j\u00f3venes talentos canarios y la proyecci\u00f3n de la pel\u00edcula <em>Campeonex 2<\/em>, cuya presentaci\u00f3n correr\u00e1 a cargo de uno de sus int\u00e9rpretes, el galardonado actor Jes\u00fas Vidal.<\/p>\n<p>El protagonista del arranque de esta edici\u00f3n, organizada por el Vicerrectorado de Cultura y Extensi\u00f3n Universitaria de la Universidad de La Laguna y el <a href=\"https:\/\/www.adeje.es\/\" target=\"_blank\" rel=\"noopener\">Ayuntamiento de Adeje<\/a>, es el fundador de la ONG <a href=\"https:\/\/atletassinfronteras.com\/\" target=\"_blank\" rel=\"noopener\">Atletas sin fronteras<\/a>, Faustino Afonso. El tambi\u00e9n deportista de \u00e9lite y m\u00e9dico de atenci\u00f3n primaria, disertar\u00e1 sobre la cultura del esfuerzo, uno de los lemas en torno a los que se vertebra la trig\u00e9simo primera edici\u00f3n de estos cursos.<\/p>\n<div id=\"attachment_76520\" style=\"width: 310px\" class=\"wp-caption alignleft\"><a href=\"https:\/\/www.ull.es\/portal\/noticias\/wp-content\/uploads\/sites\/13\/2024\/07\/E24710-conferencia-inaugural-faustino-afonso.jpg\" target=\"_blank\" rel=\"noopener\"><img aria-describedby=\"caption-attachment-76520\" decoding=\"async\" loading=\"lazy\" class=\"size-medium wp-image-76520\" src=\"https:\/\/www.ull.es\/portal\/noticias\/wp-content\/uploads\/sites\/13\/2024\/07\/E24710-conferencia-inaugural-faustino-afonso-300x116.jpg\" alt=\"\" width=\"300\" height=\"116\" srcset=\"https:\/\/www.ull.es\/portal\/noticias\/wp-content\/uploads\/sites\/13\/2024\/07\/E24710-conferencia-inaugural-faustino-afonso-300x116.jpg 300w, https:\/\/www.ull.es\/portal\/noticias\/wp-content\/uploads\/sites\/13\/2024\/07\/E24710-conferencia-inaugural-faustino-afonso-768x298.jpg 768w, https:\/\/www.ull.es\/portal\/noticias\/wp-content\/uploads\/sites\/13\/2024\/07\/E24710-conferencia-inaugural-faustino-afonso-375x145.jpg 375w, https:\/\/www.ull.es\/portal\/noticias\/wp-content\/uploads\/sites\/13\/2024\/07\/E24710-conferencia-inaugural-faustino-afonso-750x291.jpg 750w, https:\/\/www.ull.es\/portal\/noticias\/wp-content\/uploads\/sites\/13\/2024\/07\/E24710-conferencia-inaugural-faustino-afonso.jpg 960w\" sizes=\"(max-width: 300px) 100vw, 300px\" \/><\/a><p id=\"caption-attachment-76520\" class=\"wp-caption-text\">Faustino Afonso, conferenciante inaugural, en una de sus competiciones.<\/p><\/div>\n<p>Afonso ahondar\u00e1 en ejemplos y vivencias propias para mostrar las claves con las que lograr los objetivos y vencer los retos que se presentan en la vida, aspectos que centran su ponencia inaugural \u00abInvencibles: cuando triunfar va en contra de todo pron\u00f3stico\u00bb, que impartir\u00e1 el 19 de julio en la sala contempor\u00e1nea del Auditorio de Adeje, y que marcar\u00e1 el inicio de la veintena de cursos y talleres previstos para este a\u00f1o.<\/p>\n<p>Paralelamente al desarrollo de la programaci\u00f3n formativa, UVA 2024 despliega una decena de actividades complementarias, entre las que destacan tres exposiciones que se exhibir\u00e1n a partir del 22 de julio. La exposici\u00f3n <a href=\"https:\/\/www.adeje.es\/uva\/agenda\/24718-exposicion-de-lo-real-maravilloso-conrado-diaz-ruiz\" target=\"_blank\" rel=\"noopener\">\u00abDe lo real maravilloso\u00bb<\/a> presenta una muestra de las obras del artista <a href=\"https:\/\/www.instagram.com\/conradodiazr\/?hl=es\" target=\"_blank\" rel=\"noopener\">Conrado D\u00edaz Ru\u00edz<\/a>, que van del realismo m\u00e1gico al arte fant\u00e1stico, y que podr\u00e1 visitarse en el <a href=\"https:\/\/www.auditoriodeadeje.es\/informacion\" target=\"_blank\" rel=\"noopener\">Hall del Auditorio de Adeje<\/a> hasta el 26 de julio.<\/p>\n<p>La <a href=\"https:\/\/www.adeje.es\/uva\/agenda\/23665-exposicion-bold-fundacion-carrera-por-la-vida\" target=\"_blank\" rel=\"noopener\">\u00abExposici\u00f3n Bold, Fundaci\u00f3n Carrera por la Vida\u00bb<\/a> visibiliza el c\u00e1ncer de mama, el tumor m\u00e1s frecuente entre las mujeres en Espa\u00f1a, mediante una selecci\u00f3n de fotograf\u00edas que muestra a personas afectadas por esta enfermedad, \u201cdesde la belleza y el valor que proyectan\u201d, seg\u00fan explica su autora, la fot\u00f3grafa holandesa <a href=\"https:\/\/www.facebook.com\/CarolineSikkenkPhotoline\/\" target=\"_blank\" rel=\"noopener\">Caroline Sikkenk<\/a>. Esta iniciativa, promovida por la\u00a0<a href=\"https:\/\/carreraporlavida.org\/\" target=\"_blank\" rel=\"noopener\">Fundaci\u00f3n Canaria Carrera por la Vida<\/a>, podr\u00e1 visitarse del 22 al 26 de julio, igual que <a href=\"https:\/\/www.adeje.es\/uva\/agenda\/23666-exposicion-retrospectiva-del-concurso-internacional-de-jovenes-disenadores-de-tenerife-moda\" target=\"_blank\" rel=\"noopener\">\u00abRetrospectiva del Concurso internacional de j\u00f3venes dise\u00f1adores de Tenerife Moda\u00bb<\/a>, que recopila el trabajo de los 13 ganadores de las ediciones comprendidas entre 2009 y 2024, y que estar\u00e1 disponible hasta mitad de agosto en el centro comercial Duke Shop\u00a0(<a href=\"https:\/\/thedukeshops.com\/the-duke-gallery\/\" target=\"_blank\" rel=\"noopener\">The Duke Gallery<\/a>).<\/p>\n<p><strong>Conciertos en la calle<\/strong><\/p>\n<p>Otro de los grandes atractivos de esta programaci\u00f3n cultural son los conciertos organizados al aire libre, que tendr\u00e1n lugar en la Calle Grande del municipio de Adeje. El primero de ellos (lunes 22) lo protagoniza <a href=\"https:\/\/www.adeje.es\/uva\/agenda\/23673-concierto-tio-franklin\" target=\"_blank\" rel=\"noopener\">T\u00edo Franklin<\/a>, un grupo musical de dilatada experiencia cuyo repertorio abarca grandes temas del soul y rhythm and blues de la d\u00e9cada de los 60 y 70. El martes 23, y tambi\u00e9n a las 21 horas, le toca el turno al grupo originario de Arona <a href=\"https:\/\/www.adeje.es\/uva\/agenda\/23674-concierto-vinomios-folk\" target=\"_blank\" rel=\"noopener\">Vinomios Folk<\/a>. Por \u00faltimo, el mi\u00e9rcoles 24, actuar\u00e1 el quinteto cuya m\u00fasica fusiona las ra\u00edces canarias con las cubanas, <a href=\"https:\/\/www.adeje.es\/uva\/agenda\/23675-concierto-quimbao-la-nuit\" target=\"_blank\" rel=\"noopener\">Quimbao Lanuit<\/a>.<\/p>\n<p>Junto a la m\u00fasica, el cine tambi\u00e9n estar\u00e1 presente en esta edici\u00f3n, con la proyecci\u00f3n de la pel\u00edcula <a href=\"https:\/\/www.adeje.es\/uva\/agenda\/23669-aula-de-cine-campeonex-2-con-jesus-vidal\" target=\"_blank\" rel=\"noopener\"><em>Campeonex 2<\/em><\/a>, un aula de cine que cuenta con un invitado de excepci\u00f3n, Jes\u00fas Vidal, uno de sus<a href=\"https:\/\/www.ull.es\/portal\/noticias\/wp-content\/uploads\/sites\/13\/2024\/07\/duke-gallery.jpg\" target=\"_blank\" rel=\"noopener\"><img decoding=\"async\" loading=\"lazy\" class=\"alignright size-medium wp-image-76519\" src=\"https:\/\/www.ull.es\/portal\/noticias\/wp-content\/uploads\/sites\/13\/2024\/07\/duke-gallery-212x300.jpg\" alt=\"\" width=\"212\" height=\"300\" srcset=\"https:\/\/www.ull.es\/portal\/noticias\/wp-content\/uploads\/sites\/13\/2024\/07\/duke-gallery-212x300.jpg 212w, https:\/\/www.ull.es\/portal\/noticias\/wp-content\/uploads\/sites\/13\/2024\/07\/duke-gallery.jpg 320w\" sizes=\"(max-width: 212px) 100vw, 212px\" \/><\/a> actores protagonistas, y el encargado de la disertaci\u00f3n previa al filme, que se proyectar\u00e1 el martes, 23 de julio, a las 18 horas en el Auditorio de Adeje.<\/p>\n<p>Las charlas vendr\u00e1n de la mano de j\u00f3venes talentos canarios que han destacado en distintos \u00e1mbitos, y que protagonizan los <a href=\"https:\/\/www.adeje.es\/uva\/agenda\/23668-dialogos-ull\" target=\"_blank\" rel=\"noopener\">\u00abDi\u00e1logos LL\u00bb<\/a>, organizados el 22 de julio a las 19 horas en el Auditorio de Adeje. El cantante Agoney, la deportista Luc\u00eda Blanco, la escritora Covadonga Garc\u00eda, el \u2018bartender\u2019 Jonathan Mesa, la pol\u00edtica y concejala del Ayuntamiento de Adeje, Coraima Afonso, y la activista canaria Victoria Ballesteros ser\u00e1n los encargados de hablar de la capacidad de superaci\u00f3n y resiliencia.<\/p>\n<p><a href=\"https:\/\/www.adeje.es\/uva\/agenda\/23670-conferencia-de-alex-roca-y-mari-carme-maza\" target=\"_blank\" rel=\"noopener\">\u00abEl limite lo pones t\u00fa\u00bb<\/a> es la conferencia que impartir\u00e1 <a href=\"https:\/\/www.alexroca91.com\/copy-of-retos-v2\" target=\"_blank\" rel=\"noopener\">Alex Roca<\/a>, junto a Carmen Maza, el 24 de julio, a las 19.00 horas, en el Auditorio de Adeje. Roca Campillo ha sido todo un ejemplo de superaci\u00f3n desde que, a los seis meses, sufri\u00f3 una encefalitis viral herp\u00e9tica, una enfermedad que, a pesar de sus limitaciones y gravedad, no le ha impedido ganar 5 triatlones, 11 medias maratones y la carrera Titan Desert en 2019, una haza\u00f1a que lo convirti\u00f3 en\u00a0la primera persona con par\u00e1lisis cerebral capaz de logar un hito como este.<\/p>\n<p>Las entradas estas actividades paralelas tienen un precio unitario de 5 euros y son gratuitas para el alumnado de la UVA 2024. Todas aquellas personas interesadas en inscribirse pueden hacerlo en el siguiente enlace: <a href=\"http:\/\/www.adeje.es\/uva\/agenda\" target=\"_blank\" rel=\"noopener\">www.adeje.es\/uva\/agenda<\/a>.<\/p>\n","protected":false},"excerpt":{"rendered":"<p>La trig\u00e9simo primera edici\u00f3n de la Universidad de Verano de Adeje, que se desarrollar\u00e1 del 22 al 26 de julio,&#8230;<\/p>\n","protected":false},"author":23,"featured_media":76518,"comment_status":"closed","ping_status":"closed","sticky":false,"template":"","format":"standard","meta":{"inline_featured_image":false,"footnotes":""},"categories":[344,345,2765],"tags":[],"acf":[],"yoast_head":"<!-- This site is optimized with the Yoast SEO plugin v21.3 - https:\/\/yoast.com\/wordpress\/plugins\/seo\/ -->\n<title>La Universidad de Verano de Adeje completa su oferta formativa con exposiciones, conciertos y charlas - ULL - Noticias<\/title>\n<meta name=\"robots\" content=\"index, follow, max-snippet:-1, max-image-preview:large, max-video-preview:-1\" \/>\n<link rel=\"canonical\" href=\"https:\/\/www.ull.es\/portal\/noticias\/2024\/la-universidad-de-verano-de-adeje-completa-su-oferta-formativa-con-exposiciones-conciertos-y-charlas\/\" \/>\n<meta property=\"og:locale\" content=\"es_ES\" \/>\n<meta property=\"og:type\" content=\"article\" \/>\n<meta property=\"og:title\" content=\"La Universidad de Verano de Adeje completa su oferta formativa con exposiciones, conciertos y charlas - ULL - Noticias\" \/>\n<meta property=\"og:description\" content=\"La trig\u00e9simo primera edici\u00f3n de la Universidad de Verano de Adeje, que se desarrollar\u00e1 del 22 al 26 de julio,...\" \/>\n<meta property=\"og:url\" content=\"https:\/\/www.ull.es\/portal\/noticias\/2024\/la-universidad-de-verano-de-adeje-completa-su-oferta-formativa-con-exposiciones-conciertos-y-charlas\/\" \/>\n<meta property=\"og:site_name\" content=\"ULL - Noticias\" \/>\n<meta property=\"article:publisher\" content=\"https:\/\/www.facebook.com\/universidaddelalaguna\/\" \/>\n<meta property=\"article:published_time\" content=\"2024-07-05T13:09:01+00:00\" \/>\n<meta property=\"og:image\" content=\"https:\/\/www.ull.es\/portal\/noticias\/wp-content\/uploads\/sites\/13\/2024\/07\/dialogos-ull.jpg\" \/>\n\t<meta property=\"og:image:width\" content=\"960\" \/>\n\t<meta property=\"og:image:height\" content=\"372\" \/>\n\t<meta property=\"og:image:type\" content=\"image\/jpeg\" \/>\n<meta name=\"author\" content=\"gaprsa\" \/>\n<meta name=\"twitter:card\" content=\"summary_large_image\" \/>\n<meta name=\"twitter:creator\" content=\"@CanalULL\" \/>\n<meta name=\"twitter:site\" content=\"@CanalULL\" \/>\n<meta name=\"twitter:label1\" content=\"Escrito por\" \/>\n\t<meta name=\"twitter:data1\" content=\"gaprsa\" \/>\n\t<meta name=\"twitter:label2\" content=\"Tiempo de lectura\" \/>\n\t<meta name=\"twitter:data2\" content=\"5 minutos\" \/>\n<script type=\"application\/ld+json\" class=\"yoast-schema-graph\">{\"@context\":\"https:\/\/schema.org\",\"@graph\":[{\"@type\":\"WebPage\",\"@id\":\"https:\/\/www.ull.es\/portal\/noticias\/2024\/la-universidad-de-verano-de-adeje-completa-su-oferta-formativa-con-exposiciones-conciertos-y-charlas\/\",\"url\":\"https:\/\/www.ull.es\/portal\/noticias\/2024\/la-universidad-de-verano-de-adeje-completa-su-oferta-formativa-con-exposiciones-conciertos-y-charlas\/\",\"name\":\"La Universidad de Verano de Adeje completa su oferta formativa con exposiciones, conciertos y charlas - ULL - Noticias\",\"isPartOf\":{\"@id\":\"https:\/\/www.ull.es\/portal\/noticias\/#website\"},\"datePublished\":\"2024-07-05T13:09:01+00:00\",\"dateModified\":\"2024-07-05T13:09:01+00:00\",\"author\":{\"@id\":\"https:\/\/www.ull.es\/portal\/noticias\/#\/schema\/person\/b2b1a89d43ffa609e591f7df8ef3e817\"},\"breadcrumb\":{\"@id\":\"https:\/\/www.ull.es\/portal\/noticias\/2024\/la-universidad-de-verano-de-adeje-completa-su-oferta-formativa-con-exposiciones-conciertos-y-charlas\/#breadcrumb\"},\"inLanguage\":\"es\",\"potentialAction\":[{\"@type\":\"ReadAction\",\"target\":[\"https:\/\/www.ull.es\/portal\/noticias\/2024\/la-universidad-de-verano-de-adeje-completa-su-oferta-formativa-con-exposiciones-conciertos-y-charlas\/\"]}]},{\"@type\":\"BreadcrumbList\",\"@id\":\"https:\/\/www.ull.es\/portal\/noticias\/2024\/la-universidad-de-verano-de-adeje-completa-su-oferta-formativa-con-exposiciones-conciertos-y-charlas\/#breadcrumb\",\"itemListElement\":[{\"@type\":\"ListItem\",\"position\":1,\"name\":\"Portada\",\"item\":\"https:\/\/www.ull.es\/portal\/noticias\/\"},{\"@type\":\"ListItem\",\"position\":2,\"name\":\"La Universidad de Verano de Adeje completa su oferta formativa con exposiciones, conciertos y charlas\"}]},{\"@type\":\"WebSite\",\"@id\":\"https:\/\/www.ull.es\/portal\/noticias\/#website\",\"url\":\"https:\/\/www.ull.es\/portal\/noticias\/\",\"name\":\"ULL - Noticias\",\"description\":\"\",\"potentialAction\":[{\"@type\":\"SearchAction\",\"target\":{\"@type\":\"EntryPoint\",\"urlTemplate\":\"https:\/\/www.ull.es\/portal\/noticias\/?s={search_term_string}\"},\"query-input\":\"required name=search_term_string\"}],\"inLanguage\":\"es\"},{\"@type\":\"Person\",\"@id\":\"https:\/\/www.ull.es\/portal\/noticias\/#\/schema\/person\/b2b1a89d43ffa609e591f7df8ef3e817\",\"name\":\"gaprsa\",\"image\":{\"@type\":\"ImageObject\",\"inLanguage\":\"es\",\"@id\":\"https:\/\/www.ull.es\/portal\/noticias\/#\/schema\/person\/image\/\",\"url\":\"https:\/\/secure.gravatar.com\/avatar\/443820550921091458b4823867723b3d?s=96&d=mm&r=g\",\"contentUrl\":\"https:\/\/secure.gravatar.com\/avatar\/443820550921091458b4823867723b3d?s=96&d=mm&r=g\",\"caption\":\"gaprsa\"},\"url\":\"https:\/\/www.ull.es\/portal\/noticias\/author\/gaprsa\/\"}]}<\/script>\n<!-- \/ Yoast SEO plugin. -->","yoast_head_json":{"title":"La Universidad de Verano de Adeje completa su oferta formativa con exposiciones, conciertos y charlas - ULL - Noticias","robots":{"index":"index","follow":"follow","max-snippet":"max-snippet:-1","max-image-preview":"max-image-preview:large","max-video-preview":"max-video-preview:-1"},"canonical":"https:\/\/www.ull.es\/portal\/noticias\/2024\/la-universidad-de-verano-de-adeje-completa-su-oferta-formativa-con-exposiciones-conciertos-y-charlas\/","og_locale":"es_ES","og_type":"article","og_title":"La Universidad de Verano de Adeje completa su oferta formativa con exposiciones, conciertos y charlas - ULL - Noticias","og_description":"La trig\u00e9simo primera edici\u00f3n de la Universidad de Verano de Adeje, que se desarrollar\u00e1 del 22 al 26 de julio,...","og_url":"https:\/\/www.ull.es\/portal\/noticias\/2024\/la-universidad-de-verano-de-adeje-completa-su-oferta-formativa-con-exposiciones-conciertos-y-charlas\/","og_site_name":"ULL - Noticias","article_publisher":"https:\/\/www.facebook.com\/universidaddelalaguna\/","article_published_time":"2024-07-05T13:09:01+00:00","og_image":[{"width":960,"height":372,"url":"https:\/\/www.ull.es\/portal\/noticias\/wp-content\/uploads\/sites\/13\/2024\/07\/dialogos-ull.jpg","type":"image\/jpeg"}],"author":"gaprsa","twitter_card":"summary_large_image","twitter_creator":"@CanalULL","twitter_site":"@CanalULL","twitter_misc":{"Escrito por":"gaprsa","Tiempo de lectura":"5 minutos"},"schema":{"@context":"https:\/\/schema.org","@graph":[{"@type":"WebPage","@id":"https:\/\/www.ull.es\/portal\/noticias\/2024\/la-universidad-de-verano-de-adeje-completa-su-oferta-formativa-con-exposiciones-conciertos-y-charlas\/","url":"https:\/\/www.ull.es\/portal\/noticias\/2024\/la-universidad-de-verano-de-adeje-completa-su-oferta-formativa-con-exposiciones-conciertos-y-charlas\/","name":"La Universidad de Verano de Adeje completa su oferta formativa con exposiciones, conciertos y charlas - ULL - Noticias","isPartOf":{"@id":"https:\/\/www.ull.es\/portal\/noticias\/#website"},"datePublished":"2024-07-05T13:09:01+00:00","dateModified":"2024-07-05T13:09:01+00:00","author":{"@id":"https:\/\/www.ull.es\/portal\/noticias\/#\/schema\/person\/b2b1a89d43ffa609e591f7df8ef3e817"},"breadcrumb":{"@id":"https:\/\/www.ull.es\/portal\/noticias\/2024\/la-universidad-de-verano-de-adeje-completa-su-oferta-formativa-con-exposiciones-conciertos-y-charlas\/#breadcrumb"},"inLanguage":"es","potentialAction":[{"@type":"ReadAction","target":["https:\/\/www.ull.es\/portal\/noticias\/2024\/la-universidad-de-verano-de-adeje-completa-su-oferta-formativa-con-exposiciones-conciertos-y-charlas\/"]}]},{"@type":"BreadcrumbList","@id":"https:\/\/www.ull.es\/portal\/noticias\/2024\/la-universidad-de-verano-de-adeje-completa-su-oferta-formativa-con-exposiciones-conciertos-y-charlas\/#breadcrumb","itemListElement":[{"@type":"ListItem","position":1,"name":"Portada","item":"https:\/\/www.ull.es\/portal\/noticias\/"},{"@type":"ListItem","position":2,"name":"La Universidad de Verano de Adeje completa su oferta formativa con exposiciones, conciertos y charlas"}]},{"@type":"WebSite","@id":"https:\/\/www.ull.es\/portal\/noticias\/#website","url":"https:\/\/www.ull.es\/portal\/noticias\/","name":"ULL - Noticias","description":"","potentialAction":[{"@type":"SearchAction","target":{"@type":"EntryPoint","urlTemplate":"https:\/\/www.ull.es\/portal\/noticias\/?s={search_term_string}"},"query-input":"required name=search_term_string"}],"inLanguage":"es"},{"@type":"Person","@id":"https:\/\/www.ull.es\/portal\/noticias\/#\/schema\/person\/b2b1a89d43ffa609e591f7df8ef3e817","name":"gaprsa","image":{"@type":"ImageObject","inLanguage":"es","@id":"https:\/\/www.ull.es\/portal\/noticias\/#\/schema\/person\/image\/","url":"https:\/\/secure.gravatar.com\/avatar\/443820550921091458b4823867723b3d?s=96&d=mm&r=g","contentUrl":"https:\/\/secure.gravatar.com\/avatar\/443820550921091458b4823867723b3d?s=96&d=mm&r=g","caption":"gaprsa"},"url":"https:\/\/www.ull.es\/portal\/noticias\/author\/gaprsa\/"}]}},"primary_category":{"id":345,"name":"Destacado","slug":"destacado","link":"https:\/\/www.ull.es\/portal\/noticias\/category\/destacado\/"},"featured_image_thumbnail_url":"https:\/\/www.ull.es\/portal\/noticias\/wp-content\/uploads\/sites\/13\/2024\/07\/dialogos-ull-300x116.jpg","_links":{"self":[{"href":"https:\/\/www.ull.es\/portal\/noticias\/wp-json\/wp\/v2\/posts\/76516"}],"collection":[{"href":"https:\/\/www.ull.es\/portal\/noticias\/wp-json\/wp\/v2\/posts"}],"about":[{"href":"https:\/\/www.ull.es\/portal\/noticias\/wp-json\/wp\/v2\/types\/post"}],"author":[{"embeddable":true,"href":"https:\/\/www.ull.es\/portal\/noticias\/wp-json\/wp\/v2\/users\/23"}],"replies":[{"embeddable":true,"href":"https:\/\/www.ull.es\/portal\/noticias\/wp-json\/wp\/v2\/comments?post=76516"}],"version-history":[{"count":2,"href":"https:\/\/www.ull.es\/portal\/noticias\/wp-json\/wp\/v2\/posts\/76516\/revisions"}],"predecessor-version":[{"id":76521,"href":"https:\/\/www.ull.es\/portal\/noticias\/wp-json\/wp\/v2\/posts\/76516\/revisions\/76521"}],"wp:featuredmedia":[{"embeddable":true,"href":"https:\/\/www.ull.es\/portal\/noticias\/wp-json\/wp\/v2\/media\/76518"}],"wp:attachment":[{"href":"https:\/\/www.ull.es\/portal\/noticias\/wp-json\/wp\/v2\/media?parent=76516"}],"wp:term":[{"taxonomy":"category","embeddable":true,"href":"https:\/\/www.ull.es\/portal\/noticias\/wp-json\/wp\/v2\/categories?post=76516"},{"taxonomy":"post_tag","embeddable":true,"href":"https:\/\/www.ull.es\/portal\/noticias\/wp-json\/wp\/v2\/tags?post=76516"}],"curies":[{"name":"wp","href":"https:\/\/api.w.org\/{rel}","templated":true}]}}