{"id":76522,"date":"2024-07-05T13:39:58","date_gmt":"2024-07-05T13:39:58","guid":{"rendered":"https:\/\/www.ull.es\/portal\/noticias\/?p=76522"},"modified":"2024-07-05T13:39:58","modified_gmt":"2024-07-05T13:39:58","slug":"la-universidad-de-la-laguna-capta-una-cuarentena-de-investigadores-de-excelencia","status":"publish","type":"post","link":"https:\/\/www.ull.es\/portal\/noticias\/2024\/la-universidad-de-la-laguna-capta-una-cuarentena-de-investigadores-de-excelencia\/","title":{"rendered":"La Universidad de La Laguna capta una cuarentena de investigadores de excelencia"},"content":{"rendered":"<p>La Universidad de La Laguna ha optado a distintas convocatorias de captaci\u00f3n de talento investigador de excelencia que se ha materializado en la incorporaci\u00f3n al centro acad\u00e9mico de nuevos perfiles cient\u00edficos abriendo l\u00edneas propias de investigaci\u00f3n o reforzando otras. Por lo general se trata de j\u00f3venes con una ambiciosa trayectoria internacional, pero tambi\u00e9n se da el caso de investigadores seniors de amplio curr\u00edculo cient\u00edfico.<\/p>\n<p>Una cuarentena de ellos y ellas forma parte de la plantilla investigadora de este centro acad\u00e9mico, al que se acaba de a\u00f1adir un nuevo contrato de la convocatoria Beatriz Galindo: Alejandro P\u00e9rez Fern\u00e1ndez, de Psicolog\u00eda, que se incorpora al <a href=\"https:\/\/www.ull.es\/institutos\/instituto-universitario-neurociencia\/\" target=\"_blank\" rel=\"noopener\">Instituto Universitario de Neurociencia<\/a>.<\/p>\n<p>Doctor en Ciencias de la Salud, ha llevado a cabo sus proyectos acad\u00e9micos en centros y universidades de varios continentes, incluyendo el Centro de Neurociencias de Cuba, el BCBL-Basque Center of Cognition Brain and Language, la Universidad de Toronto y la Universidad de Cambridge. Su \u00e1rea de estudio se enmarca en las neurociencias cognitivas y en la disciplina emergente de la neurociencia de las interacciones sociales.<\/p>\n<p>Alejandro se encuentra actualmente trabajando en la Universidad de McMaster, en Canad\u00e1, donde su investigaci\u00f3n se centra en descifrar los mecanismos neuronales que subyacen a los intercambios sociales. Su incorporaci\u00f3n a la Universidad de La Laguna tiene entre sus objetivos desarrollar una l\u00ednea de investigaci\u00f3n acerca de los patrones neurales, conductuales y ling\u00fc\u00edsticos asociados con una comunicaci\u00f3n verbal eficiente, as\u00ed como buscar t\u00e9cnicas que puedan emplearse para mejorar las conversaciones y colaboraciones.<\/p>\n<p>Estas ayudas tienen por objeto la atracci\u00f3n del talento investigador de personas investigadores o docentes que est\u00e9n desarrollado parte de su carrera profesional en centros de investigaci\u00f3n o universidades extranjeras fuera de Espa\u00f1a, dentro del Plan Estatal de Investigaci\u00f3n Cient\u00edfica, T\u00e9cnica y de Innovaci\u00f3n.<\/p>\n<p>En este centro acad\u00e9mico figuran adem\u00e1s tres investigadores contratados en virtud de la convocatoria Beatriz Galindo de 2022: <a href=\"https:\/\/portalciencia.ull.es\/investigadores\/823407\/detalle\" target=\"_blank\" rel=\"noopener\">Luis Quijada Fumero<\/a> (Bot\u00e1nica, Ecolog\u00eda y Fisiolog\u00eda Vegetal), <a href=\"https:\/\/portalciencia.ull.es\/investigadores\/823385\/detalle\" target=\"_blank\" rel=\"noopener\">Miguel Hern\u00e1ndez Rodr\u00edguez<\/a> (F\u00edsica) y <a href=\"https:\/\/portalciencia.ull.es\/investigadores\/823419\/detalle\" target=\"_blank\" rel=\"noopener\">Carlos del Burgo D\u00edaz<\/a> (Astrof\u00edsica).<\/p>\n<p>Existen tambi\u00e9n otras contrataciones de excelencia, como la convocatoria de contratos posdoctorales Margarita Salas, donde contamos con <a href=\"https:\/\/portalciencia.ull.es\/investigadores\/190473\/detalle\" target=\"_blank\" rel=\"noopener\">\u00c1lvaro Castilla Beltr\u00e1n<\/a> (Geograf\u00eda e Historia), <a href=\"https:\/\/portalciencia.ull.es\/investigadores\/82473\/detalle\" target=\"_blank\" rel=\"noopener\">Alberto Garc\u00eda Aguilar<\/a> (Filolog\u00eda Espa\u00f1ola), <a href=\"https:\/\/portalciencia.ull.es\/investigadores\/363909\/detalle\" target=\"_blank\" rel=\"noopener\">Juan L\u00f3pez Soria<\/a> (Qu\u00edmica Org\u00e1nica), <a href=\"https:\/\/portalciencia.ull.es\/investigadores\/363920\/detalle\" target=\"_blank\" rel=\"noopener\">Ana M\u00aa Perdomo Ram\u00edrez<\/a> (Medicina F\u00edsica y Farmacolog\u00eda), <a href=\"https:\/\/portalciencia.ull.es\/investigadores\/82592\/detalle\" target=\"_blank\" rel=\"noopener\">Kevin Rodr\u00edguez Wittmann<\/a> (Geograf\u00eda e Historia) y <a href=\"https:\/\/portalciencia.ull.es\/investigadores\/98816\/detalle\" target=\"_blank\" rel=\"noopener\">Natalia Sierra Cornejo<\/a> (Bot\u00e1nica, Ecolog\u00eda y Fisiolog\u00eda Vegetal), todos ellos de la edici\u00f3n de 2022, que se suman a otra decena de 2021.<\/p>\n<p>Dentro del programa Juan de la Cierva, tambi\u00e9n destinado a la incorporaci\u00f3n de j\u00f3venes doctores posdoctorales, en la Universidad de La Laguna figuran Jorge Olmos Trigo (F\u00edsica) y Javier C\u00e1mara Manzaneda (Geograf\u00eda e Historia), que se a\u00f1aden a los cuatro de convocatorias anteriores.<\/p>\n<p>En cuanto a las Ayudas Mar\u00eda Zambrano, un programa para fomentar la recualificaci\u00f3n y la movilidad internacional, este centro acad\u00e9mico ha incorporado a <a href=\"https:\/\/portalciencia.ull.es\/investigadores\/823391\/detalle\" target=\"_blank\" rel=\"noopener\">Jorge Garc\u00eda Farieta<\/a> (Astrof\u00edsica) y a <a href=\"https:\/\/portalciencia.ull.es\/investigadores\/823395\/detalle\" target=\"_blank\" rel=\"noopener\">Leonardo Rodr\u00edguez Urrego<\/a> (Ingenier\u00eda Industrial), que se suman a los ya existentes de ediciones anteriores.<\/p>\n<p>Por \u00faltimo, y con respecto al programa Ram\u00f3n y Cajal, otra iniciativa estatal de incorporaci\u00f3n de talento investigador, esta universidad cuenta con <a href=\"https:\/\/portalciencia.ull.es\/investigadores\/363925\/detalle\" target=\"_blank\" rel=\"noopener\">Hanu Paivio Parviainen<\/a> (Astrof\u00edsica), <a href=\"https:\/\/portalciencia.ull.es\/investigadores\/363930\/detalle\" target=\"_blank\" rel=\"noopener\">Paul Beck<\/a> (Astrof\u00edsica), <a href=\"https:\/\/portalciencia.ull.es\/investigadores\/152332\/detalle\" target=\"_blank\" rel=\"noopener\">Salvador Pardo Gord\u00f3<\/a> (Geograf\u00eda e Historia), <a href=\"https:\/\/portalciencia.ull.es\/investigadores\/363941\/detalle\" target=\"_blank\" rel=\"noopener\">Daniel Seco Forsnacke<\/a> (An\u00e1lisis Matem\u00e1tico) y <a href=\"https:\/\/portalciencia.ull.es\/investigadores\/363933\/detalle\" target=\"_blank\" rel=\"noopener\">Luis Correa Marichal<\/a> (F\u00edsica), junto a los de convocatorias anteriores.<\/p>\n<p>En opini\u00f3n del vicerrector de Investigaci\u00f3n y Transferencia, Antonio Aparicio Juan, \u201cla captaci\u00f3n de talento investigador es uno de los grandes retos que afronta la Universidad de La Laguna de los pr\u00f3ximos a\u00f1os, y por eso es una excelente noticia que hayamos logrado incorporar ese nutrido grupo de personas a nuestra plantilla\u201d. La integraci\u00f3n de este personal de excelencia permite aumentar el potencial investigador, a\u00f1ade, \u201ca la vez que aumenta las conexiones con las redes internacionales en los m\u00faltiples campos de conocimiento en los que desempe\u00f1an su labor las personas rese\u00f1adas\u201d.<\/p>\n","protected":false},"excerpt":{"rendered":"<p>La Universidad de La Laguna ha optado a distintas convocatorias de captaci\u00f3n de talento investigador de excelencia que se ha&#8230;<\/p>\n","protected":false},"author":23,"featured_media":76523,"comment_status":"closed","ping_status":"closed","sticky":false,"template":"","format":"standard","meta":{"inline_featured_image":false,"footnotes":""},"categories":[345,350,2765],"tags":[],"acf":[],"yoast_head":"<!-- This site is optimized with the Yoast SEO plugin v21.3 - https:\/\/yoast.com\/wordpress\/plugins\/seo\/ -->\n<title>La Universidad de La Laguna capta una cuarentena de investigadores de excelencia - ULL - Noticias<\/title>\n<meta name=\"robots\" content=\"index, follow, max-snippet:-1, max-image-preview:large, max-video-preview:-1\" \/>\n<link rel=\"canonical\" href=\"https:\/\/www.ull.es\/portal\/noticias\/2024\/la-universidad-de-la-laguna-capta-una-cuarentena-de-investigadores-de-excelencia\/\" \/>\n<meta property=\"og:locale\" content=\"es_ES\" \/>\n<meta property=\"og:type\" content=\"article\" \/>\n<meta property=\"og:title\" content=\"La Universidad de La Laguna capta una cuarentena de investigadores de excelencia - ULL - Noticias\" \/>\n<meta property=\"og:description\" content=\"La Universidad de La Laguna ha optado a distintas convocatorias de captaci\u00f3n de talento investigador de excelencia que se ha...\" \/>\n<meta property=\"og:url\" content=\"https:\/\/www.ull.es\/portal\/noticias\/2024\/la-universidad-de-la-laguna-capta-una-cuarentena-de-investigadores-de-excelencia\/\" \/>\n<meta property=\"og:site_name\" content=\"ULL - Noticias\" \/>\n<meta property=\"article:publisher\" content=\"https:\/\/www.facebook.com\/universidaddelalaguna\/\" \/>\n<meta property=\"article:published_time\" content=\"2024-07-05T13:39:58+00:00\" \/>\n<meta property=\"og:image\" content=\"https:\/\/www.ull.es\/portal\/noticias\/wp-content\/uploads\/sites\/13\/2024\/07\/laboratorio-3.jpg\" \/>\n\t<meta property=\"og:image:width\" content=\"1200\" \/>\n\t<meta property=\"og:image:height\" content=\"800\" \/>\n\t<meta property=\"og:image:type\" content=\"image\/jpeg\" \/>\n<meta name=\"author\" content=\"gaprsa\" \/>\n<meta name=\"twitter:card\" content=\"summary_large_image\" \/>\n<meta name=\"twitter:creator\" content=\"@CanalULL\" \/>\n<meta name=\"twitter:site\" content=\"@CanalULL\" \/>\n<meta name=\"twitter:label1\" content=\"Escrito por\" \/>\n\t<meta name=\"twitter:data1\" content=\"gaprsa\" \/>\n\t<meta name=\"twitter:label2\" content=\"Tiempo de lectura\" \/>\n\t<meta name=\"twitter:data2\" content=\"3 minutos\" \/>\n<script type=\"application\/ld+json\" class=\"yoast-schema-graph\">{\"@context\":\"https:\/\/schema.org\",\"@graph\":[{\"@type\":\"WebPage\",\"@id\":\"https:\/\/www.ull.es\/portal\/noticias\/2024\/la-universidad-de-la-laguna-capta-una-cuarentena-de-investigadores-de-excelencia\/\",\"url\":\"https:\/\/www.ull.es\/portal\/noticias\/2024\/la-universidad-de-la-laguna-capta-una-cuarentena-de-investigadores-de-excelencia\/\",\"name\":\"La Universidad de La Laguna capta una cuarentena de investigadores de excelencia - ULL - Noticias\",\"isPartOf\":{\"@id\":\"https:\/\/www.ull.es\/portal\/noticias\/#website\"},\"datePublished\":\"2024-07-05T13:39:58+00:00\",\"dateModified\":\"2024-07-05T13:39:58+00:00\",\"author\":{\"@id\":\"https:\/\/www.ull.es\/portal\/noticias\/#\/schema\/person\/b2b1a89d43ffa609e591f7df8ef3e817\"},\"breadcrumb\":{\"@id\":\"https:\/\/www.ull.es\/portal\/noticias\/2024\/la-universidad-de-la-laguna-capta-una-cuarentena-de-investigadores-de-excelencia\/#breadcrumb\"},\"inLanguage\":\"es\",\"potentialAction\":[{\"@type\":\"ReadAction\",\"target\":[\"https:\/\/www.ull.es\/portal\/noticias\/2024\/la-universidad-de-la-laguna-capta-una-cuarentena-de-investigadores-de-excelencia\/\"]}]},{\"@type\":\"BreadcrumbList\",\"@id\":\"https:\/\/www.ull.es\/portal\/noticias\/2024\/la-universidad-de-la-laguna-capta-una-cuarentena-de-investigadores-de-excelencia\/#breadcrumb\",\"itemListElement\":[{\"@type\":\"ListItem\",\"position\":1,\"name\":\"Portada\",\"item\":\"https:\/\/www.ull.es\/portal\/noticias\/\"},{\"@type\":\"ListItem\",\"position\":2,\"name\":\"La Universidad de La Laguna capta una cuarentena de investigadores de excelencia\"}]},{\"@type\":\"WebSite\",\"@id\":\"https:\/\/www.ull.es\/portal\/noticias\/#website\",\"url\":\"https:\/\/www.ull.es\/portal\/noticias\/\",\"name\":\"ULL - Noticias\",\"description\":\"\",\"potentialAction\":[{\"@type\":\"SearchAction\",\"target\":{\"@type\":\"EntryPoint\",\"urlTemplate\":\"https:\/\/www.ull.es\/portal\/noticias\/?s={search_term_string}\"},\"query-input\":\"required name=search_term_string\"}],\"inLanguage\":\"es\"},{\"@type\":\"Person\",\"@id\":\"https:\/\/www.ull.es\/portal\/noticias\/#\/schema\/person\/b2b1a89d43ffa609e591f7df8ef3e817\",\"name\":\"gaprsa\",\"image\":{\"@type\":\"ImageObject\",\"inLanguage\":\"es\",\"@id\":\"https:\/\/www.ull.es\/portal\/noticias\/#\/schema\/person\/image\/\",\"url\":\"https:\/\/secure.gravatar.com\/avatar\/443820550921091458b4823867723b3d?s=96&d=mm&r=g\",\"contentUrl\":\"https:\/\/secure.gravatar.com\/avatar\/443820550921091458b4823867723b3d?s=96&d=mm&r=g\",\"caption\":\"gaprsa\"},\"url\":\"https:\/\/www.ull.es\/portal\/noticias\/author\/gaprsa\/\"}]}<\/script>\n<!-- \/ Yoast SEO plugin. -->","yoast_head_json":{"title":"La Universidad de La Laguna capta una cuarentena de investigadores de excelencia - ULL - Noticias","robots":{"index":"index","follow":"follow","max-snippet":"max-snippet:-1","max-image-preview":"max-image-preview:large","max-video-preview":"max-video-preview:-1"},"canonical":"https:\/\/www.ull.es\/portal\/noticias\/2024\/la-universidad-de-la-laguna-capta-una-cuarentena-de-investigadores-de-excelencia\/","og_locale":"es_ES","og_type":"article","og_title":"La Universidad de La Laguna capta una cuarentena de investigadores de excelencia - ULL - Noticias","og_description":"La Universidad de La Laguna ha optado a distintas convocatorias de captaci\u00f3n de talento investigador de excelencia que se ha...","og_url":"https:\/\/www.ull.es\/portal\/noticias\/2024\/la-universidad-de-la-laguna-capta-una-cuarentena-de-investigadores-de-excelencia\/","og_site_name":"ULL - Noticias","article_publisher":"https:\/\/www.facebook.com\/universidaddelalaguna\/","article_published_time":"2024-07-05T13:39:58+00:00","og_image":[{"width":1200,"height":800,"url":"https:\/\/www.ull.es\/portal\/noticias\/wp-content\/uploads\/sites\/13\/2024\/07\/laboratorio-3.jpg","type":"image\/jpeg"}],"author":"gaprsa","twitter_card":"summary_large_image","twitter_creator":"@CanalULL","twitter_site":"@CanalULL","twitter_misc":{"Escrito por":"gaprsa","Tiempo de lectura":"3 minutos"},"schema":{"@context":"https:\/\/schema.org","@graph":[{"@type":"WebPage","@id":"https:\/\/www.ull.es\/portal\/noticias\/2024\/la-universidad-de-la-laguna-capta-una-cuarentena-de-investigadores-de-excelencia\/","url":"https:\/\/www.ull.es\/portal\/noticias\/2024\/la-universidad-de-la-laguna-capta-una-cuarentena-de-investigadores-de-excelencia\/","name":"La Universidad de La Laguna capta una cuarentena de investigadores de excelencia - ULL - Noticias","isPartOf":{"@id":"https:\/\/www.ull.es\/portal\/noticias\/#website"},"datePublished":"2024-07-05T13:39:58+00:00","dateModified":"2024-07-05T13:39:58+00:00","author":{"@id":"https:\/\/www.ull.es\/portal\/noticias\/#\/schema\/person\/b2b1a89d43ffa609e591f7df8ef3e817"},"breadcrumb":{"@id":"https:\/\/www.ull.es\/portal\/noticias\/2024\/la-universidad-de-la-laguna-capta-una-cuarentena-de-investigadores-de-excelencia\/#breadcrumb"},"inLanguage":"es","potentialAction":[{"@type":"ReadAction","target":["https:\/\/www.ull.es\/portal\/noticias\/2024\/la-universidad-de-la-laguna-capta-una-cuarentena-de-investigadores-de-excelencia\/"]}]},{"@type":"BreadcrumbList","@id":"https:\/\/www.ull.es\/portal\/noticias\/2024\/la-universidad-de-la-laguna-capta-una-cuarentena-de-investigadores-de-excelencia\/#breadcrumb","itemListElement":[{"@type":"ListItem","position":1,"name":"Portada","item":"https:\/\/www.ull.es\/portal\/noticias\/"},{"@type":"ListItem","position":2,"name":"La Universidad de La Laguna capta una cuarentena de investigadores de excelencia"}]},{"@type":"WebSite","@id":"https:\/\/www.ull.es\/portal\/noticias\/#website","url":"https:\/\/www.ull.es\/portal\/noticias\/","name":"ULL - Noticias","description":"","potentialAction":[{"@type":"SearchAction","target":{"@type":"EntryPoint","urlTemplate":"https:\/\/www.ull.es\/portal\/noticias\/?s={search_term_string}"},"query-input":"required name=search_term_string"}],"inLanguage":"es"},{"@type":"Person","@id":"https:\/\/www.ull.es\/portal\/noticias\/#\/schema\/person\/b2b1a89d43ffa609e591f7df8ef3e817","name":"gaprsa","image":{"@type":"ImageObject","inLanguage":"es","@id":"https:\/\/www.ull.es\/portal\/noticias\/#\/schema\/person\/image\/","url":"https:\/\/secure.gravatar.com\/avatar\/443820550921091458b4823867723b3d?s=96&d=mm&r=g","contentUrl":"https:\/\/secure.gravatar.com\/avatar\/443820550921091458b4823867723b3d?s=96&d=mm&r=g","caption":"gaprsa"},"url":"https:\/\/www.ull.es\/portal\/noticias\/author\/gaprsa\/"}]}},"primary_category":{"id":345,"name":"Destacado","slug":"destacado","link":"https:\/\/www.ull.es\/portal\/noticias\/category\/destacado\/"},"featured_image_thumbnail_url":"https:\/\/www.ull.es\/portal\/noticias\/wp-content\/uploads\/sites\/13\/2024\/07\/laboratorio-3-300x200.jpg","_links":{"self":[{"href":"https:\/\/www.ull.es\/portal\/noticias\/wp-json\/wp\/v2\/posts\/76522"}],"collection":[{"href":"https:\/\/www.ull.es\/portal\/noticias\/wp-json\/wp\/v2\/posts"}],"about":[{"href":"https:\/\/www.ull.es\/portal\/noticias\/wp-json\/wp\/v2\/types\/post"}],"author":[{"embeddable":true,"href":"https:\/\/www.ull.es\/portal\/noticias\/wp-json\/wp\/v2\/users\/23"}],"replies":[{"embeddable":true,"href":"https:\/\/www.ull.es\/portal\/noticias\/wp-json\/wp\/v2\/comments?post=76522"}],"version-history":[{"count":1,"href":"https:\/\/www.ull.es\/portal\/noticias\/wp-json\/wp\/v2\/posts\/76522\/revisions"}],"predecessor-version":[{"id":76524,"href":"https:\/\/www.ull.es\/portal\/noticias\/wp-json\/wp\/v2\/posts\/76522\/revisions\/76524"}],"wp:featuredmedia":[{"embeddable":true,"href":"https:\/\/www.ull.es\/portal\/noticias\/wp-json\/wp\/v2\/media\/76523"}],"wp:attachment":[{"href":"https:\/\/www.ull.es\/portal\/noticias\/wp-json\/wp\/v2\/media?parent=76522"}],"wp:term":[{"taxonomy":"category","embeddable":true,"href":"https:\/\/www.ull.es\/portal\/noticias\/wp-json\/wp\/v2\/categories?post=76522"},{"taxonomy":"post_tag","embeddable":true,"href":"https:\/\/www.ull.es\/portal\/noticias\/wp-json\/wp\/v2\/tags?post=76522"}],"curies":[{"name":"wp","href":"https:\/\/api.w.org\/{rel}","templated":true}]}}