{"id":76542,"date":"2024-07-09T10:02:39","date_gmt":"2024-07-09T10:02:39","guid":{"rendered":"https:\/\/www.ull.es\/portal\/noticias\/?p=76542"},"modified":"2024-07-09T10:02:39","modified_gmt":"2024-07-09T10:02:39","slug":"universidad-de-la-laguna-y-cabildo-abren-la-matricula-de-la-universidad-de-verano-de-la-gomera","status":"publish","type":"post","link":"https:\/\/www.ull.es\/portal\/noticias\/2024\/universidad-de-la-laguna-y-cabildo-abren-la-matricula-de-la-universidad-de-verano-de-la-gomera\/","title":{"rendered":"Universidad de La Laguna y Cabildo abren la matr\u00edcula de la Universidad de Verano de La Gomera"},"content":{"rendered":"<p><span style=\"font-weight: 400\">La Universidad de La Laguna y el Cabildo de La Gomera abren hoy, 9 de julio, el plazo de matriculaci\u00f3n a los cursos de la nueva edici\u00f3n de la <a href=\"https:\/\/www.ull.es\/cultura\/cursos-extension-universitaria\/universidad-de-verano-de-la-gomera\/\" target=\"_blank\" rel=\"noopener\">Universidad de Verano de La Gomera<\/a>. La oferta formativa, que se desarrollar\u00e1 entre el 22 y 29 de julio en los seis municipios de la isla, consta de seis cursos que abordan temas de actualidad e inter\u00e9s general en \u00e1reas como la salud mental, la ense\u00f1anza y el aprendizaje, sector primario, inteligencia artificial, y administraci\u00f3n y servicios p\u00fablicos.<\/span><\/p>\n<p><span style=\"font-weight: 400\">La vicerrectora de Cultura y Extensi\u00f3n Universitaria de la Universidad de La Laguna, Isabel Le\u00f3n, destaca que en esta edici\u00f3n se dar\u00e1 visibilidad a j\u00f3venes investigadores noveles de la instituci\u00f3n acad\u00e9mica, quienes tendr\u00e1n la oportunidad de exponer sus tesis doctorales en su propia isla y, por otro lado, en la importancia de la salud mental como hilo conductor, fortaleciendo su impacto educativo y social. Por su parte, el presidente del Cabildo, Casimiro Curbelo, hace hincapi\u00e9 en la colaboraci\u00f3n entre las dos instituciones para materializar cada a\u00f1o esta cita acad\u00e9mica que ayuda a la ciudadan\u00eda a avanzar en su formaci\u00f3n integral.\u00a0<\/span><\/p>\n<p><span style=\"font-weight: 400\">Estos cursos ser\u00e1n gratuitos y est\u00e1n dirigidos a toda la poblaci\u00f3n, sin necesidad de requisitos previos. Se llevar\u00e1n a cabo de manera presencial y tendr\u00e1n una duraci\u00f3n de diez horas lectivas cada uno. El acceso a las inscripciones se realiza de forma online a trav\u00e9s de <\/span><a href=\"https:\/\/www.ull.es\/cultura\/cursos-extension-universitaria\/universidad-de-verano-de-la-gomera\/\" target=\"_blank\" rel=\"noopener\"><span style=\"font-weight: 400\">este enlace<\/span><\/a><span style=\"font-weight: 400\">.\u00a0<\/span><\/p>\n<p><b>Calendario de cursos\u00a0<\/b><\/p>\n<p><span style=\"font-weight: 400\">El primer curso comienza el <\/span>22 de julio<span style=\"font-weight: 400\"> en el Centro Cultural Antiguo Casino de Hermigua con el t\u00edtulo <\/span>\u00abT\u00e9cnicas, estilos y estrategias de ense\u00f1anza\u00bb<span style=\"font-weight: 400\"> con la finalidad de dotar al estudiante de informaci\u00f3n y propuestas pr\u00e1cticas transversales que permitan la aplicaci\u00f3n eficaz y eficiente de diferentes estrategias y t\u00e9cnicas espec\u00edficas para la ense\u00f1anza de actividades f\u00edsicas y\/o deportivas, a trav\u00e9s de diferentes din\u00e1micas que se puedan emplear en su d\u00eda a d\u00eda.<\/span><\/p>\n<p><span style=\"font-weight: 400\">Tambi\u00e9n el <\/span>22 de julio<span style=\"font-weight: 400\"> dar\u00e1 comienzo el curso\u00a0 <\/span>\u00abSimplificaci\u00f3n administrativa y mejora de los servicios p\u00fablicos\u00bb<span style=\"font-weight: 400\"> que se celebrar\u00e1 en el Sal\u00f3n de Plenos del Cabildo, en San Sebasti\u00e1n de La Gomera. La formaci\u00f3n estar\u00e1 orientada al an\u00e1lisis del concepto de simplificaci\u00f3n administrativa en las Administraciones P\u00fablicas y la prestaci\u00f3n de servicios.\u00a0<\/span><\/p>\n<p><span style=\"font-weight: 400\">El <\/span>24 de julio<span style=\"font-weight: 400\"> dar\u00e1 comienzo el curso de <\/span>\u00abContaminaci\u00f3n agroalimentaria\u00bb<span style=\"font-weight: 400\">, que tendr\u00e1 lugar en la Residencia Escolar de Vallehermoso. Las sesiones formativas servir\u00e1n para reconocer la importante de un consumo seguro de alimentos, diferenciar entre calidad y seguridad, los principales contaminantes y las t\u00e9cnicas anal\u00edticas utilizadas para evaluar la seguridad.<\/span><\/p>\n<p><span style=\"font-weight: 400\">El resto de los cursos previstos se iniciar\u00e1n el <\/span>29 de julio<span style=\"font-weight: 400\">. <\/span>\u00abDomina el futuro: fundamentos de Inteligencia Artificial\u00bb<span style=\"font-weight: 400\"> ser\u00e1 en el Sal\u00f3n de Actos del Ayuntamiento de Alajer\u00f3 y servir\u00e1 para conocer los fundamentos de la inteligencia artificial. Entender los principales modelos de Inteligencia Artificial. Aprender a usar herramientas de inteligencia generativa basadas en chat: ChatGPT, Google Bard, Bing Chat y presentar aplicaciones Inteligencia Artificial en diferentes \u00e1mbitos.<\/span><\/p>\n<p><span style=\"font-weight: 400\">Mientras, el Auditorio Benedicto Negr\u00edn de Agulo servir\u00e1 de espacio formativo para el curso <\/span>\u00abPrevenci\u00f3n de conductas autol\u00edticas en poblaci\u00f3n infanto-juvenil\u00bb<span style=\"font-weight: 400\">. En este caso se ahondar\u00e1 en identificar los factores personales, familiares y contextuales implicados en las conductas autol\u00edticas de los y las j\u00f3venes, aplicar los conocimientos adquiridos para la detecci\u00f3n de los factores de riesgo asociados a las conductas autol\u00edticas y desarrollar las destrezas necesarias para potenciar los factores protectores.<\/span><\/p>\n<p><span style=\"font-weight: 400\">Por \u00faltimo, la Casa de la Cultura de Valle Gran Rey acoger\u00e1 el curso <\/span>\u00abPedagog\u00eda de las emociones en el proceso de ense\u00f1anza-aprendizaje\u00bb<span style=\"font-weight: 400\"> que tiene como finalidad conocer y comprender la pedagog\u00eda de las emociones y sus implicaciones en el proceso de ense\u00f1anza-aprendizaje y aplicar t\u00e9cnicas de gesti\u00f3n emocional con el alumnado para mejorar la salud emocional.\u00a0<\/span><\/p>\n<p><span style=\"font-weight: 400\">La Universidad de La Laguna, a trav\u00e9s del Vicerrectorado de Cultura y Extensi\u00f3n Universitaria, emitir\u00e1 un certificado de asistencia a todas aquellas personas que asistan a un m\u00ednimo del 80% de las horas lectivas presenciales. Asimismo, aquellas personas que superen el trabajo aut\u00f3nomo del alumnado, recibir\u00e1n un certificado de asistencia y aprovechamiento, reconocible a su vez por un cr\u00e9dito ECTS.<\/span><\/p>\n<p>&nbsp;<\/p>\n","protected":false},"excerpt":{"rendered":"<p>La Universidad de La Laguna y el Cabildo de La Gomera abren hoy, 9 de julio, el plazo de matriculaci\u00f3n&#8230;<\/p>\n","protected":false},"author":23,"featured_media":76544,"comment_status":"closed","ping_status":"closed","sticky":false,"template":"","format":"standard","meta":{"inline_featured_image":false,"footnotes":""},"categories":[344,345,2765],"tags":[],"acf":[],"yoast_head":"<!-- This site is optimized with the Yoast SEO plugin v21.3 - https:\/\/yoast.com\/wordpress\/plugins\/seo\/ -->\n<title>Universidad de La Laguna y Cabildo abren la matr\u00edcula de la Universidad de Verano de La Gomera - ULL - Noticias<\/title>\n<meta name=\"robots\" content=\"index, follow, max-snippet:-1, max-image-preview:large, max-video-preview:-1\" \/>\n<link rel=\"canonical\" href=\"https:\/\/www.ull.es\/portal\/noticias\/2024\/universidad-de-la-laguna-y-cabildo-abren-la-matricula-de-la-universidad-de-verano-de-la-gomera\/\" \/>\n<meta property=\"og:locale\" content=\"es_ES\" \/>\n<meta property=\"og:type\" content=\"article\" \/>\n<meta property=\"og:title\" content=\"Universidad de La Laguna y Cabildo abren la matr\u00edcula de la Universidad de Verano de La Gomera - ULL - Noticias\" \/>\n<meta property=\"og:description\" content=\"La Universidad de La Laguna y el Cabildo de La Gomera abren hoy, 9 de julio, el plazo de matriculaci\u00f3n...\" \/>\n<meta property=\"og:url\" content=\"https:\/\/www.ull.es\/portal\/noticias\/2024\/universidad-de-la-laguna-y-cabildo-abren-la-matricula-de-la-universidad-de-verano-de-la-gomera\/\" \/>\n<meta property=\"og:site_name\" content=\"ULL - Noticias\" \/>\n<meta property=\"article:publisher\" content=\"https:\/\/www.facebook.com\/universidaddelalaguna\/\" \/>\n<meta property=\"article:published_time\" content=\"2024-07-09T10:02:39+00:00\" \/>\n<meta property=\"og:image\" content=\"https:\/\/www.ull.es\/portal\/noticias\/wp-content\/uploads\/sites\/13\/2024\/07\/Pantalla-general-la-gomera.png\" \/>\n\t<meta property=\"og:image:width\" content=\"1920\" \/>\n\t<meta property=\"og:image:height\" content=\"1080\" \/>\n\t<meta property=\"og:image:type\" content=\"image\/png\" \/>\n<meta name=\"author\" content=\"gaprsa\" \/>\n<meta name=\"twitter:card\" content=\"summary_large_image\" \/>\n<meta name=\"twitter:creator\" content=\"@CanalULL\" \/>\n<meta name=\"twitter:site\" content=\"@CanalULL\" \/>\n<meta name=\"twitter:label1\" content=\"Escrito por\" \/>\n\t<meta name=\"twitter:data1\" content=\"gaprsa\" \/>\n\t<meta name=\"twitter:label2\" content=\"Tiempo de lectura\" \/>\n\t<meta name=\"twitter:data2\" content=\"4 minutos\" \/>\n<script type=\"application\/ld+json\" class=\"yoast-schema-graph\">{\"@context\":\"https:\/\/schema.org\",\"@graph\":[{\"@type\":\"WebPage\",\"@id\":\"https:\/\/www.ull.es\/portal\/noticias\/2024\/universidad-de-la-laguna-y-cabildo-abren-la-matricula-de-la-universidad-de-verano-de-la-gomera\/\",\"url\":\"https:\/\/www.ull.es\/portal\/noticias\/2024\/universidad-de-la-laguna-y-cabildo-abren-la-matricula-de-la-universidad-de-verano-de-la-gomera\/\",\"name\":\"Universidad de La Laguna y Cabildo abren la matr\u00edcula de la Universidad de Verano de La Gomera - ULL - Noticias\",\"isPartOf\":{\"@id\":\"https:\/\/www.ull.es\/portal\/noticias\/#website\"},\"datePublished\":\"2024-07-09T10:02:39+00:00\",\"dateModified\":\"2024-07-09T10:02:39+00:00\",\"author\":{\"@id\":\"https:\/\/www.ull.es\/portal\/noticias\/#\/schema\/person\/b2b1a89d43ffa609e591f7df8ef3e817\"},\"breadcrumb\":{\"@id\":\"https:\/\/www.ull.es\/portal\/noticias\/2024\/universidad-de-la-laguna-y-cabildo-abren-la-matricula-de-la-universidad-de-verano-de-la-gomera\/#breadcrumb\"},\"inLanguage\":\"es\",\"potentialAction\":[{\"@type\":\"ReadAction\",\"target\":[\"https:\/\/www.ull.es\/portal\/noticias\/2024\/universidad-de-la-laguna-y-cabildo-abren-la-matricula-de-la-universidad-de-verano-de-la-gomera\/\"]}]},{\"@type\":\"BreadcrumbList\",\"@id\":\"https:\/\/www.ull.es\/portal\/noticias\/2024\/universidad-de-la-laguna-y-cabildo-abren-la-matricula-de-la-universidad-de-verano-de-la-gomera\/#breadcrumb\",\"itemListElement\":[{\"@type\":\"ListItem\",\"position\":1,\"name\":\"Portada\",\"item\":\"https:\/\/www.ull.es\/portal\/noticias\/\"},{\"@type\":\"ListItem\",\"position\":2,\"name\":\"Universidad de La Laguna y Cabildo abren la matr\u00edcula de la Universidad de Verano de La Gomera\"}]},{\"@type\":\"WebSite\",\"@id\":\"https:\/\/www.ull.es\/portal\/noticias\/#website\",\"url\":\"https:\/\/www.ull.es\/portal\/noticias\/\",\"name\":\"ULL - Noticias\",\"description\":\"\",\"potentialAction\":[{\"@type\":\"SearchAction\",\"target\":{\"@type\":\"EntryPoint\",\"urlTemplate\":\"https:\/\/www.ull.es\/portal\/noticias\/?s={search_term_string}\"},\"query-input\":\"required name=search_term_string\"}],\"inLanguage\":\"es\"},{\"@type\":\"Person\",\"@id\":\"https:\/\/www.ull.es\/portal\/noticias\/#\/schema\/person\/b2b1a89d43ffa609e591f7df8ef3e817\",\"name\":\"gaprsa\",\"image\":{\"@type\":\"ImageObject\",\"inLanguage\":\"es\",\"@id\":\"https:\/\/www.ull.es\/portal\/noticias\/#\/schema\/person\/image\/\",\"url\":\"https:\/\/secure.gravatar.com\/avatar\/443820550921091458b4823867723b3d?s=96&d=mm&r=g\",\"contentUrl\":\"https:\/\/secure.gravatar.com\/avatar\/443820550921091458b4823867723b3d?s=96&d=mm&r=g\",\"caption\":\"gaprsa\"},\"url\":\"https:\/\/www.ull.es\/portal\/noticias\/author\/gaprsa\/\"}]}<\/script>\n<!-- \/ Yoast SEO plugin. -->","yoast_head_json":{"title":"Universidad de La Laguna y Cabildo abren la matr\u00edcula de la Universidad de Verano de La Gomera - ULL - Noticias","robots":{"index":"index","follow":"follow","max-snippet":"max-snippet:-1","max-image-preview":"max-image-preview:large","max-video-preview":"max-video-preview:-1"},"canonical":"https:\/\/www.ull.es\/portal\/noticias\/2024\/universidad-de-la-laguna-y-cabildo-abren-la-matricula-de-la-universidad-de-verano-de-la-gomera\/","og_locale":"es_ES","og_type":"article","og_title":"Universidad de La Laguna y Cabildo abren la matr\u00edcula de la Universidad de Verano de La Gomera - ULL - Noticias","og_description":"La Universidad de La Laguna y el Cabildo de La Gomera abren hoy, 9 de julio, el plazo de matriculaci\u00f3n...","og_url":"https:\/\/www.ull.es\/portal\/noticias\/2024\/universidad-de-la-laguna-y-cabildo-abren-la-matricula-de-la-universidad-de-verano-de-la-gomera\/","og_site_name":"ULL - Noticias","article_publisher":"https:\/\/www.facebook.com\/universidaddelalaguna\/","article_published_time":"2024-07-09T10:02:39+00:00","og_image":[{"width":1920,"height":1080,"url":"https:\/\/www.ull.es\/portal\/noticias\/wp-content\/uploads\/sites\/13\/2024\/07\/Pantalla-general-la-gomera.png","type":"image\/png"}],"author":"gaprsa","twitter_card":"summary_large_image","twitter_creator":"@CanalULL","twitter_site":"@CanalULL","twitter_misc":{"Escrito por":"gaprsa","Tiempo de lectura":"4 minutos"},"schema":{"@context":"https:\/\/schema.org","@graph":[{"@type":"WebPage","@id":"https:\/\/www.ull.es\/portal\/noticias\/2024\/universidad-de-la-laguna-y-cabildo-abren-la-matricula-de-la-universidad-de-verano-de-la-gomera\/","url":"https:\/\/www.ull.es\/portal\/noticias\/2024\/universidad-de-la-laguna-y-cabildo-abren-la-matricula-de-la-universidad-de-verano-de-la-gomera\/","name":"Universidad de La Laguna y Cabildo abren la matr\u00edcula de la Universidad de Verano de La Gomera - ULL - Noticias","isPartOf":{"@id":"https:\/\/www.ull.es\/portal\/noticias\/#website"},"datePublished":"2024-07-09T10:02:39+00:00","dateModified":"2024-07-09T10:02:39+00:00","author":{"@id":"https:\/\/www.ull.es\/portal\/noticias\/#\/schema\/person\/b2b1a89d43ffa609e591f7df8ef3e817"},"breadcrumb":{"@id":"https:\/\/www.ull.es\/portal\/noticias\/2024\/universidad-de-la-laguna-y-cabildo-abren-la-matricula-de-la-universidad-de-verano-de-la-gomera\/#breadcrumb"},"inLanguage":"es","potentialAction":[{"@type":"ReadAction","target":["https:\/\/www.ull.es\/portal\/noticias\/2024\/universidad-de-la-laguna-y-cabildo-abren-la-matricula-de-la-universidad-de-verano-de-la-gomera\/"]}]},{"@type":"BreadcrumbList","@id":"https:\/\/www.ull.es\/portal\/noticias\/2024\/universidad-de-la-laguna-y-cabildo-abren-la-matricula-de-la-universidad-de-verano-de-la-gomera\/#breadcrumb","itemListElement":[{"@type":"ListItem","position":1,"name":"Portada","item":"https:\/\/www.ull.es\/portal\/noticias\/"},{"@type":"ListItem","position":2,"name":"Universidad de La Laguna y Cabildo abren la matr\u00edcula de la Universidad de Verano de La Gomera"}]},{"@type":"WebSite","@id":"https:\/\/www.ull.es\/portal\/noticias\/#website","url":"https:\/\/www.ull.es\/portal\/noticias\/","name":"ULL - Noticias","description":"","potentialAction":[{"@type":"SearchAction","target":{"@type":"EntryPoint","urlTemplate":"https:\/\/www.ull.es\/portal\/noticias\/?s={search_term_string}"},"query-input":"required name=search_term_string"}],"inLanguage":"es"},{"@type":"Person","@id":"https:\/\/www.ull.es\/portal\/noticias\/#\/schema\/person\/b2b1a89d43ffa609e591f7df8ef3e817","name":"gaprsa","image":{"@type":"ImageObject","inLanguage":"es","@id":"https:\/\/www.ull.es\/portal\/noticias\/#\/schema\/person\/image\/","url":"https:\/\/secure.gravatar.com\/avatar\/443820550921091458b4823867723b3d?s=96&d=mm&r=g","contentUrl":"https:\/\/secure.gravatar.com\/avatar\/443820550921091458b4823867723b3d?s=96&d=mm&r=g","caption":"gaprsa"},"url":"https:\/\/www.ull.es\/portal\/noticias\/author\/gaprsa\/"}]}},"primary_category":{"id":345,"name":"Destacado","slug":"destacado","link":"https:\/\/www.ull.es\/portal\/noticias\/category\/destacado\/"},"featured_image_thumbnail_url":"https:\/\/www.ull.es\/portal\/noticias\/wp-content\/uploads\/sites\/13\/2024\/07\/Pantalla-general-la-gomera-300x169.png","_links":{"self":[{"href":"https:\/\/www.ull.es\/portal\/noticias\/wp-json\/wp\/v2\/posts\/76542"}],"collection":[{"href":"https:\/\/www.ull.es\/portal\/noticias\/wp-json\/wp\/v2\/posts"}],"about":[{"href":"https:\/\/www.ull.es\/portal\/noticias\/wp-json\/wp\/v2\/types\/post"}],"author":[{"embeddable":true,"href":"https:\/\/www.ull.es\/portal\/noticias\/wp-json\/wp\/v2\/users\/23"}],"replies":[{"embeddable":true,"href":"https:\/\/www.ull.es\/portal\/noticias\/wp-json\/wp\/v2\/comments?post=76542"}],"version-history":[{"count":2,"href":"https:\/\/www.ull.es\/portal\/noticias\/wp-json\/wp\/v2\/posts\/76542\/revisions"}],"predecessor-version":[{"id":76545,"href":"https:\/\/www.ull.es\/portal\/noticias\/wp-json\/wp\/v2\/posts\/76542\/revisions\/76545"}],"wp:featuredmedia":[{"embeddable":true,"href":"https:\/\/www.ull.es\/portal\/noticias\/wp-json\/wp\/v2\/media\/76544"}],"wp:attachment":[{"href":"https:\/\/www.ull.es\/portal\/noticias\/wp-json\/wp\/v2\/media?parent=76542"}],"wp:term":[{"taxonomy":"category","embeddable":true,"href":"https:\/\/www.ull.es\/portal\/noticias\/wp-json\/wp\/v2\/categories?post=76542"},{"taxonomy":"post_tag","embeddable":true,"href":"https:\/\/www.ull.es\/portal\/noticias\/wp-json\/wp\/v2\/tags?post=76542"}],"curies":[{"name":"wp","href":"https:\/\/api.w.org\/{rel}","templated":true}]}}