{"id":76550,"date":"2024-07-09T11:53:18","date_gmt":"2024-07-09T11:53:18","guid":{"rendered":"https:\/\/www.ull.es\/portal\/noticias\/?p=76550"},"modified":"2024-07-09T11:53:18","modified_gmt":"2024-07-09T11:53:18","slug":"estudiantes-de-la-ull-realizaran-practicas-y-voluntariado-en-la-fundacion-carrera-por-la-vida","status":"publish","type":"post","link":"https:\/\/www.ull.es\/portal\/noticias\/2024\/estudiantes-de-la-ull-realizaran-practicas-y-voluntariado-en-la-fundacion-carrera-por-la-vida\/","title":{"rendered":"Estudiantes de la ULL realizar\u00e1n pr\u00e1cticas y voluntariado en la Fundaci\u00f3n Carrera por la Vida"},"content":{"rendered":"<p>El rector de la Universidad de La Laguna, Francisco Garc\u00eda, y la presidenta de la <a href=\"https:\/\/carreraporlavida.org\/\" target=\"_blank\" rel=\"noopener\">Fundaci\u00f3n Carrera por la Vida<\/a>, Brigitte Gypen, han firmado recientemente un acuerdo de colaboraci\u00f3n mediante el cual se prev\u00e9 que estudiantes de la instituci\u00f3n acad\u00e9mica pueda realizar sus pr\u00e1cticas de fin de grado en la cita entidad, dedicada a atender a las v\u00edctimas y familiares de enfermos de c\u00e1ncer de mama y a promover la atenci\u00f3n precoz de esta patolog\u00eda.<\/p>\n<p>Son varias las l\u00edneas de colaboraci\u00f3n previstas. La idea es poner en marcha un programa de pr\u00e1cticas en la fundaci\u00f3n, como se ha se\u00f1alado, muy especialmente en titulaciones como Psicolog\u00eda, Fisioterapia, Econom\u00eda o Trabajo Social, entre otras. Tambi\u00e9n cabe la posibilidad de participaci\u00f3n del alumnado a trav\u00e9s del programa de voluntariado de la universidad y es muy probable que igualmente se active la posibilidad de realizar trabajos de fin de grado y de fin de m\u00e1ster referidas a la atenci\u00f3n a pacientes y familiares.<\/p>\n<p>Una parte de la financiaci\u00f3n de particulares que recibe esta fundaci\u00f3n se destina a proyectos de investigaci\u00f3n, asunto en el que la Universidad de La Laguna tambi\u00e9n est\u00e1 interesada. Adem\u00e1s, esta fundaci\u00f3n ha sido distinguida en el \u00e1mbito europeo por su capacidad proactiva y su incesante actividad.<\/p>\n<p>Tanto Francisco Garc\u00eda como Brigitte Gypen se mostraron entusiasmados por la firma de este acuerdo, que acerca la universidad a una realidad social en la que tiene mucho que aportar a trav\u00e9s de distintos perfiles acad\u00e9micos y, a su vez, supone una fuente de financiaci\u00f3n para desarrollar proyectos de investigaci\u00f3n en torno a esta patolog\u00eda.<\/p>\n<p>El acuerdo prev\u00e9 asimismo la puesta en marcha de eventos, programas formativos multidisciplinares, posibilidad de becas y ayudas, actividades relacionadas con valores humanos de apoyo y solidaridad y cualquier otra que se considere de inter\u00e9s mutuo.<\/p>\n","protected":false},"excerpt":{"rendered":"<p>El rector de la Universidad de La Laguna, Francisco Garc\u00eda, y la presidenta de la Fundaci\u00f3n Carrera por la Vida,&#8230;<\/p>\n","protected":false},"author":23,"featured_media":76551,"comment_status":"closed","ping_status":"closed","sticky":false,"template":"","format":"standard","meta":{"inline_featured_image":false,"footnotes":""},"categories":[343,345,348,2765],"tags":[],"acf":[],"yoast_head":"<!-- This site is optimized with the Yoast SEO plugin v21.3 - https:\/\/yoast.com\/wordpress\/plugins\/seo\/ -->\n<title>Estudiantes de la ULL realizar\u00e1n pr\u00e1cticas y voluntariado en la Fundaci\u00f3n Carrera por la Vida - ULL - Noticias<\/title>\n<meta name=\"robots\" content=\"index, follow, max-snippet:-1, max-image-preview:large, max-video-preview:-1\" \/>\n<link rel=\"canonical\" href=\"https:\/\/www.ull.es\/portal\/noticias\/2024\/estudiantes-de-la-ull-realizaran-practicas-y-voluntariado-en-la-fundacion-carrera-por-la-vida\/\" \/>\n<meta property=\"og:locale\" content=\"es_ES\" \/>\n<meta property=\"og:type\" content=\"article\" \/>\n<meta property=\"og:title\" content=\"Estudiantes de la ULL realizar\u00e1n pr\u00e1cticas y voluntariado en la Fundaci\u00f3n Carrera por la Vida - ULL - Noticias\" \/>\n<meta property=\"og:description\" content=\"El rector de la Universidad de La Laguna, Francisco Garc\u00eda, y la presidenta de la Fundaci\u00f3n Carrera por la Vida,...\" \/>\n<meta property=\"og:url\" content=\"https:\/\/www.ull.es\/portal\/noticias\/2024\/estudiantes-de-la-ull-realizaran-practicas-y-voluntariado-en-la-fundacion-carrera-por-la-vida\/\" \/>\n<meta property=\"og:site_name\" content=\"ULL - Noticias\" \/>\n<meta property=\"article:publisher\" content=\"https:\/\/www.facebook.com\/universidaddelalaguna\/\" \/>\n<meta property=\"article:published_time\" content=\"2024-07-09T11:53:18+00:00\" \/>\n<meta property=\"og:image\" content=\"https:\/\/www.ull.es\/portal\/noticias\/wp-content\/uploads\/sites\/13\/2024\/07\/vicerrectora-estudiantes-ull-rector-ull-presidenta-fundacion-cancer-de-mama.jpg\" \/>\n\t<meta property=\"og:image:width\" content=\"1200\" \/>\n\t<meta property=\"og:image:height\" content=\"800\" \/>\n\t<meta property=\"og:image:type\" content=\"image\/jpeg\" \/>\n<meta name=\"author\" content=\"gaprsa\" \/>\n<meta name=\"twitter:card\" content=\"summary_large_image\" \/>\n<meta name=\"twitter:creator\" content=\"@CanalULL\" \/>\n<meta name=\"twitter:site\" content=\"@CanalULL\" \/>\n<meta name=\"twitter:label1\" content=\"Escrito por\" \/>\n\t<meta name=\"twitter:data1\" content=\"gaprsa\" \/>\n\t<meta name=\"twitter:label2\" content=\"Tiempo de lectura\" \/>\n\t<meta name=\"twitter:data2\" content=\"2 minutos\" \/>\n<script type=\"application\/ld+json\" class=\"yoast-schema-graph\">{\"@context\":\"https:\/\/schema.org\",\"@graph\":[{\"@type\":\"WebPage\",\"@id\":\"https:\/\/www.ull.es\/portal\/noticias\/2024\/estudiantes-de-la-ull-realizaran-practicas-y-voluntariado-en-la-fundacion-carrera-por-la-vida\/\",\"url\":\"https:\/\/www.ull.es\/portal\/noticias\/2024\/estudiantes-de-la-ull-realizaran-practicas-y-voluntariado-en-la-fundacion-carrera-por-la-vida\/\",\"name\":\"Estudiantes de la ULL realizar\u00e1n pr\u00e1cticas y voluntariado en la Fundaci\u00f3n Carrera por la Vida - ULL - Noticias\",\"isPartOf\":{\"@id\":\"https:\/\/www.ull.es\/portal\/noticias\/#website\"},\"datePublished\":\"2024-07-09T11:53:18+00:00\",\"dateModified\":\"2024-07-09T11:53:18+00:00\",\"author\":{\"@id\":\"https:\/\/www.ull.es\/portal\/noticias\/#\/schema\/person\/b2b1a89d43ffa609e591f7df8ef3e817\"},\"breadcrumb\":{\"@id\":\"https:\/\/www.ull.es\/portal\/noticias\/2024\/estudiantes-de-la-ull-realizaran-practicas-y-voluntariado-en-la-fundacion-carrera-por-la-vida\/#breadcrumb\"},\"inLanguage\":\"es\",\"potentialAction\":[{\"@type\":\"ReadAction\",\"target\":[\"https:\/\/www.ull.es\/portal\/noticias\/2024\/estudiantes-de-la-ull-realizaran-practicas-y-voluntariado-en-la-fundacion-carrera-por-la-vida\/\"]}]},{\"@type\":\"BreadcrumbList\",\"@id\":\"https:\/\/www.ull.es\/portal\/noticias\/2024\/estudiantes-de-la-ull-realizaran-practicas-y-voluntariado-en-la-fundacion-carrera-por-la-vida\/#breadcrumb\",\"itemListElement\":[{\"@type\":\"ListItem\",\"position\":1,\"name\":\"Portada\",\"item\":\"https:\/\/www.ull.es\/portal\/noticias\/\"},{\"@type\":\"ListItem\",\"position\":2,\"name\":\"Estudiantes de la ULL realizar\u00e1n pr\u00e1cticas y voluntariado en la Fundaci\u00f3n Carrera por la Vida\"}]},{\"@type\":\"WebSite\",\"@id\":\"https:\/\/www.ull.es\/portal\/noticias\/#website\",\"url\":\"https:\/\/www.ull.es\/portal\/noticias\/\",\"name\":\"ULL - Noticias\",\"description\":\"\",\"potentialAction\":[{\"@type\":\"SearchAction\",\"target\":{\"@type\":\"EntryPoint\",\"urlTemplate\":\"https:\/\/www.ull.es\/portal\/noticias\/?s={search_term_string}\"},\"query-input\":\"required name=search_term_string\"}],\"inLanguage\":\"es\"},{\"@type\":\"Person\",\"@id\":\"https:\/\/www.ull.es\/portal\/noticias\/#\/schema\/person\/b2b1a89d43ffa609e591f7df8ef3e817\",\"name\":\"gaprsa\",\"image\":{\"@type\":\"ImageObject\",\"inLanguage\":\"es\",\"@id\":\"https:\/\/www.ull.es\/portal\/noticias\/#\/schema\/person\/image\/\",\"url\":\"https:\/\/secure.gravatar.com\/avatar\/443820550921091458b4823867723b3d?s=96&d=mm&r=g\",\"contentUrl\":\"https:\/\/secure.gravatar.com\/avatar\/443820550921091458b4823867723b3d?s=96&d=mm&r=g\",\"caption\":\"gaprsa\"},\"url\":\"https:\/\/www.ull.es\/portal\/noticias\/author\/gaprsa\/\"}]}<\/script>\n<!-- \/ Yoast SEO plugin. -->","yoast_head_json":{"title":"Estudiantes de la ULL realizar\u00e1n pr\u00e1cticas y voluntariado en la Fundaci\u00f3n Carrera por la Vida - ULL - Noticias","robots":{"index":"index","follow":"follow","max-snippet":"max-snippet:-1","max-image-preview":"max-image-preview:large","max-video-preview":"max-video-preview:-1"},"canonical":"https:\/\/www.ull.es\/portal\/noticias\/2024\/estudiantes-de-la-ull-realizaran-practicas-y-voluntariado-en-la-fundacion-carrera-por-la-vida\/","og_locale":"es_ES","og_type":"article","og_title":"Estudiantes de la ULL realizar\u00e1n pr\u00e1cticas y voluntariado en la Fundaci\u00f3n Carrera por la Vida - ULL - Noticias","og_description":"El rector de la Universidad de La Laguna, Francisco Garc\u00eda, y la presidenta de la Fundaci\u00f3n Carrera por la Vida,...","og_url":"https:\/\/www.ull.es\/portal\/noticias\/2024\/estudiantes-de-la-ull-realizaran-practicas-y-voluntariado-en-la-fundacion-carrera-por-la-vida\/","og_site_name":"ULL - Noticias","article_publisher":"https:\/\/www.facebook.com\/universidaddelalaguna\/","article_published_time":"2024-07-09T11:53:18+00:00","og_image":[{"width":1200,"height":800,"url":"https:\/\/www.ull.es\/portal\/noticias\/wp-content\/uploads\/sites\/13\/2024\/07\/vicerrectora-estudiantes-ull-rector-ull-presidenta-fundacion-cancer-de-mama.jpg","type":"image\/jpeg"}],"author":"gaprsa","twitter_card":"summary_large_image","twitter_creator":"@CanalULL","twitter_site":"@CanalULL","twitter_misc":{"Escrito por":"gaprsa","Tiempo de lectura":"2 minutos"},"schema":{"@context":"https:\/\/schema.org","@graph":[{"@type":"WebPage","@id":"https:\/\/www.ull.es\/portal\/noticias\/2024\/estudiantes-de-la-ull-realizaran-practicas-y-voluntariado-en-la-fundacion-carrera-por-la-vida\/","url":"https:\/\/www.ull.es\/portal\/noticias\/2024\/estudiantes-de-la-ull-realizaran-practicas-y-voluntariado-en-la-fundacion-carrera-por-la-vida\/","name":"Estudiantes de la ULL realizar\u00e1n pr\u00e1cticas y voluntariado en la Fundaci\u00f3n Carrera por la Vida - ULL - Noticias","isPartOf":{"@id":"https:\/\/www.ull.es\/portal\/noticias\/#website"},"datePublished":"2024-07-09T11:53:18+00:00","dateModified":"2024-07-09T11:53:18+00:00","author":{"@id":"https:\/\/www.ull.es\/portal\/noticias\/#\/schema\/person\/b2b1a89d43ffa609e591f7df8ef3e817"},"breadcrumb":{"@id":"https:\/\/www.ull.es\/portal\/noticias\/2024\/estudiantes-de-la-ull-realizaran-practicas-y-voluntariado-en-la-fundacion-carrera-por-la-vida\/#breadcrumb"},"inLanguage":"es","potentialAction":[{"@type":"ReadAction","target":["https:\/\/www.ull.es\/portal\/noticias\/2024\/estudiantes-de-la-ull-realizaran-practicas-y-voluntariado-en-la-fundacion-carrera-por-la-vida\/"]}]},{"@type":"BreadcrumbList","@id":"https:\/\/www.ull.es\/portal\/noticias\/2024\/estudiantes-de-la-ull-realizaran-practicas-y-voluntariado-en-la-fundacion-carrera-por-la-vida\/#breadcrumb","itemListElement":[{"@type":"ListItem","position":1,"name":"Portada","item":"https:\/\/www.ull.es\/portal\/noticias\/"},{"@type":"ListItem","position":2,"name":"Estudiantes de la ULL realizar\u00e1n pr\u00e1cticas y voluntariado en la Fundaci\u00f3n Carrera por la Vida"}]},{"@type":"WebSite","@id":"https:\/\/www.ull.es\/portal\/noticias\/#website","url":"https:\/\/www.ull.es\/portal\/noticias\/","name":"ULL - Noticias","description":"","potentialAction":[{"@type":"SearchAction","target":{"@type":"EntryPoint","urlTemplate":"https:\/\/www.ull.es\/portal\/noticias\/?s={search_term_string}"},"query-input":"required name=search_term_string"}],"inLanguage":"es"},{"@type":"Person","@id":"https:\/\/www.ull.es\/portal\/noticias\/#\/schema\/person\/b2b1a89d43ffa609e591f7df8ef3e817","name":"gaprsa","image":{"@type":"ImageObject","inLanguage":"es","@id":"https:\/\/www.ull.es\/portal\/noticias\/#\/schema\/person\/image\/","url":"https:\/\/secure.gravatar.com\/avatar\/443820550921091458b4823867723b3d?s=96&d=mm&r=g","contentUrl":"https:\/\/secure.gravatar.com\/avatar\/443820550921091458b4823867723b3d?s=96&d=mm&r=g","caption":"gaprsa"},"url":"https:\/\/www.ull.es\/portal\/noticias\/author\/gaprsa\/"}]}},"primary_category":{"id":345,"name":"Destacado","slug":"destacado","link":"https:\/\/www.ull.es\/portal\/noticias\/category\/destacado\/"},"featured_image_thumbnail_url":"https:\/\/www.ull.es\/portal\/noticias\/wp-content\/uploads\/sites\/13\/2024\/07\/vicerrectora-estudiantes-ull-rector-ull-presidenta-fundacion-cancer-de-mama-300x200.jpg","_links":{"self":[{"href":"https:\/\/www.ull.es\/portal\/noticias\/wp-json\/wp\/v2\/posts\/76550"}],"collection":[{"href":"https:\/\/www.ull.es\/portal\/noticias\/wp-json\/wp\/v2\/posts"}],"about":[{"href":"https:\/\/www.ull.es\/portal\/noticias\/wp-json\/wp\/v2\/types\/post"}],"author":[{"embeddable":true,"href":"https:\/\/www.ull.es\/portal\/noticias\/wp-json\/wp\/v2\/users\/23"}],"replies":[{"embeddable":true,"href":"https:\/\/www.ull.es\/portal\/noticias\/wp-json\/wp\/v2\/comments?post=76550"}],"version-history":[{"count":1,"href":"https:\/\/www.ull.es\/portal\/noticias\/wp-json\/wp\/v2\/posts\/76550\/revisions"}],"predecessor-version":[{"id":76552,"href":"https:\/\/www.ull.es\/portal\/noticias\/wp-json\/wp\/v2\/posts\/76550\/revisions\/76552"}],"wp:featuredmedia":[{"embeddable":true,"href":"https:\/\/www.ull.es\/portal\/noticias\/wp-json\/wp\/v2\/media\/76551"}],"wp:attachment":[{"href":"https:\/\/www.ull.es\/portal\/noticias\/wp-json\/wp\/v2\/media?parent=76550"}],"wp:term":[{"taxonomy":"category","embeddable":true,"href":"https:\/\/www.ull.es\/portal\/noticias\/wp-json\/wp\/v2\/categories?post=76550"},{"taxonomy":"post_tag","embeddable":true,"href":"https:\/\/www.ull.es\/portal\/noticias\/wp-json\/wp\/v2\/tags?post=76550"}],"curies":[{"name":"wp","href":"https:\/\/api.w.org\/{rel}","templated":true}]}}