{"id":76563,"date":"2024-07-10T08:48:53","date_gmt":"2024-07-10T08:48:53","guid":{"rendered":"https:\/\/www.ull.es\/portal\/noticias\/?p=76563"},"modified":"2024-07-10T08:48:53","modified_gmt":"2024-07-10T08:48:53","slug":"el-cuatro-veces-ganador-del-grammy-latino-vicente-garcia-en-el-paraninfo-de-la-universidad-de-la-laguna","status":"publish","type":"post","link":"https:\/\/www.ull.es\/portal\/noticias\/2024\/el-cuatro-veces-ganador-del-grammy-latino-vicente-garcia-en-el-paraninfo-de-la-universidad-de-la-laguna\/","title":{"rendered":"El cuatro veces ganador del Grammy Latino Vicente Garc\u00eda, en el Paraninfo de la Universidad de La Laguna"},"content":{"rendered":"<p>El <a href=\"https:\/\/www.ull.es\/cultura\/paraninfo\/\" target=\"_blank\" rel=\"noopener\">Paraninfo<\/a> de la Universidad de La Laguna acoger\u00e1 ma\u00f1ana jueves 11 de julio a las 21:00 horas el concierto de Vicente Garc\u00eda, el cuatro veces ganador de un Grammy Latino, quien regresa a Tenerife para deleitar a sus seguidores a ritmo de salsa y bachata. Las entradas pueden adquirirse en <a href=\"https:\/\/www.tomaticket.es\/es-es\/entradas-vicente-garcia-en-tenerife\" target=\"_blank\" rel=\"noopener\">Tomaticket<\/a> a partir de 27\u20ac.<\/p>\n<p>Colaborador de Juan Luis Guerra, Juanes o Man\u00e1, Vicente Garc\u00eda llega a Canarias, dentro de su gira europea, para tocar para un p\u00fablico que le hace sentir como en casa y sabe apreciar su estilo caribe\u00f1o.<\/p>\n<p>Ganador del premio al Mejor \u00c1lbum de Cantautor con su \u00faltimo trabajo \u2018Camino al Sol\u2019, en \u00e9l el artista dominicano muestra su lado m\u00e1s introspectivo, proyectando en cada tema las inquietudes, pensamientos y emociones de todo lo que est\u00e1 a su alrededor.<\/p>\n<p>Esta propuesta musical est\u00e1 concebida para transmitir un ambiente de tranquilidad y armon\u00eda a trav\u00e9s del sonido folk tan caracter\u00edstico de este m\u00fasico. Vicente Garc\u00eda tiene previsto publicar pr\u00f3ximamente su nuevo \u00e1lbum de salsa, producido por Eduardo Cabra (Visitante), hermano de Residente, con el que salt\u00f3 a la fama con \u2018Calle 13\u2019.<\/p>\n<p>La m\u00fasica de este cantautor combina varios estilos musicales como la bachata, reggae, soul, funk, los ritmos antillanos y caribe\u00f1os, el bolero y las expresiones folcl\u00f3ricas de su pa\u00eds.<\/p>\n<p>&nbsp;<\/p>\n","protected":false},"excerpt":{"rendered":"<p>El Paraninfo de la Universidad de La Laguna acoger\u00e1 ma\u00f1ana jueves 11 de julio a las 21:00 horas el concierto&#8230;<\/p>\n","protected":false},"author":23,"featured_media":76566,"comment_status":"closed","ping_status":"closed","sticky":false,"template":"","format":"standard","meta":{"inline_featured_image":false,"footnotes":""},"categories":[344,345,2765],"tags":[],"acf":[],"yoast_head":"<!-- This site is optimized with the Yoast SEO plugin v21.3 - https:\/\/yoast.com\/wordpress\/plugins\/seo\/ -->\n<title>El cuatro veces ganador del Grammy Latino Vicente Garc\u00eda, en el Paraninfo de la Universidad de La Laguna - ULL - Noticias<\/title>\n<meta name=\"robots\" content=\"index, follow, max-snippet:-1, max-image-preview:large, max-video-preview:-1\" \/>\n<link rel=\"canonical\" href=\"https:\/\/www.ull.es\/portal\/noticias\/2024\/el-cuatro-veces-ganador-del-grammy-latino-vicente-garcia-en-el-paraninfo-de-la-universidad-de-la-laguna\/\" \/>\n<meta property=\"og:locale\" content=\"es_ES\" \/>\n<meta property=\"og:type\" content=\"article\" \/>\n<meta property=\"og:title\" content=\"El cuatro veces ganador del Grammy Latino Vicente Garc\u00eda, en el Paraninfo de la Universidad de La Laguna - ULL - Noticias\" \/>\n<meta property=\"og:description\" content=\"El Paraninfo de la Universidad de La Laguna acoger\u00e1 ma\u00f1ana jueves 11 de julio a las 21:00 horas el concierto...\" \/>\n<meta property=\"og:url\" content=\"https:\/\/www.ull.es\/portal\/noticias\/2024\/el-cuatro-veces-ganador-del-grammy-latino-vicente-garcia-en-el-paraninfo-de-la-universidad-de-la-laguna\/\" \/>\n<meta property=\"og:site_name\" content=\"ULL - Noticias\" \/>\n<meta property=\"article:publisher\" content=\"https:\/\/www.facebook.com\/universidaddelalaguna\/\" \/>\n<meta property=\"article:published_time\" content=\"2024-07-10T08:48:53+00:00\" \/>\n<meta property=\"og:image\" content=\"https:\/\/www.ull.es\/portal\/noticias\/wp-content\/uploads\/sites\/13\/2024\/07\/Vicente-Garcia-TNF.png\" \/>\n\t<meta property=\"og:image:width\" content=\"700\" \/>\n\t<meta property=\"og:image:height\" content=\"350\" \/>\n\t<meta property=\"og:image:type\" content=\"image\/png\" \/>\n<meta name=\"author\" content=\"gaprsa\" \/>\n<meta name=\"twitter:card\" content=\"summary_large_image\" \/>\n<meta name=\"twitter:creator\" content=\"@CanalULL\" \/>\n<meta name=\"twitter:site\" content=\"@CanalULL\" \/>\n<meta name=\"twitter:label1\" content=\"Escrito por\" \/>\n\t<meta name=\"twitter:data1\" content=\"gaprsa\" \/>\n\t<meta name=\"twitter:label2\" content=\"Tiempo de lectura\" \/>\n\t<meta name=\"twitter:data2\" content=\"1 minuto\" \/>\n<script type=\"application\/ld+json\" class=\"yoast-schema-graph\">{\"@context\":\"https:\/\/schema.org\",\"@graph\":[{\"@type\":\"WebPage\",\"@id\":\"https:\/\/www.ull.es\/portal\/noticias\/2024\/el-cuatro-veces-ganador-del-grammy-latino-vicente-garcia-en-el-paraninfo-de-la-universidad-de-la-laguna\/\",\"url\":\"https:\/\/www.ull.es\/portal\/noticias\/2024\/el-cuatro-veces-ganador-del-grammy-latino-vicente-garcia-en-el-paraninfo-de-la-universidad-de-la-laguna\/\",\"name\":\"El cuatro veces ganador del Grammy Latino Vicente Garc\u00eda, en el Paraninfo de la Universidad de La Laguna - ULL - Noticias\",\"isPartOf\":{\"@id\":\"https:\/\/www.ull.es\/portal\/noticias\/#website\"},\"datePublished\":\"2024-07-10T08:48:53+00:00\",\"dateModified\":\"2024-07-10T08:48:53+00:00\",\"author\":{\"@id\":\"https:\/\/www.ull.es\/portal\/noticias\/#\/schema\/person\/b2b1a89d43ffa609e591f7df8ef3e817\"},\"breadcrumb\":{\"@id\":\"https:\/\/www.ull.es\/portal\/noticias\/2024\/el-cuatro-veces-ganador-del-grammy-latino-vicente-garcia-en-el-paraninfo-de-la-universidad-de-la-laguna\/#breadcrumb\"},\"inLanguage\":\"es\",\"potentialAction\":[{\"@type\":\"ReadAction\",\"target\":[\"https:\/\/www.ull.es\/portal\/noticias\/2024\/el-cuatro-veces-ganador-del-grammy-latino-vicente-garcia-en-el-paraninfo-de-la-universidad-de-la-laguna\/\"]}]},{\"@type\":\"BreadcrumbList\",\"@id\":\"https:\/\/www.ull.es\/portal\/noticias\/2024\/el-cuatro-veces-ganador-del-grammy-latino-vicente-garcia-en-el-paraninfo-de-la-universidad-de-la-laguna\/#breadcrumb\",\"itemListElement\":[{\"@type\":\"ListItem\",\"position\":1,\"name\":\"Portada\",\"item\":\"https:\/\/www.ull.es\/portal\/noticias\/\"},{\"@type\":\"ListItem\",\"position\":2,\"name\":\"El cuatro veces ganador del Grammy Latino Vicente Garc\u00eda, en el Paraninfo de la Universidad de La Laguna\"}]},{\"@type\":\"WebSite\",\"@id\":\"https:\/\/www.ull.es\/portal\/noticias\/#website\",\"url\":\"https:\/\/www.ull.es\/portal\/noticias\/\",\"name\":\"ULL - Noticias\",\"description\":\"\",\"potentialAction\":[{\"@type\":\"SearchAction\",\"target\":{\"@type\":\"EntryPoint\",\"urlTemplate\":\"https:\/\/www.ull.es\/portal\/noticias\/?s={search_term_string}\"},\"query-input\":\"required name=search_term_string\"}],\"inLanguage\":\"es\"},{\"@type\":\"Person\",\"@id\":\"https:\/\/www.ull.es\/portal\/noticias\/#\/schema\/person\/b2b1a89d43ffa609e591f7df8ef3e817\",\"name\":\"gaprsa\",\"image\":{\"@type\":\"ImageObject\",\"inLanguage\":\"es\",\"@id\":\"https:\/\/www.ull.es\/portal\/noticias\/#\/schema\/person\/image\/\",\"url\":\"https:\/\/secure.gravatar.com\/avatar\/443820550921091458b4823867723b3d?s=96&d=mm&r=g\",\"contentUrl\":\"https:\/\/secure.gravatar.com\/avatar\/443820550921091458b4823867723b3d?s=96&d=mm&r=g\",\"caption\":\"gaprsa\"},\"url\":\"https:\/\/www.ull.es\/portal\/noticias\/author\/gaprsa\/\"}]}<\/script>\n<!-- \/ Yoast SEO plugin. -->","yoast_head_json":{"title":"El cuatro veces ganador del Grammy Latino Vicente Garc\u00eda, en el Paraninfo de la Universidad de La Laguna - ULL - Noticias","robots":{"index":"index","follow":"follow","max-snippet":"max-snippet:-1","max-image-preview":"max-image-preview:large","max-video-preview":"max-video-preview:-1"},"canonical":"https:\/\/www.ull.es\/portal\/noticias\/2024\/el-cuatro-veces-ganador-del-grammy-latino-vicente-garcia-en-el-paraninfo-de-la-universidad-de-la-laguna\/","og_locale":"es_ES","og_type":"article","og_title":"El cuatro veces ganador del Grammy Latino Vicente Garc\u00eda, en el Paraninfo de la Universidad de La Laguna - ULL - Noticias","og_description":"El Paraninfo de la Universidad de La Laguna acoger\u00e1 ma\u00f1ana jueves 11 de julio a las 21:00 horas el concierto...","og_url":"https:\/\/www.ull.es\/portal\/noticias\/2024\/el-cuatro-veces-ganador-del-grammy-latino-vicente-garcia-en-el-paraninfo-de-la-universidad-de-la-laguna\/","og_site_name":"ULL - Noticias","article_publisher":"https:\/\/www.facebook.com\/universidaddelalaguna\/","article_published_time":"2024-07-10T08:48:53+00:00","og_image":[{"width":700,"height":350,"url":"https:\/\/www.ull.es\/portal\/noticias\/wp-content\/uploads\/sites\/13\/2024\/07\/Vicente-Garcia-TNF.png","type":"image\/png"}],"author":"gaprsa","twitter_card":"summary_large_image","twitter_creator":"@CanalULL","twitter_site":"@CanalULL","twitter_misc":{"Escrito por":"gaprsa","Tiempo de lectura":"1 minuto"},"schema":{"@context":"https:\/\/schema.org","@graph":[{"@type":"WebPage","@id":"https:\/\/www.ull.es\/portal\/noticias\/2024\/el-cuatro-veces-ganador-del-grammy-latino-vicente-garcia-en-el-paraninfo-de-la-universidad-de-la-laguna\/","url":"https:\/\/www.ull.es\/portal\/noticias\/2024\/el-cuatro-veces-ganador-del-grammy-latino-vicente-garcia-en-el-paraninfo-de-la-universidad-de-la-laguna\/","name":"El cuatro veces ganador del Grammy Latino Vicente Garc\u00eda, en el Paraninfo de la Universidad de La Laguna - ULL - Noticias","isPartOf":{"@id":"https:\/\/www.ull.es\/portal\/noticias\/#website"},"datePublished":"2024-07-10T08:48:53+00:00","dateModified":"2024-07-10T08:48:53+00:00","author":{"@id":"https:\/\/www.ull.es\/portal\/noticias\/#\/schema\/person\/b2b1a89d43ffa609e591f7df8ef3e817"},"breadcrumb":{"@id":"https:\/\/www.ull.es\/portal\/noticias\/2024\/el-cuatro-veces-ganador-del-grammy-latino-vicente-garcia-en-el-paraninfo-de-la-universidad-de-la-laguna\/#breadcrumb"},"inLanguage":"es","potentialAction":[{"@type":"ReadAction","target":["https:\/\/www.ull.es\/portal\/noticias\/2024\/el-cuatro-veces-ganador-del-grammy-latino-vicente-garcia-en-el-paraninfo-de-la-universidad-de-la-laguna\/"]}]},{"@type":"BreadcrumbList","@id":"https:\/\/www.ull.es\/portal\/noticias\/2024\/el-cuatro-veces-ganador-del-grammy-latino-vicente-garcia-en-el-paraninfo-de-la-universidad-de-la-laguna\/#breadcrumb","itemListElement":[{"@type":"ListItem","position":1,"name":"Portada","item":"https:\/\/www.ull.es\/portal\/noticias\/"},{"@type":"ListItem","position":2,"name":"El cuatro veces ganador del Grammy Latino Vicente Garc\u00eda, en el Paraninfo de la Universidad de La Laguna"}]},{"@type":"WebSite","@id":"https:\/\/www.ull.es\/portal\/noticias\/#website","url":"https:\/\/www.ull.es\/portal\/noticias\/","name":"ULL - Noticias","description":"","potentialAction":[{"@type":"SearchAction","target":{"@type":"EntryPoint","urlTemplate":"https:\/\/www.ull.es\/portal\/noticias\/?s={search_term_string}"},"query-input":"required name=search_term_string"}],"inLanguage":"es"},{"@type":"Person","@id":"https:\/\/www.ull.es\/portal\/noticias\/#\/schema\/person\/b2b1a89d43ffa609e591f7df8ef3e817","name":"gaprsa","image":{"@type":"ImageObject","inLanguage":"es","@id":"https:\/\/www.ull.es\/portal\/noticias\/#\/schema\/person\/image\/","url":"https:\/\/secure.gravatar.com\/avatar\/443820550921091458b4823867723b3d?s=96&d=mm&r=g","contentUrl":"https:\/\/secure.gravatar.com\/avatar\/443820550921091458b4823867723b3d?s=96&d=mm&r=g","caption":"gaprsa"},"url":"https:\/\/www.ull.es\/portal\/noticias\/author\/gaprsa\/"}]}},"primary_category":{"id":345,"name":"Destacado","slug":"destacado","link":"https:\/\/www.ull.es\/portal\/noticias\/category\/destacado\/"},"featured_image_thumbnail_url":"https:\/\/www.ull.es\/portal\/noticias\/wp-content\/uploads\/sites\/13\/2024\/07\/Vicente-Garcia-TNF-300x150.png","_links":{"self":[{"href":"https:\/\/www.ull.es\/portal\/noticias\/wp-json\/wp\/v2\/posts\/76563"}],"collection":[{"href":"https:\/\/www.ull.es\/portal\/noticias\/wp-json\/wp\/v2\/posts"}],"about":[{"href":"https:\/\/www.ull.es\/portal\/noticias\/wp-json\/wp\/v2\/types\/post"}],"author":[{"embeddable":true,"href":"https:\/\/www.ull.es\/portal\/noticias\/wp-json\/wp\/v2\/users\/23"}],"replies":[{"embeddable":true,"href":"https:\/\/www.ull.es\/portal\/noticias\/wp-json\/wp\/v2\/comments?post=76563"}],"version-history":[{"count":1,"href":"https:\/\/www.ull.es\/portal\/noticias\/wp-json\/wp\/v2\/posts\/76563\/revisions"}],"predecessor-version":[{"id":76565,"href":"https:\/\/www.ull.es\/portal\/noticias\/wp-json\/wp\/v2\/posts\/76563\/revisions\/76565"}],"wp:featuredmedia":[{"embeddable":true,"href":"https:\/\/www.ull.es\/portal\/noticias\/wp-json\/wp\/v2\/media\/76566"}],"wp:attachment":[{"href":"https:\/\/www.ull.es\/portal\/noticias\/wp-json\/wp\/v2\/media?parent=76563"}],"wp:term":[{"taxonomy":"category","embeddable":true,"href":"https:\/\/www.ull.es\/portal\/noticias\/wp-json\/wp\/v2\/categories?post=76563"},{"taxonomy":"post_tag","embeddable":true,"href":"https:\/\/www.ull.es\/portal\/noticias\/wp-json\/wp\/v2\/tags?post=76563"}],"curies":[{"name":"wp","href":"https:\/\/api.w.org\/{rel}","templated":true}]}}