{"id":76569,"date":"2024-07-10T12:15:55","date_gmt":"2024-07-10T12:15:55","guid":{"rendered":"https:\/\/www.ull.es\/portal\/noticias\/?p=76569"},"modified":"2024-07-16T11:05:33","modified_gmt":"2024-07-16T11:05:33","slug":"campus-africa-2024-pone-el-foco-en-los-retos-de-salud-y-medioambientales-insulares-del-atlantico-africano","status":"publish","type":"post","link":"https:\/\/www.ull.es\/portal\/noticias\/2024\/campus-africa-2024-pone-el-foco-en-los-retos-de-salud-y-medioambientales-insulares-del-atlantico-africano\/","title":{"rendered":"Campus \u00c1frica 2024 pone el foco en los retos de salud y medioambientales insulares del Atl\u00e1ntico africano"},"content":{"rendered":"<p>La Laguna ha acogido la presentaci\u00f3n oficial del <a href=\"https:\/\/campusafrica.org\/es\/programa\/programa-completo\" target=\"_blank\" rel=\"noopener\">Programa Internacional de Cooperaci\u00f3n y Desarrollo Campus \u00c1frica 2024<\/a> de la Universidad de La Laguna. Bajo la organizaci\u00f3n de la Fundaci\u00f3n Canaria para el Control de las Enfermedades Tropicales, el programa, cuya sexta edici\u00f3n se celebrar\u00e1 del 13 al 26 de julio, cumple ya su d\u00e9cimo aniversario y en esta ocasi\u00f3n pondr\u00e1 el foco en los retos medioambientales, culturales y de salud global en los territorios insulares del Atl\u00e1ntico africano.<\/p>\n<p>Se trata de un evento que invita a reflexionar de cara a tomar medidas de prevenci\u00f3n ante inminentes crisis sanitarias y sociales, adem\u00e1s de ser una apuesta decidida por el talento y la formaci\u00f3n de los j\u00f3venes estudiantes de estos territorios.\u00a0El acto ha contado con la asistencia del alcalde de La Laguna, Luis Yeray Guti\u00e9rrez; el viceconsejero de Acci\u00f3n Exterior del Gobierno de Canarias, Jos\u00e9 Luis Perestelo; el director de Acci\u00f3n Exterior del Cabildo de Tenerife, Pedro Gonz\u00e1lez; el rector de la Universidad de La Laguna, Francisco Garc\u00eda; el concejal de Juventud y Educaci\u00f3n, Sergio Eiroa, junto a los codirectores del programa, Jos\u00e9 G\u00f3mez Soli\u00f1o y Basilio Valladares.<\/p>\n<p>Luis Yeray Guti\u00e9rrez expres\u00f3 que La Laguna y su Universidad son dos instituciones que van de la mano y fruto de esa colaboraci\u00f3n, y con el apoyo de otras administraciones, \u00abpresentamos una nueva edici\u00f3n de este Campus \u00c1frica, un espacio internacional para la reflexi\u00f3n, el an\u00e1lisis y el conocimiento, que supone una apuesta decidida por el talento y la formaci\u00f3n de los j\u00f3venes estudiantes de los pa\u00edses africanos.\u201d<\/p>\n<div id=\"attachment_76573\" style=\"width: 310px\" class=\"wp-caption alignright\"><a href=\"https:\/\/www.ull.es\/portal\/noticias\/wp-content\/uploads\/sites\/13\/2024\/07\/WhatsApp-Image-2024-07-10-at-13.13.21.jpeg\" target=\"_blank\" rel=\"noopener\"><img aria-describedby=\"caption-attachment-76573\" decoding=\"async\" loading=\"lazy\" class=\"size-medium wp-image-76573\" src=\"https:\/\/www.ull.es\/portal\/noticias\/wp-content\/uploads\/sites\/13\/2024\/07\/WhatsApp-Image-2024-07-10-at-13.13.21-300x200.jpeg\" alt=\"\" width=\"300\" height=\"200\" srcset=\"https:\/\/www.ull.es\/portal\/noticias\/wp-content\/uploads\/sites\/13\/2024\/07\/WhatsApp-Image-2024-07-10-at-13.13.21-300x200.jpeg 300w, https:\/\/www.ull.es\/portal\/noticias\/wp-content\/uploads\/sites\/13\/2024\/07\/WhatsApp-Image-2024-07-10-at-13.13.21-1024x682.jpeg 1024w, https:\/\/www.ull.es\/portal\/noticias\/wp-content\/uploads\/sites\/13\/2024\/07\/WhatsApp-Image-2024-07-10-at-13.13.21-768x512.jpeg 768w, https:\/\/www.ull.es\/portal\/noticias\/wp-content\/uploads\/sites\/13\/2024\/07\/WhatsApp-Image-2024-07-10-at-13.13.21-1536x1023.jpeg 1536w, https:\/\/www.ull.es\/portal\/noticias\/wp-content\/uploads\/sites\/13\/2024\/07\/WhatsApp-Image-2024-07-10-at-13.13.21-375x250.jpeg 375w, https:\/\/www.ull.es\/portal\/noticias\/wp-content\/uploads\/sites\/13\/2024\/07\/WhatsApp-Image-2024-07-10-at-13.13.21-750x500.jpeg 750w, https:\/\/www.ull.es\/portal\/noticias\/wp-content\/uploads\/sites\/13\/2024\/07\/WhatsApp-Image-2024-07-10-at-13.13.21-1140x760.jpeg 1140w, https:\/\/www.ull.es\/portal\/noticias\/wp-content\/uploads\/sites\/13\/2024\/07\/WhatsApp-Image-2024-07-10-at-13.13.21.jpeg 1600w\" sizes=\"(max-width: 300px) 100vw, 300px\" \/><\/a><p id=\"caption-attachment-76573\" class=\"wp-caption-text\">Francisco Garc\u00eda, rector de la ULL, y Luis Yeray Guti\u00e9rrez, alcalde del Ayuntamiento de La Laguna.<\/p><\/div>\n<p>Por su parte, el concejal de Educaci\u00f3n y Juventud, Sergio Eiroa, incidi\u00f3 en la importancia de brindar la oportunidad de formarse y ofrecer pr\u00e1cticas a los j\u00f3venes becarios en campos necesarios para el desarrollo de sus territorios, avalados adem\u00e1s con el prestigio internacional del que goza Campus \u00c1frica, \u201cun programa que anima a sacar el m\u00e1ximo provecho y disfrutar, adem\u00e1s, de su amplia agenda de actividades culturales. A su vuelta a los pa\u00edses de origen, estoy seguro, que se constituir\u00e1n en nuestros mejores embajadores\u201d, destac\u00f3.<\/p>\n<p>Jos\u00e9 Luis Perestelo, viceconsejero de Acci\u00f3n Exterior del Gobierno de Canarias, reafirm\u00f3 el compromiso con la organizaci\u00f3n de Campus \u00c1frica al que se refiri\u00f3 como \u201ccaso de \u00e9xito\u201d, destacando el gran papel realizado a lo largo de estos a\u00f1os por sus codirectores, as\u00ed como por la elecci\u00f3n de la ciudad de La Laguna como sede.\u00a0El director de Acci\u00f3n Exterior del Cabildo de Tenerife, Pedro Gonz\u00e1lez, subray\u00f3 la importancia del trabajo conjunto en la formaci\u00f3n para proporcionar las herramientas necesarias y contribuir a que los pa\u00edses africanos puedan emerger.<\/p>\n<p>Por su parte, el rector de la Universidad de La Laguna, Francisco Garc\u00eda, puso en valor la presentaci\u00f3n de Campus \u00c1frica como \u201cacto simb\u00f3lico\u201d que representa la unidad institucional para trabajar en pro del desarrollo del conocimiento, la innovaci\u00f3n y la investigaci\u00f3n, estableciendo v\u00ednculos entre los territorios y relaciones entre las universidades para favorecer su desarrollo.<\/p>\n<p>Basado en el poder capacitador de la ciencia, y tras diez a\u00f1os en los que se ha atendido a m\u00e1s de 300 universitarios africanos, en este su d\u00e9cimo aniversario se ha hecho un esfuerzo para ampliar el n\u00famero de becarios africanos, que en esta edici\u00f3n superan el centenar. Los pa\u00edses representados este a\u00f1o son Gab\u00f3n, Camer\u00fan, Guinea-Conakry, Senegal, Cabo Verde, Marruecos y T\u00fanez. Para Jos\u00e9 G\u00f3mez Soli\u00f1o, codirector, se trata de una apuesta formativa ambiciosa, dirigida a despertar conciencias e inquietudes, as\u00ed como a promover vacaciones cient\u00edficas. \u201cNuestra filosof\u00eda de trabajo siempre ha estado en despertar la curiosidad de nuestros becados, porque ese es el camino para que se inicien investigaciones y proyectos que pueden cambiar el mundo. Hemos sido part\u00edcipes de la formaci\u00f3n y de las investigaciones de los que llegaron aqu\u00ed siendo becados y que ahora ejercen en sus pa\u00edses como activos profesionales. Esta es la \u00fanica v\u00eda para el progreso del continente vecino\u201d, afirm\u00f3. En esta misma l\u00ednea, Basilio Valladares, resalt\u00f3 que la comunidad cient\u00edfica est\u00e1 volcada en seguir estudiando posibles crisis sanitarias futuras, \u00abesto es algo que no sabemos si se dar\u00e1 o no, es la gran inc\u00f3gnita a resolver y esto solo lo podremos hacer desde el enfoque integral de One Health del que habla la OMS y que integra salud humana, ambiental y animal y en esta l\u00ednea formamos a nuestros estudiantes\u201d.<\/p>\n<p><strong>Programaci\u00f3n <\/strong><\/p>\n<div id=\"attachment_76575\" style=\"width: 310px\" class=\"wp-caption alignleft\"><a href=\"https:\/\/www.ull.es\/portal\/noticias\/wp-content\/uploads\/sites\/13\/2024\/07\/WhatsApp-Image-2024-07-10-at-13.13.23.jpeg\" target=\"_blank\" rel=\"noopener\"><img aria-describedby=\"caption-attachment-76575\" decoding=\"async\" loading=\"lazy\" class=\"size-medium wp-image-76575\" src=\"https:\/\/www.ull.es\/portal\/noticias\/wp-content\/uploads\/sites\/13\/2024\/07\/WhatsApp-Image-2024-07-10-at-13.13.23-300x200.jpeg\" alt=\"\" width=\"300\" height=\"200\" srcset=\"https:\/\/www.ull.es\/portal\/noticias\/wp-content\/uploads\/sites\/13\/2024\/07\/WhatsApp-Image-2024-07-10-at-13.13.23-300x200.jpeg 300w, https:\/\/www.ull.es\/portal\/noticias\/wp-content\/uploads\/sites\/13\/2024\/07\/WhatsApp-Image-2024-07-10-at-13.13.23-1024x681.jpeg 1024w, https:\/\/www.ull.es\/portal\/noticias\/wp-content\/uploads\/sites\/13\/2024\/07\/WhatsApp-Image-2024-07-10-at-13.13.23-768x511.jpeg 768w, https:\/\/www.ull.es\/portal\/noticias\/wp-content\/uploads\/sites\/13\/2024\/07\/WhatsApp-Image-2024-07-10-at-13.13.23-1536x1021.jpeg 1536w, https:\/\/www.ull.es\/portal\/noticias\/wp-content\/uploads\/sites\/13\/2024\/07\/WhatsApp-Image-2024-07-10-at-13.13.23-375x249.jpeg 375w, https:\/\/www.ull.es\/portal\/noticias\/wp-content\/uploads\/sites\/13\/2024\/07\/WhatsApp-Image-2024-07-10-at-13.13.23-750x499.jpeg 750w, https:\/\/www.ull.es\/portal\/noticias\/wp-content\/uploads\/sites\/13\/2024\/07\/WhatsApp-Image-2024-07-10-at-13.13.23-1140x758.jpeg 1140w, https:\/\/www.ull.es\/portal\/noticias\/wp-content\/uploads\/sites\/13\/2024\/07\/WhatsApp-Image-2024-07-10-at-13.13.23.jpeg 1600w\" sizes=\"(max-width: 300px) 100vw, 300px\" \/><\/a><p id=\"caption-attachment-76575\" class=\"wp-caption-text\">Jos\u00e9 G\u00f3mez Soli\u00f1o y Basilio Valladares, codirectores del programa, junto a Luis Yeray Guti\u00e9rrez, alcalde del Ayuntamiento de La Laguna.<\/p><\/div>\n<p>La programaci\u00f3n se organiza en cuatro m\u00f3dulos, uno pr\u00e1ctico, que incluye trabajo de laboratorio espec\u00edfico por \u00e1reas y que se desarrollar\u00e1 en los laboratorios del Instituto Universitario de Enfermedades Tropicales y Salud P\u00fablica de Canarias de la Universidad de La Laguna. Complementando el trabajo laboratorial se ofrecer\u00e1n conferencias por destacados especialistas en un seminario que lleva por t\u00edtulo \u2018Salud insular, salud global\u2019, que se ofrecer\u00e1 en el Sal\u00f3n de Actos de la Secci\u00f3n de Qu\u00edmica en horario de tarde. \u2018Retos medioambientales en un contexto atl\u00e1ntico\u2019, por las ma\u00f1anas, y \u2018Las islas atl\u00e1nticas como espacios de intercambio cultural\u201d, por las tardes, ser\u00e1n los otros dos bloques de car\u00e1cter general, que tendr\u00e1n lugar en la sede de la Real Sociedad Econ\u00f3mica de Amigos del Pa\u00eds de Tenerife.<\/p>\n<p>Campus \u00c1frica cuenta con el patrocinio del Gobierno de Canarias, el Cabildo de Tenerife, la concejal\u00eda de Educaci\u00f3n y Juventud del Ayuntamiento de La Laguna, y un buen n\u00famero de otras entidades colaboradoras. Adem\u00e1s de contar con la capacidad organizativa de la FUNCCET (Fundaci\u00f3n Canaria para el Control de las Enfermedades Tropicales), Campus \u00c1frica cuenta tambi\u00e9n con la colaboraci\u00f3n del Instituto Universitario de Enfermedades Tropicales y Salud P\u00fablica de Canarias; Ciber Infec, la Real Sociedad Econ\u00f3mica de Amigos del Pa\u00eds de Tenerife; Parlamento de Canarias, Casa \u00c1frica y la Asociaci\u00f3n Canaria para el Progreso de la Macaronesia. Ofrece su apoyo, adem\u00e1s, la Fundaci\u00f3n CajaCanarias; Cinfa; Fundaci\u00f3n \u201cla Caixa\u201d; Fundaci\u00f3n Loro Parque; Binter; Loro Parque, Cofarte, Melcan, Colegio Oficial de Farmac\u00e9utico, Urbasser, Nivaria, FCC medioambiente y adDiagNost.<\/p>\n","protected":false},"excerpt":{"rendered":"<p>La Laguna ha acogido la presentaci\u00f3n oficial del Programa Internacional de Cooperaci\u00f3n y Desarrollo Campus \u00c1frica 2024 de la Universidad&#8230;<\/p>\n","protected":false},"author":23,"featured_media":76571,"comment_status":"closed","ping_status":"closed","sticky":false,"template":"","format":"standard","meta":{"inline_featured_image":false,"footnotes":""},"categories":[345,348,349,2765],"tags":[],"acf":[],"yoast_head":"<!-- This site is optimized with the Yoast SEO plugin v21.3 - https:\/\/yoast.com\/wordpress\/plugins\/seo\/ -->\n<title>Campus \u00c1frica 2024 pone el foco en los retos de salud y medioambientales insulares del Atl\u00e1ntico africano - ULL - Noticias<\/title>\n<meta name=\"robots\" content=\"index, follow, max-snippet:-1, max-image-preview:large, max-video-preview:-1\" \/>\n<link rel=\"canonical\" href=\"https:\/\/www.ull.es\/portal\/noticias\/2024\/campus-africa-2024-pone-el-foco-en-los-retos-de-salud-y-medioambientales-insulares-del-atlantico-africano\/\" \/>\n<meta property=\"og:locale\" content=\"es_ES\" \/>\n<meta property=\"og:type\" content=\"article\" \/>\n<meta property=\"og:title\" content=\"Campus \u00c1frica 2024 pone el foco en los retos de salud y medioambientales insulares del Atl\u00e1ntico africano - ULL - Noticias\" \/>\n<meta property=\"og:description\" content=\"La Laguna ha acogido la presentaci\u00f3n oficial del Programa Internacional de Cooperaci\u00f3n y Desarrollo Campus \u00c1frica 2024 de la Universidad...\" \/>\n<meta property=\"og:url\" content=\"https:\/\/www.ull.es\/portal\/noticias\/2024\/campus-africa-2024-pone-el-foco-en-los-retos-de-salud-y-medioambientales-insulares-del-atlantico-africano\/\" \/>\n<meta property=\"og:site_name\" content=\"ULL - Noticias\" \/>\n<meta property=\"article:publisher\" content=\"https:\/\/www.facebook.com\/universidaddelalaguna\/\" \/>\n<meta property=\"article:published_time\" content=\"2024-07-10T12:15:55+00:00\" \/>\n<meta property=\"article:modified_time\" content=\"2024-07-16T11:05:33+00:00\" \/>\n<meta property=\"og:image\" content=\"https:\/\/www.ull.es\/portal\/noticias\/wp-content\/uploads\/sites\/13\/2024\/07\/campus-africa.jpg\" \/>\n\t<meta property=\"og:image:width\" content=\"1200\" \/>\n\t<meta property=\"og:image:height\" content=\"800\" \/>\n\t<meta property=\"og:image:type\" content=\"image\/jpeg\" \/>\n<meta name=\"author\" content=\"gaprsa\" \/>\n<meta name=\"twitter:card\" content=\"summary_large_image\" \/>\n<meta name=\"twitter:creator\" content=\"@CanalULL\" \/>\n<meta name=\"twitter:site\" content=\"@CanalULL\" \/>\n<meta name=\"twitter:label1\" content=\"Escrito por\" \/>\n\t<meta name=\"twitter:data1\" content=\"gaprsa\" \/>\n\t<meta name=\"twitter:label2\" content=\"Tiempo de lectura\" \/>\n\t<meta name=\"twitter:data2\" content=\"6 minutos\" \/>\n<script type=\"application\/ld+json\" class=\"yoast-schema-graph\">{\"@context\":\"https:\/\/schema.org\",\"@graph\":[{\"@type\":\"WebPage\",\"@id\":\"https:\/\/www.ull.es\/portal\/noticias\/2024\/campus-africa-2024-pone-el-foco-en-los-retos-de-salud-y-medioambientales-insulares-del-atlantico-africano\/\",\"url\":\"https:\/\/www.ull.es\/portal\/noticias\/2024\/campus-africa-2024-pone-el-foco-en-los-retos-de-salud-y-medioambientales-insulares-del-atlantico-africano\/\",\"name\":\"Campus \u00c1frica 2024 pone el foco en los retos de salud y medioambientales insulares del Atl\u00e1ntico africano - ULL - Noticias\",\"isPartOf\":{\"@id\":\"https:\/\/www.ull.es\/portal\/noticias\/#website\"},\"datePublished\":\"2024-07-10T12:15:55+00:00\",\"dateModified\":\"2024-07-16T11:05:33+00:00\",\"author\":{\"@id\":\"https:\/\/www.ull.es\/portal\/noticias\/#\/schema\/person\/b2b1a89d43ffa609e591f7df8ef3e817\"},\"breadcrumb\":{\"@id\":\"https:\/\/www.ull.es\/portal\/noticias\/2024\/campus-africa-2024-pone-el-foco-en-los-retos-de-salud-y-medioambientales-insulares-del-atlantico-africano\/#breadcrumb\"},\"inLanguage\":\"es\",\"potentialAction\":[{\"@type\":\"ReadAction\",\"target\":[\"https:\/\/www.ull.es\/portal\/noticias\/2024\/campus-africa-2024-pone-el-foco-en-los-retos-de-salud-y-medioambientales-insulares-del-atlantico-africano\/\"]}]},{\"@type\":\"BreadcrumbList\",\"@id\":\"https:\/\/www.ull.es\/portal\/noticias\/2024\/campus-africa-2024-pone-el-foco-en-los-retos-de-salud-y-medioambientales-insulares-del-atlantico-africano\/#breadcrumb\",\"itemListElement\":[{\"@type\":\"ListItem\",\"position\":1,\"name\":\"Portada\",\"item\":\"https:\/\/www.ull.es\/portal\/noticias\/\"},{\"@type\":\"ListItem\",\"position\":2,\"name\":\"Campus \u00c1frica 2024 pone el foco en los retos de salud y medioambientales insulares del Atl\u00e1ntico africano\"}]},{\"@type\":\"WebSite\",\"@id\":\"https:\/\/www.ull.es\/portal\/noticias\/#website\",\"url\":\"https:\/\/www.ull.es\/portal\/noticias\/\",\"name\":\"ULL - Noticias\",\"description\":\"\",\"potentialAction\":[{\"@type\":\"SearchAction\",\"target\":{\"@type\":\"EntryPoint\",\"urlTemplate\":\"https:\/\/www.ull.es\/portal\/noticias\/?s={search_term_string}\"},\"query-input\":\"required name=search_term_string\"}],\"inLanguage\":\"es\"},{\"@type\":\"Person\",\"@id\":\"https:\/\/www.ull.es\/portal\/noticias\/#\/schema\/person\/b2b1a89d43ffa609e591f7df8ef3e817\",\"name\":\"gaprsa\",\"image\":{\"@type\":\"ImageObject\",\"inLanguage\":\"es\",\"@id\":\"https:\/\/www.ull.es\/portal\/noticias\/#\/schema\/person\/image\/\",\"url\":\"https:\/\/secure.gravatar.com\/avatar\/443820550921091458b4823867723b3d?s=96&d=mm&r=g\",\"contentUrl\":\"https:\/\/secure.gravatar.com\/avatar\/443820550921091458b4823867723b3d?s=96&d=mm&r=g\",\"caption\":\"gaprsa\"},\"url\":\"https:\/\/www.ull.es\/portal\/noticias\/author\/gaprsa\/\"}]}<\/script>\n<!-- \/ Yoast SEO plugin. -->","yoast_head_json":{"title":"Campus \u00c1frica 2024 pone el foco en los retos de salud y medioambientales insulares del Atl\u00e1ntico africano - ULL - Noticias","robots":{"index":"index","follow":"follow","max-snippet":"max-snippet:-1","max-image-preview":"max-image-preview:large","max-video-preview":"max-video-preview:-1"},"canonical":"https:\/\/www.ull.es\/portal\/noticias\/2024\/campus-africa-2024-pone-el-foco-en-los-retos-de-salud-y-medioambientales-insulares-del-atlantico-africano\/","og_locale":"es_ES","og_type":"article","og_title":"Campus \u00c1frica 2024 pone el foco en los retos de salud y medioambientales insulares del Atl\u00e1ntico africano - ULL - Noticias","og_description":"La Laguna ha acogido la presentaci\u00f3n oficial del Programa Internacional de Cooperaci\u00f3n y Desarrollo Campus \u00c1frica 2024 de la Universidad...","og_url":"https:\/\/www.ull.es\/portal\/noticias\/2024\/campus-africa-2024-pone-el-foco-en-los-retos-de-salud-y-medioambientales-insulares-del-atlantico-africano\/","og_site_name":"ULL - Noticias","article_publisher":"https:\/\/www.facebook.com\/universidaddelalaguna\/","article_published_time":"2024-07-10T12:15:55+00:00","article_modified_time":"2024-07-16T11:05:33+00:00","og_image":[{"width":1200,"height":800,"url":"https:\/\/www.ull.es\/portal\/noticias\/wp-content\/uploads\/sites\/13\/2024\/07\/campus-africa.jpg","type":"image\/jpeg"}],"author":"gaprsa","twitter_card":"summary_large_image","twitter_creator":"@CanalULL","twitter_site":"@CanalULL","twitter_misc":{"Escrito por":"gaprsa","Tiempo de lectura":"6 minutos"},"schema":{"@context":"https:\/\/schema.org","@graph":[{"@type":"WebPage","@id":"https:\/\/www.ull.es\/portal\/noticias\/2024\/campus-africa-2024-pone-el-foco-en-los-retos-de-salud-y-medioambientales-insulares-del-atlantico-africano\/","url":"https:\/\/www.ull.es\/portal\/noticias\/2024\/campus-africa-2024-pone-el-foco-en-los-retos-de-salud-y-medioambientales-insulares-del-atlantico-africano\/","name":"Campus \u00c1frica 2024 pone el foco en los retos de salud y medioambientales insulares del Atl\u00e1ntico africano - ULL - Noticias","isPartOf":{"@id":"https:\/\/www.ull.es\/portal\/noticias\/#website"},"datePublished":"2024-07-10T12:15:55+00:00","dateModified":"2024-07-16T11:05:33+00:00","author":{"@id":"https:\/\/www.ull.es\/portal\/noticias\/#\/schema\/person\/b2b1a89d43ffa609e591f7df8ef3e817"},"breadcrumb":{"@id":"https:\/\/www.ull.es\/portal\/noticias\/2024\/campus-africa-2024-pone-el-foco-en-los-retos-de-salud-y-medioambientales-insulares-del-atlantico-africano\/#breadcrumb"},"inLanguage":"es","potentialAction":[{"@type":"ReadAction","target":["https:\/\/www.ull.es\/portal\/noticias\/2024\/campus-africa-2024-pone-el-foco-en-los-retos-de-salud-y-medioambientales-insulares-del-atlantico-africano\/"]}]},{"@type":"BreadcrumbList","@id":"https:\/\/www.ull.es\/portal\/noticias\/2024\/campus-africa-2024-pone-el-foco-en-los-retos-de-salud-y-medioambientales-insulares-del-atlantico-africano\/#breadcrumb","itemListElement":[{"@type":"ListItem","position":1,"name":"Portada","item":"https:\/\/www.ull.es\/portal\/noticias\/"},{"@type":"ListItem","position":2,"name":"Campus \u00c1frica 2024 pone el foco en los retos de salud y medioambientales insulares del Atl\u00e1ntico africano"}]},{"@type":"WebSite","@id":"https:\/\/www.ull.es\/portal\/noticias\/#website","url":"https:\/\/www.ull.es\/portal\/noticias\/","name":"ULL - Noticias","description":"","potentialAction":[{"@type":"SearchAction","target":{"@type":"EntryPoint","urlTemplate":"https:\/\/www.ull.es\/portal\/noticias\/?s={search_term_string}"},"query-input":"required name=search_term_string"}],"inLanguage":"es"},{"@type":"Person","@id":"https:\/\/www.ull.es\/portal\/noticias\/#\/schema\/person\/b2b1a89d43ffa609e591f7df8ef3e817","name":"gaprsa","image":{"@type":"ImageObject","inLanguage":"es","@id":"https:\/\/www.ull.es\/portal\/noticias\/#\/schema\/person\/image\/","url":"https:\/\/secure.gravatar.com\/avatar\/443820550921091458b4823867723b3d?s=96&d=mm&r=g","contentUrl":"https:\/\/secure.gravatar.com\/avatar\/443820550921091458b4823867723b3d?s=96&d=mm&r=g","caption":"gaprsa"},"url":"https:\/\/www.ull.es\/portal\/noticias\/author\/gaprsa\/"}]}},"primary_category":{"id":345,"name":"Destacado","slug":"destacado","link":"https:\/\/www.ull.es\/portal\/noticias\/category\/destacado\/"},"featured_image_thumbnail_url":"https:\/\/www.ull.es\/portal\/noticias\/wp-content\/uploads\/sites\/13\/2024\/07\/campus-africa-300x200.jpg","_links":{"self":[{"href":"https:\/\/www.ull.es\/portal\/noticias\/wp-json\/wp\/v2\/posts\/76569"}],"collection":[{"href":"https:\/\/www.ull.es\/portal\/noticias\/wp-json\/wp\/v2\/posts"}],"about":[{"href":"https:\/\/www.ull.es\/portal\/noticias\/wp-json\/wp\/v2\/types\/post"}],"author":[{"embeddable":true,"href":"https:\/\/www.ull.es\/portal\/noticias\/wp-json\/wp\/v2\/users\/23"}],"replies":[{"embeddable":true,"href":"https:\/\/www.ull.es\/portal\/noticias\/wp-json\/wp\/v2\/comments?post=76569"}],"version-history":[{"count":4,"href":"https:\/\/www.ull.es\/portal\/noticias\/wp-json\/wp\/v2\/posts\/76569\/revisions"}],"predecessor-version":[{"id":76701,"href":"https:\/\/www.ull.es\/portal\/noticias\/wp-json\/wp\/v2\/posts\/76569\/revisions\/76701"}],"wp:featuredmedia":[{"embeddable":true,"href":"https:\/\/www.ull.es\/portal\/noticias\/wp-json\/wp\/v2\/media\/76571"}],"wp:attachment":[{"href":"https:\/\/www.ull.es\/portal\/noticias\/wp-json\/wp\/v2\/media?parent=76569"}],"wp:term":[{"taxonomy":"category","embeddable":true,"href":"https:\/\/www.ull.es\/portal\/noticias\/wp-json\/wp\/v2\/categories?post=76569"},{"taxonomy":"post_tag","embeddable":true,"href":"https:\/\/www.ull.es\/portal\/noticias\/wp-json\/wp\/v2\/tags?post=76569"}],"curies":[{"name":"wp","href":"https:\/\/api.w.org\/{rel}","templated":true}]}}