{"id":76599,"date":"2024-07-11T12:03:30","date_gmt":"2024-07-11T12:03:30","guid":{"rendered":"https:\/\/www.ull.es\/portal\/noticias\/?p=76599"},"modified":"2024-07-12T09:48:29","modified_gmt":"2024-07-12T09:48:29","slug":"la-universidad-de-la-laguna-digitalizara-20-000-imagenes-mas-de-su-patrimonio-bibliografico","status":"publish","type":"post","link":"https:\/\/www.ull.es\/portal\/noticias\/2024\/la-universidad-de-la-laguna-digitalizara-20-000-imagenes-mas-de-su-patrimonio-bibliografico\/","title":{"rendered":"La Universidad de La Laguna digitalizar\u00e1 20.000 im\u00e1genes m\u00e1s de su patrimonio bibliogr\u00e1fico"},"content":{"rendered":"<p>El Servicio de Biblioteca de la Universidad de La Laguna puso en marcha en 2008 el proyecto <em>Patrimonio Bibliogr\u00e1fico Lacunense<\/em> con el objetivo de proteger y difundir el patrimonio bibliogr\u00e1fico de este centro acad\u00e9mico y, adem\u00e1s, formar parte de proyectos nacionales como <a href=\"https:\/\/hispana.mcu.es\/es\/inicio\/inicio.do\" target=\"_blank\" rel=\"noopener\">Hispana<\/a> o la <a href=\"https:\/\/bvpb.mcu.es\/es\/inicio\/inicio.do\" target=\"_blank\" rel=\"noopener\">Biblioteca Virtual del Patrimonio Bibliogr\u00e1fico<\/a> o internacionales como <a href=\"https:\/\/www.europeana.eu\/es\" target=\"_blank\" rel=\"noopener\">Europeana<\/a> (Biblioteca Digital Europea).<\/p>\n<p>Para ello, desde ese a\u00f1o se comenz\u00f3 a digitalizar la colecci\u00f3n m\u00e1s antigua y valiosa a trav\u00e9s de las ayudas concedidas por el Ministerio de Cultura tras la aprobaci\u00f3n de las propuestas presentadas en diferentes convocatorias anuales.<\/p>\n<p>Hasta ahora se han digitalizado 3.562 obras entre las se encuentran 225 manuscritos as\u00ed como incunables e impresos de los siglos XVI al XIX, entre los que figuran adem\u00e1s impresos canarios, ejemplares raros, dibujos, grabados y parte de la prensa canaria hist\u00f3rica. El repositorio que contiene estas obras digitalizadas es <a href=\"https:\/\/hermes.bbtk.ull.es\/index.vm?view=general&amp;lang=es\" target=\"_blank\" rel=\"noopener\"><strong><em>Mares\u00eda<\/em><\/strong><em>: prensa digitalizada y patrimonio documental de la Universidad de La Laguna<\/em><\/a><em>.\u00a0<\/em><\/p>\n<div id=\"attachment_76614\" style=\"width: 310px\" class=\"wp-caption alignright\"><a href=\"https:\/\/www.ull.es\/portal\/noticias\/wp-content\/uploads\/sites\/13\/2024\/07\/grabado.jpg\" target=\"_blank\" rel=\"noopener\"><img aria-describedby=\"caption-attachment-76614\" decoding=\"async\" loading=\"lazy\" class=\"wp-image-76614 size-medium\" src=\"https:\/\/www.ull.es\/portal\/noticias\/wp-content\/uploads\/sites\/13\/2024\/07\/grabado-300x200.jpg\" alt=\"\" width=\"300\" height=\"200\" srcset=\"https:\/\/www.ull.es\/portal\/noticias\/wp-content\/uploads\/sites\/13\/2024\/07\/grabado-300x200.jpg 300w, https:\/\/www.ull.es\/portal\/noticias\/wp-content\/uploads\/sites\/13\/2024\/07\/grabado-1024x683.jpg 1024w, https:\/\/www.ull.es\/portal\/noticias\/wp-content\/uploads\/sites\/13\/2024\/07\/grabado-768x512.jpg 768w, https:\/\/www.ull.es\/portal\/noticias\/wp-content\/uploads\/sites\/13\/2024\/07\/grabado-375x250.jpg 375w, https:\/\/www.ull.es\/portal\/noticias\/wp-content\/uploads\/sites\/13\/2024\/07\/grabado-750x500.jpg 750w, https:\/\/www.ull.es\/portal\/noticias\/wp-content\/uploads\/sites\/13\/2024\/07\/grabado-1140x760.jpg 1140w, https:\/\/www.ull.es\/portal\/noticias\/wp-content\/uploads\/sites\/13\/2024\/07\/grabado.jpg 1200w\" sizes=\"(max-width: 300px) 100vw, 300px\" \/><\/a><p id=\"caption-attachment-76614\" class=\"wp-caption-text\">Dibujo realizado por J.A. \u00c1lvarez datado en 1837.<\/p><\/div>\n<p>En la convocatoria 2024 de las <em>Ayudas a la digitalizaci\u00f3n del patrimonio bibliogr\u00e1fico y su difusi\u00f3n y preservaci\u00f3n mediante repositorios<\/em> del Ministerio de Cultura, la Universidad de La Laguna ha solicitado y obtenido una ayuda que permitir\u00e1 la digitalizaci\u00f3n de 176 manuscritos, 6 documentos gr\u00e1ficos y 32 impresos lo que supondr\u00e1 cerca de 20.000 im\u00e1genes m\u00e1s\u00a0que se suman a la colecci\u00f3n patrimonial digitalizada.<\/p>\n<p>En esta ocasi\u00f3n, para el proyecto de digitalizaci\u00f3n presentado se han seleccionado los siguientes fondos:<\/p>\n<ul>\n<li>Una tercera parte del archivo personal de <a href=\"https:\/\/es.wikipedia.org\/wiki\/Jos%C3%A9_Agust%C3%ADn_%C3%81lvarez_Rixo\" target=\"_blank\" rel=\"noopener\">Jos\u00e9 Agust\u00edn \u00c1lvarez Rixo<\/a>, compuesto de manuscritos \u00fanicos que recogen toda la historia del siglo XIX en Canarias, y que contiene muchos documentos que son copias de originales que desaparecieron por diferentes circunstancias y cuyo contenido s\u00f3lo se conocen estas copias. La tem\u00e1tica del <a href=\"https:\/\/hermes.bbtk.ull.es\/results.vm?a=5810&amp;l=10&amp;t=%2Bcreation&amp;s=0&amp;c=1&amp;lang=es&amp;view=archivos\" target=\"_blank\" rel=\"noopener\">archivo personal de este pol\u00edgrafo<\/a> es variada, e incluye temas hist\u00f3ricos, arqueol\u00f3gicos, filol\u00f3gicos, literarios, art\u00edsticos, etc.<\/li>\n<li>Una colecci\u00f3n de manuscritos bibliogr\u00e1ficos, con el fin de participar en la <em>gu\u00eda <\/em>de estos documentos\u00a0que actualmente est\u00e1 desarrollando el Grupo de trabajo de Patrimonio de REBIUN (Red de Bibliotecas Universitarias Espa\u00f1olas). Se trata de manuscritos del siglo XIX que se refieren la historia y procedencia de los documentos que forman parte del Fondo Antiguo de la Biblioteca de la Universidad de La Laguna (inventarios, listas de donativos, de compras, de obras procedentes de la desamortizaci\u00f3n, conventos, etc.).<\/li>\n<li>Un conjunto de obras del siglo XVI y alguna del XVII destacadas por su valor patrimonial y singularidad de los ejemplares, que presentan numerosas marcas de antiguos poseedores.<\/li>\n<\/ul>\n","protected":false},"excerpt":{"rendered":"<p>El Servicio de Biblioteca de la Universidad de La Laguna puso en marcha en 2008 el proyecto Patrimonio Bibliogr\u00e1fico Lacunense&#8230;<\/p>\n","protected":false},"author":23,"featured_media":76613,"comment_status":"closed","ping_status":"closed","sticky":false,"template":"","format":"standard","meta":{"inline_featured_image":false,"footnotes":""},"categories":[4534,344,345,348,2765],"tags":[],"acf":[],"yoast_head":"<!-- This site is optimized with the Yoast SEO plugin v21.3 - https:\/\/yoast.com\/wordpress\/plugins\/seo\/ -->\n<title>La Universidad de La Laguna digitalizar\u00e1 20.000 im\u00e1genes m\u00e1s de su patrimonio bibliogr\u00e1fico - ULL - Noticias<\/title>\n<meta name=\"robots\" content=\"index, follow, max-snippet:-1, max-image-preview:large, max-video-preview:-1\" \/>\n<link rel=\"canonical\" href=\"https:\/\/www.ull.es\/portal\/noticias\/2024\/la-universidad-de-la-laguna-digitalizara-20-000-imagenes-mas-de-su-patrimonio-bibliografico\/\" \/>\n<meta property=\"og:locale\" content=\"es_ES\" \/>\n<meta property=\"og:type\" content=\"article\" \/>\n<meta property=\"og:title\" content=\"La Universidad de La Laguna digitalizar\u00e1 20.000 im\u00e1genes m\u00e1s de su patrimonio bibliogr\u00e1fico - ULL - Noticias\" \/>\n<meta property=\"og:description\" content=\"El Servicio de Biblioteca de la Universidad de La Laguna puso en marcha en 2008 el proyecto Patrimonio Bibliogr\u00e1fico Lacunense...\" \/>\n<meta property=\"og:url\" content=\"https:\/\/www.ull.es\/portal\/noticias\/2024\/la-universidad-de-la-laguna-digitalizara-20-000-imagenes-mas-de-su-patrimonio-bibliografico\/\" \/>\n<meta property=\"og:site_name\" content=\"ULL - Noticias\" \/>\n<meta property=\"article:publisher\" content=\"https:\/\/www.facebook.com\/universidaddelalaguna\/\" \/>\n<meta property=\"article:published_time\" content=\"2024-07-11T12:03:30+00:00\" \/>\n<meta property=\"article:modified_time\" content=\"2024-07-12T09:48:29+00:00\" \/>\n<meta property=\"og:image\" content=\"https:\/\/www.ull.es\/portal\/noticias\/wp-content\/uploads\/sites\/13\/2024\/07\/BULA.jpg\" \/>\n\t<meta property=\"og:image:width\" content=\"1200\" \/>\n\t<meta property=\"og:image:height\" content=\"800\" \/>\n\t<meta property=\"og:image:type\" content=\"image\/jpeg\" \/>\n<meta name=\"author\" content=\"gaprsa\" \/>\n<meta name=\"twitter:card\" content=\"summary_large_image\" \/>\n<meta name=\"twitter:creator\" content=\"@CanalULL\" \/>\n<meta name=\"twitter:site\" content=\"@CanalULL\" \/>\n<meta name=\"twitter:label1\" content=\"Escrito por\" \/>\n\t<meta name=\"twitter:data1\" content=\"gaprsa\" \/>\n\t<meta name=\"twitter:label2\" content=\"Tiempo de lectura\" \/>\n\t<meta name=\"twitter:data2\" content=\"3 minutos\" \/>\n<script type=\"application\/ld+json\" class=\"yoast-schema-graph\">{\"@context\":\"https:\/\/schema.org\",\"@graph\":[{\"@type\":\"WebPage\",\"@id\":\"https:\/\/www.ull.es\/portal\/noticias\/2024\/la-universidad-de-la-laguna-digitalizara-20-000-imagenes-mas-de-su-patrimonio-bibliografico\/\",\"url\":\"https:\/\/www.ull.es\/portal\/noticias\/2024\/la-universidad-de-la-laguna-digitalizara-20-000-imagenes-mas-de-su-patrimonio-bibliografico\/\",\"name\":\"La Universidad de La Laguna digitalizar\u00e1 20.000 im\u00e1genes m\u00e1s de su patrimonio bibliogr\u00e1fico - ULL - Noticias\",\"isPartOf\":{\"@id\":\"https:\/\/www.ull.es\/portal\/noticias\/#website\"},\"datePublished\":\"2024-07-11T12:03:30+00:00\",\"dateModified\":\"2024-07-12T09:48:29+00:00\",\"author\":{\"@id\":\"https:\/\/www.ull.es\/portal\/noticias\/#\/schema\/person\/b2b1a89d43ffa609e591f7df8ef3e817\"},\"breadcrumb\":{\"@id\":\"https:\/\/www.ull.es\/portal\/noticias\/2024\/la-universidad-de-la-laguna-digitalizara-20-000-imagenes-mas-de-su-patrimonio-bibliografico\/#breadcrumb\"},\"inLanguage\":\"es\",\"potentialAction\":[{\"@type\":\"ReadAction\",\"target\":[\"https:\/\/www.ull.es\/portal\/noticias\/2024\/la-universidad-de-la-laguna-digitalizara-20-000-imagenes-mas-de-su-patrimonio-bibliografico\/\"]}]},{\"@type\":\"BreadcrumbList\",\"@id\":\"https:\/\/www.ull.es\/portal\/noticias\/2024\/la-universidad-de-la-laguna-digitalizara-20-000-imagenes-mas-de-su-patrimonio-bibliografico\/#breadcrumb\",\"itemListElement\":[{\"@type\":\"ListItem\",\"position\":1,\"name\":\"Portada\",\"item\":\"https:\/\/www.ull.es\/portal\/noticias\/\"},{\"@type\":\"ListItem\",\"position\":2,\"name\":\"La Universidad de La Laguna digitalizar\u00e1 20.000 im\u00e1genes m\u00e1s de su patrimonio bibliogr\u00e1fico\"}]},{\"@type\":\"WebSite\",\"@id\":\"https:\/\/www.ull.es\/portal\/noticias\/#website\",\"url\":\"https:\/\/www.ull.es\/portal\/noticias\/\",\"name\":\"ULL - Noticias\",\"description\":\"\",\"potentialAction\":[{\"@type\":\"SearchAction\",\"target\":{\"@type\":\"EntryPoint\",\"urlTemplate\":\"https:\/\/www.ull.es\/portal\/noticias\/?s={search_term_string}\"},\"query-input\":\"required name=search_term_string\"}],\"inLanguage\":\"es\"},{\"@type\":\"Person\",\"@id\":\"https:\/\/www.ull.es\/portal\/noticias\/#\/schema\/person\/b2b1a89d43ffa609e591f7df8ef3e817\",\"name\":\"gaprsa\",\"image\":{\"@type\":\"ImageObject\",\"inLanguage\":\"es\",\"@id\":\"https:\/\/www.ull.es\/portal\/noticias\/#\/schema\/person\/image\/\",\"url\":\"https:\/\/secure.gravatar.com\/avatar\/443820550921091458b4823867723b3d?s=96&d=mm&r=g\",\"contentUrl\":\"https:\/\/secure.gravatar.com\/avatar\/443820550921091458b4823867723b3d?s=96&d=mm&r=g\",\"caption\":\"gaprsa\"},\"url\":\"https:\/\/www.ull.es\/portal\/noticias\/author\/gaprsa\/\"}]}<\/script>\n<!-- \/ Yoast SEO plugin. -->","yoast_head_json":{"title":"La Universidad de La Laguna digitalizar\u00e1 20.000 im\u00e1genes m\u00e1s de su patrimonio bibliogr\u00e1fico - ULL - Noticias","robots":{"index":"index","follow":"follow","max-snippet":"max-snippet:-1","max-image-preview":"max-image-preview:large","max-video-preview":"max-video-preview:-1"},"canonical":"https:\/\/www.ull.es\/portal\/noticias\/2024\/la-universidad-de-la-laguna-digitalizara-20-000-imagenes-mas-de-su-patrimonio-bibliografico\/","og_locale":"es_ES","og_type":"article","og_title":"La Universidad de La Laguna digitalizar\u00e1 20.000 im\u00e1genes m\u00e1s de su patrimonio bibliogr\u00e1fico - ULL - Noticias","og_description":"El Servicio de Biblioteca de la Universidad de La Laguna puso en marcha en 2008 el proyecto Patrimonio Bibliogr\u00e1fico Lacunense...","og_url":"https:\/\/www.ull.es\/portal\/noticias\/2024\/la-universidad-de-la-laguna-digitalizara-20-000-imagenes-mas-de-su-patrimonio-bibliografico\/","og_site_name":"ULL - Noticias","article_publisher":"https:\/\/www.facebook.com\/universidaddelalaguna\/","article_published_time":"2024-07-11T12:03:30+00:00","article_modified_time":"2024-07-12T09:48:29+00:00","og_image":[{"width":1200,"height":800,"url":"https:\/\/www.ull.es\/portal\/noticias\/wp-content\/uploads\/sites\/13\/2024\/07\/BULA.jpg","type":"image\/jpeg"}],"author":"gaprsa","twitter_card":"summary_large_image","twitter_creator":"@CanalULL","twitter_site":"@CanalULL","twitter_misc":{"Escrito por":"gaprsa","Tiempo de lectura":"3 minutos"},"schema":{"@context":"https:\/\/schema.org","@graph":[{"@type":"WebPage","@id":"https:\/\/www.ull.es\/portal\/noticias\/2024\/la-universidad-de-la-laguna-digitalizara-20-000-imagenes-mas-de-su-patrimonio-bibliografico\/","url":"https:\/\/www.ull.es\/portal\/noticias\/2024\/la-universidad-de-la-laguna-digitalizara-20-000-imagenes-mas-de-su-patrimonio-bibliografico\/","name":"La Universidad de La Laguna digitalizar\u00e1 20.000 im\u00e1genes m\u00e1s de su patrimonio bibliogr\u00e1fico - ULL - Noticias","isPartOf":{"@id":"https:\/\/www.ull.es\/portal\/noticias\/#website"},"datePublished":"2024-07-11T12:03:30+00:00","dateModified":"2024-07-12T09:48:29+00:00","author":{"@id":"https:\/\/www.ull.es\/portal\/noticias\/#\/schema\/person\/b2b1a89d43ffa609e591f7df8ef3e817"},"breadcrumb":{"@id":"https:\/\/www.ull.es\/portal\/noticias\/2024\/la-universidad-de-la-laguna-digitalizara-20-000-imagenes-mas-de-su-patrimonio-bibliografico\/#breadcrumb"},"inLanguage":"es","potentialAction":[{"@type":"ReadAction","target":["https:\/\/www.ull.es\/portal\/noticias\/2024\/la-universidad-de-la-laguna-digitalizara-20-000-imagenes-mas-de-su-patrimonio-bibliografico\/"]}]},{"@type":"BreadcrumbList","@id":"https:\/\/www.ull.es\/portal\/noticias\/2024\/la-universidad-de-la-laguna-digitalizara-20-000-imagenes-mas-de-su-patrimonio-bibliografico\/#breadcrumb","itemListElement":[{"@type":"ListItem","position":1,"name":"Portada","item":"https:\/\/www.ull.es\/portal\/noticias\/"},{"@type":"ListItem","position":2,"name":"La Universidad de La Laguna digitalizar\u00e1 20.000 im\u00e1genes m\u00e1s de su patrimonio bibliogr\u00e1fico"}]},{"@type":"WebSite","@id":"https:\/\/www.ull.es\/portal\/noticias\/#website","url":"https:\/\/www.ull.es\/portal\/noticias\/","name":"ULL - Noticias","description":"","potentialAction":[{"@type":"SearchAction","target":{"@type":"EntryPoint","urlTemplate":"https:\/\/www.ull.es\/portal\/noticias\/?s={search_term_string}"},"query-input":"required name=search_term_string"}],"inLanguage":"es"},{"@type":"Person","@id":"https:\/\/www.ull.es\/portal\/noticias\/#\/schema\/person\/b2b1a89d43ffa609e591f7df8ef3e817","name":"gaprsa","image":{"@type":"ImageObject","inLanguage":"es","@id":"https:\/\/www.ull.es\/portal\/noticias\/#\/schema\/person\/image\/","url":"https:\/\/secure.gravatar.com\/avatar\/443820550921091458b4823867723b3d?s=96&d=mm&r=g","contentUrl":"https:\/\/secure.gravatar.com\/avatar\/443820550921091458b4823867723b3d?s=96&d=mm&r=g","caption":"gaprsa"},"url":"https:\/\/www.ull.es\/portal\/noticias\/author\/gaprsa\/"}]}},"primary_category":{"id":345,"name":"Destacado","slug":"destacado","link":"https:\/\/www.ull.es\/portal\/noticias\/category\/destacado\/"},"featured_image_thumbnail_url":"https:\/\/www.ull.es\/portal\/noticias\/wp-content\/uploads\/sites\/13\/2024\/07\/BULA-300x200.jpg","_links":{"self":[{"href":"https:\/\/www.ull.es\/portal\/noticias\/wp-json\/wp\/v2\/posts\/76599"}],"collection":[{"href":"https:\/\/www.ull.es\/portal\/noticias\/wp-json\/wp\/v2\/posts"}],"about":[{"href":"https:\/\/www.ull.es\/portal\/noticias\/wp-json\/wp\/v2\/types\/post"}],"author":[{"embeddable":true,"href":"https:\/\/www.ull.es\/portal\/noticias\/wp-json\/wp\/v2\/users\/23"}],"replies":[{"embeddable":true,"href":"https:\/\/www.ull.es\/portal\/noticias\/wp-json\/wp\/v2\/comments?post=76599"}],"version-history":[{"count":5,"href":"https:\/\/www.ull.es\/portal\/noticias\/wp-json\/wp\/v2\/posts\/76599\/revisions"}],"predecessor-version":[{"id":76630,"href":"https:\/\/www.ull.es\/portal\/noticias\/wp-json\/wp\/v2\/posts\/76599\/revisions\/76630"}],"wp:featuredmedia":[{"embeddable":true,"href":"https:\/\/www.ull.es\/portal\/noticias\/wp-json\/wp\/v2\/media\/76613"}],"wp:attachment":[{"href":"https:\/\/www.ull.es\/portal\/noticias\/wp-json\/wp\/v2\/media?parent=76599"}],"wp:term":[{"taxonomy":"category","embeddable":true,"href":"https:\/\/www.ull.es\/portal\/noticias\/wp-json\/wp\/v2\/categories?post=76599"},{"taxonomy":"post_tag","embeddable":true,"href":"https:\/\/www.ull.es\/portal\/noticias\/wp-json\/wp\/v2\/tags?post=76599"}],"curies":[{"name":"wp","href":"https:\/\/api.w.org\/{rel}","templated":true}]}}