{"id":76653,"date":"2024-07-12T12:55:57","date_gmt":"2024-07-12T12:55:57","guid":{"rendered":"https:\/\/www.ull.es\/portal\/noticias\/?p=76653"},"modified":"2024-07-12T12:55:57","modified_gmt":"2024-07-12T12:55:57","slug":"investigadores-ull-defienden-entidad-macaronesia-region-biogeografica","status":"publish","type":"post","link":"https:\/\/www.ull.es\/portal\/noticias\/2024\/investigadores-ull-defienden-entidad-macaronesia-region-biogeografica\/","title":{"rendered":"Investigadores de la ULL defienden la entidad de la Macaronesia como regi\u00f3n biogeogr\u00e1fica"},"content":{"rendered":"<div id=\"attachment_76655\" style=\"width: 186px\" class=\"wp-caption alignleft\"><a href=\"https:\/\/www.ull.es\/portal\/noticias\/wp-content\/uploads\/sites\/13\/2024\/07\/Dracaena-draco-g.jpg\" target=\"_blank\" rel=\"noopener\" target=\"_blank\" rel=\"noopener\"><img aria-describedby=\"caption-attachment-76655\" decoding=\"async\" loading=\"lazy\" class=\"wp-image-76655 size-medium\" src=\"https:\/\/www.ull.es\/portal\/noticias\/wp-content\/uploads\/sites\/13\/2024\/07\/Dracaena-draco-g-176x300.jpg\" alt=\"Ilustraci\u00f3n de un ejemplar de Dracaena Draco.\" width=\"176\" height=\"300\" srcset=\"https:\/\/www.ull.es\/portal\/noticias\/wp-content\/uploads\/sites\/13\/2024\/07\/Dracaena-draco-g-176x300.jpg 176w, https:\/\/www.ull.es\/portal\/noticias\/wp-content\/uploads\/sites\/13\/2024\/07\/Dracaena-draco-g-601x1024.jpg 601w, https:\/\/www.ull.es\/portal\/noticias\/wp-content\/uploads\/sites\/13\/2024\/07\/Dracaena-draco-g-375x639.jpg 375w, https:\/\/www.ull.es\/portal\/noticias\/wp-content\/uploads\/sites\/13\/2024\/07\/Dracaena-draco-g.jpg 704w\" sizes=\"(max-width: 176px) 100vw, 176px\" \/><\/a><p id=\"caption-attachment-76655\" class=\"wp-caption-text\">Ilustraci\u00f3n de un ejemplar de Dracaena Draco.<\/p><\/div>\n<p>Azores, Madeira, Islas Salvajes, Canarias y Cabo Verde comparten una serie de elementos flor\u00edsticos que hacen que la Macaronesia deba ser reconocida como una regi\u00f3n biogeogr\u00e1fica independiente de la Mediterr\u00e1nea, al presentar una suficiente cohesi\u00f3n interna. As\u00ed lo defiende <a href=\"https:\/\/onlinelibrary.wiley.com\/doi\/10.1111\/brv.13112\" target=\"_blank\" rel=\"noopener\" target=\"_blank\" rel=\"noopener\">un art\u00edculo cient\u00edfico<\/a> recientemente publicado en la prestigiosa revista Biological Reviews, cuyo autor principal es el catedr\u00e1tico de Ecolog\u00eda de la Universidad de La Laguna <a href=\"https:\/\/portalciencia.ull.es\/investigadores\/82311\/detalle\" target=\"_blank\" rel=\"noopener\" target=\"_blank\" rel=\"noopener\">Jos\u00e9 Mar\u00eda Fern\u00e1ndez-Palacios<\/a>.<\/p>\n<p>En el trabajo, titulado \u201c<em>In defense of entity of Macaronesia as a biogeogaphical region<\/em>\u201d, participa una veintena de bot\u00e1nicos y ec\u00f3logos vegetales investigadores de la flora macaron\u00e9sica, pertenecientes a las universidades de La Laguna, Las Palmas de Gran Canaria, Madeira, Azores, Lisboa, Granada, Marsella, Haw\u00e1i y Oxford e instituciones cient\u00edficas como el CSIC, el Jard\u00edn Canario o Museo de Ciencias Naturales de Tenerife. Entre ello,s figuran tambi\u00e9n los profesores de la Universidad de La Laguna Lea de Nascimento y R\u00fcdiger Otto, integrantes del grupo de investigaci\u00f3n en <a href=\"https:\/\/portalciencia.ull.es\/grupos\/6518\/detalle\" target=\"_blank\" rel=\"noopener\" target=\"_blank\" rel=\"noopener\">Ecolog\u00eda y Biogeograf\u00eda Insular<\/a>, liderado por el primer autor.<\/p>\n<p>El trabajo consta de una prolija introducci\u00f3n al origen hist\u00f3rico del t\u00e9rmino Macronesia, as\u00ed como a su utilizaci\u00f3n en Biogeograf\u00eda desde que, por primera vez, hacia 1850, fuera acu\u00f1ado por el bot\u00e1nico y ge\u00f3logo brit\u00e1nico Philip Barker Webb para designar a los archipi\u00e9lagos volc\u00e1nicos de Oc\u00e9ano Atl\u00e1ntico nororiental.<\/p>\n<p>En contra de algunos trabajos que cuestionan la validez de la entidad de Macaronesia como regi\u00f3n biogeogr\u00e1fica, los autores defienden la singularidad de la regi\u00f3n biogeogr\u00e1fica de la Macaronesia dentro del Reino Hol\u00e1rtico, tal y como propusiera en aquel entonces Webb y, m\u00e1s recientemente, entre muchos autores, el bioge\u00f3grafo armenio Arm\u00e9n Takhtaj\u00e1n en su obra \u201c<em>Floristics Regions of the World<\/em>\u201d (1986).<\/p>\n<p>Entre esos elementos flor\u00edsticos singulares, cabe citar en primer lugar la laurisilva macaron\u00e9sica, un relicto empobrecido de la Geoflora paleotropical que existi\u00f3 en los bordes del Mar de Tetis durante el Pale\u00f3geno y Ne\u00f3geno y que desapareci\u00f3 del continente tras el comienzo de las glaciaciones pleistocenas. Este elemento es compartido por los tres archipi\u00e9lagos septentrionales.<\/p>\n<p>En segundo lugar, la Rand Flora africana, un elemento en la actualidad restringido a las costas del Mar Rojo, Namibia o Magreb y que comparten Madeira, Canarias y Cabo Verde donde integra los esquilmados bosques term\u00f3filos.<\/p>\n<p>Finalmente, tal vez el elemento m\u00e1s llamativo es el de los neoendemismos macaron\u00e9sicos de origen mediterr\u00e1neo, presente en todos los archipi\u00e9lagos, por los que la flora vascular macaron\u00e9sica es mundialmente conocida, contando con cerca de una cincuentena de g\u00e9neros y un millar de especies end\u00e9micas.<\/p>\n","protected":false},"excerpt":{"rendered":"<p>Azores, Madeira, Islas Salvajes, Canarias y Cabo Verde comparten una serie de elementos flor\u00edsticos que hacen que la Macaronesia deba&#8230;<\/p>\n","protected":false},"author":21,"featured_media":76654,"comment_status":"closed","ping_status":"closed","sticky":false,"template":"","format":"image","meta":{"inline_featured_image":false,"footnotes":""},"categories":[345,350,2765],"tags":[1654,5599,1788,11037,10122],"acf":[],"yoast_head":"<!-- This site is optimized with the Yoast SEO plugin v21.3 - https:\/\/yoast.com\/wordpress\/plugins\/seo\/ -->\n<title>Investigadores de la ULL defienden la entidad de la Macaronesia como regi\u00f3n biogeogr\u00e1fica - ULL - Noticias<\/title>\n<meta name=\"description\" content=\"La Macaronesia debe ser reconocida como regi\u00f3n biogeogr\u00e1fica independiente de la Mediterr\u00e1nea al presentar una suficiente cohesi\u00f3n interna.\" \/>\n<meta name=\"robots\" content=\"index, follow, max-snippet:-1, max-image-preview:large, max-video-preview:-1\" \/>\n<link rel=\"canonical\" href=\"https:\/\/www.ull.es\/portal\/noticias\/2024\/investigadores-ull-defienden-entidad-macaronesia-region-biogeografica\/\" \/>\n<meta property=\"og:locale\" content=\"es_ES\" \/>\n<meta property=\"og:type\" content=\"article\" \/>\n<meta property=\"og:title\" content=\"Investigadores de la ULL defienden la entidad de la Macaronesia como regi\u00f3n biogeogr\u00e1fica - ULL - Noticias\" \/>\n<meta property=\"og:description\" content=\"La Macaronesia debe ser reconocida como regi\u00f3n biogeogr\u00e1fica independiente de la Mediterr\u00e1nea al presentar una suficiente cohesi\u00f3n interna.\" \/>\n<meta property=\"og:url\" content=\"https:\/\/www.ull.es\/portal\/noticias\/2024\/investigadores-ull-defienden-entidad-macaronesia-region-biogeografica\/\" \/>\n<meta property=\"og:site_name\" content=\"ULL - Noticias\" \/>\n<meta property=\"article:publisher\" content=\"https:\/\/www.facebook.com\/universidaddelalaguna\/\" \/>\n<meta property=\"article:published_time\" content=\"2024-07-12T12:55:57+00:00\" \/>\n<meta property=\"og:image\" content=\"https:\/\/www.ull.es\/portal\/noticias\/wp-content\/uploads\/sites\/13\/2024\/07\/Dracaena-draco-p.jpg\" \/>\n\t<meta property=\"og:image:width\" content=\"704\" \/>\n\t<meta property=\"og:image:height\" content=\"521\" \/>\n\t<meta property=\"og:image:type\" content=\"image\/jpeg\" \/>\n<meta name=\"author\" content=\"prensa2\" \/>\n<meta name=\"twitter:card\" content=\"summary_large_image\" \/>\n<meta name=\"twitter:creator\" content=\"@CanalULL\" \/>\n<meta name=\"twitter:site\" content=\"@CanalULL\" \/>\n<meta name=\"twitter:label1\" content=\"Escrito por\" \/>\n\t<meta name=\"twitter:data1\" content=\"prensa2\" \/>\n\t<meta name=\"twitter:label2\" content=\"Tiempo de lectura\" \/>\n\t<meta name=\"twitter:data2\" content=\"3 minutos\" \/>\n<script type=\"application\/ld+json\" class=\"yoast-schema-graph\">{\"@context\":\"https:\/\/schema.org\",\"@graph\":[{\"@type\":\"WebPage\",\"@id\":\"https:\/\/www.ull.es\/portal\/noticias\/2024\/investigadores-ull-defienden-entidad-macaronesia-region-biogeografica\/\",\"url\":\"https:\/\/www.ull.es\/portal\/noticias\/2024\/investigadores-ull-defienden-entidad-macaronesia-region-biogeografica\/\",\"name\":\"Investigadores de la ULL defienden la entidad de la Macaronesia como regi\u00f3n biogeogr\u00e1fica - ULL - Noticias\",\"isPartOf\":{\"@id\":\"https:\/\/www.ull.es\/portal\/noticias\/#website\"},\"datePublished\":\"2024-07-12T12:55:57+00:00\",\"dateModified\":\"2024-07-12T12:55:57+00:00\",\"author\":{\"@id\":\"https:\/\/www.ull.es\/portal\/noticias\/#\/schema\/person\/c3b2aa857797592927a03740d6664376\"},\"description\":\"La Macaronesia debe ser reconocida como regi\u00f3n biogeogr\u00e1fica independiente de la Mediterr\u00e1nea al presentar una suficiente cohesi\u00f3n interna.\",\"breadcrumb\":{\"@id\":\"https:\/\/www.ull.es\/portal\/noticias\/2024\/investigadores-ull-defienden-entidad-macaronesia-region-biogeografica\/#breadcrumb\"},\"inLanguage\":\"es\",\"potentialAction\":[{\"@type\":\"ReadAction\",\"target\":[\"https:\/\/www.ull.es\/portal\/noticias\/2024\/investigadores-ull-defienden-entidad-macaronesia-region-biogeografica\/\"]}]},{\"@type\":\"BreadcrumbList\",\"@id\":\"https:\/\/www.ull.es\/portal\/noticias\/2024\/investigadores-ull-defienden-entidad-macaronesia-region-biogeografica\/#breadcrumb\",\"itemListElement\":[{\"@type\":\"ListItem\",\"position\":1,\"name\":\"Portada\",\"item\":\"https:\/\/www.ull.es\/portal\/noticias\/\"},{\"@type\":\"ListItem\",\"position\":2,\"name\":\"Investigadores de la ULL defienden la entidad de la Macaronesia como regi\u00f3n biogeogr\u00e1fica\"}]},{\"@type\":\"WebSite\",\"@id\":\"https:\/\/www.ull.es\/portal\/noticias\/#website\",\"url\":\"https:\/\/www.ull.es\/portal\/noticias\/\",\"name\":\"ULL - Noticias\",\"description\":\"\",\"potentialAction\":[{\"@type\":\"SearchAction\",\"target\":{\"@type\":\"EntryPoint\",\"urlTemplate\":\"https:\/\/www.ull.es\/portal\/noticias\/?s={search_term_string}\"},\"query-input\":\"required name=search_term_string\"}],\"inLanguage\":\"es\"},{\"@type\":\"Person\",\"@id\":\"https:\/\/www.ull.es\/portal\/noticias\/#\/schema\/person\/c3b2aa857797592927a03740d6664376\",\"name\":\"prensa2\",\"image\":{\"@type\":\"ImageObject\",\"inLanguage\":\"es\",\"@id\":\"https:\/\/www.ull.es\/portal\/noticias\/#\/schema\/person\/image\/\",\"url\":\"https:\/\/secure.gravatar.com\/avatar\/b58f310a5de5feb33d1e026d2493f23c?s=96&d=mm&r=g\",\"contentUrl\":\"https:\/\/secure.gravatar.com\/avatar\/b58f310a5de5feb33d1e026d2493f23c?s=96&d=mm&r=g\",\"caption\":\"prensa2\"},\"url\":\"https:\/\/www.ull.es\/portal\/noticias\/author\/prensa2\/\"}]}<\/script>\n<!-- \/ Yoast SEO plugin. -->","yoast_head_json":{"title":"Investigadores de la ULL defienden la entidad de la Macaronesia como regi\u00f3n biogeogr\u00e1fica - ULL - Noticias","description":"La Macaronesia debe ser reconocida como regi\u00f3n biogeogr\u00e1fica independiente de la Mediterr\u00e1nea al presentar una suficiente cohesi\u00f3n interna.","robots":{"index":"index","follow":"follow","max-snippet":"max-snippet:-1","max-image-preview":"max-image-preview:large","max-video-preview":"max-video-preview:-1"},"canonical":"https:\/\/www.ull.es\/portal\/noticias\/2024\/investigadores-ull-defienden-entidad-macaronesia-region-biogeografica\/","og_locale":"es_ES","og_type":"article","og_title":"Investigadores de la ULL defienden la entidad de la Macaronesia como regi\u00f3n biogeogr\u00e1fica - ULL - Noticias","og_description":"La Macaronesia debe ser reconocida como regi\u00f3n biogeogr\u00e1fica independiente de la Mediterr\u00e1nea al presentar una suficiente cohesi\u00f3n interna.","og_url":"https:\/\/www.ull.es\/portal\/noticias\/2024\/investigadores-ull-defienden-entidad-macaronesia-region-biogeografica\/","og_site_name":"ULL - Noticias","article_publisher":"https:\/\/www.facebook.com\/universidaddelalaguna\/","article_published_time":"2024-07-12T12:55:57+00:00","og_image":[{"width":704,"height":521,"url":"https:\/\/www.ull.es\/portal\/noticias\/wp-content\/uploads\/sites\/13\/2024\/07\/Dracaena-draco-p.jpg","type":"image\/jpeg"}],"author":"prensa2","twitter_card":"summary_large_image","twitter_creator":"@CanalULL","twitter_site":"@CanalULL","twitter_misc":{"Escrito por":"prensa2","Tiempo de lectura":"3 minutos"},"schema":{"@context":"https:\/\/schema.org","@graph":[{"@type":"WebPage","@id":"https:\/\/www.ull.es\/portal\/noticias\/2024\/investigadores-ull-defienden-entidad-macaronesia-region-biogeografica\/","url":"https:\/\/www.ull.es\/portal\/noticias\/2024\/investigadores-ull-defienden-entidad-macaronesia-region-biogeografica\/","name":"Investigadores de la ULL defienden la entidad de la Macaronesia como regi\u00f3n biogeogr\u00e1fica - ULL - Noticias","isPartOf":{"@id":"https:\/\/www.ull.es\/portal\/noticias\/#website"},"datePublished":"2024-07-12T12:55:57+00:00","dateModified":"2024-07-12T12:55:57+00:00","author":{"@id":"https:\/\/www.ull.es\/portal\/noticias\/#\/schema\/person\/c3b2aa857797592927a03740d6664376"},"description":"La Macaronesia debe ser reconocida como regi\u00f3n biogeogr\u00e1fica independiente de la Mediterr\u00e1nea al presentar una suficiente cohesi\u00f3n interna.","breadcrumb":{"@id":"https:\/\/www.ull.es\/portal\/noticias\/2024\/investigadores-ull-defienden-entidad-macaronesia-region-biogeografica\/#breadcrumb"},"inLanguage":"es","potentialAction":[{"@type":"ReadAction","target":["https:\/\/www.ull.es\/portal\/noticias\/2024\/investigadores-ull-defienden-entidad-macaronesia-region-biogeografica\/"]}]},{"@type":"BreadcrumbList","@id":"https:\/\/www.ull.es\/portal\/noticias\/2024\/investigadores-ull-defienden-entidad-macaronesia-region-biogeografica\/#breadcrumb","itemListElement":[{"@type":"ListItem","position":1,"name":"Portada","item":"https:\/\/www.ull.es\/portal\/noticias\/"},{"@type":"ListItem","position":2,"name":"Investigadores de la ULL defienden la entidad de la Macaronesia como regi\u00f3n biogeogr\u00e1fica"}]},{"@type":"WebSite","@id":"https:\/\/www.ull.es\/portal\/noticias\/#website","url":"https:\/\/www.ull.es\/portal\/noticias\/","name":"ULL - Noticias","description":"","potentialAction":[{"@type":"SearchAction","target":{"@type":"EntryPoint","urlTemplate":"https:\/\/www.ull.es\/portal\/noticias\/?s={search_term_string}"},"query-input":"required name=search_term_string"}],"inLanguage":"es"},{"@type":"Person","@id":"https:\/\/www.ull.es\/portal\/noticias\/#\/schema\/person\/c3b2aa857797592927a03740d6664376","name":"prensa2","image":{"@type":"ImageObject","inLanguage":"es","@id":"https:\/\/www.ull.es\/portal\/noticias\/#\/schema\/person\/image\/","url":"https:\/\/secure.gravatar.com\/avatar\/b58f310a5de5feb33d1e026d2493f23c?s=96&d=mm&r=g","contentUrl":"https:\/\/secure.gravatar.com\/avatar\/b58f310a5de5feb33d1e026d2493f23c?s=96&d=mm&r=g","caption":"prensa2"},"url":"https:\/\/www.ull.es\/portal\/noticias\/author\/prensa2\/"}]}},"primary_category":{"id":345,"name":"Destacado","slug":"destacado","link":"https:\/\/www.ull.es\/portal\/noticias\/category\/destacado\/"},"featured_image_thumbnail_url":"https:\/\/www.ull.es\/portal\/noticias\/wp-content\/uploads\/sites\/13\/2024\/07\/Dracaena-draco-p-300x222.jpg","_links":{"self":[{"href":"https:\/\/www.ull.es\/portal\/noticias\/wp-json\/wp\/v2\/posts\/76653"}],"collection":[{"href":"https:\/\/www.ull.es\/portal\/noticias\/wp-json\/wp\/v2\/posts"}],"about":[{"href":"https:\/\/www.ull.es\/portal\/noticias\/wp-json\/wp\/v2\/types\/post"}],"author":[{"embeddable":true,"href":"https:\/\/www.ull.es\/portal\/noticias\/wp-json\/wp\/v2\/users\/21"}],"replies":[{"embeddable":true,"href":"https:\/\/www.ull.es\/portal\/noticias\/wp-json\/wp\/v2\/comments?post=76653"}],"version-history":[{"count":1,"href":"https:\/\/www.ull.es\/portal\/noticias\/wp-json\/wp\/v2\/posts\/76653\/revisions"}],"predecessor-version":[{"id":76656,"href":"https:\/\/www.ull.es\/portal\/noticias\/wp-json\/wp\/v2\/posts\/76653\/revisions\/76656"}],"wp:featuredmedia":[{"embeddable":true,"href":"https:\/\/www.ull.es\/portal\/noticias\/wp-json\/wp\/v2\/media\/76654"}],"wp:attachment":[{"href":"https:\/\/www.ull.es\/portal\/noticias\/wp-json\/wp\/v2\/media?parent=76653"}],"wp:term":[{"taxonomy":"category","embeddable":true,"href":"https:\/\/www.ull.es\/portal\/noticias\/wp-json\/wp\/v2\/categories?post=76653"},{"taxonomy":"post_tag","embeddable":true,"href":"https:\/\/www.ull.es\/portal\/noticias\/wp-json\/wp\/v2\/tags?post=76653"}],"curies":[{"name":"wp","href":"https:\/\/api.w.org\/{rel}","templated":true}]}}