{"id":76669,"date":"2024-07-15T10:26:52","date_gmt":"2024-07-15T10:26:52","guid":{"rendered":"https:\/\/www.ull.es\/portal\/noticias\/?p=76669"},"modified":"2024-07-15T10:26:52","modified_gmt":"2024-07-15T10:26:52","slug":"universidad-verano-adeje-aborda-salud-fisica-mental","status":"publish","type":"post","link":"https:\/\/www.ull.es\/portal\/noticias\/2024\/universidad-verano-adeje-aborda-salud-fisica-mental\/","title":{"rendered":"La Universidad de Verano de Adeje aborda la salud f\u00edsica y mental en dos cursos sobre nutrici\u00f3n y bienestar"},"content":{"rendered":"<p>La oferta formativa de la <a href=\"https:\/\/www.adeje.es\/uva\/cursos-y-talleres\/23618-cursos\" target=\"_blank\" rel=\"noopener\" target=\"_blank\" rel=\"noopener\">Universidad de Verano de Adeje<\/a>, que se desarrollar\u00e1 del 22 al 26 de julio, pone el foco en la importancia de cuidar la salud mental y llevar una dieta saludable, aspectos que se abordar\u00e1n en los seminarios <a href=\"https:\/\/www.adeje.es\/uva\/cursos-y-talleres\/23635-salud-mental-positiva-inclusin-y-bienestar\" target=\"_blank\" rel=\"noopener\" target=\"_blank\" rel=\"noopener\">\u201cSalud mental positiva: inclusi\u00f3n y bienestar\u201d<\/a> y <a href=\"https:\/\/www.adeje.es\/uva\/cursos-y-talleres\/23629-nutriciencia-conoce-los-fundamentos-de-una-dieta-saludable\" target=\"_blank\" rel=\"noopener\" target=\"_blank\" rel=\"noopener\">\u201cNutriciencia: conoce los fundamentos de una dieta saludable\u201d<\/a>, dirigidos tanto al alumnado de Ciencias de la Salud como a profesionales sanitarios y p\u00fablico en general.<\/p>\n<p>\u201cSalud mental positiva: Inclusi\u00f3n y bienestar\u201d, dirigido por la profesora del Departamento de Psicolog\u00eda Cl\u00ednica, Psicobiolog\u00eda y Metodolog\u00eda de la Universidad de La Laguna, Rosario Josefa Marrero Quevedo, se impartir\u00e1 del 23 al 25 de julio en horario de 16.00 a 19.00 horas. El seminario tiene como objetivo preparar al alumnado para identificar los problemas de salud mental, poner sobre la mesa los falsos mitos al respecto y promover un ambiente que favorezca la inclusi\u00f3n de las personas en esta situaci\u00f3n.<\/p>\n<p>Los m\u00f3dulos de este curso capacitar\u00e1n a quienes asistan para identificar las caracter\u00edsticas funcionales y psicopatol\u00f3gicas asociadas a los problemas de salud mental, a conocer los factores psicosociales implicados y a desarrollar las habilidades capaces de promover los factores de protecci\u00f3n frente a los problemas mentales. Para ello, se emplear\u00e1 una metodolog\u00eda activa de aprendizaje cooperativo basada en problemas, con el objetivo de que los y las participantes analicen, investiguen y propongan soluciones.<\/p>\n<p>El seminario, que combina las clases te\u00f3ricas con las pr\u00e1cticas, centra su primer bloque en \u201cLos mitos y estereotipos de la salud mental\u201d. Impartido por las profesoras Lilisbeth Perestelo P\u00e9rez y Nayra Caballero Estebaranz, este apartado plantea la importancia de acometer una perspectiva integral a la hora de atender la salud mental. Y lo hace mediante el an\u00e1lisis de los estereotipos y la desmitificaci\u00f3n de falsas creencias por medio de la educaci\u00f3n y la sensibilizaci\u00f3n social. Tambi\u00e9n aborda los efectos perjudiciales causados por los estigmas y discriminaci\u00f3n.<\/p>\n<p>El segundo bloque plantea las \u201cHerramientas para mejorar la interacci\u00f3n, comunicaci\u00f3n e inclusi\u00f3n de las personas con problemas de salud mental\u201d. En \u00e9l, las profesoras de la Universidad de La Laguna Beatriz Viera Delgado y Rosario Marrero Quevedo mostrar\u00e1n al alumnado distintas herramientas para fomentar un ambiente de inclusi\u00f3n e integraci\u00f3n a trav\u00e9s del desarrollo de estrategias en favor de una comunicaci\u00f3n abierta, respetuosa y constructiva.<\/p>\n<p><strong><a href=\"https:\/\/www.ull.es\/portal\/noticias\/wp-content\/uploads\/sites\/13\/2024\/07\/nutriciencia-curso.png\" target=\"_blank\" rel=\"noopener\" target=\"_blank\" rel=\"noopener\"><img decoding=\"async\" loading=\"lazy\" class=\"alignleft wp-image-76671 size-medium\" src=\"https:\/\/www.ull.es\/portal\/noticias\/wp-content\/uploads\/sites\/13\/2024\/07\/nutriciencia-curso-300x150.png\" alt=\"Curso nutriciencia\" width=\"300\" height=\"150\" srcset=\"https:\/\/www.ull.es\/portal\/noticias\/wp-content\/uploads\/sites\/13\/2024\/07\/nutriciencia-curso-300x150.png 300w, https:\/\/www.ull.es\/portal\/noticias\/wp-content\/uploads\/sites\/13\/2024\/07\/nutriciencia-curso-375x188.png 375w, https:\/\/www.ull.es\/portal\/noticias\/wp-content\/uploads\/sites\/13\/2024\/07\/nutriciencia-curso.png 700w\" sizes=\"(max-width: 300px) 100vw, 300px\" \/><\/a>\u00a0<\/strong><strong>Conocimientos nutricionales<\/strong><\/p>\n<p>La importancia de llevar una alimentaci\u00f3n lo m\u00e1s sana posible es uno de los principios del seminario \u201cNutriciencia: conoce los fundamentos de una dieta saludable\u201d, coordinado por el profesor V\u00edctor Garc\u00eda Tagua, que se impartir\u00e1 del 22 al 24 de julio en horario de ma\u00f1ana. Dirigido a todas aquellas personas interesadas en la alimentaci\u00f3n saludable, el curso se plantea como objetivo ofrecer los conocimientos comprensivos sobre la relaci\u00f3n entre la alimentaci\u00f3n y la salud, mediante la promoci\u00f3n de h\u00e1bitos alimenticios saludables que consigan mejorar la calidad de vida y prevenir enfermedades.<\/p>\n<p>El alumnado asistente aprender\u00e1 a aplicar los principios b\u00e1sicos de nutrici\u00f3n en lo que respecta a la selecci\u00f3n de alimentos, as\u00ed como en la planificaci\u00f3n de dietas balanceadas, siempre desde la evidencia cient\u00edfica. Otro de los aspectos tratados ser\u00e1 la adquisici\u00f3n de competencias en el dise\u00f1o e implementaci\u00f3n de men\u00fas semanales de calidad nutricional y el aprendizaje de pr\u00e1cticas alimentarias que sean respetuosas con el medio ambiente.<\/p>\n<p>Las sesiones presenciales se desarrollar\u00e1n en dos fases. La primera estar\u00e1 apoyada en las clases te\u00f3ricas, acompa\u00f1adas de sesiones de debate y preguntas, mientras la segunda se centrar\u00e1 en sesiones pr\u00e1cticas de an\u00e1lisis de etiquetado y publicidad de los alimentos, consejos que ayuden a llevar una correcta higiene alimentaria y autoevaluaciones de la dieta personal de cada asistente al curso.<\/p>\n<p>El programa del seminario se distribuye en las siguientes sesiones: \u201cIngredientes funcionales\u201d, a cargo del director del curso, V\u00edctor Garc\u00eda Tagua, muestra el papel que juegan los alimentos funcionales en la promoci\u00f3n de la salud y el bienestar; \u201cClasificaci\u00f3n de alimentos y etiquetado de calidad nutricional\u201d, impartido por Garc\u00eda Tagua y Amanda Le\u00f3n Hern\u00e1ndez, aborda aspectos pr\u00e1cticos para interpretar mejor la informaci\u00f3n contenida en los envases, y \u201cComposici\u00f3n corporal y dieta equilibrada\u201d, de la mano de Itahisa Marcelino Rodr\u00edguez, desgrana la relaci\u00f3n entre la composici\u00f3n corporal, el estilo de vida, la dieta, los h\u00e1bitos y el ejercicio f\u00edsico.<\/p>\n<p>La Universidad de Verano de Adeje, organizada por la Universidad de La Laguna y el Ayuntamiento de Adeje, mantiene su matr\u00edcula abierta. Las personas interesadas en inscribirse en la presente edici\u00f3n pueden hacerlo en los siguientes enlaces: <a href=\"https:\/\/www.adeje.es\/uva\" target=\"_blank\" rel=\"noopener\" target=\"_blank\" rel=\"noopener\">https:\/\/www.adeje.es\/uva<\/a> y <a href=\"https:\/\/www.ull.es\/cultura\/cursos-extension-universitaria\/universidad-de-verano-de-adeje\/\" target=\"_blank\" rel=\"noopener\" target=\"_blank\" rel=\"noopener\">https:\/\/www.ull.es\/cultura\/cursos-extension-universitaria\/universidad-de-verano-de-adeje\/<\/a>.<\/p>\n","protected":false},"excerpt":{"rendered":"<p>La oferta formativa de la Universidad de Verano de Adeje, que se desarrollar\u00e1 del 22 al 26 de julio, pone&#8230;<\/p>\n","protected":false},"author":21,"featured_media":76670,"comment_status":"closed","ping_status":"closed","sticky":false,"template":"","format":"standard","meta":{"inline_featured_image":false,"footnotes":""},"categories":[345,346,2765],"tags":[5510,4594,1986,11038,6920,2574,9970],"acf":[],"yoast_head":"<!-- This site is optimized with the Yoast SEO plugin v21.3 - https:\/\/yoast.com\/wordpress\/plugins\/seo\/ -->\n<title>La Universidad de Verano de Adeje aborda la salud f\u00edsica y mental<\/title>\n<meta name=\"description\" content=\"A trav\u00e9s de ls cursos \u201cSalud mental positiva: inclusi\u00f3n y bienestar\u201d y \u201cNutriciencia: conoce los fundamentos de una dieta saludable\u201d.\" \/>\n<meta name=\"robots\" content=\"index, follow, max-snippet:-1, max-image-preview:large, max-video-preview:-1\" \/>\n<link rel=\"canonical\" href=\"https:\/\/www.ull.es\/portal\/noticias\/2024\/universidad-verano-adeje-aborda-salud-fisica-mental\/\" \/>\n<meta property=\"og:locale\" content=\"es_ES\" \/>\n<meta property=\"og:type\" content=\"article\" \/>\n<meta property=\"og:title\" content=\"La Universidad de Verano de Adeje aborda la salud f\u00edsica y mental\" \/>\n<meta property=\"og:description\" content=\"A trav\u00e9s de ls cursos \u201cSalud mental positiva: inclusi\u00f3n y bienestar\u201d y \u201cNutriciencia: conoce los fundamentos de una dieta saludable\u201d.\" \/>\n<meta property=\"og:url\" content=\"https:\/\/www.ull.es\/portal\/noticias\/2024\/universidad-verano-adeje-aborda-salud-fisica-mental\/\" \/>\n<meta property=\"og:site_name\" content=\"ULL - Noticias\" \/>\n<meta property=\"article:publisher\" content=\"https:\/\/www.facebook.com\/universidaddelalaguna\/\" \/>\n<meta property=\"article:published_time\" content=\"2024-07-15T10:26:52+00:00\" \/>\n<meta property=\"og:image\" content=\"https:\/\/www.ull.es\/portal\/noticias\/wp-content\/uploads\/sites\/13\/2024\/07\/salud-menatal-positiva-curso.png\" \/>\n\t<meta property=\"og:image:width\" content=\"700\" \/>\n\t<meta property=\"og:image:height\" content=\"350\" \/>\n\t<meta property=\"og:image:type\" content=\"image\/png\" \/>\n<meta name=\"author\" content=\"prensa2\" \/>\n<meta name=\"twitter:card\" content=\"summary_large_image\" \/>\n<meta name=\"twitter:creator\" content=\"@CanalULL\" \/>\n<meta name=\"twitter:site\" content=\"@CanalULL\" \/>\n<meta name=\"twitter:label1\" content=\"Escrito por\" \/>\n\t<meta name=\"twitter:data1\" content=\"prensa2\" \/>\n\t<meta name=\"twitter:label2\" content=\"Tiempo de lectura\" \/>\n\t<meta name=\"twitter:data2\" content=\"4 minutos\" \/>\n<script type=\"application\/ld+json\" class=\"yoast-schema-graph\">{\"@context\":\"https:\/\/schema.org\",\"@graph\":[{\"@type\":\"WebPage\",\"@id\":\"https:\/\/www.ull.es\/portal\/noticias\/2024\/universidad-verano-adeje-aborda-salud-fisica-mental\/\",\"url\":\"https:\/\/www.ull.es\/portal\/noticias\/2024\/universidad-verano-adeje-aborda-salud-fisica-mental\/\",\"name\":\"La Universidad de Verano de Adeje aborda la salud f\u00edsica y mental\",\"isPartOf\":{\"@id\":\"https:\/\/www.ull.es\/portal\/noticias\/#website\"},\"datePublished\":\"2024-07-15T10:26:52+00:00\",\"dateModified\":\"2024-07-15T10:26:52+00:00\",\"author\":{\"@id\":\"https:\/\/www.ull.es\/portal\/noticias\/#\/schema\/person\/c3b2aa857797592927a03740d6664376\"},\"description\":\"A trav\u00e9s de ls cursos \u201cSalud mental positiva: inclusi\u00f3n y bienestar\u201d y \u201cNutriciencia: conoce los fundamentos de una dieta saludable\u201d.\",\"breadcrumb\":{\"@id\":\"https:\/\/www.ull.es\/portal\/noticias\/2024\/universidad-verano-adeje-aborda-salud-fisica-mental\/#breadcrumb\"},\"inLanguage\":\"es\",\"potentialAction\":[{\"@type\":\"ReadAction\",\"target\":[\"https:\/\/www.ull.es\/portal\/noticias\/2024\/universidad-verano-adeje-aborda-salud-fisica-mental\/\"]}]},{\"@type\":\"BreadcrumbList\",\"@id\":\"https:\/\/www.ull.es\/portal\/noticias\/2024\/universidad-verano-adeje-aborda-salud-fisica-mental\/#breadcrumb\",\"itemListElement\":[{\"@type\":\"ListItem\",\"position\":1,\"name\":\"Portada\",\"item\":\"https:\/\/www.ull.es\/portal\/noticias\/\"},{\"@type\":\"ListItem\",\"position\":2,\"name\":\"La Universidad de Verano de Adeje aborda la salud f\u00edsica y mental en dos cursos sobre nutrici\u00f3n y bienestar\"}]},{\"@type\":\"WebSite\",\"@id\":\"https:\/\/www.ull.es\/portal\/noticias\/#website\",\"url\":\"https:\/\/www.ull.es\/portal\/noticias\/\",\"name\":\"ULL - Noticias\",\"description\":\"\",\"potentialAction\":[{\"@type\":\"SearchAction\",\"target\":{\"@type\":\"EntryPoint\",\"urlTemplate\":\"https:\/\/www.ull.es\/portal\/noticias\/?s={search_term_string}\"},\"query-input\":\"required name=search_term_string\"}],\"inLanguage\":\"es\"},{\"@type\":\"Person\",\"@id\":\"https:\/\/www.ull.es\/portal\/noticias\/#\/schema\/person\/c3b2aa857797592927a03740d6664376\",\"name\":\"prensa2\",\"image\":{\"@type\":\"ImageObject\",\"inLanguage\":\"es\",\"@id\":\"https:\/\/www.ull.es\/portal\/noticias\/#\/schema\/person\/image\/\",\"url\":\"https:\/\/secure.gravatar.com\/avatar\/b58f310a5de5feb33d1e026d2493f23c?s=96&d=mm&r=g\",\"contentUrl\":\"https:\/\/secure.gravatar.com\/avatar\/b58f310a5de5feb33d1e026d2493f23c?s=96&d=mm&r=g\",\"caption\":\"prensa2\"},\"url\":\"https:\/\/www.ull.es\/portal\/noticias\/author\/prensa2\/\"}]}<\/script>\n<!-- \/ Yoast SEO plugin. -->","yoast_head_json":{"title":"La Universidad de Verano de Adeje aborda la salud f\u00edsica y mental","description":"A trav\u00e9s de ls cursos \u201cSalud mental positiva: inclusi\u00f3n y bienestar\u201d y \u201cNutriciencia: conoce los fundamentos de una dieta saludable\u201d.","robots":{"index":"index","follow":"follow","max-snippet":"max-snippet:-1","max-image-preview":"max-image-preview:large","max-video-preview":"max-video-preview:-1"},"canonical":"https:\/\/www.ull.es\/portal\/noticias\/2024\/universidad-verano-adeje-aborda-salud-fisica-mental\/","og_locale":"es_ES","og_type":"article","og_title":"La Universidad de Verano de Adeje aborda la salud f\u00edsica y mental","og_description":"A trav\u00e9s de ls cursos \u201cSalud mental positiva: inclusi\u00f3n y bienestar\u201d y \u201cNutriciencia: conoce los fundamentos de una dieta saludable\u201d.","og_url":"https:\/\/www.ull.es\/portal\/noticias\/2024\/universidad-verano-adeje-aborda-salud-fisica-mental\/","og_site_name":"ULL - Noticias","article_publisher":"https:\/\/www.facebook.com\/universidaddelalaguna\/","article_published_time":"2024-07-15T10:26:52+00:00","og_image":[{"width":700,"height":350,"url":"https:\/\/www.ull.es\/portal\/noticias\/wp-content\/uploads\/sites\/13\/2024\/07\/salud-menatal-positiva-curso.png","type":"image\/png"}],"author":"prensa2","twitter_card":"summary_large_image","twitter_creator":"@CanalULL","twitter_site":"@CanalULL","twitter_misc":{"Escrito por":"prensa2","Tiempo de lectura":"4 minutos"},"schema":{"@context":"https:\/\/schema.org","@graph":[{"@type":"WebPage","@id":"https:\/\/www.ull.es\/portal\/noticias\/2024\/universidad-verano-adeje-aborda-salud-fisica-mental\/","url":"https:\/\/www.ull.es\/portal\/noticias\/2024\/universidad-verano-adeje-aborda-salud-fisica-mental\/","name":"La Universidad de Verano de Adeje aborda la salud f\u00edsica y mental","isPartOf":{"@id":"https:\/\/www.ull.es\/portal\/noticias\/#website"},"datePublished":"2024-07-15T10:26:52+00:00","dateModified":"2024-07-15T10:26:52+00:00","author":{"@id":"https:\/\/www.ull.es\/portal\/noticias\/#\/schema\/person\/c3b2aa857797592927a03740d6664376"},"description":"A trav\u00e9s de ls cursos \u201cSalud mental positiva: inclusi\u00f3n y bienestar\u201d y \u201cNutriciencia: conoce los fundamentos de una dieta saludable\u201d.","breadcrumb":{"@id":"https:\/\/www.ull.es\/portal\/noticias\/2024\/universidad-verano-adeje-aborda-salud-fisica-mental\/#breadcrumb"},"inLanguage":"es","potentialAction":[{"@type":"ReadAction","target":["https:\/\/www.ull.es\/portal\/noticias\/2024\/universidad-verano-adeje-aborda-salud-fisica-mental\/"]}]},{"@type":"BreadcrumbList","@id":"https:\/\/www.ull.es\/portal\/noticias\/2024\/universidad-verano-adeje-aborda-salud-fisica-mental\/#breadcrumb","itemListElement":[{"@type":"ListItem","position":1,"name":"Portada","item":"https:\/\/www.ull.es\/portal\/noticias\/"},{"@type":"ListItem","position":2,"name":"La Universidad de Verano de Adeje aborda la salud f\u00edsica y mental en dos cursos sobre nutrici\u00f3n y bienestar"}]},{"@type":"WebSite","@id":"https:\/\/www.ull.es\/portal\/noticias\/#website","url":"https:\/\/www.ull.es\/portal\/noticias\/","name":"ULL - Noticias","description":"","potentialAction":[{"@type":"SearchAction","target":{"@type":"EntryPoint","urlTemplate":"https:\/\/www.ull.es\/portal\/noticias\/?s={search_term_string}"},"query-input":"required name=search_term_string"}],"inLanguage":"es"},{"@type":"Person","@id":"https:\/\/www.ull.es\/portal\/noticias\/#\/schema\/person\/c3b2aa857797592927a03740d6664376","name":"prensa2","image":{"@type":"ImageObject","inLanguage":"es","@id":"https:\/\/www.ull.es\/portal\/noticias\/#\/schema\/person\/image\/","url":"https:\/\/secure.gravatar.com\/avatar\/b58f310a5de5feb33d1e026d2493f23c?s=96&d=mm&r=g","contentUrl":"https:\/\/secure.gravatar.com\/avatar\/b58f310a5de5feb33d1e026d2493f23c?s=96&d=mm&r=g","caption":"prensa2"},"url":"https:\/\/www.ull.es\/portal\/noticias\/author\/prensa2\/"}]}},"primary_category":{"id":345,"name":"Destacado","slug":"destacado","link":"https:\/\/www.ull.es\/portal\/noticias\/category\/destacado\/"},"featured_image_thumbnail_url":"https:\/\/www.ull.es\/portal\/noticias\/wp-content\/uploads\/sites\/13\/2024\/07\/salud-menatal-positiva-curso-300x150.png","_links":{"self":[{"href":"https:\/\/www.ull.es\/portal\/noticias\/wp-json\/wp\/v2\/posts\/76669"}],"collection":[{"href":"https:\/\/www.ull.es\/portal\/noticias\/wp-json\/wp\/v2\/posts"}],"about":[{"href":"https:\/\/www.ull.es\/portal\/noticias\/wp-json\/wp\/v2\/types\/post"}],"author":[{"embeddable":true,"href":"https:\/\/www.ull.es\/portal\/noticias\/wp-json\/wp\/v2\/users\/21"}],"replies":[{"embeddable":true,"href":"https:\/\/www.ull.es\/portal\/noticias\/wp-json\/wp\/v2\/comments?post=76669"}],"version-history":[{"count":1,"href":"https:\/\/www.ull.es\/portal\/noticias\/wp-json\/wp\/v2\/posts\/76669\/revisions"}],"predecessor-version":[{"id":76672,"href":"https:\/\/www.ull.es\/portal\/noticias\/wp-json\/wp\/v2\/posts\/76669\/revisions\/76672"}],"wp:featuredmedia":[{"embeddable":true,"href":"https:\/\/www.ull.es\/portal\/noticias\/wp-json\/wp\/v2\/media\/76670"}],"wp:attachment":[{"href":"https:\/\/www.ull.es\/portal\/noticias\/wp-json\/wp\/v2\/media?parent=76669"}],"wp:term":[{"taxonomy":"category","embeddable":true,"href":"https:\/\/www.ull.es\/portal\/noticias\/wp-json\/wp\/v2\/categories?post=76669"},{"taxonomy":"post_tag","embeddable":true,"href":"https:\/\/www.ull.es\/portal\/noticias\/wp-json\/wp\/v2\/tags?post=76669"}],"curies":[{"name":"wp","href":"https:\/\/api.w.org\/{rel}","templated":true}]}}