{"id":76692,"date":"2024-07-16T10:07:30","date_gmt":"2024-07-16T10:07:30","guid":{"rendered":"https:\/\/www.ull.es\/portal\/noticias\/?p=76692"},"modified":"2024-07-17T08:28:25","modified_gmt":"2024-07-17T08:28:25","slug":"la-universidad-de-la-laguna-homenajea-este-miercoles-a-su-personal-jubilado-el-ano-pasado","status":"publish","type":"post","link":"https:\/\/www.ull.es\/portal\/noticias\/2024\/la-universidad-de-la-laguna-homenajea-este-miercoles-a-su-personal-jubilado-el-ano-pasado\/","title":{"rendered":"La Universidad de La Laguna homenajea este mi\u00e9rcoles a su personal jubilado el a\u00f1o pasado"},"content":{"rendered":"<p>La Universidad de La Laguna celebrar\u00e1 ma\u00f1ana mi\u00e9rcoles, 17 de julio a las 18:30 horas, un acto en homenaje al personal de la instituci\u00f3n jubilado y de larga trayectoria profesional. El lugar inicialmente previsto, el Paraninfo, ha tenido que ser desestimado a \u00faltima hora, de tal modo que la ceremonia se realizar\u00e1 finalmente en el Sal\u00f3n de Actos del Edificio La Pir\u00e1mide de la Facultad de Ciencias Sociales y de la Comunicaci\u00f3n, en el Campus de Guajara.<\/p>\n<p>El acto consistir\u00e1 en la entrega al personal jubilado de un diploma en reconocimiento a sus a\u00f1os de servicio en la instituci\u00f3n, una intervenci\u00f3n a cargo del rector, Francisco Garc\u00eda, y tambi\u00e9n palabras de una persona representante de cada colectivo agasajado.<\/p>\n<p>Tambi\u00e9n intervendr\u00e1 el presidente de la Asociaci\u00f3n Alumni ULL, Luis Ortigosa; el vicerrector de Personal Docente e Investigador, Alfonso Ruiz, quien ser\u00e1 el encargado de entregar los reconocimientos al PDI jubilado junto con el rector; y la gerenta, Teresa Covisa, que har\u00e1 lo propio con el PTGAS.<\/p>\n<p>El programa incorpora una intervenci\u00f3n musical para amenizar el acto y la proyecci\u00f3n de un video con testimonios de algunas de las personas jubiladas que ser\u00e1n homenajeadas.<\/p>\n","protected":false},"excerpt":{"rendered":"<p>La Universidad de La Laguna celebrar\u00e1 ma\u00f1ana mi\u00e9rcoles, 17 de julio a las 18:30 horas, un acto en homenaje al&#8230;<\/p>\n","protected":false},"author":23,"featured_media":76693,"comment_status":"closed","ping_status":"closed","sticky":false,"template":"","format":"standard","meta":{"inline_featured_image":false,"footnotes":""},"categories":[345,348,2765],"tags":[],"acf":[],"yoast_head":"<!-- This site is optimized with the Yoast SEO plugin v21.3 - https:\/\/yoast.com\/wordpress\/plugins\/seo\/ -->\n<title>La Universidad de La Laguna homenajea este mi\u00e9rcoles a su personal jubilado el a\u00f1o pasado - ULL - Noticias<\/title>\n<meta name=\"robots\" content=\"index, follow, max-snippet:-1, max-image-preview:large, max-video-preview:-1\" \/>\n<link rel=\"canonical\" href=\"https:\/\/www.ull.es\/portal\/noticias\/2024\/la-universidad-de-la-laguna-homenajea-este-miercoles-a-su-personal-jubilado-el-ano-pasado\/\" \/>\n<meta property=\"og:locale\" content=\"es_ES\" \/>\n<meta property=\"og:type\" content=\"article\" \/>\n<meta property=\"og:title\" content=\"La Universidad de La Laguna homenajea este mi\u00e9rcoles a su personal jubilado el a\u00f1o pasado - ULL - Noticias\" \/>\n<meta property=\"og:description\" content=\"La Universidad de La Laguna celebrar\u00e1 ma\u00f1ana mi\u00e9rcoles, 17 de julio a las 18:30 horas, un acto en homenaje al...\" \/>\n<meta property=\"og:url\" content=\"https:\/\/www.ull.es\/portal\/noticias\/2024\/la-universidad-de-la-laguna-homenajea-este-miercoles-a-su-personal-jubilado-el-ano-pasado\/\" \/>\n<meta property=\"og:site_name\" content=\"ULL - Noticias\" \/>\n<meta property=\"article:publisher\" content=\"https:\/\/www.facebook.com\/universidaddelalaguna\/\" \/>\n<meta property=\"article:published_time\" content=\"2024-07-16T10:07:30+00:00\" \/>\n<meta property=\"article:modified_time\" content=\"2024-07-17T08:28:25+00:00\" \/>\n<meta property=\"og:image\" content=\"https:\/\/www.ull.es\/portal\/noticias\/wp-content\/uploads\/sites\/13\/2024\/07\/Acto-jubilados.png\" \/>\n\t<meta property=\"og:image:width\" content=\"750\" \/>\n\t<meta property=\"og:image:height\" content=\"370\" \/>\n\t<meta property=\"og:image:type\" content=\"image\/png\" \/>\n<meta name=\"author\" content=\"gaprsa\" \/>\n<meta name=\"twitter:card\" content=\"summary_large_image\" \/>\n<meta name=\"twitter:creator\" content=\"@CanalULL\" \/>\n<meta name=\"twitter:site\" content=\"@CanalULL\" \/>\n<meta name=\"twitter:label1\" content=\"Escrito por\" \/>\n\t<meta name=\"twitter:data1\" content=\"gaprsa\" \/>\n\t<meta name=\"twitter:label2\" content=\"Tiempo de lectura\" \/>\n\t<meta name=\"twitter:data2\" content=\"1 minuto\" \/>\n<script type=\"application\/ld+json\" class=\"yoast-schema-graph\">{\"@context\":\"https:\/\/schema.org\",\"@graph\":[{\"@type\":\"WebPage\",\"@id\":\"https:\/\/www.ull.es\/portal\/noticias\/2024\/la-universidad-de-la-laguna-homenajea-este-miercoles-a-su-personal-jubilado-el-ano-pasado\/\",\"url\":\"https:\/\/www.ull.es\/portal\/noticias\/2024\/la-universidad-de-la-laguna-homenajea-este-miercoles-a-su-personal-jubilado-el-ano-pasado\/\",\"name\":\"La Universidad de La Laguna homenajea este mi\u00e9rcoles a su personal jubilado el a\u00f1o pasado - ULL - Noticias\",\"isPartOf\":{\"@id\":\"https:\/\/www.ull.es\/portal\/noticias\/#website\"},\"datePublished\":\"2024-07-16T10:07:30+00:00\",\"dateModified\":\"2024-07-17T08:28:25+00:00\",\"author\":{\"@id\":\"https:\/\/www.ull.es\/portal\/noticias\/#\/schema\/person\/b2b1a89d43ffa609e591f7df8ef3e817\"},\"breadcrumb\":{\"@id\":\"https:\/\/www.ull.es\/portal\/noticias\/2024\/la-universidad-de-la-laguna-homenajea-este-miercoles-a-su-personal-jubilado-el-ano-pasado\/#breadcrumb\"},\"inLanguage\":\"es\",\"potentialAction\":[{\"@type\":\"ReadAction\",\"target\":[\"https:\/\/www.ull.es\/portal\/noticias\/2024\/la-universidad-de-la-laguna-homenajea-este-miercoles-a-su-personal-jubilado-el-ano-pasado\/\"]}]},{\"@type\":\"BreadcrumbList\",\"@id\":\"https:\/\/www.ull.es\/portal\/noticias\/2024\/la-universidad-de-la-laguna-homenajea-este-miercoles-a-su-personal-jubilado-el-ano-pasado\/#breadcrumb\",\"itemListElement\":[{\"@type\":\"ListItem\",\"position\":1,\"name\":\"Portada\",\"item\":\"https:\/\/www.ull.es\/portal\/noticias\/\"},{\"@type\":\"ListItem\",\"position\":2,\"name\":\"La Universidad de La Laguna homenajea este mi\u00e9rcoles a su personal jubilado el a\u00f1o pasado\"}]},{\"@type\":\"WebSite\",\"@id\":\"https:\/\/www.ull.es\/portal\/noticias\/#website\",\"url\":\"https:\/\/www.ull.es\/portal\/noticias\/\",\"name\":\"ULL - Noticias\",\"description\":\"\",\"potentialAction\":[{\"@type\":\"SearchAction\",\"target\":{\"@type\":\"EntryPoint\",\"urlTemplate\":\"https:\/\/www.ull.es\/portal\/noticias\/?s={search_term_string}\"},\"query-input\":\"required name=search_term_string\"}],\"inLanguage\":\"es\"},{\"@type\":\"Person\",\"@id\":\"https:\/\/www.ull.es\/portal\/noticias\/#\/schema\/person\/b2b1a89d43ffa609e591f7df8ef3e817\",\"name\":\"gaprsa\",\"image\":{\"@type\":\"ImageObject\",\"inLanguage\":\"es\",\"@id\":\"https:\/\/www.ull.es\/portal\/noticias\/#\/schema\/person\/image\/\",\"url\":\"https:\/\/secure.gravatar.com\/avatar\/443820550921091458b4823867723b3d?s=96&d=mm&r=g\",\"contentUrl\":\"https:\/\/secure.gravatar.com\/avatar\/443820550921091458b4823867723b3d?s=96&d=mm&r=g\",\"caption\":\"gaprsa\"},\"url\":\"https:\/\/www.ull.es\/portal\/noticias\/author\/gaprsa\/\"}]}<\/script>\n<!-- \/ Yoast SEO plugin. -->","yoast_head_json":{"title":"La Universidad de La Laguna homenajea este mi\u00e9rcoles a su personal jubilado el a\u00f1o pasado - ULL - Noticias","robots":{"index":"index","follow":"follow","max-snippet":"max-snippet:-1","max-image-preview":"max-image-preview:large","max-video-preview":"max-video-preview:-1"},"canonical":"https:\/\/www.ull.es\/portal\/noticias\/2024\/la-universidad-de-la-laguna-homenajea-este-miercoles-a-su-personal-jubilado-el-ano-pasado\/","og_locale":"es_ES","og_type":"article","og_title":"La Universidad de La Laguna homenajea este mi\u00e9rcoles a su personal jubilado el a\u00f1o pasado - ULL - Noticias","og_description":"La Universidad de La Laguna celebrar\u00e1 ma\u00f1ana mi\u00e9rcoles, 17 de julio a las 18:30 horas, un acto en homenaje al...","og_url":"https:\/\/www.ull.es\/portal\/noticias\/2024\/la-universidad-de-la-laguna-homenajea-este-miercoles-a-su-personal-jubilado-el-ano-pasado\/","og_site_name":"ULL - Noticias","article_publisher":"https:\/\/www.facebook.com\/universidaddelalaguna\/","article_published_time":"2024-07-16T10:07:30+00:00","article_modified_time":"2024-07-17T08:28:25+00:00","og_image":[{"width":750,"height":370,"url":"https:\/\/www.ull.es\/portal\/noticias\/wp-content\/uploads\/sites\/13\/2024\/07\/Acto-jubilados.png","type":"image\/png"}],"author":"gaprsa","twitter_card":"summary_large_image","twitter_creator":"@CanalULL","twitter_site":"@CanalULL","twitter_misc":{"Escrito por":"gaprsa","Tiempo de lectura":"1 minuto"},"schema":{"@context":"https:\/\/schema.org","@graph":[{"@type":"WebPage","@id":"https:\/\/www.ull.es\/portal\/noticias\/2024\/la-universidad-de-la-laguna-homenajea-este-miercoles-a-su-personal-jubilado-el-ano-pasado\/","url":"https:\/\/www.ull.es\/portal\/noticias\/2024\/la-universidad-de-la-laguna-homenajea-este-miercoles-a-su-personal-jubilado-el-ano-pasado\/","name":"La Universidad de La Laguna homenajea este mi\u00e9rcoles a su personal jubilado el a\u00f1o pasado - ULL - Noticias","isPartOf":{"@id":"https:\/\/www.ull.es\/portal\/noticias\/#website"},"datePublished":"2024-07-16T10:07:30+00:00","dateModified":"2024-07-17T08:28:25+00:00","author":{"@id":"https:\/\/www.ull.es\/portal\/noticias\/#\/schema\/person\/b2b1a89d43ffa609e591f7df8ef3e817"},"breadcrumb":{"@id":"https:\/\/www.ull.es\/portal\/noticias\/2024\/la-universidad-de-la-laguna-homenajea-este-miercoles-a-su-personal-jubilado-el-ano-pasado\/#breadcrumb"},"inLanguage":"es","potentialAction":[{"@type":"ReadAction","target":["https:\/\/www.ull.es\/portal\/noticias\/2024\/la-universidad-de-la-laguna-homenajea-este-miercoles-a-su-personal-jubilado-el-ano-pasado\/"]}]},{"@type":"BreadcrumbList","@id":"https:\/\/www.ull.es\/portal\/noticias\/2024\/la-universidad-de-la-laguna-homenajea-este-miercoles-a-su-personal-jubilado-el-ano-pasado\/#breadcrumb","itemListElement":[{"@type":"ListItem","position":1,"name":"Portada","item":"https:\/\/www.ull.es\/portal\/noticias\/"},{"@type":"ListItem","position":2,"name":"La Universidad de La Laguna homenajea este mi\u00e9rcoles a su personal jubilado el a\u00f1o pasado"}]},{"@type":"WebSite","@id":"https:\/\/www.ull.es\/portal\/noticias\/#website","url":"https:\/\/www.ull.es\/portal\/noticias\/","name":"ULL - Noticias","description":"","potentialAction":[{"@type":"SearchAction","target":{"@type":"EntryPoint","urlTemplate":"https:\/\/www.ull.es\/portal\/noticias\/?s={search_term_string}"},"query-input":"required name=search_term_string"}],"inLanguage":"es"},{"@type":"Person","@id":"https:\/\/www.ull.es\/portal\/noticias\/#\/schema\/person\/b2b1a89d43ffa609e591f7df8ef3e817","name":"gaprsa","image":{"@type":"ImageObject","inLanguage":"es","@id":"https:\/\/www.ull.es\/portal\/noticias\/#\/schema\/person\/image\/","url":"https:\/\/secure.gravatar.com\/avatar\/443820550921091458b4823867723b3d?s=96&d=mm&r=g","contentUrl":"https:\/\/secure.gravatar.com\/avatar\/443820550921091458b4823867723b3d?s=96&d=mm&r=g","caption":"gaprsa"},"url":"https:\/\/www.ull.es\/portal\/noticias\/author\/gaprsa\/"}]}},"primary_category":{"id":345,"name":"Destacado","slug":"destacado","link":"https:\/\/www.ull.es\/portal\/noticias\/category\/destacado\/"},"featured_image_thumbnail_url":"https:\/\/www.ull.es\/portal\/noticias\/wp-content\/uploads\/sites\/13\/2024\/07\/Acto-jubilados-300x148.png","_links":{"self":[{"href":"https:\/\/www.ull.es\/portal\/noticias\/wp-json\/wp\/v2\/posts\/76692"}],"collection":[{"href":"https:\/\/www.ull.es\/portal\/noticias\/wp-json\/wp\/v2\/posts"}],"about":[{"href":"https:\/\/www.ull.es\/portal\/noticias\/wp-json\/wp\/v2\/types\/post"}],"author":[{"embeddable":true,"href":"https:\/\/www.ull.es\/portal\/noticias\/wp-json\/wp\/v2\/users\/23"}],"replies":[{"embeddable":true,"href":"https:\/\/www.ull.es\/portal\/noticias\/wp-json\/wp\/v2\/comments?post=76692"}],"version-history":[{"count":3,"href":"https:\/\/www.ull.es\/portal\/noticias\/wp-json\/wp\/v2\/posts\/76692\/revisions"}],"predecessor-version":[{"id":76732,"href":"https:\/\/www.ull.es\/portal\/noticias\/wp-json\/wp\/v2\/posts\/76692\/revisions\/76732"}],"wp:featuredmedia":[{"embeddable":true,"href":"https:\/\/www.ull.es\/portal\/noticias\/wp-json\/wp\/v2\/media\/76693"}],"wp:attachment":[{"href":"https:\/\/www.ull.es\/portal\/noticias\/wp-json\/wp\/v2\/media?parent=76692"}],"wp:term":[{"taxonomy":"category","embeddable":true,"href":"https:\/\/www.ull.es\/portal\/noticias\/wp-json\/wp\/v2\/categories?post=76692"},{"taxonomy":"post_tag","embeddable":true,"href":"https:\/\/www.ull.es\/portal\/noticias\/wp-json\/wp\/v2\/tags?post=76692"}],"curies":[{"name":"wp","href":"https:\/\/api.w.org\/{rel}","templated":true}]}}