{"id":76695,"date":"2024-07-16T10:30:31","date_gmt":"2024-07-16T10:30:31","guid":{"rendered":"https:\/\/www.ull.es\/portal\/noticias\/?p=76695"},"modified":"2024-07-16T10:30:31","modified_gmt":"2024-07-16T10:30:31","slug":"la-universidad-de-verano-de-adeje-aborda-el-cultivo-de-frutales-y-aloe-vera-en-dos-talleres","status":"publish","type":"post","link":"https:\/\/www.ull.es\/portal\/noticias\/2024\/la-universidad-de-verano-de-adeje-aborda-el-cultivo-de-frutales-y-aloe-vera-en-dos-talleres\/","title":{"rendered":"La Universidad de Verano de Adeje aborda el cultivo de frutales y aloe vera en dos talleres"},"content":{"rendered":"<p>La <a href=\"https:\/\/www.adeje.es\/uva\/cursos-y-talleres\/23618-cursos\" target=\"_blank\" rel=\"noopener\">Universidad de Verano de Adeje<\/a> abordar\u00e1 el cultivo del aloe vera y la reproducci\u00f3n de \u00e1rboles frutales, dos pr\u00e1cticas que centran los talleres <a href=\"https:\/\/www.adeje.es\/uva\/cursos-y-talleres\/23655-visita-a-la-finca-canaria-aloe-vera-una-pequena-empresa-familiar-100-canaria-con-dimension-mundial\" target=\"_blank\" rel=\"noopener\">\u2018Visita a la Finca canaria Aloe Vera, una peque\u00f1a empresa familiar 100% canaria con dimensi\u00f3n mundial<\/a> y <a href=\"https:\/\/www.adeje.es\/uva\/cursos-y-talleres\/23638-cmo-reproducir-frutales\" target=\"_blank\" rel=\"noopener\">\u00bfC\u00f3mo reproducir frutales?<\/a>, que se ofrecer\u00e1n los d\u00edas \u00a022 y 23 de julio. Ambas propuestas se enmarcan en la programaci\u00f3n de la trig\u00e9simo primera edici\u00f3n de esta cita cultural, organizada un a\u00f1o m\u00e1s por el <a href=\"https:\/\/www.ull.es\/la-universidad\/equipo-gobierno\/vicerrectorado-de-cultura-y-extension-universitaria\/\" target=\"_blank\" rel=\"noopener\">Vicerrectorado de Cultura y Extensi\u00f3n Universitaria<\/a> de la Universidad de La Laguna y el <a href=\"https:\/\/www.adeje.es\/\" target=\"_blank\" rel=\"noopener\">Ayuntamiento de Adeje<\/a>.<\/p>\n<p>\u2018Visita a la Finca canaria Aloe Vera, una peque\u00f1a empresa familiar 100% canaria con dimensi\u00f3n mundial\u2019, correr\u00e1 a cargo de Rafael Lesmes, el fundador y propietario de una empresa canaria de cultivo de aloe que se ha convertido en un aut\u00e9ntico referente internacional. El taller, que se impartir\u00e1 el 23 de julio, desde las 09.00 a las 13.00 horas, consistir\u00e1 en una\u00a0visita guiada a la finca situada en el municipio de G\u00fc\u00edmar.<\/p>\n<p>Dirigido a estudiantes de Ingenier\u00eda Agraria, Ciencias Ambientales y Biolog\u00eda, as\u00ed como al alumnado de capacitaci\u00f3n agraria y a todas aquellas personas interesadas en la materia, el taller har\u00e1 un recorrido por la historia de esta planta, su cuidado, recolecci\u00f3n y procesados, as\u00ed como su cultivo y recomendaciones de uso. Tambi\u00e9n se prestar\u00e1 especial atenci\u00f3n al proceso de convergencia entre el turismo y la actividad agr\u00edcola, al desarrollo del aloe como superalimento, y la necesidad de fomentar la I+D del sector, de cara a una explotaci\u00f3n m\u00e1s eficaz.<\/p>\n<p>La segunda propuesta acerca a los estudiantes de Ciencias Ambientales, Biolog\u00eda, alumnado de capacitaci\u00f3n agraria y profesionales del sector agrario a la reproducci\u00f3n de frutales. Los asistentes a este taller, que se imparte el 22 de julio, desde las 16.00 a las 20.00 horas, podr\u00e1n conocer de primera mano las pr\u00e1cticas m\u00e1s habituales en la preproducci\u00f3n de frutales, como los injertos, el porqu\u00e9 de su importancia en el caso de las variedades tradicionales, y sus diferentes clases.<\/p>\n<p>Bajo el t\u00edtulo \u00ab\u00bfPor qu\u00e9 injertamos y cu\u00e1les son los principales tipos de injerto?\u00bb, el profesor de la Universidad de La Laguna, Antonio C\u00e9sar Perdomo Molina, analizar\u00e1 las bases fisiol\u00f3gicas del proceso del injerto, las razones para realizarlos y las diferentes modalidades que se utilizan actualmente en la reproducci\u00f3n de frutales.<\/p>\n<p>El taller \u2018\u00bfC\u00f3mo reproducir frutales?\u2019 permitir\u00e1 al alumnado entender por qu\u00e9 unos injertos prenden y otros no, les dar\u00e1 las pautas para elegir el material \u00f3ptimo para hacer injertos de p\u00faa y de yema de una forma pr\u00e1ctica, y los asesorar\u00e1 sobre el manejo de las herramientas y materiales a emplear. Todo ello se llevar\u00e1 a cabo con una metodolog\u00eda aplicada basada en el modelo de ense\u00f1anza MECA (Modelo de Ense\u00f1anza Centrada en el Alumnado).<\/p>\n<p>El precio de los talleres de la presente edici\u00f3n asciende a 10 euros. Todas aquellas personas que quieran asistir, tanto a los cursos como a los talleres, podr\u00e1n hacerlo, sin coste alguno, mediante el servicio de guaguas que el ayuntamiento adejero dispone desde las 7:30\u00a0h\u00a0de la ma\u00f1ana, y que comunica el Campus Universitario de Adeje con el Campus Central, en La Laguna.<\/p>\n<p>La Universidad de Verano de Adeje mantiene la matricula abierta. Las personas interesadas en inscribirse en la presente edici\u00f3n pueden hacerlo en los siguientes enlaces: <a href=\"http:\/\/www.adeje.es\/uva\" target=\"_blank\" rel=\"noopener\">www.adeje.es\/uva<\/a> y en la <a href=\"https:\/\/www.ull.es\/cultura\/cursos-extension-universitaria\/universidad-de-verano-de-adeje\/\" target=\"_blank\" rel=\"noopener\">web de la Universidad de La Laguna<\/a>.<\/p>\n","protected":false},"excerpt":{"rendered":"<p>La Universidad de Verano de Adeje abordar\u00e1 el cultivo del aloe vera y la reproducci\u00f3n de \u00e1rboles frutales, dos pr\u00e1cticas&#8230;<\/p>\n","protected":false},"author":23,"featured_media":76696,"comment_status":"closed","ping_status":"closed","sticky":false,"template":"","format":"standard","meta":{"inline_featured_image":false,"footnotes":""},"categories":[344,345,2765],"tags":[],"acf":[],"yoast_head":"<!-- This site is optimized with the Yoast SEO plugin v21.3 - https:\/\/yoast.com\/wordpress\/plugins\/seo\/ -->\n<title>La Universidad de Verano de Adeje aborda el cultivo de frutales y aloe vera en dos talleres - ULL - Noticias<\/title>\n<meta name=\"robots\" content=\"index, follow, max-snippet:-1, max-image-preview:large, max-video-preview:-1\" \/>\n<link rel=\"canonical\" href=\"https:\/\/www.ull.es\/portal\/noticias\/2024\/la-universidad-de-verano-de-adeje-aborda-el-cultivo-de-frutales-y-aloe-vera-en-dos-talleres\/\" \/>\n<meta property=\"og:locale\" content=\"es_ES\" \/>\n<meta property=\"og:type\" content=\"article\" \/>\n<meta property=\"og:title\" content=\"La Universidad de Verano de Adeje aborda el cultivo de frutales y aloe vera en dos talleres - ULL - Noticias\" \/>\n<meta property=\"og:description\" content=\"La Universidad de Verano de Adeje abordar\u00e1 el cultivo del aloe vera y la reproducci\u00f3n de \u00e1rboles frutales, dos pr\u00e1cticas...\" \/>\n<meta property=\"og:url\" content=\"https:\/\/www.ull.es\/portal\/noticias\/2024\/la-universidad-de-verano-de-adeje-aborda-el-cultivo-de-frutales-y-aloe-vera-en-dos-talleres\/\" \/>\n<meta property=\"og:site_name\" content=\"ULL - Noticias\" \/>\n<meta property=\"article:publisher\" content=\"https:\/\/www.facebook.com\/universidaddelalaguna\/\" \/>\n<meta property=\"article:published_time\" content=\"2024-07-16T10:30:31+00:00\" \/>\n<meta property=\"og:image\" content=\"https:\/\/www.ull.es\/portal\/noticias\/wp-content\/uploads\/sites\/13\/2024\/07\/adeje-frutales.png\" \/>\n\t<meta property=\"og:image:width\" content=\"700\" \/>\n\t<meta property=\"og:image:height\" content=\"350\" \/>\n\t<meta property=\"og:image:type\" content=\"image\/png\" \/>\n<meta name=\"author\" content=\"gaprsa\" \/>\n<meta name=\"twitter:card\" content=\"summary_large_image\" \/>\n<meta name=\"twitter:creator\" content=\"@CanalULL\" \/>\n<meta name=\"twitter:site\" content=\"@CanalULL\" \/>\n<meta name=\"twitter:label1\" content=\"Escrito por\" \/>\n\t<meta name=\"twitter:data1\" content=\"gaprsa\" \/>\n\t<meta name=\"twitter:label2\" content=\"Tiempo de lectura\" \/>\n\t<meta name=\"twitter:data2\" content=\"3 minutos\" \/>\n<script type=\"application\/ld+json\" class=\"yoast-schema-graph\">{\"@context\":\"https:\/\/schema.org\",\"@graph\":[{\"@type\":\"WebPage\",\"@id\":\"https:\/\/www.ull.es\/portal\/noticias\/2024\/la-universidad-de-verano-de-adeje-aborda-el-cultivo-de-frutales-y-aloe-vera-en-dos-talleres\/\",\"url\":\"https:\/\/www.ull.es\/portal\/noticias\/2024\/la-universidad-de-verano-de-adeje-aborda-el-cultivo-de-frutales-y-aloe-vera-en-dos-talleres\/\",\"name\":\"La Universidad de Verano de Adeje aborda el cultivo de frutales y aloe vera en dos talleres - ULL - Noticias\",\"isPartOf\":{\"@id\":\"https:\/\/www.ull.es\/portal\/noticias\/#website\"},\"datePublished\":\"2024-07-16T10:30:31+00:00\",\"dateModified\":\"2024-07-16T10:30:31+00:00\",\"author\":{\"@id\":\"https:\/\/www.ull.es\/portal\/noticias\/#\/schema\/person\/b2b1a89d43ffa609e591f7df8ef3e817\"},\"breadcrumb\":{\"@id\":\"https:\/\/www.ull.es\/portal\/noticias\/2024\/la-universidad-de-verano-de-adeje-aborda-el-cultivo-de-frutales-y-aloe-vera-en-dos-talleres\/#breadcrumb\"},\"inLanguage\":\"es\",\"potentialAction\":[{\"@type\":\"ReadAction\",\"target\":[\"https:\/\/www.ull.es\/portal\/noticias\/2024\/la-universidad-de-verano-de-adeje-aborda-el-cultivo-de-frutales-y-aloe-vera-en-dos-talleres\/\"]}]},{\"@type\":\"BreadcrumbList\",\"@id\":\"https:\/\/www.ull.es\/portal\/noticias\/2024\/la-universidad-de-verano-de-adeje-aborda-el-cultivo-de-frutales-y-aloe-vera-en-dos-talleres\/#breadcrumb\",\"itemListElement\":[{\"@type\":\"ListItem\",\"position\":1,\"name\":\"Portada\",\"item\":\"https:\/\/www.ull.es\/portal\/noticias\/\"},{\"@type\":\"ListItem\",\"position\":2,\"name\":\"La Universidad de Verano de Adeje aborda el cultivo de frutales y aloe vera en dos talleres\"}]},{\"@type\":\"WebSite\",\"@id\":\"https:\/\/www.ull.es\/portal\/noticias\/#website\",\"url\":\"https:\/\/www.ull.es\/portal\/noticias\/\",\"name\":\"ULL - Noticias\",\"description\":\"\",\"potentialAction\":[{\"@type\":\"SearchAction\",\"target\":{\"@type\":\"EntryPoint\",\"urlTemplate\":\"https:\/\/www.ull.es\/portal\/noticias\/?s={search_term_string}\"},\"query-input\":\"required name=search_term_string\"}],\"inLanguage\":\"es\"},{\"@type\":\"Person\",\"@id\":\"https:\/\/www.ull.es\/portal\/noticias\/#\/schema\/person\/b2b1a89d43ffa609e591f7df8ef3e817\",\"name\":\"gaprsa\",\"image\":{\"@type\":\"ImageObject\",\"inLanguage\":\"es\",\"@id\":\"https:\/\/www.ull.es\/portal\/noticias\/#\/schema\/person\/image\/\",\"url\":\"https:\/\/secure.gravatar.com\/avatar\/443820550921091458b4823867723b3d?s=96&d=mm&r=g\",\"contentUrl\":\"https:\/\/secure.gravatar.com\/avatar\/443820550921091458b4823867723b3d?s=96&d=mm&r=g\",\"caption\":\"gaprsa\"},\"url\":\"https:\/\/www.ull.es\/portal\/noticias\/author\/gaprsa\/\"}]}<\/script>\n<!-- \/ Yoast SEO plugin. -->","yoast_head_json":{"title":"La Universidad de Verano de Adeje aborda el cultivo de frutales y aloe vera en dos talleres - ULL - Noticias","robots":{"index":"index","follow":"follow","max-snippet":"max-snippet:-1","max-image-preview":"max-image-preview:large","max-video-preview":"max-video-preview:-1"},"canonical":"https:\/\/www.ull.es\/portal\/noticias\/2024\/la-universidad-de-verano-de-adeje-aborda-el-cultivo-de-frutales-y-aloe-vera-en-dos-talleres\/","og_locale":"es_ES","og_type":"article","og_title":"La Universidad de Verano de Adeje aborda el cultivo de frutales y aloe vera en dos talleres - ULL - Noticias","og_description":"La Universidad de Verano de Adeje abordar\u00e1 el cultivo del aloe vera y la reproducci\u00f3n de \u00e1rboles frutales, dos pr\u00e1cticas...","og_url":"https:\/\/www.ull.es\/portal\/noticias\/2024\/la-universidad-de-verano-de-adeje-aborda-el-cultivo-de-frutales-y-aloe-vera-en-dos-talleres\/","og_site_name":"ULL - Noticias","article_publisher":"https:\/\/www.facebook.com\/universidaddelalaguna\/","article_published_time":"2024-07-16T10:30:31+00:00","og_image":[{"width":700,"height":350,"url":"https:\/\/www.ull.es\/portal\/noticias\/wp-content\/uploads\/sites\/13\/2024\/07\/adeje-frutales.png","type":"image\/png"}],"author":"gaprsa","twitter_card":"summary_large_image","twitter_creator":"@CanalULL","twitter_site":"@CanalULL","twitter_misc":{"Escrito por":"gaprsa","Tiempo de lectura":"3 minutos"},"schema":{"@context":"https:\/\/schema.org","@graph":[{"@type":"WebPage","@id":"https:\/\/www.ull.es\/portal\/noticias\/2024\/la-universidad-de-verano-de-adeje-aborda-el-cultivo-de-frutales-y-aloe-vera-en-dos-talleres\/","url":"https:\/\/www.ull.es\/portal\/noticias\/2024\/la-universidad-de-verano-de-adeje-aborda-el-cultivo-de-frutales-y-aloe-vera-en-dos-talleres\/","name":"La Universidad de Verano de Adeje aborda el cultivo de frutales y aloe vera en dos talleres - ULL - Noticias","isPartOf":{"@id":"https:\/\/www.ull.es\/portal\/noticias\/#website"},"datePublished":"2024-07-16T10:30:31+00:00","dateModified":"2024-07-16T10:30:31+00:00","author":{"@id":"https:\/\/www.ull.es\/portal\/noticias\/#\/schema\/person\/b2b1a89d43ffa609e591f7df8ef3e817"},"breadcrumb":{"@id":"https:\/\/www.ull.es\/portal\/noticias\/2024\/la-universidad-de-verano-de-adeje-aborda-el-cultivo-de-frutales-y-aloe-vera-en-dos-talleres\/#breadcrumb"},"inLanguage":"es","potentialAction":[{"@type":"ReadAction","target":["https:\/\/www.ull.es\/portal\/noticias\/2024\/la-universidad-de-verano-de-adeje-aborda-el-cultivo-de-frutales-y-aloe-vera-en-dos-talleres\/"]}]},{"@type":"BreadcrumbList","@id":"https:\/\/www.ull.es\/portal\/noticias\/2024\/la-universidad-de-verano-de-adeje-aborda-el-cultivo-de-frutales-y-aloe-vera-en-dos-talleres\/#breadcrumb","itemListElement":[{"@type":"ListItem","position":1,"name":"Portada","item":"https:\/\/www.ull.es\/portal\/noticias\/"},{"@type":"ListItem","position":2,"name":"La Universidad de Verano de Adeje aborda el cultivo de frutales y aloe vera en dos talleres"}]},{"@type":"WebSite","@id":"https:\/\/www.ull.es\/portal\/noticias\/#website","url":"https:\/\/www.ull.es\/portal\/noticias\/","name":"ULL - Noticias","description":"","potentialAction":[{"@type":"SearchAction","target":{"@type":"EntryPoint","urlTemplate":"https:\/\/www.ull.es\/portal\/noticias\/?s={search_term_string}"},"query-input":"required name=search_term_string"}],"inLanguage":"es"},{"@type":"Person","@id":"https:\/\/www.ull.es\/portal\/noticias\/#\/schema\/person\/b2b1a89d43ffa609e591f7df8ef3e817","name":"gaprsa","image":{"@type":"ImageObject","inLanguage":"es","@id":"https:\/\/www.ull.es\/portal\/noticias\/#\/schema\/person\/image\/","url":"https:\/\/secure.gravatar.com\/avatar\/443820550921091458b4823867723b3d?s=96&d=mm&r=g","contentUrl":"https:\/\/secure.gravatar.com\/avatar\/443820550921091458b4823867723b3d?s=96&d=mm&r=g","caption":"gaprsa"},"url":"https:\/\/www.ull.es\/portal\/noticias\/author\/gaprsa\/"}]}},"primary_category":{"id":344,"name":"Cultura","slug":"cultura","link":"https:\/\/www.ull.es\/portal\/noticias\/category\/cultura\/"},"featured_image_thumbnail_url":"https:\/\/www.ull.es\/portal\/noticias\/wp-content\/uploads\/sites\/13\/2024\/07\/adeje-frutales-300x150.png","_links":{"self":[{"href":"https:\/\/www.ull.es\/portal\/noticias\/wp-json\/wp\/v2\/posts\/76695"}],"collection":[{"href":"https:\/\/www.ull.es\/portal\/noticias\/wp-json\/wp\/v2\/posts"}],"about":[{"href":"https:\/\/www.ull.es\/portal\/noticias\/wp-json\/wp\/v2\/types\/post"}],"author":[{"embeddable":true,"href":"https:\/\/www.ull.es\/portal\/noticias\/wp-json\/wp\/v2\/users\/23"}],"replies":[{"embeddable":true,"href":"https:\/\/www.ull.es\/portal\/noticias\/wp-json\/wp\/v2\/comments?post=76695"}],"version-history":[{"count":1,"href":"https:\/\/www.ull.es\/portal\/noticias\/wp-json\/wp\/v2\/posts\/76695\/revisions"}],"predecessor-version":[{"id":76697,"href":"https:\/\/www.ull.es\/portal\/noticias\/wp-json\/wp\/v2\/posts\/76695\/revisions\/76697"}],"wp:featuredmedia":[{"embeddable":true,"href":"https:\/\/www.ull.es\/portal\/noticias\/wp-json\/wp\/v2\/media\/76696"}],"wp:attachment":[{"href":"https:\/\/www.ull.es\/portal\/noticias\/wp-json\/wp\/v2\/media?parent=76695"}],"wp:term":[{"taxonomy":"category","embeddable":true,"href":"https:\/\/www.ull.es\/portal\/noticias\/wp-json\/wp\/v2\/categories?post=76695"},{"taxonomy":"post_tag","embeddable":true,"href":"https:\/\/www.ull.es\/portal\/noticias\/wp-json\/wp\/v2\/tags?post=76695"}],"curies":[{"name":"wp","href":"https:\/\/api.w.org\/{rel}","templated":true}]}}