{"id":76755,"date":"2024-07-17T13:41:46","date_gmt":"2024-07-17T13:41:46","guid":{"rendered":"https:\/\/www.ull.es\/portal\/noticias\/?p=76755"},"modified":"2024-07-17T13:49:53","modified_gmt":"2024-07-17T13:49:53","slug":"los-rectores-y-rectora-de-las-universidades-publicas-canarias-y-andaluzas-firman-una-declaracion-institucional","status":"publish","type":"post","link":"https:\/\/www.ull.es\/portal\/noticias\/2024\/los-rectores-y-rectora-de-las-universidades-publicas-canarias-y-andaluzas-firman-una-declaracion-institucional\/","title":{"rendered":"Los rectores y rectora de las universidades p\u00fablicas canarias y andaluzas firman una declaraci\u00f3n institucional"},"content":{"rendered":"<p>Los rectores de las universidades p\u00fablicas canarias y andaluzas, reunidos ayer 16 de julio en la Universidad de La Laguna, han emitido una declaraci\u00f3n institucional que reafirma su compromiso con el servicio que prestan y con el alineamiento en torno a una serie de apuestas estrat\u00e9gicas. El texto literal reza as\u00ed:<\/p>\n<p>\u00abLos rectores y rectora de las universidades p\u00fablicas canarias y andaluzas, reunidos en la I Cumbre interuniversitaria de ambas comunidades aut\u00f3nomas, celebrada en San Crist\u00f3bal de La Laguna el 16 de julio de 2024, queremos hacer constar nuestro firme compromiso para fortalecer la cooperaci\u00f3n estrat\u00e9gica entre las instituciones a las que representamos.<\/p>\n<p>Son muchos los puntos que nos unen. Entre otros aspectos, nuestras universidades encabezan la contribuci\u00f3n al PIB regional de todo el sistema universitario espa\u00f1ol. Adem\u00e1s, compartimos una situaci\u00f3n geoestrat\u00e9gica \u00fanica como nodo del sur de Espa\u00f1a y Europa, y puente geogr\u00e1fico, hist\u00f3rico y cultural con Iberoam\u00e9rica y \u00c1frica. De igual forma, nuestras instituciones tambi\u00e9n deben hacer frente a retos comunes, como la empleabilidad de nuestro estudiantado, la reducci\u00f3n de las desigualdades socioecon\u00f3micas, los procesos migratorios y, entre otros muchos, el cambio clim\u00e1tico.<\/p>\n<p>Por todo ello, las universidades firmantes expresamos nuestra voluntad de convergencia en pol\u00edticas universitarias exitosas que nos permitan seguir progresando en la cobertura de las importantes misiones encomendadas al sistema universitario p\u00fablico. Y, para ello, acordamos lo siguiente:<\/p>\n<p>Reafirmamos la necesidad de proteger la autonom\u00eda universitaria emanada de la Constituci\u00f3n Espa\u00f1ola, para lo que se hace indispensable garantizar la suficiencia financiera de las universidades p\u00fablicas. En este sentido:<\/p>\n<ul>\n<li>Emplazamos a las administraciones para que cuanto antes se alcance el 1% del PIB de inversi\u00f3n p\u00fablica en educaci\u00f3n superior, tal y como establece la LOSU.<\/li>\n<li>Exigimos que se profundice en el desarrollo de modelos de financiaci\u00f3n estables, objetivos y suficientemente dotados. Esos mecanismos de financiaci\u00f3n habr\u00e1n de contar con una aportaci\u00f3n basal que garantice, en t\u00e9rminos reales, los recursos necesarios en los cap\u00edtulos 1 y 2 para cubrir las actuales necesidades, incorporando todas las actualizaciones correspondientes de los incrementos retributivos, as\u00ed como los relativos al coste de los servicios b\u00e1sicos. Complementariamente a esta aportaci\u00f3n basal, deber\u00e1 implementarse una estructura de financiaci\u00f3n que atienda al cumplimiento de objetivos.<\/li>\n<li>Deben plantearse planes plurianuales de infraestructuras, que permitan garantizar el funcionamiento de nuestras universidades con unas adecuadas condiciones de calidad y sostenibilidad.<\/li>\n<li>Adem\u00e1s, demandamos una mayor agilidad y accesibilidad a los fondos europeos por parte de las universidades p\u00fablicas.<\/li>\n<\/ul>\n<p>Las universidades p\u00fablicas garantizamos ante todo el respeto al m\u00e9rito, la igualdad de oportunidades y la accesibilidad de toda la ciudadan\u00eda a la Educaci\u00f3n Superior. En este sentido, contemplamos con preocupaci\u00f3n la irrupci\u00f3n desmedida de universidades privadas de dudosa calidad, y por ello proponemos:<\/p>\n<ul>\n<li>Que estas universidades y sus respectivos t\u00edtulos cumplan con los mismos est\u00e1ndares de calidad que se exige por ley a las universidades p\u00fablicas.<\/li>\n<li>Que dichas entidades est\u00e9n supeditadas a una estrategia universitaria auton\u00f3mica en relaci\u00f3n con su implantaci\u00f3n, crecimiento, duplicidad de titulaciones, equilibrio territorial, etc.<\/li>\n<li>Que se endurezcan las exigencias actuales respecto a investigaci\u00f3n, transferencia e innovaci\u00f3n, para equiparar a las universidades privadas, con una actividad casi testimonial en esta materia, con las p\u00fablicas. En este sentido, conviene recordar que el 94% de las tesis doctorales producidas en el sistema universitario espa\u00f1ol se defienden en las universidades p\u00fablicas.<\/li>\n<\/ul>\n<ol>\n<li style=\"list-style-type: none;\"><\/li>\n<\/ol>\n<p>Finalmente, nos proponemos fortalecer la cooperaci\u00f3n interuniversitaria Andaluc\u00eda-Canarias, potenciando para ello la investigaci\u00f3n conjunta en todas las l\u00edneas relativas a \u00c1frica, migraciones, cambio clim\u00e1tico e inclusi\u00f3n, e identificando nuevos puntos de trabajo conjunto, dentro del marco de la Asociaci\u00f3n Universitaria Iberoamericana de Postgrado, en relaci\u00f3n al postgrado y la investigaci\u00f3n con Universidades de Am\u00e9rica Latina.<\/p>\n<p>Por \u00faltimo, los rectores y rectora de las universidades p\u00fablicas canarias y andaluzas nos emplazamos a una segunda cumbre, que tendr\u00e1 lugar en la primavera de 2025 en la Universidad de Sevilla\u00bb.<\/p>\n<p>&nbsp;<\/p>\n","protected":false},"excerpt":{"rendered":"<p>Los rectores de las universidades p\u00fablicas canarias y andaluzas, reunidos ayer 16 de julio en la Universidad de La Laguna,&#8230;<\/p>\n","protected":false},"author":23,"featured_media":76756,"comment_status":"closed","ping_status":"closed","sticky":false,"template":"","format":"standard","meta":{"inline_featured_image":false,"footnotes":""},"categories":[345,348,2765],"tags":[],"acf":[],"yoast_head":"<!-- This site is optimized with the Yoast SEO plugin v21.3 - https:\/\/yoast.com\/wordpress\/plugins\/seo\/ -->\n<title>Los rectores y rectora de las universidades p\u00fablicas canarias y andaluzas firman una declaraci\u00f3n institucional - ULL - Noticias<\/title>\n<meta name=\"robots\" content=\"index, follow, max-snippet:-1, max-image-preview:large, max-video-preview:-1\" \/>\n<link rel=\"canonical\" href=\"https:\/\/www.ull.es\/portal\/noticias\/2024\/los-rectores-y-rectora-de-las-universidades-publicas-canarias-y-andaluzas-firman-una-declaracion-institucional\/\" \/>\n<meta property=\"og:locale\" content=\"es_ES\" \/>\n<meta property=\"og:type\" content=\"article\" \/>\n<meta property=\"og:title\" content=\"Los rectores y rectora de las universidades p\u00fablicas canarias y andaluzas firman una declaraci\u00f3n institucional - ULL - Noticias\" \/>\n<meta property=\"og:description\" content=\"Los rectores de las universidades p\u00fablicas canarias y andaluzas, reunidos ayer 16 de julio en la Universidad de La Laguna,...\" \/>\n<meta property=\"og:url\" content=\"https:\/\/www.ull.es\/portal\/noticias\/2024\/los-rectores-y-rectora-de-las-universidades-publicas-canarias-y-andaluzas-firman-una-declaracion-institucional\/\" \/>\n<meta property=\"og:site_name\" content=\"ULL - Noticias\" \/>\n<meta property=\"article:publisher\" content=\"https:\/\/www.facebook.com\/universidaddelalaguna\/\" \/>\n<meta property=\"article:published_time\" content=\"2024-07-17T13:41:46+00:00\" \/>\n<meta property=\"article:modified_time\" content=\"2024-07-17T13:49:53+00:00\" \/>\n<meta property=\"og:image\" content=\"https:\/\/www.ull.es\/portal\/noticias\/wp-content\/uploads\/sites\/13\/2024\/07\/Rued-prensa-Univ-Andaluzas-Canarias-16.jpg\" \/>\n\t<meta property=\"og:image:width\" content=\"1100\" \/>\n\t<meta property=\"og:image:height\" content=\"733\" \/>\n\t<meta property=\"og:image:type\" content=\"image\/jpeg\" \/>\n<meta name=\"author\" content=\"gaprsa\" \/>\n<meta name=\"twitter:card\" content=\"summary_large_image\" \/>\n<meta name=\"twitter:creator\" content=\"@CanalULL\" \/>\n<meta name=\"twitter:site\" content=\"@CanalULL\" \/>\n<meta name=\"twitter:label1\" content=\"Escrito por\" \/>\n\t<meta name=\"twitter:data1\" content=\"gaprsa\" \/>\n\t<meta name=\"twitter:label2\" content=\"Tiempo de lectura\" \/>\n\t<meta name=\"twitter:data2\" content=\"3 minutos\" \/>\n<script type=\"application\/ld+json\" class=\"yoast-schema-graph\">{\"@context\":\"https:\/\/schema.org\",\"@graph\":[{\"@type\":\"WebPage\",\"@id\":\"https:\/\/www.ull.es\/portal\/noticias\/2024\/los-rectores-y-rectora-de-las-universidades-publicas-canarias-y-andaluzas-firman-una-declaracion-institucional\/\",\"url\":\"https:\/\/www.ull.es\/portal\/noticias\/2024\/los-rectores-y-rectora-de-las-universidades-publicas-canarias-y-andaluzas-firman-una-declaracion-institucional\/\",\"name\":\"Los rectores y rectora de las universidades p\u00fablicas canarias y andaluzas firman una declaraci\u00f3n institucional - ULL - Noticias\",\"isPartOf\":{\"@id\":\"https:\/\/www.ull.es\/portal\/noticias\/#website\"},\"datePublished\":\"2024-07-17T13:41:46+00:00\",\"dateModified\":\"2024-07-17T13:49:53+00:00\",\"author\":{\"@id\":\"https:\/\/www.ull.es\/portal\/noticias\/#\/schema\/person\/b2b1a89d43ffa609e591f7df8ef3e817\"},\"breadcrumb\":{\"@id\":\"https:\/\/www.ull.es\/portal\/noticias\/2024\/los-rectores-y-rectora-de-las-universidades-publicas-canarias-y-andaluzas-firman-una-declaracion-institucional\/#breadcrumb\"},\"inLanguage\":\"es\",\"potentialAction\":[{\"@type\":\"ReadAction\",\"target\":[\"https:\/\/www.ull.es\/portal\/noticias\/2024\/los-rectores-y-rectora-de-las-universidades-publicas-canarias-y-andaluzas-firman-una-declaracion-institucional\/\"]}]},{\"@type\":\"BreadcrumbList\",\"@id\":\"https:\/\/www.ull.es\/portal\/noticias\/2024\/los-rectores-y-rectora-de-las-universidades-publicas-canarias-y-andaluzas-firman-una-declaracion-institucional\/#breadcrumb\",\"itemListElement\":[{\"@type\":\"ListItem\",\"position\":1,\"name\":\"Portada\",\"item\":\"https:\/\/www.ull.es\/portal\/noticias\/\"},{\"@type\":\"ListItem\",\"position\":2,\"name\":\"Los rectores y rectora de las universidades p\u00fablicas canarias y andaluzas firman una declaraci\u00f3n institucional\"}]},{\"@type\":\"WebSite\",\"@id\":\"https:\/\/www.ull.es\/portal\/noticias\/#website\",\"url\":\"https:\/\/www.ull.es\/portal\/noticias\/\",\"name\":\"ULL - Noticias\",\"description\":\"\",\"potentialAction\":[{\"@type\":\"SearchAction\",\"target\":{\"@type\":\"EntryPoint\",\"urlTemplate\":\"https:\/\/www.ull.es\/portal\/noticias\/?s={search_term_string}\"},\"query-input\":\"required name=search_term_string\"}],\"inLanguage\":\"es\"},{\"@type\":\"Person\",\"@id\":\"https:\/\/www.ull.es\/portal\/noticias\/#\/schema\/person\/b2b1a89d43ffa609e591f7df8ef3e817\",\"name\":\"gaprsa\",\"image\":{\"@type\":\"ImageObject\",\"inLanguage\":\"es\",\"@id\":\"https:\/\/www.ull.es\/portal\/noticias\/#\/schema\/person\/image\/\",\"url\":\"https:\/\/secure.gravatar.com\/avatar\/443820550921091458b4823867723b3d?s=96&d=mm&r=g\",\"contentUrl\":\"https:\/\/secure.gravatar.com\/avatar\/443820550921091458b4823867723b3d?s=96&d=mm&r=g\",\"caption\":\"gaprsa\"},\"url\":\"https:\/\/www.ull.es\/portal\/noticias\/author\/gaprsa\/\"}]}<\/script>\n<!-- \/ Yoast SEO plugin. -->","yoast_head_json":{"title":"Los rectores y rectora de las universidades p\u00fablicas canarias y andaluzas firman una declaraci\u00f3n institucional - ULL - Noticias","robots":{"index":"index","follow":"follow","max-snippet":"max-snippet:-1","max-image-preview":"max-image-preview:large","max-video-preview":"max-video-preview:-1"},"canonical":"https:\/\/www.ull.es\/portal\/noticias\/2024\/los-rectores-y-rectora-de-las-universidades-publicas-canarias-y-andaluzas-firman-una-declaracion-institucional\/","og_locale":"es_ES","og_type":"article","og_title":"Los rectores y rectora de las universidades p\u00fablicas canarias y andaluzas firman una declaraci\u00f3n institucional - ULL - Noticias","og_description":"Los rectores de las universidades p\u00fablicas canarias y andaluzas, reunidos ayer 16 de julio en la Universidad de La Laguna,...","og_url":"https:\/\/www.ull.es\/portal\/noticias\/2024\/los-rectores-y-rectora-de-las-universidades-publicas-canarias-y-andaluzas-firman-una-declaracion-institucional\/","og_site_name":"ULL - Noticias","article_publisher":"https:\/\/www.facebook.com\/universidaddelalaguna\/","article_published_time":"2024-07-17T13:41:46+00:00","article_modified_time":"2024-07-17T13:49:53+00:00","og_image":[{"width":1100,"height":733,"url":"https:\/\/www.ull.es\/portal\/noticias\/wp-content\/uploads\/sites\/13\/2024\/07\/Rued-prensa-Univ-Andaluzas-Canarias-16.jpg","type":"image\/jpeg"}],"author":"gaprsa","twitter_card":"summary_large_image","twitter_creator":"@CanalULL","twitter_site":"@CanalULL","twitter_misc":{"Escrito por":"gaprsa","Tiempo de lectura":"3 minutos"},"schema":{"@context":"https:\/\/schema.org","@graph":[{"@type":"WebPage","@id":"https:\/\/www.ull.es\/portal\/noticias\/2024\/los-rectores-y-rectora-de-las-universidades-publicas-canarias-y-andaluzas-firman-una-declaracion-institucional\/","url":"https:\/\/www.ull.es\/portal\/noticias\/2024\/los-rectores-y-rectora-de-las-universidades-publicas-canarias-y-andaluzas-firman-una-declaracion-institucional\/","name":"Los rectores y rectora de las universidades p\u00fablicas canarias y andaluzas firman una declaraci\u00f3n institucional - ULL - Noticias","isPartOf":{"@id":"https:\/\/www.ull.es\/portal\/noticias\/#website"},"datePublished":"2024-07-17T13:41:46+00:00","dateModified":"2024-07-17T13:49:53+00:00","author":{"@id":"https:\/\/www.ull.es\/portal\/noticias\/#\/schema\/person\/b2b1a89d43ffa609e591f7df8ef3e817"},"breadcrumb":{"@id":"https:\/\/www.ull.es\/portal\/noticias\/2024\/los-rectores-y-rectora-de-las-universidades-publicas-canarias-y-andaluzas-firman-una-declaracion-institucional\/#breadcrumb"},"inLanguage":"es","potentialAction":[{"@type":"ReadAction","target":["https:\/\/www.ull.es\/portal\/noticias\/2024\/los-rectores-y-rectora-de-las-universidades-publicas-canarias-y-andaluzas-firman-una-declaracion-institucional\/"]}]},{"@type":"BreadcrumbList","@id":"https:\/\/www.ull.es\/portal\/noticias\/2024\/los-rectores-y-rectora-de-las-universidades-publicas-canarias-y-andaluzas-firman-una-declaracion-institucional\/#breadcrumb","itemListElement":[{"@type":"ListItem","position":1,"name":"Portada","item":"https:\/\/www.ull.es\/portal\/noticias\/"},{"@type":"ListItem","position":2,"name":"Los rectores y rectora de las universidades p\u00fablicas canarias y andaluzas firman una declaraci\u00f3n institucional"}]},{"@type":"WebSite","@id":"https:\/\/www.ull.es\/portal\/noticias\/#website","url":"https:\/\/www.ull.es\/portal\/noticias\/","name":"ULL - Noticias","description":"","potentialAction":[{"@type":"SearchAction","target":{"@type":"EntryPoint","urlTemplate":"https:\/\/www.ull.es\/portal\/noticias\/?s={search_term_string}"},"query-input":"required name=search_term_string"}],"inLanguage":"es"},{"@type":"Person","@id":"https:\/\/www.ull.es\/portal\/noticias\/#\/schema\/person\/b2b1a89d43ffa609e591f7df8ef3e817","name":"gaprsa","image":{"@type":"ImageObject","inLanguage":"es","@id":"https:\/\/www.ull.es\/portal\/noticias\/#\/schema\/person\/image\/","url":"https:\/\/secure.gravatar.com\/avatar\/443820550921091458b4823867723b3d?s=96&d=mm&r=g","contentUrl":"https:\/\/secure.gravatar.com\/avatar\/443820550921091458b4823867723b3d?s=96&d=mm&r=g","caption":"gaprsa"},"url":"https:\/\/www.ull.es\/portal\/noticias\/author\/gaprsa\/"}]}},"primary_category":{"id":345,"name":"Destacado","slug":"destacado","link":"https:\/\/www.ull.es\/portal\/noticias\/category\/destacado\/"},"featured_image_thumbnail_url":"https:\/\/www.ull.es\/portal\/noticias\/wp-content\/uploads\/sites\/13\/2024\/07\/Rued-prensa-Univ-Andaluzas-Canarias-16-300x200.jpg","_links":{"self":[{"href":"https:\/\/www.ull.es\/portal\/noticias\/wp-json\/wp\/v2\/posts\/76755"}],"collection":[{"href":"https:\/\/www.ull.es\/portal\/noticias\/wp-json\/wp\/v2\/posts"}],"about":[{"href":"https:\/\/www.ull.es\/portal\/noticias\/wp-json\/wp\/v2\/types\/post"}],"author":[{"embeddable":true,"href":"https:\/\/www.ull.es\/portal\/noticias\/wp-json\/wp\/v2\/users\/23"}],"replies":[{"embeddable":true,"href":"https:\/\/www.ull.es\/portal\/noticias\/wp-json\/wp\/v2\/comments?post=76755"}],"version-history":[{"count":6,"href":"https:\/\/www.ull.es\/portal\/noticias\/wp-json\/wp\/v2\/posts\/76755\/revisions"}],"predecessor-version":[{"id":76762,"href":"https:\/\/www.ull.es\/portal\/noticias\/wp-json\/wp\/v2\/posts\/76755\/revisions\/76762"}],"wp:featuredmedia":[{"embeddable":true,"href":"https:\/\/www.ull.es\/portal\/noticias\/wp-json\/wp\/v2\/media\/76756"}],"wp:attachment":[{"href":"https:\/\/www.ull.es\/portal\/noticias\/wp-json\/wp\/v2\/media?parent=76755"}],"wp:term":[{"taxonomy":"category","embeddable":true,"href":"https:\/\/www.ull.es\/portal\/noticias\/wp-json\/wp\/v2\/categories?post=76755"},{"taxonomy":"post_tag","embeddable":true,"href":"https:\/\/www.ull.es\/portal\/noticias\/wp-json\/wp\/v2\/tags?post=76755"}],"curies":[{"name":"wp","href":"https:\/\/api.w.org\/{rel}","templated":true}]}}