{"id":76779,"date":"2024-07-18T11:11:41","date_gmt":"2024-07-18T11:11:41","guid":{"rendered":"https:\/\/www.ull.es\/portal\/noticias\/?p=76779"},"modified":"2024-07-18T11:32:52","modified_gmt":"2024-07-18T11:32:52","slug":"la-universidad-de-la-laguna-reconoce-el-valor-de-las-personas-en-el-servicio-publico-de-la-educacion-superior","status":"publish","type":"post","link":"https:\/\/www.ull.es\/portal\/noticias\/2024\/la-universidad-de-la-laguna-reconoce-el-valor-de-las-personas-en-el-servicio-publico-de-la-educacion-superior\/","title":{"rendered":"La Universidad de La Laguna reconoce el valor de las personas en el servicio p\u00fablico de la educaci\u00f3n superior"},"content":{"rendered":"<p>La Universidad de La Laguna celebr\u00f3 ayer 17 de julio un homenaje a su personal jubilado el a\u00f1o pasado, al que en esta edici\u00f3n se ha sumado un reconocimiento a aquellas personas que est\u00e1n a\u00fan en activo pero que llevan m\u00e1s de 35 a\u00f1os vinculados a la instituci\u00f3n acad\u00e9mica. Se trata, en suma, de un acto de agradecimiento a los profesionales de esta casa de estudios, tanto profesorado como personal t\u00e9cnico y de gesti\u00f3n, por su implicaci\u00f3n con el centro docente y por el logro colectivo que hace posible el servicio p\u00fablico de la educaci\u00f3n superior.<\/p>\n<p style=\"text-align: center\"><a href=\"https:\/\/drive.google.com\/drive\/folders\/1opfUiaxwK5ZRsAoWP2lhHmbQmWJlqXt8?usp=sharing\" target=\"_blank\" rel=\"noopener\">Galer\u00eda gr\u00e1fica<\/a><\/p>\n<p>La sesi\u00f3n tuvo lugar en el sal\u00f3n de actos de Periodismo, con la presencia de m\u00e1s de sesenta personas entre jubilados y personal de larga duraci\u00f3n, adem\u00e1s de buena parte del consejo de direcci\u00f3n encabezado por el rector, Francisco Garc\u00eda, y con participaci\u00f3n de Alumni ULL y de su presidente, Luis Ortigosa. La velada se inici\u00f3 con al proyecci\u00f3n de un <a href=\"https:\/\/youtu.be\/4ygvdWpCHtk\" target=\"_blank\" rel=\"noopener\">video<\/a> que recoge los testimonios d3e algunas de las personas protagonistas de este homenaje.<\/p>\n<p>El rector hizo referencia en su intervenci\u00f3n a los llamados ritos de paso, que marcan los cambios de etapas vitales, como el objeto de la celebraci\u00f3n de ayer. \u201cEste tipo de reconocimientos tienen m\u00e1s valor en los tiempos que corren, donde estamos perdiendo las vivencias del momento presente. Vivimos deprisa y se nos escapa lo \u00fanico realmente valioso de lo que disponemos en la vida: el aqu\u00ed y ahora\u201d, sostuvo Francisco Garc\u00eda. Por eso anim\u00f3 a los reci\u00e9n jubilados y jubiladas a saborear la vida y a disfrutar del tiempo libre que tienen por delante, adem\u00e1s de seguir formando parte de la Universidad de La Laguna, bien a trav\u00e9s de Alumni ULL, bien participando en los programas culturales o de formaci\u00f3n a lo largo de la vida de la instituci\u00f3n universitaria.<\/p>\n<p>El rector valor\u00f3 ese trabajo continuado a lo largo de muchos a\u00f1os en esta empresa p\u00fablica. \u201cY ese esfuerzo resulta especialmente necesario en los tiempos que corren, caracterizados por el desarrollo del relativismo moral, la confusi\u00f3n entre libertad y ultraliberalismo, el cuestionamiento de la ciencia o la proliferaci\u00f3n, con el apoyo, permisividad o connivencia de ciertos poderes p\u00fablicos, de una oferta privada de educaci\u00f3n superior que no respeta unos m\u00ednimos criterios de calidad\u201d.<\/p>\n<div id=\"attachment_76781\" style=\"width: 310px\" class=\"wp-caption alignleft\"><a href=\"https:\/\/www.ull.es\/portal\/noticias\/wp-content\/uploads\/sites\/13\/2024\/07\/Homen-Jubilados-jose-luis-rivero.jpg\" target=\"_blank\" rel=\"noopener\"><img aria-describedby=\"caption-attachment-76781\" decoding=\"async\" loading=\"lazy\" class=\"size-medium wp-image-76781\" src=\"https:\/\/www.ull.es\/portal\/noticias\/wp-content\/uploads\/sites\/13\/2024\/07\/Homen-Jubilados-jose-luis-rivero-300x200.jpg\" alt=\"\" width=\"300\" height=\"200\" srcset=\"https:\/\/www.ull.es\/portal\/noticias\/wp-content\/uploads\/sites\/13\/2024\/07\/Homen-Jubilados-jose-luis-rivero-300x200.jpg 300w, https:\/\/www.ull.es\/portal\/noticias\/wp-content\/uploads\/sites\/13\/2024\/07\/Homen-Jubilados-jose-luis-rivero-1024x682.jpg 1024w, https:\/\/www.ull.es\/portal\/noticias\/wp-content\/uploads\/sites\/13\/2024\/07\/Homen-Jubilados-jose-luis-rivero-768x512.jpg 768w, https:\/\/www.ull.es\/portal\/noticias\/wp-content\/uploads\/sites\/13\/2024\/07\/Homen-Jubilados-jose-luis-rivero-375x250.jpg 375w, https:\/\/www.ull.es\/portal\/noticias\/wp-content\/uploads\/sites\/13\/2024\/07\/Homen-Jubilados-jose-luis-rivero-750x500.jpg 750w, https:\/\/www.ull.es\/portal\/noticias\/wp-content\/uploads\/sites\/13\/2024\/07\/Homen-Jubilados-jose-luis-rivero.jpg 1100w\" sizes=\"(max-width: 300px) 100vw, 300px\" \/><\/a><p id=\"caption-attachment-76781\" class=\"wp-caption-text\">Jos\u00e9 Luis Rivero, que intervino en nombre del profesorado jubilado.<\/p><\/div>\n<p>El catedr\u00e1tico de Econom\u00eda Jos\u00e9 Luis Rivero Ceballos habl\u00f3 en el acto en nombre del profesorado jubilado, para explicar que la generaci\u00f3n que finaliza ahora su etapa laboral fue testigo del cambio fundamental que se ha dado en las universidades en los \u00faltimos tiempos, que no es otro que la autonom\u00eda universitaria, lo que permiti\u00f3 con la llegada de la democracia el ejercicio de la cr\u00edtica libre de dogmas y que dot\u00f3 a las universidades de una nueva organizaci\u00f3n. En ese contexto, continu\u00f3, han contribuido significativamente a la extensi\u00f3n de conocimiento y a la llegada de m\u00e1s alumnado a la educaci\u00f3n superior, aumentando el n\u00famero de estudiantes y la propia demanda de estudios. \u201cEste no es un trabajo cualquiera, y adem\u00e1s somos una buena universidad que ha cumplido con su mandato y ha trabajado contra la desigualdad social y en favor de la igualdad de oportunidades\u201d.<\/p>\n<p>La funcionaria Ana Rodr\u00edguez Afonso, de la Secci\u00f3n de Becas, hizo lo propio pero referido al colectivo del personal t\u00e9cnico, de gesti\u00f3n y de administraci\u00f3n y servicios, agradeciendo a los compa\u00f1eros y compa\u00f1eras los momentos vividos en la universidad y al propio alumnado, del que dijo<\/p>\n<div id=\"attachment_76782\" style=\"width: 310px\" class=\"wp-caption alignright\"><a href=\"https:\/\/www.ull.es\/portal\/noticias\/wp-content\/uploads\/sites\/13\/2024\/07\/Homen-Jubilados-PTGAS-ana-afonso.jpg\" target=\"_blank\" rel=\"noopener\"><img aria-describedby=\"caption-attachment-76782\" decoding=\"async\" loading=\"lazy\" class=\"size-medium wp-image-76782\" src=\"https:\/\/www.ull.es\/portal\/noticias\/wp-content\/uploads\/sites\/13\/2024\/07\/Homen-Jubilados-PTGAS-ana-afonso-300x200.jpg\" alt=\"\" width=\"300\" height=\"200\" srcset=\"https:\/\/www.ull.es\/portal\/noticias\/wp-content\/uploads\/sites\/13\/2024\/07\/Homen-Jubilados-PTGAS-ana-afonso-300x200.jpg 300w, https:\/\/www.ull.es\/portal\/noticias\/wp-content\/uploads\/sites\/13\/2024\/07\/Homen-Jubilados-PTGAS-ana-afonso-1024x682.jpg 1024w, https:\/\/www.ull.es\/portal\/noticias\/wp-content\/uploads\/sites\/13\/2024\/07\/Homen-Jubilados-PTGAS-ana-afonso-768x512.jpg 768w, https:\/\/www.ull.es\/portal\/noticias\/wp-content\/uploads\/sites\/13\/2024\/07\/Homen-Jubilados-PTGAS-ana-afonso-375x250.jpg 375w, https:\/\/www.ull.es\/portal\/noticias\/wp-content\/uploads\/sites\/13\/2024\/07\/Homen-Jubilados-PTGAS-ana-afonso-750x500.jpg 750w, https:\/\/www.ull.es\/portal\/noticias\/wp-content\/uploads\/sites\/13\/2024\/07\/Homen-Jubilados-PTGAS-ana-afonso.jpg 1100w\" sizes=\"(max-width: 300px) 100vw, 300px\" \/><\/a><p id=\"caption-attachment-76782\" class=\"wp-caption-text\">Ana Afonso tom\u00f3 la palabra en nombre del PTGAS jubilado.<\/p><\/div>\n<p>haber aprendido mucho.<\/p>\n<p>El presidente de Alumni ULL tambi\u00e9n particip\u00f3 en la sesi\u00f3n, y anim\u00f3 a los nuevos jubilados a formar parte de este colectivo para seguir conectados con la universidad a trav\u00e9s de sus m\u00faltiples actividades. El acto cont\u00f3 con la actuaci\u00f3n musical de Juan Carlos Mart\u00edn a la guitarra, acompa\u00f1ado de Judith Mendoza, en la voz.<\/p>\n","protected":false},"excerpt":{"rendered":"<p>La Universidad de La Laguna celebr\u00f3 ayer 17 de julio un homenaje a su personal jubilado el a\u00f1o pasado, al&#8230;<\/p>\n","protected":false},"author":23,"featured_media":76783,"comment_status":"closed","ping_status":"closed","sticky":false,"template":"","format":"standard","meta":{"inline_featured_image":false,"footnotes":""},"categories":[345,348,2765],"tags":[],"acf":[],"yoast_head":"<!-- This site is optimized with the Yoast SEO plugin v21.3 - https:\/\/yoast.com\/wordpress\/plugins\/seo\/ -->\n<title>La Universidad de La Laguna reconoce el valor de las personas en el servicio p\u00fablico de la educaci\u00f3n superior - ULL - Noticias<\/title>\n<meta name=\"robots\" content=\"index, follow, max-snippet:-1, max-image-preview:large, max-video-preview:-1\" \/>\n<link rel=\"canonical\" href=\"https:\/\/www.ull.es\/portal\/noticias\/2024\/la-universidad-de-la-laguna-reconoce-el-valor-de-las-personas-en-el-servicio-publico-de-la-educacion-superior\/\" \/>\n<meta property=\"og:locale\" content=\"es_ES\" \/>\n<meta property=\"og:type\" content=\"article\" \/>\n<meta property=\"og:title\" content=\"La Universidad de La Laguna reconoce el valor de las personas en el servicio p\u00fablico de la educaci\u00f3n superior - ULL - Noticias\" \/>\n<meta property=\"og:description\" content=\"La Universidad de La Laguna celebr\u00f3 ayer 17 de julio un homenaje a su personal jubilado el a\u00f1o pasado, al...\" \/>\n<meta property=\"og:url\" content=\"https:\/\/www.ull.es\/portal\/noticias\/2024\/la-universidad-de-la-laguna-reconoce-el-valor-de-las-personas-en-el-servicio-publico-de-la-educacion-superior\/\" \/>\n<meta property=\"og:site_name\" content=\"ULL - Noticias\" \/>\n<meta property=\"article:publisher\" content=\"https:\/\/www.facebook.com\/universidaddelalaguna\/\" \/>\n<meta property=\"article:published_time\" content=\"2024-07-18T11:11:41+00:00\" \/>\n<meta property=\"article:modified_time\" content=\"2024-07-18T11:32:52+00:00\" \/>\n<meta property=\"og:image\" content=\"https:\/\/www.ull.es\/portal\/noticias\/wp-content\/uploads\/sites\/13\/2024\/07\/Homenaje-Jubilados-foto-familia.jpg\" \/>\n\t<meta property=\"og:image:width\" content=\"1100\" \/>\n\t<meta property=\"og:image:height\" content=\"726\" \/>\n\t<meta property=\"og:image:type\" content=\"image\/jpeg\" \/>\n<meta name=\"author\" content=\"gaprsa\" \/>\n<meta name=\"twitter:card\" content=\"summary_large_image\" \/>\n<meta name=\"twitter:creator\" content=\"@CanalULL\" \/>\n<meta name=\"twitter:site\" content=\"@CanalULL\" \/>\n<meta name=\"twitter:label1\" content=\"Escrito por\" \/>\n\t<meta name=\"twitter:data1\" content=\"gaprsa\" \/>\n\t<meta name=\"twitter:label2\" content=\"Tiempo de lectura\" \/>\n\t<meta name=\"twitter:data2\" content=\"4 minutos\" \/>\n<script type=\"application\/ld+json\" class=\"yoast-schema-graph\">{\"@context\":\"https:\/\/schema.org\",\"@graph\":[{\"@type\":\"WebPage\",\"@id\":\"https:\/\/www.ull.es\/portal\/noticias\/2024\/la-universidad-de-la-laguna-reconoce-el-valor-de-las-personas-en-el-servicio-publico-de-la-educacion-superior\/\",\"url\":\"https:\/\/www.ull.es\/portal\/noticias\/2024\/la-universidad-de-la-laguna-reconoce-el-valor-de-las-personas-en-el-servicio-publico-de-la-educacion-superior\/\",\"name\":\"La Universidad de La Laguna reconoce el valor de las personas en el servicio p\u00fablico de la educaci\u00f3n superior - ULL - Noticias\",\"isPartOf\":{\"@id\":\"https:\/\/www.ull.es\/portal\/noticias\/#website\"},\"datePublished\":\"2024-07-18T11:11:41+00:00\",\"dateModified\":\"2024-07-18T11:32:52+00:00\",\"author\":{\"@id\":\"https:\/\/www.ull.es\/portal\/noticias\/#\/schema\/person\/b2b1a89d43ffa609e591f7df8ef3e817\"},\"breadcrumb\":{\"@id\":\"https:\/\/www.ull.es\/portal\/noticias\/2024\/la-universidad-de-la-laguna-reconoce-el-valor-de-las-personas-en-el-servicio-publico-de-la-educacion-superior\/#breadcrumb\"},\"inLanguage\":\"es\",\"potentialAction\":[{\"@type\":\"ReadAction\",\"target\":[\"https:\/\/www.ull.es\/portal\/noticias\/2024\/la-universidad-de-la-laguna-reconoce-el-valor-de-las-personas-en-el-servicio-publico-de-la-educacion-superior\/\"]}]},{\"@type\":\"BreadcrumbList\",\"@id\":\"https:\/\/www.ull.es\/portal\/noticias\/2024\/la-universidad-de-la-laguna-reconoce-el-valor-de-las-personas-en-el-servicio-publico-de-la-educacion-superior\/#breadcrumb\",\"itemListElement\":[{\"@type\":\"ListItem\",\"position\":1,\"name\":\"Portada\",\"item\":\"https:\/\/www.ull.es\/portal\/noticias\/\"},{\"@type\":\"ListItem\",\"position\":2,\"name\":\"La Universidad de La Laguna reconoce el valor de las personas en el servicio p\u00fablico de la educaci\u00f3n superior\"}]},{\"@type\":\"WebSite\",\"@id\":\"https:\/\/www.ull.es\/portal\/noticias\/#website\",\"url\":\"https:\/\/www.ull.es\/portal\/noticias\/\",\"name\":\"ULL - Noticias\",\"description\":\"\",\"potentialAction\":[{\"@type\":\"SearchAction\",\"target\":{\"@type\":\"EntryPoint\",\"urlTemplate\":\"https:\/\/www.ull.es\/portal\/noticias\/?s={search_term_string}\"},\"query-input\":\"required name=search_term_string\"}],\"inLanguage\":\"es\"},{\"@type\":\"Person\",\"@id\":\"https:\/\/www.ull.es\/portal\/noticias\/#\/schema\/person\/b2b1a89d43ffa609e591f7df8ef3e817\",\"name\":\"gaprsa\",\"image\":{\"@type\":\"ImageObject\",\"inLanguage\":\"es\",\"@id\":\"https:\/\/www.ull.es\/portal\/noticias\/#\/schema\/person\/image\/\",\"url\":\"https:\/\/secure.gravatar.com\/avatar\/443820550921091458b4823867723b3d?s=96&d=mm&r=g\",\"contentUrl\":\"https:\/\/secure.gravatar.com\/avatar\/443820550921091458b4823867723b3d?s=96&d=mm&r=g\",\"caption\":\"gaprsa\"},\"url\":\"https:\/\/www.ull.es\/portal\/noticias\/author\/gaprsa\/\"}]}<\/script>\n<!-- \/ Yoast SEO plugin. -->","yoast_head_json":{"title":"La Universidad de La Laguna reconoce el valor de las personas en el servicio p\u00fablico de la educaci\u00f3n superior - ULL - Noticias","robots":{"index":"index","follow":"follow","max-snippet":"max-snippet:-1","max-image-preview":"max-image-preview:large","max-video-preview":"max-video-preview:-1"},"canonical":"https:\/\/www.ull.es\/portal\/noticias\/2024\/la-universidad-de-la-laguna-reconoce-el-valor-de-las-personas-en-el-servicio-publico-de-la-educacion-superior\/","og_locale":"es_ES","og_type":"article","og_title":"La Universidad de La Laguna reconoce el valor de las personas en el servicio p\u00fablico de la educaci\u00f3n superior - ULL - Noticias","og_description":"La Universidad de La Laguna celebr\u00f3 ayer 17 de julio un homenaje a su personal jubilado el a\u00f1o pasado, al...","og_url":"https:\/\/www.ull.es\/portal\/noticias\/2024\/la-universidad-de-la-laguna-reconoce-el-valor-de-las-personas-en-el-servicio-publico-de-la-educacion-superior\/","og_site_name":"ULL - Noticias","article_publisher":"https:\/\/www.facebook.com\/universidaddelalaguna\/","article_published_time":"2024-07-18T11:11:41+00:00","article_modified_time":"2024-07-18T11:32:52+00:00","og_image":[{"width":1100,"height":726,"url":"https:\/\/www.ull.es\/portal\/noticias\/wp-content\/uploads\/sites\/13\/2024\/07\/Homenaje-Jubilados-foto-familia.jpg","type":"image\/jpeg"}],"author":"gaprsa","twitter_card":"summary_large_image","twitter_creator":"@CanalULL","twitter_site":"@CanalULL","twitter_misc":{"Escrito por":"gaprsa","Tiempo de lectura":"4 minutos"},"schema":{"@context":"https:\/\/schema.org","@graph":[{"@type":"WebPage","@id":"https:\/\/www.ull.es\/portal\/noticias\/2024\/la-universidad-de-la-laguna-reconoce-el-valor-de-las-personas-en-el-servicio-publico-de-la-educacion-superior\/","url":"https:\/\/www.ull.es\/portal\/noticias\/2024\/la-universidad-de-la-laguna-reconoce-el-valor-de-las-personas-en-el-servicio-publico-de-la-educacion-superior\/","name":"La Universidad de La Laguna reconoce el valor de las personas en el servicio p\u00fablico de la educaci\u00f3n superior - ULL - Noticias","isPartOf":{"@id":"https:\/\/www.ull.es\/portal\/noticias\/#website"},"datePublished":"2024-07-18T11:11:41+00:00","dateModified":"2024-07-18T11:32:52+00:00","author":{"@id":"https:\/\/www.ull.es\/portal\/noticias\/#\/schema\/person\/b2b1a89d43ffa609e591f7df8ef3e817"},"breadcrumb":{"@id":"https:\/\/www.ull.es\/portal\/noticias\/2024\/la-universidad-de-la-laguna-reconoce-el-valor-de-las-personas-en-el-servicio-publico-de-la-educacion-superior\/#breadcrumb"},"inLanguage":"es","potentialAction":[{"@type":"ReadAction","target":["https:\/\/www.ull.es\/portal\/noticias\/2024\/la-universidad-de-la-laguna-reconoce-el-valor-de-las-personas-en-el-servicio-publico-de-la-educacion-superior\/"]}]},{"@type":"BreadcrumbList","@id":"https:\/\/www.ull.es\/portal\/noticias\/2024\/la-universidad-de-la-laguna-reconoce-el-valor-de-las-personas-en-el-servicio-publico-de-la-educacion-superior\/#breadcrumb","itemListElement":[{"@type":"ListItem","position":1,"name":"Portada","item":"https:\/\/www.ull.es\/portal\/noticias\/"},{"@type":"ListItem","position":2,"name":"La Universidad de La Laguna reconoce el valor de las personas en el servicio p\u00fablico de la educaci\u00f3n superior"}]},{"@type":"WebSite","@id":"https:\/\/www.ull.es\/portal\/noticias\/#website","url":"https:\/\/www.ull.es\/portal\/noticias\/","name":"ULL - Noticias","description":"","potentialAction":[{"@type":"SearchAction","target":{"@type":"EntryPoint","urlTemplate":"https:\/\/www.ull.es\/portal\/noticias\/?s={search_term_string}"},"query-input":"required name=search_term_string"}],"inLanguage":"es"},{"@type":"Person","@id":"https:\/\/www.ull.es\/portal\/noticias\/#\/schema\/person\/b2b1a89d43ffa609e591f7df8ef3e817","name":"gaprsa","image":{"@type":"ImageObject","inLanguage":"es","@id":"https:\/\/www.ull.es\/portal\/noticias\/#\/schema\/person\/image\/","url":"https:\/\/secure.gravatar.com\/avatar\/443820550921091458b4823867723b3d?s=96&d=mm&r=g","contentUrl":"https:\/\/secure.gravatar.com\/avatar\/443820550921091458b4823867723b3d?s=96&d=mm&r=g","caption":"gaprsa"},"url":"https:\/\/www.ull.es\/portal\/noticias\/author\/gaprsa\/"}]}},"primary_category":{"id":345,"name":"Destacado","slug":"destacado","link":"https:\/\/www.ull.es\/portal\/noticias\/category\/destacado\/"},"featured_image_thumbnail_url":"https:\/\/www.ull.es\/portal\/noticias\/wp-content\/uploads\/sites\/13\/2024\/07\/Homenaje-Jubilados-foto-familia-300x198.jpg","_links":{"self":[{"href":"https:\/\/www.ull.es\/portal\/noticias\/wp-json\/wp\/v2\/posts\/76779"}],"collection":[{"href":"https:\/\/www.ull.es\/portal\/noticias\/wp-json\/wp\/v2\/posts"}],"about":[{"href":"https:\/\/www.ull.es\/portal\/noticias\/wp-json\/wp\/v2\/types\/post"}],"author":[{"embeddable":true,"href":"https:\/\/www.ull.es\/portal\/noticias\/wp-json\/wp\/v2\/users\/23"}],"replies":[{"embeddable":true,"href":"https:\/\/www.ull.es\/portal\/noticias\/wp-json\/wp\/v2\/comments?post=76779"}],"version-history":[{"count":2,"href":"https:\/\/www.ull.es\/portal\/noticias\/wp-json\/wp\/v2\/posts\/76779\/revisions"}],"predecessor-version":[{"id":76789,"href":"https:\/\/www.ull.es\/portal\/noticias\/wp-json\/wp\/v2\/posts\/76779\/revisions\/76789"}],"wp:featuredmedia":[{"embeddable":true,"href":"https:\/\/www.ull.es\/portal\/noticias\/wp-json\/wp\/v2\/media\/76783"}],"wp:attachment":[{"href":"https:\/\/www.ull.es\/portal\/noticias\/wp-json\/wp\/v2\/media?parent=76779"}],"wp:term":[{"taxonomy":"category","embeddable":true,"href":"https:\/\/www.ull.es\/portal\/noticias\/wp-json\/wp\/v2\/categories?post=76779"},{"taxonomy":"post_tag","embeddable":true,"href":"https:\/\/www.ull.es\/portal\/noticias\/wp-json\/wp\/v2\/tags?post=76779"}],"curies":[{"name":"wp","href":"https:\/\/api.w.org\/{rel}","templated":true}]}}