{"id":76839,"date":"2024-07-22T08:14:12","date_gmt":"2024-07-22T08:14:12","guid":{"rendered":"https:\/\/www.ull.es\/portal\/noticias\/?p=76839"},"modified":"2024-07-22T08:14:12","modified_gmt":"2024-07-22T08:14:12","slug":"el-aula-cultural-de-divulgacion-cientifica-de-la-ull-participa-en-el-primer-evento-mundial-sobre-escepticos-en-el-pub","status":"publish","type":"post","link":"https:\/\/www.ull.es\/portal\/noticias\/2024\/el-aula-cultural-de-divulgacion-cientifica-de-la-ull-participa-en-el-primer-evento-mundial-sobre-escepticos-en-el-pub\/","title":{"rendered":"El Aula Cultural de Divulgaci\u00f3n Cient\u00edfica de la ULL participa en el primer evento mundial sobre &#8216;Esc\u00e9pticos en el Pub&#8217;"},"content":{"rendered":"<p>El pasado d\u00eda 19 de julio se celebr\u00f3 telem\u00e1ticamente el primer evento mundial dedicado a los ciclos de conferencias de divulgaci\u00f3n &#8216;Esc\u00e9pticos en el Pub&#8217;. La iniciativa, denominada Global Skeptics in the Pub comenz\u00f3 en Nueva Zelanda a las 19 horas locales cuando los responsables del ciclo en el pa\u00eds austral dieron inicio a la sesi\u00f3n en la plataforma ZOOM.<\/p>\n<p>El evento, coordinado por the Bay Area Skeptics, puso en contacto a colectivos de divulgadores de la ciencia y el pensamiento cr\u00edtico de todo el mundo, con participantes de Argentina, Austria, Estados Unidos, Chequia, Australia, Reino Unido, Canad\u00e1, B\u00e9lgica, China, India, Kenia, Francia, Per\u00fa, Singapur, Estonia, Hungr\u00eda y Turqu\u00eda.<\/p>\n<p>La actividad, concebida como una distendida charla centrada en el intercambio de experiencias, sirvi\u00f3 para poner en com\u00fan las acciones de divulgaci\u00f3n desarrolladas en los cinco continentes para la difusi\u00f3n del conocimiento cient\u00edfico y la lucha contra las pseudociencias, as\u00ed como las dificultades inherentes a la realizaci\u00f3n de esta actividad en ciertas regiones del planeta.<\/p>\n<p>La Universidad de La Laguna estuvo presente a trav\u00e9s del <a href=\"http:\/\/www.divulgacioncientifica.org\/\" target=\"_blank\" rel=\"noopener\">Aula Cultural de Divulgaci\u00f3n Cient\u00edfica<\/a>, cuyos representantes hicieron balance de los veinte a\u00f1os de existencia de la instituci\u00f3n y de las catorce temporadas de Esc\u00e9pticos en el Pub en Tenerife. El evento, que dur\u00f3 veinticuatro horas, termin\u00f3 a las 21 horas de las islas Haw\u00e1i.<\/p>\n","protected":false},"excerpt":{"rendered":"<p>El pasado d\u00eda 19 de julio se celebr\u00f3 telem\u00e1ticamente el primer evento mundial dedicado a los ciclos de conferencias de&#8230;<\/p>\n","protected":false},"author":23,"featured_media":76840,"comment_status":"closed","ping_status":"closed","sticky":false,"template":"","format":"standard","meta":{"inline_featured_image":false,"footnotes":""},"categories":[344,345,2765],"tags":[],"acf":[],"yoast_head":"<!-- This site is optimized with the Yoast SEO plugin v21.3 - https:\/\/yoast.com\/wordpress\/plugins\/seo\/ -->\n<title>El Aula Cultural de Divulgaci\u00f3n Cient\u00edfica de la ULL participa en el primer evento mundial sobre &#039;Esc\u00e9pticos en el Pub&#039; - ULL - Noticias<\/title>\n<meta name=\"robots\" content=\"index, follow, max-snippet:-1, max-image-preview:large, max-video-preview:-1\" \/>\n<link rel=\"canonical\" href=\"https:\/\/www.ull.es\/portal\/noticias\/2024\/el-aula-cultural-de-divulgacion-cientifica-de-la-ull-participa-en-el-primer-evento-mundial-sobre-escepticos-en-el-pub\/\" \/>\n<meta property=\"og:locale\" content=\"es_ES\" \/>\n<meta property=\"og:type\" content=\"article\" \/>\n<meta property=\"og:title\" content=\"El Aula Cultural de Divulgaci\u00f3n Cient\u00edfica de la ULL participa en el primer evento mundial sobre &#039;Esc\u00e9pticos en el Pub&#039; - ULL - Noticias\" \/>\n<meta property=\"og:description\" content=\"El pasado d\u00eda 19 de julio se celebr\u00f3 telem\u00e1ticamente el primer evento mundial dedicado a los ciclos de conferencias de...\" \/>\n<meta property=\"og:url\" content=\"https:\/\/www.ull.es\/portal\/noticias\/2024\/el-aula-cultural-de-divulgacion-cientifica-de-la-ull-participa-en-el-primer-evento-mundial-sobre-escepticos-en-el-pub\/\" \/>\n<meta property=\"og:site_name\" content=\"ULL - Noticias\" \/>\n<meta property=\"article:publisher\" content=\"https:\/\/www.facebook.com\/universidaddelalaguna\/\" \/>\n<meta property=\"article:published_time\" content=\"2024-07-22T08:14:12+00:00\" \/>\n<meta property=\"og:image\" content=\"https:\/\/www.ull.es\/portal\/noticias\/wp-content\/uploads\/sites\/13\/2024\/07\/GSitPPromo.png\" \/>\n\t<meta property=\"og:image:width\" content=\"1792\" \/>\n\t<meta property=\"og:image:height\" content=\"1024\" \/>\n\t<meta property=\"og:image:type\" content=\"image\/png\" \/>\n<meta name=\"author\" content=\"gaprsa\" \/>\n<meta name=\"twitter:card\" content=\"summary_large_image\" \/>\n<meta name=\"twitter:creator\" content=\"@CanalULL\" \/>\n<meta name=\"twitter:site\" content=\"@CanalULL\" \/>\n<meta name=\"twitter:label1\" content=\"Escrito por\" \/>\n\t<meta name=\"twitter:data1\" content=\"gaprsa\" \/>\n\t<meta name=\"twitter:label2\" content=\"Tiempo de lectura\" \/>\n\t<meta name=\"twitter:data2\" content=\"2 minutos\" \/>\n<script type=\"application\/ld+json\" class=\"yoast-schema-graph\">{\"@context\":\"https:\/\/schema.org\",\"@graph\":[{\"@type\":\"WebPage\",\"@id\":\"https:\/\/www.ull.es\/portal\/noticias\/2024\/el-aula-cultural-de-divulgacion-cientifica-de-la-ull-participa-en-el-primer-evento-mundial-sobre-escepticos-en-el-pub\/\",\"url\":\"https:\/\/www.ull.es\/portal\/noticias\/2024\/el-aula-cultural-de-divulgacion-cientifica-de-la-ull-participa-en-el-primer-evento-mundial-sobre-escepticos-en-el-pub\/\",\"name\":\"El Aula Cultural de Divulgaci\u00f3n Cient\u00edfica de la ULL participa en el primer evento mundial sobre 'Esc\u00e9pticos en el Pub' - ULL - Noticias\",\"isPartOf\":{\"@id\":\"https:\/\/www.ull.es\/portal\/noticias\/#website\"},\"datePublished\":\"2024-07-22T08:14:12+00:00\",\"dateModified\":\"2024-07-22T08:14:12+00:00\",\"author\":{\"@id\":\"https:\/\/www.ull.es\/portal\/noticias\/#\/schema\/person\/b2b1a89d43ffa609e591f7df8ef3e817\"},\"breadcrumb\":{\"@id\":\"https:\/\/www.ull.es\/portal\/noticias\/2024\/el-aula-cultural-de-divulgacion-cientifica-de-la-ull-participa-en-el-primer-evento-mundial-sobre-escepticos-en-el-pub\/#breadcrumb\"},\"inLanguage\":\"es\",\"potentialAction\":[{\"@type\":\"ReadAction\",\"target\":[\"https:\/\/www.ull.es\/portal\/noticias\/2024\/el-aula-cultural-de-divulgacion-cientifica-de-la-ull-participa-en-el-primer-evento-mundial-sobre-escepticos-en-el-pub\/\"]}]},{\"@type\":\"BreadcrumbList\",\"@id\":\"https:\/\/www.ull.es\/portal\/noticias\/2024\/el-aula-cultural-de-divulgacion-cientifica-de-la-ull-participa-en-el-primer-evento-mundial-sobre-escepticos-en-el-pub\/#breadcrumb\",\"itemListElement\":[{\"@type\":\"ListItem\",\"position\":1,\"name\":\"Portada\",\"item\":\"https:\/\/www.ull.es\/portal\/noticias\/\"},{\"@type\":\"ListItem\",\"position\":2,\"name\":\"El Aula Cultural de Divulgaci\u00f3n Cient\u00edfica de la ULL participa en el primer evento mundial sobre &#8216;Esc\u00e9pticos en el Pub&#8217;\"}]},{\"@type\":\"WebSite\",\"@id\":\"https:\/\/www.ull.es\/portal\/noticias\/#website\",\"url\":\"https:\/\/www.ull.es\/portal\/noticias\/\",\"name\":\"ULL - Noticias\",\"description\":\"\",\"potentialAction\":[{\"@type\":\"SearchAction\",\"target\":{\"@type\":\"EntryPoint\",\"urlTemplate\":\"https:\/\/www.ull.es\/portal\/noticias\/?s={search_term_string}\"},\"query-input\":\"required name=search_term_string\"}],\"inLanguage\":\"es\"},{\"@type\":\"Person\",\"@id\":\"https:\/\/www.ull.es\/portal\/noticias\/#\/schema\/person\/b2b1a89d43ffa609e591f7df8ef3e817\",\"name\":\"gaprsa\",\"image\":{\"@type\":\"ImageObject\",\"inLanguage\":\"es\",\"@id\":\"https:\/\/www.ull.es\/portal\/noticias\/#\/schema\/person\/image\/\",\"url\":\"https:\/\/secure.gravatar.com\/avatar\/443820550921091458b4823867723b3d?s=96&d=mm&r=g\",\"contentUrl\":\"https:\/\/secure.gravatar.com\/avatar\/443820550921091458b4823867723b3d?s=96&d=mm&r=g\",\"caption\":\"gaprsa\"},\"url\":\"https:\/\/www.ull.es\/portal\/noticias\/author\/gaprsa\/\"}]}<\/script>\n<!-- \/ Yoast SEO plugin. -->","yoast_head_json":{"title":"El Aula Cultural de Divulgaci\u00f3n Cient\u00edfica de la ULL participa en el primer evento mundial sobre 'Esc\u00e9pticos en el Pub' - ULL - Noticias","robots":{"index":"index","follow":"follow","max-snippet":"max-snippet:-1","max-image-preview":"max-image-preview:large","max-video-preview":"max-video-preview:-1"},"canonical":"https:\/\/www.ull.es\/portal\/noticias\/2024\/el-aula-cultural-de-divulgacion-cientifica-de-la-ull-participa-en-el-primer-evento-mundial-sobre-escepticos-en-el-pub\/","og_locale":"es_ES","og_type":"article","og_title":"El Aula Cultural de Divulgaci\u00f3n Cient\u00edfica de la ULL participa en el primer evento mundial sobre 'Esc\u00e9pticos en el Pub' - ULL - Noticias","og_description":"El pasado d\u00eda 19 de julio se celebr\u00f3 telem\u00e1ticamente el primer evento mundial dedicado a los ciclos de conferencias de...","og_url":"https:\/\/www.ull.es\/portal\/noticias\/2024\/el-aula-cultural-de-divulgacion-cientifica-de-la-ull-participa-en-el-primer-evento-mundial-sobre-escepticos-en-el-pub\/","og_site_name":"ULL - Noticias","article_publisher":"https:\/\/www.facebook.com\/universidaddelalaguna\/","article_published_time":"2024-07-22T08:14:12+00:00","og_image":[{"width":1792,"height":1024,"url":"https:\/\/www.ull.es\/portal\/noticias\/wp-content\/uploads\/sites\/13\/2024\/07\/GSitPPromo.png","type":"image\/png"}],"author":"gaprsa","twitter_card":"summary_large_image","twitter_creator":"@CanalULL","twitter_site":"@CanalULL","twitter_misc":{"Escrito por":"gaprsa","Tiempo de lectura":"2 minutos"},"schema":{"@context":"https:\/\/schema.org","@graph":[{"@type":"WebPage","@id":"https:\/\/www.ull.es\/portal\/noticias\/2024\/el-aula-cultural-de-divulgacion-cientifica-de-la-ull-participa-en-el-primer-evento-mundial-sobre-escepticos-en-el-pub\/","url":"https:\/\/www.ull.es\/portal\/noticias\/2024\/el-aula-cultural-de-divulgacion-cientifica-de-la-ull-participa-en-el-primer-evento-mundial-sobre-escepticos-en-el-pub\/","name":"El Aula Cultural de Divulgaci\u00f3n Cient\u00edfica de la ULL participa en el primer evento mundial sobre 'Esc\u00e9pticos en el Pub' - ULL - Noticias","isPartOf":{"@id":"https:\/\/www.ull.es\/portal\/noticias\/#website"},"datePublished":"2024-07-22T08:14:12+00:00","dateModified":"2024-07-22T08:14:12+00:00","author":{"@id":"https:\/\/www.ull.es\/portal\/noticias\/#\/schema\/person\/b2b1a89d43ffa609e591f7df8ef3e817"},"breadcrumb":{"@id":"https:\/\/www.ull.es\/portal\/noticias\/2024\/el-aula-cultural-de-divulgacion-cientifica-de-la-ull-participa-en-el-primer-evento-mundial-sobre-escepticos-en-el-pub\/#breadcrumb"},"inLanguage":"es","potentialAction":[{"@type":"ReadAction","target":["https:\/\/www.ull.es\/portal\/noticias\/2024\/el-aula-cultural-de-divulgacion-cientifica-de-la-ull-participa-en-el-primer-evento-mundial-sobre-escepticos-en-el-pub\/"]}]},{"@type":"BreadcrumbList","@id":"https:\/\/www.ull.es\/portal\/noticias\/2024\/el-aula-cultural-de-divulgacion-cientifica-de-la-ull-participa-en-el-primer-evento-mundial-sobre-escepticos-en-el-pub\/#breadcrumb","itemListElement":[{"@type":"ListItem","position":1,"name":"Portada","item":"https:\/\/www.ull.es\/portal\/noticias\/"},{"@type":"ListItem","position":2,"name":"El Aula Cultural de Divulgaci\u00f3n Cient\u00edfica de la ULL participa en el primer evento mundial sobre &#8216;Esc\u00e9pticos en el Pub&#8217;"}]},{"@type":"WebSite","@id":"https:\/\/www.ull.es\/portal\/noticias\/#website","url":"https:\/\/www.ull.es\/portal\/noticias\/","name":"ULL - Noticias","description":"","potentialAction":[{"@type":"SearchAction","target":{"@type":"EntryPoint","urlTemplate":"https:\/\/www.ull.es\/portal\/noticias\/?s={search_term_string}"},"query-input":"required name=search_term_string"}],"inLanguage":"es"},{"@type":"Person","@id":"https:\/\/www.ull.es\/portal\/noticias\/#\/schema\/person\/b2b1a89d43ffa609e591f7df8ef3e817","name":"gaprsa","image":{"@type":"ImageObject","inLanguage":"es","@id":"https:\/\/www.ull.es\/portal\/noticias\/#\/schema\/person\/image\/","url":"https:\/\/secure.gravatar.com\/avatar\/443820550921091458b4823867723b3d?s=96&d=mm&r=g","contentUrl":"https:\/\/secure.gravatar.com\/avatar\/443820550921091458b4823867723b3d?s=96&d=mm&r=g","caption":"gaprsa"},"url":"https:\/\/www.ull.es\/portal\/noticias\/author\/gaprsa\/"}]}},"primary_category":{"id":345,"name":"Destacado","slug":"destacado","link":"https:\/\/www.ull.es\/portal\/noticias\/category\/destacado\/"},"featured_image_thumbnail_url":"https:\/\/www.ull.es\/portal\/noticias\/wp-content\/uploads\/sites\/13\/2024\/07\/GSitPPromo-300x171.png","_links":{"self":[{"href":"https:\/\/www.ull.es\/portal\/noticias\/wp-json\/wp\/v2\/posts\/76839"}],"collection":[{"href":"https:\/\/www.ull.es\/portal\/noticias\/wp-json\/wp\/v2\/posts"}],"about":[{"href":"https:\/\/www.ull.es\/portal\/noticias\/wp-json\/wp\/v2\/types\/post"}],"author":[{"embeddable":true,"href":"https:\/\/www.ull.es\/portal\/noticias\/wp-json\/wp\/v2\/users\/23"}],"replies":[{"embeddable":true,"href":"https:\/\/www.ull.es\/portal\/noticias\/wp-json\/wp\/v2\/comments?post=76839"}],"version-history":[{"count":1,"href":"https:\/\/www.ull.es\/portal\/noticias\/wp-json\/wp\/v2\/posts\/76839\/revisions"}],"predecessor-version":[{"id":76841,"href":"https:\/\/www.ull.es\/portal\/noticias\/wp-json\/wp\/v2\/posts\/76839\/revisions\/76841"}],"wp:featuredmedia":[{"embeddable":true,"href":"https:\/\/www.ull.es\/portal\/noticias\/wp-json\/wp\/v2\/media\/76840"}],"wp:attachment":[{"href":"https:\/\/www.ull.es\/portal\/noticias\/wp-json\/wp\/v2\/media?parent=76839"}],"wp:term":[{"taxonomy":"category","embeddable":true,"href":"https:\/\/www.ull.es\/portal\/noticias\/wp-json\/wp\/v2\/categories?post=76839"},{"taxonomy":"post_tag","embeddable":true,"href":"https:\/\/www.ull.es\/portal\/noticias\/wp-json\/wp\/v2\/tags?post=76839"}],"curies":[{"name":"wp","href":"https:\/\/api.w.org\/{rel}","templated":true}]}}